{"id":10433,"date":"2018-02-28T18:59:44","date_gmt":"2018-02-28T18:59:44","guid":{"rendered":"https:\/\/europeanobsndfr.org\/actualites-fr\/asylum-migration-and-borders\/support-tu-refugees-in-nantes-france\/"},"modified":"2018-12-10T19:15:09","modified_gmt":"2018-12-10T19:15:09","slug":"assistance-aux-demandeurs-dasile-a-nantes-france","status":"publish","type":"post","link":"https:\/\/europeanobsndfr.org\/en\/actualites-fr\/asylum-migration-and-borders\/assistance-aux-demandeurs-dasile-a-nantes-france\/","title":{"rendered":"Nantes. Assistance aux demandeurs d&rsquo;asile."},"content":{"rendered":"<p style=\"text-align: justify;\"><span class=\"Apple-style-span\"><strong><span style=\"text-decoration: underline;\">Objective\u00a0:<\/span>\u00a0fournir une assistance aux demandeurs d&rsquo;asile et aux enfants\u00a0mineurs non-accompagn\u00e9s,\u00a0confront\u00e9s \u00e0 des difficult\u00e9s mat\u00e9rielles et\u00a0morales importantes, comme\u00a0suit :\u00a0<\/strong><\/span><\/p>\n<ul style=\"text-align: justify;\">\n<li><b>des repas\u00a0gratuits ;<\/b><\/li>\n<li><strong>des cours de soutien de fran\u00e7ais ;<\/strong><\/li>\n<li><strong>des information d\u00e9taill\u00e9es pour les enfants\u00a0mineurs non-accompagn\u00e9s, sur les droits des enfants ;<\/strong><\/li>\n<li><strong>du soutien mat\u00e9riel ;<\/strong><\/li>\n<li><strong>du soutien moral et psychologique.\u00a0<\/strong><\/li>\n<\/ul>\n<p style=\"text-align: justify;\"><strong><u>Lieu de l&rsquo;action\u00a0<\/u><\/strong><strong style=\"text-decoration: underline;\">:<\/strong>\u00a0<strong>NANTES<\/strong>, FRANCE.<\/p>\n<p style=\"text-align: justify;\"><span style=\"text-decoration: underline;\"><strong>Moyens mis en oeuvre :\u00a0<\/strong><\/span><\/p>\n<p style=\"text-align: justify;\"><span style=\"text-decoration: underline;\"><strong>D\u00e9cembre 2017 \u00e0 mars 2018\u00a0<\/strong>:\u00a0<\/span><strong>des\u00a0\u00e9quipes mobiles de l\u2019OENDDF de maraudes de rue<\/strong>\u00a0sont intervenues <strong>\u00e0 NANTES<\/strong> pour aider les demandeurs d&rsquo;asile, par la fourniture d&rsquo;une aide alimentaire et des cours de soutien de fran\u00e7ais. <strong>Cr\u00e9ation de lien social et de relations de confiance avec les demandeurs d&rsquo;asile.\u00a0<\/strong><\/p>\n<p style=\"text-align: justify;\"><b><u><strong>Domaine d\u2019intervention vis\u00e9 par\u00a0l&rsquo;Agence Europ\u00e9enne des\u00a0Droits Fondamentaux et la Commission Europ\u00e9enne<\/strong><\/u><strong> : \u00a0<\/strong><\/b>Asile, immigration et fronti\u00e8res.<\/p>\n<p>[av_content_slider heading=\u00a0\u00bb columns=&rsquo;2&prime; animation=&rsquo;slide&rsquo; navigation=&rsquo;arrows&rsquo; autoplay=&rsquo;true&rsquo; interval=&rsquo;4&prime; font_color=\u00a0\u00bb color=\u00a0\u00bb]<br \/>\n[av_content_slide title=&rsquo;Assistance aux demandeurs d\u2019asile \u00e0 NANTES, FRANCE.&rsquo; link=\u00a0\u00bb linktarget=\u00a0\u00bb]<br \/>\n<a href=\"https:\/\/europeanobsndfr.org\/wp-content\/uploads\/2018\/03\/Ch\u00e2teau-3.jpg\"><img loading=\"lazy\" decoding=\"async\" class=\"aligncenter size-medium wp-image-10375\" src=\"https:\/\/europeanobsndfr.org\/wp-content\/uploads\/2018\/03\/Ch\u00e2teau-3-300x225.jpg\" alt=\"\" width=\"300\" height=\"225\" srcset=\"https:\/\/europeanobsndfr.org\/wp-content\/uploads\/2018\/03\/Ch\u00e2teau-3-300x225.jpg 300w, https:\/\/europeanobsndfr.org\/wp-content\/uploads\/2018\/03\/Ch\u00e2teau-3-768x576.jpg 768w, https:\/\/europeanobsndfr.org\/wp-content\/uploads\/2018\/03\/Ch\u00e2teau-3-705x529.jpg 705w, https:\/\/europeanobsndfr.org\/wp-content\/uploads\/2018\/03\/Ch\u00e2teau-3.jpg 1024w\" sizes=\"auto, (max-width: 300px) 100vw, 300px\" \/><\/a><br \/>\n[\/av_content_slide]<br \/>\n[av_content_slide title=&rsquo;Assistance aux demandeurs d\u2019asile \u00e0 NANTES, FRANCE.&rsquo; link=\u00a0\u00bb linktarget=\u00a0\u00bb]<br \/>\n<a href=\"https:\/\/europeanobsndfr.org\/wp-content\/uploads\/2018\/03\/Ch\u00e2teau-5.jpg\"><img loading=\"lazy\" decoding=\"async\" class=\"aligncenter size-medium wp-image-10377\" src=\"https:\/\/europeanobsndfr.org\/wp-content\/uploads\/2018\/03\/Ch\u00e2teau-5-225x300.jpg\" alt=\"\" width=\"225\" height=\"300\" srcset=\"https:\/\/europeanobsndfr.org\/wp-content\/uploads\/2018\/03\/Ch\u00e2teau-5-225x300.jpg 225w, https:\/\/europeanobsndfr.org\/wp-content\/uploads\/2018\/03\/Ch\u00e2teau-5.jpg 768w, https:\/\/europeanobsndfr.org\/wp-content\/uploads\/2018\/03\/Ch\u00e2teau-5-529x705.jpg 529w\" sizes=\"auto, (max-width: 225px) 100vw, 225px\" \/><\/a><br \/>\n[\/av_content_slide]<br \/>\n[av_content_slide title=&rsquo;Assistance aux demandeurs d\u2019asile \u00e0 NANTES, FRANCE.&rsquo; link=\u00a0\u00bb linktarget=\u00a0\u00bb]<br \/>\n<a href=\"https:\/\/europeanobsndfr.org\/wp-content\/uploads\/2018\/03\/Ch\u00e2teau-7.jpg\"><img loading=\"lazy\" decoding=\"async\" class=\"aligncenter size-medium wp-image-10384\" src=\"https:\/\/europeanobsndfr.org\/wp-content\/uploads\/2018\/03\/Ch\u00e2teau-7-225x300.jpg\" alt=\"\" width=\"225\" height=\"300\" srcset=\"https:\/\/europeanobsndfr.org\/wp-content\/uploads\/2018\/03\/Ch\u00e2teau-7-225x300.jpg 225w, https:\/\/europeanobsndfr.org\/wp-content\/uploads\/2018\/03\/Ch\u00e2teau-7.jpg 768w, https:\/\/europeanobsndfr.org\/wp-content\/uploads\/2018\/03\/Ch\u00e2teau-7-529x705.jpg 529w\" sizes=\"auto, (max-width: 225px) 100vw, 225px\" \/><\/a><br \/>\n[\/av_content_slide]<br \/>\n[av_content_slide title=&rsquo;Assistance aux demandeurs d\u2019asile \u00e0 NANTES, FRANCE.&rsquo; link=\u00a0\u00bb linktarget=\u00a0\u00bb]<br \/>\n<a href=\"https:\/\/europeanobsndfr.org\/wp-content\/uploads\/2018\/03\/Ch\u00e2teau-2.jpg\"><img loading=\"lazy\" decoding=\"async\" class=\"aligncenter size-medium wp-image-10374\" src=\"https:\/\/europeanobsndfr.org\/wp-content\/uploads\/2018\/03\/Ch\u00e2teau-2-225x300.jpg\" alt=\"\" width=\"225\" height=\"300\" srcset=\"https:\/\/europeanobsndfr.org\/wp-content\/uploads\/2018\/03\/Ch\u00e2teau-2-225x300.jpg 225w, https:\/\/europeanobsndfr.org\/wp-content\/uploads\/2018\/03\/Ch\u00e2teau-2.jpg 768w, https:\/\/europeanobsndfr.org\/wp-content\/uploads\/2018\/03\/Ch\u00e2teau-2-529x705.jpg 529w\" sizes=\"auto, (max-width: 225px) 100vw, 225px\" \/><\/a><br \/>\n[\/av_content_slide]<br \/>\n[av_content_slide title=&rsquo;Assistance aux demandeurs d\u2019asile \u00e0 NANTES, FRANCE.&rsquo; link=\u00a0\u00bb linktarget=\u00a0\u00bb]<br \/>\n<a href=\"https:\/\/europeanobsndfr.org\/wp-content\/uploads\/2018\/03\/Chateau-8.jpg\"><img loading=\"lazy\" decoding=\"async\" class=\"aligncenter size-medium wp-image-10385\" src=\"https:\/\/europeanobsndfr.org\/wp-content\/uploads\/2018\/03\/Chateau-8-300x225.jpg\" alt=\"\" width=\"300\" height=\"225\" srcset=\"https:\/\/europeanobsndfr.org\/wp-content\/uploads\/2018\/03\/Chateau-8-300x225.jpg 300w, https:\/\/europeanobsndfr.org\/wp-content\/uploads\/2018\/03\/Chateau-8-768x576.jpg 768w, https:\/\/europeanobsndfr.org\/wp-content\/uploads\/2018\/03\/Chateau-8-705x529.jpg 705w, https:\/\/europeanobsndfr.org\/wp-content\/uploads\/2018\/03\/Chateau-8.jpg 1024w\" sizes=\"auto, (max-width: 300px) 100vw, 300px\" \/><\/a><br \/>\n[\/av_content_slide]<br \/>\n[av_content_slide title=&rsquo;Assistance aux demandeurs d\u2019asile \u00e0 NANTES, FRANCE.&rsquo; link=\u00a0\u00bb linktarget=\u00a0\u00bb]<br \/>\n<a href=\"https:\/\/europeanobsndfr.org\/wp-content\/uploads\/2018\/03\/Ch\u00e2teau-9.jpg\"><img loading=\"lazy\" decoding=\"async\" class=\"aligncenter size-medium wp-image-10386\" src=\"https:\/\/europeanobsndfr.org\/wp-content\/uploads\/2018\/03\/Ch\u00e2teau-9-300x225.jpg\" alt=\"\" width=\"300\" height=\"225\" srcset=\"https:\/\/europeanobsndfr.org\/wp-content\/uploads\/2018\/03\/Ch\u00e2teau-9-300x225.jpg 300w, https:\/\/europeanobsndfr.org\/wp-content\/uploads\/2018\/03\/Ch\u00e2teau-9-768x576.jpg 768w, https:\/\/europeanobsndfr.org\/wp-content\/uploads\/2018\/03\/Ch\u00e2teau-9-705x529.jpg 705w, https:\/\/europeanobsndfr.org\/wp-content\/uploads\/2018\/03\/Ch\u00e2teau-9.jpg 1024w\" sizes=\"auto, (max-width: 300px) 100vw, 300px\" \/><\/a><br \/>\n[\/av_content_slide]<br \/>\n[\/av_content_slider]<\/p>\n<p style=\"text-align: justify;\">\n","protected":false},"excerpt":{"rendered":"<p>Objective\u00a0:\u00a0fournir une assistance aux demandeurs d&rsquo;asile et aux enfants\u00a0mineurs non-accompagn\u00e9s,\u00a0confront\u00e9s \u00e0 des difficult\u00e9s mat\u00e9rielles et\u00a0morales importantes, comme\u00a0suit :\u00a0 des repas\u00a0gratuits ; des cours de soutien de fran\u00e7ais ; des information d\u00e9taill\u00e9es pour les enfants\u00a0mineurs non-accompagn\u00e9s, sur les droits des enfants ; du soutien mat\u00e9riel ; du soutien moral et psychologique.\u00a0 Lieu de l&rsquo;action\u00a0:\u00a0NANTES, FRANCE. Moyens&#8230;<\/p>","protected":false},"author":1,"featured_media":0,"comment_status":"closed","ping_status":"closed","sticky":false,"template":"","format":"standard","meta":{"give_campaign_id":0,"_kadence_starter_templates_imported_post":false,"_kad_post_transparent":"","_kad_post_title":"","_kad_post_layout":"","_kad_post_sidebar_id":"","_kad_post_content_style":"","_kad_post_vertical_padding":"","_kad_post_feature":"","_kad_post_feature_position":"","_kad_post_header":false,"_kad_post_footer":false,"_kad_post_classname":"","_jetpack_memberships_contains_paid_content":false,"footnotes":""},"categories":[84],"tags":[],"class_list":["post-10433","post","type-post","status-publish","format-standard","hentry","category-asylum-migration-and-borders"],"aioseo_notices":[],"aioseo_head":"\n\t\t<!-- All in One SEO 5.0.1.1 - aioseo.com -->\n\t<meta name=\"description\" content=\"Assistance aux demandeurs d\u2019asile \u00e0 NANTES, FRANCE. R\u00e9fugi\u00e9s. Migrants. Non-discrimination. Droits fondamentaux. Libert\u00e9s fondamentales. Droits humains. Droits de l&#039;homme.\" \/>\n\t<meta name=\"robots\" content=\"max-snippet:-1, max-image-preview:large, max-video-preview:-1\" \/>\n\t<meta name=\"author\" content=\"OENDDF\"\/>\n\t<meta name=\"google-site-verification\" content=\"KZsAbCyd-Ww06m2-MlFPa7EphgzWqs90ra8o0LfM_K8\" \/>\n\t<link rel=\"canonical\" href=\"https:\/\/europeanobsndfr.org\/en\/actualites-fr\/asylum-migration-and-borders\/assistance-aux-demandeurs-dasile-a-nantes-france\/\" \/>\n\t<meta name=\"generator\" content=\"All in One SEO (AIOSEO) 5.0.1.1\" \/>\n\t\t<meta property=\"og:locale\" content=\"en_GB\" \/>\n\t\t<meta property=\"og:site_name\" content=\"Observatoire Europ\u00e9en de la Non-Discrimination et des Droits Fondamentaux\" \/>\n\t\t<meta property=\"og:type\" content=\"non_profit\" \/>\n\t\t<meta property=\"og:title\" content=\"Assistance aux demandeurs d\u2019asile \u00e0 NANTES, FRANCE. R\u00e9fugi\u00e9s. Migrants. Non-discrimination. Droits fondamentaux. Libert\u00e9s fondamentales. Droits humains. Droits de l&#039;homme. | O.E.N.D.D.F.\" \/>\n\t\t<meta property=\"og:description\" content=\"Assistance aux demandeurs d\u2019asile \u00e0 NANTES, FRANCE. R\u00e9fugi\u00e9s. Migrants. Non-discrimination. Droits fondamentaux. Libert\u00e9s fondamentales. Droits humains. Droits de l&#039;homme.\" \/>\n\t\t<meta property=\"og:url\" content=\"https:\/\/europeanobsndfr.org\/en\/actualites-fr\/asylum-migration-and-borders\/assistance-aux-demandeurs-dasile-a-nantes-france\/\" \/>\n\t\t<meta property=\"og:image\" content=\"https:\/\/europeanobsndfr.org\/wp-content\/uploads\/2016\/11\/logo-oenddf.jpg\" \/>\n\t\t<meta property=\"og:image:secure_url\" content=\"https:\/\/europeanobsndfr.org\/wp-content\/uploads\/2016\/11\/logo-oenddf.jpg\" \/>\n\t\t<meta property=\"og:image:width\" content=\"830\" \/>\n\t\t<meta property=\"og:image:height\" content=\"600\" \/>\n\t\t<meta name=\"twitter:card\" content=\"summary\" \/>\n\t\t<meta name=\"twitter:site\" content=\"@europeanobs\" \/>\n\t\t<meta name=\"twitter:title\" content=\"Assistance aux demandeurs d\u2019asile \u00e0 NANTES, FRANCE. R\u00e9fugi\u00e9s. Migrants. Non-discrimination. Droits fondamentaux. Libert\u00e9s fondamentales. Droits humains. Droits de l&#039;homme. | O.E.N.D.D.F.\" \/>\n\t\t<meta name=\"twitter:description\" content=\"Assistance aux demandeurs d\u2019asile \u00e0 NANTES, FRANCE. R\u00e9fugi\u00e9s. Migrants. Non-discrimination. Droits fondamentaux. Libert\u00e9s fondamentales. Droits humains. Droits de l&#039;homme.\" \/>\n\t\t<meta name=\"twitter:creator\" content=\"@europeanobs\" \/>\n\t\t<meta name=\"twitter:image\" content=\"https:\/\/europeanobsndfr.org\/wp-content\/uploads\/2016\/11\/logo-oenddf.jpg\" \/>\n\t\t<script type=\"application\/ld+json\" class=\"aioseo-schema\">\n\t\t\t{\"@context\":\"https:\\\/\\\/schema.org\",\"@graph\":[{\"@type\":\"Article\",\"@id\":\"https:\\\/\\\/europeanobsndfr.org\\\/en\\\/actualites-fr\\\/asylum-migration-and-borders\\\/assistance-aux-demandeurs-dasile-a-nantes-france\\\/#article\",\"name\":\"Assistance aux demandeurs d\\u2019asile \\u00e0 NANTES, FRANCE. R\\u00e9fugi\\u00e9s. Migrants. Non-discrimination. Droits fondamentaux. Libert\\u00e9s fondamentales. Droits humains. Droits de l'homme. | O.E.N.D.D.F.\",\"headline\":\"Nantes. Assistance aux demandeurs d&rsquo;asile.\",\"author\":{\"@id\":\"https:\\\/\\\/europeanobsndfr.org\\\/en\\\/author\\\/admin\\\/#author\"},\"publisher\":{\"@id\":\"https:\\\/\\\/europeanobsndfr.org\\\/en\\\/#organization\"},\"image\":{\"@type\":\"ImageObject\",\"url\":\"https:\\\/\\\/europeanobsndfr.org\\\/wp-content\\\/uploads\\\/2018\\\/03\\\/Ch\\u00e2teau-3-300x225.jpg\",\"@id\":\"https:\\\/\\\/europeanobsndfr.org\\\/en\\\/actualites-fr\\\/asylum-migration-and-borders\\\/assistance-aux-demandeurs-dasile-a-nantes-france\\\/#articleImage\"},\"datePublished\":\"2018-02-28T18:59:44+01:00\",\"dateModified\":\"2018-12-10T19:15:09+01:00\",\"inLanguage\":\"en-GB\",\"mainEntityOfPage\":{\"@id\":\"https:\\\/\\\/europeanobsndfr.org\\\/en\\\/actualites-fr\\\/asylum-migration-and-borders\\\/assistance-aux-demandeurs-dasile-a-nantes-france\\\/#webpage\"},\"isPartOf\":{\"@id\":\"https:\\\/\\\/europeanobsndfr.org\\\/en\\\/actualites-fr\\\/asylum-migration-and-borders\\\/assistance-aux-demandeurs-dasile-a-nantes-france\\\/#webpage\"},\"articleSection\":\"Asile, immigration et fronti\\u00e8res\"},{\"@type\":\"BreadcrumbList\",\"@id\":\"https:\\\/\\\/europeanobsndfr.org\\\/en\\\/actualites-fr\\\/asylum-migration-and-borders\\\/assistance-aux-demandeurs-dasile-a-nantes-france\\\/#breadcrumblist\",\"itemListElement\":[{\"@type\":\"ListItem\",\"@id\":\"https:\\\/\\\/europeanobsndfr.org\\\/en#listItem\",\"position\":1,\"name\":\"Accueil\",\"item\":\"https:\\\/\\\/europeanobsndfr.org\\\/en\",\"nextItem\":{\"@type\":\"ListItem\",\"@id\":\"https:\\\/\\\/europeanobsndfr.org\\\/en\\\/category\\\/actualites-fr\\\/#listItem\",\"name\":\"Actualit\\u00e9\"}},{\"@type\":\"ListItem\",\"@id\":\"https:\\\/\\\/europeanobsndfr.org\\\/en\\\/category\\\/actualites-fr\\\/#listItem\",\"position\":2,\"name\":\"Actualit\\u00e9\",\"item\":\"https:\\\/\\\/europeanobsndfr.org\\\/en\\\/category\\\/actualites-fr\\\/\",\"nextItem\":{\"@type\":\"ListItem\",\"@id\":\"https:\\\/\\\/europeanobsndfr.org\\\/en\\\/category\\\/actualites-fr\\\/asylum-migration-and-borders\\\/#listItem\",\"name\":\"Asile, immigration et fronti\\u00e8res\"},\"previousItem\":{\"@type\":\"ListItem\",\"@id\":\"https:\\\/\\\/europeanobsndfr.org\\\/en#listItem\",\"name\":\"Accueil\"}},{\"@type\":\"ListItem\",\"@id\":\"https:\\\/\\\/europeanobsndfr.org\\\/en\\\/category\\\/actualites-fr\\\/asylum-migration-and-borders\\\/#listItem\",\"position\":3,\"name\":\"Asile, immigration et fronti\\u00e8res\",\"item\":\"https:\\\/\\\/europeanobsndfr.org\\\/en\\\/category\\\/actualites-fr\\\/asylum-migration-and-borders\\\/\",\"nextItem\":{\"@type\":\"ListItem\",\"@id\":\"https:\\\/\\\/europeanobsndfr.org\\\/en\\\/actualites-fr\\\/asylum-migration-and-borders\\\/assistance-aux-demandeurs-dasile-a-nantes-france\\\/#listItem\",\"name\":\"Nantes. Assistance aux demandeurs d&rsquo;asile.\"},\"previousItem\":{\"@type\":\"ListItem\",\"@id\":\"https:\\\/\\\/europeanobsndfr.org\\\/en\\\/category\\\/actualites-fr\\\/#listItem\",\"name\":\"Actualit\\u00e9\"}},{\"@type\":\"ListItem\",\"@id\":\"https:\\\/\\\/europeanobsndfr.org\\\/en\\\/actualites-fr\\\/asylum-migration-and-borders\\\/assistance-aux-demandeurs-dasile-a-nantes-france\\\/#listItem\",\"position\":4,\"name\":\"Nantes. Assistance aux demandeurs d&rsquo;asile.\",\"previousItem\":{\"@type\":\"ListItem\",\"@id\":\"https:\\\/\\\/europeanobsndfr.org\\\/en\\\/category\\\/actualites-fr\\\/asylum-migration-and-borders\\\/#listItem\",\"name\":\"Asile, immigration et fronti\\u00e8res\"}}]},{\"@type\":\"Organization\",\"@id\":\"https:\\\/\\\/europeanobsndfr.org\\\/en\\\/#organization\",\"name\":\"OENDDF\",\"description\":\"Organisation Internationale Non-Gouvernementale\",\"url\":\"https:\\\/\\\/europeanobsndfr.org\\\/en\\\/\",\"logo\":{\"@type\":\"ImageObject\",\"url\":\"https:\\\/\\\/europeanobsndfr.org\\\/wp-content\\\/uploads\\\/2016\\\/11\\\/cropped-logo-oenddf.jpg\",\"@id\":\"https:\\\/\\\/europeanobsndfr.org\\\/en\\\/actualites-fr\\\/asylum-migration-and-borders\\\/assistance-aux-demandeurs-dasile-a-nantes-france\\\/#organizationLogo\",\"width\":701,\"height\":600,\"caption\":\"Logo OENDDF\"},\"image\":{\"@id\":\"https:\\\/\\\/europeanobsndfr.org\\\/en\\\/actualites-fr\\\/asylum-migration-and-borders\\\/assistance-aux-demandeurs-dasile-a-nantes-france\\\/#organizationLogo\"},\"sameAs\":[\"https:\\\/\\\/twitter.com\\\/europeanobs\",\"https:\\\/\\\/www.instagram.com\\\/oenddf_ngo\\\/\",\"https:\\\/\\\/www.youtube.com\\\/channel\\\/UCO9vz5fybFw1Q8pvN00CDgA\"]},{\"@type\":\"Person\",\"@id\":\"https:\\\/\\\/europeanobsndfr.org\\\/en\\\/author\\\/admin\\\/#author\",\"url\":\"https:\\\/\\\/europeanobsndfr.org\\\/en\\\/author\\\/admin\\\/\",\"name\":\"OENDDF\",\"image\":{\"@type\":\"ImageObject\",\"@id\":\"https:\\\/\\\/europeanobsndfr.org\\\/en\\\/actualites-fr\\\/asylum-migration-and-borders\\\/assistance-aux-demandeurs-dasile-a-nantes-france\\\/#authorImage\",\"url\":\"https:\\\/\\\/secure.gravatar.com\\\/avatar\\\/f64bd673bdf1f612f36226606d41703598d9c028a910d72b461acb19a72f63d5?s=96&d=mm&r=g\",\"width\":96,\"height\":96,\"caption\":\"OENDDF\"}},{\"@type\":\"WebPage\",\"@id\":\"https:\\\/\\\/europeanobsndfr.org\\\/en\\\/actualites-fr\\\/asylum-migration-and-borders\\\/assistance-aux-demandeurs-dasile-a-nantes-france\\\/#webpage\",\"url\":\"https:\\\/\\\/europeanobsndfr.org\\\/en\\\/actualites-fr\\\/asylum-migration-and-borders\\\/assistance-aux-demandeurs-dasile-a-nantes-france\\\/\",\"name\":\"Assistance aux demandeurs d\\u2019asile \\u00e0 NANTES, FRANCE. R\\u00e9fugi\\u00e9s. Migrants. Non-discrimination. Droits fondamentaux. Libert\\u00e9s fondamentales. Droits humains. Droits de l'homme. | O.E.N.D.D.F.\",\"description\":\"Assistance aux demandeurs d\\u2019asile \\u00e0 NANTES, FRANCE. R\\u00e9fugi\\u00e9s. Migrants. Non-discrimination. Droits fondamentaux. Libert\\u00e9s fondamentales. Droits humains. Droits de l'homme.\",\"inLanguage\":\"en-GB\",\"isPartOf\":{\"@id\":\"https:\\\/\\\/europeanobsndfr.org\\\/en\\\/#website\"},\"breadcrumb\":{\"@id\":\"https:\\\/\\\/europeanobsndfr.org\\\/en\\\/actualites-fr\\\/asylum-migration-and-borders\\\/assistance-aux-demandeurs-dasile-a-nantes-france\\\/#breadcrumblist\"},\"author\":{\"@id\":\"https:\\\/\\\/europeanobsndfr.org\\\/en\\\/author\\\/admin\\\/#author\"},\"creator\":{\"@id\":\"https:\\\/\\\/europeanobsndfr.org\\\/en\\\/author\\\/admin\\\/#author\"},\"datePublished\":\"2018-02-28T18:59:44+01:00\",\"dateModified\":\"2018-12-10T19:15:09+01:00\"},{\"@type\":\"WebSite\",\"@id\":\"https:\\\/\\\/europeanobsndfr.org\\\/en\\\/#website\",\"url\":\"https:\\\/\\\/europeanobsndfr.org\\\/en\\\/\",\"name\":\"Observatoire Europ\\u00e9en de la Non-Discrimination et des Droits Fondamentaux\",\"description\":\"Organisation Internationale Non-Gouvernementale\",\"inLanguage\":\"en-GB\",\"publisher\":{\"@id\":\"https:\\\/\\\/europeanobsndfr.org\\\/en\\\/#organization\"}}]}\n\t\t<\/script>\n\t\t<!-- All in One SEO -->\n\n","aioseo_head_json":{"title":"Assistance aux demandeurs d\u2019asile \u00e0 NANTES, FRANCE. R\u00e9fugi\u00e9s. Migrants. Non-discrimination. Droits fondamentaux. Libert\u00e9s fondamentales. Droits humains. Droits de l'homme. | O.E.N.D.D.F.","description":"Assistance aux demandeurs d\u2019asile \u00e0 NANTES, FRANCE. R\u00e9fugi\u00e9s. Migrants. Non-discrimination. Droits fondamentaux. Libert\u00e9s fondamentales. Droits humains. Droits de l'homme.","canonical_url":"https:\/\/europeanobsndfr.org\/en\/actualites-fr\/asylum-migration-and-borders\/assistance-aux-demandeurs-dasile-a-nantes-france\/","robots":"max-snippet:-1, max-image-preview:large, max-video-preview:-1","keywords":"","webmasterTools":{"google-site-verification":"KZsAbCyd-Ww06m2-MlFPa7EphgzWqs90ra8o0LfM_K8","miscellaneous":""},"schema":{"@context":"https:\/\/schema.org","@graph":[{"@type":"Article","@id":"https:\/\/europeanobsndfr.org\/en\/actualites-fr\/asylum-migration-and-borders\/assistance-aux-demandeurs-dasile-a-nantes-france\/#article","name":"Assistance aux demandeurs d\u2019asile \u00e0 NANTES, FRANCE. R\u00e9fugi\u00e9s. Migrants. Non-discrimination. Droits fondamentaux. Libert\u00e9s fondamentales. Droits humains. Droits de l'homme. | O.E.N.D.D.F.","headline":"Nantes. Assistance aux demandeurs d&rsquo;asile.","author":{"@id":"https:\/\/europeanobsndfr.org\/en\/author\/admin\/#author"},"publisher":{"@id":"https:\/\/europeanobsndfr.org\/en\/#organization"},"image":{"@type":"ImageObject","url":"https:\/\/europeanobsndfr.org\/wp-content\/uploads\/2018\/03\/Ch\u00e2teau-3-300x225.jpg","@id":"https:\/\/europeanobsndfr.org\/en\/actualites-fr\/asylum-migration-and-borders\/assistance-aux-demandeurs-dasile-a-nantes-france\/#articleImage"},"datePublished":"2018-02-28T18:59:44+01:00","dateModified":"2018-12-10T19:15:09+01:00","inLanguage":"en-GB","mainEntityOfPage":{"@id":"https:\/\/europeanobsndfr.org\/en\/actualites-fr\/asylum-migration-and-borders\/assistance-aux-demandeurs-dasile-a-nantes-france\/#webpage"},"isPartOf":{"@id":"https:\/\/europeanobsndfr.org\/en\/actualites-fr\/asylum-migration-and-borders\/assistance-aux-demandeurs-dasile-a-nantes-france\/#webpage"},"articleSection":"Asile, immigration et fronti\u00e8res"},{"@type":"BreadcrumbList","@id":"https:\/\/europeanobsndfr.org\/en\/actualites-fr\/asylum-migration-and-borders\/assistance-aux-demandeurs-dasile-a-nantes-france\/#breadcrumblist","itemListElement":[{"@type":"ListItem","@id":"https:\/\/europeanobsndfr.org\/en#listItem","position":1,"name":"Accueil","item":"https:\/\/europeanobsndfr.org\/en","nextItem":{"@type":"ListItem","@id":"https:\/\/europeanobsndfr.org\/en\/category\/actualites-fr\/#listItem","name":"Actualit\u00e9"}},{"@type":"ListItem","@id":"https:\/\/europeanobsndfr.org\/en\/category\/actualites-fr\/#listItem","position":2,"name":"Actualit\u00e9","item":"https:\/\/europeanobsndfr.org\/en\/category\/actualites-fr\/","nextItem":{"@type":"ListItem","@id":"https:\/\/europeanobsndfr.org\/en\/category\/actualites-fr\/asylum-migration-and-borders\/#listItem","name":"Asile, immigration et fronti\u00e8res"},"previousItem":{"@type":"ListItem","@id":"https:\/\/europeanobsndfr.org\/en#listItem","name":"Accueil"}},{"@type":"ListItem","@id":"https:\/\/europeanobsndfr.org\/en\/category\/actualites-fr\/asylum-migration-and-borders\/#listItem","position":3,"name":"Asile, immigration et fronti\u00e8res","item":"https:\/\/europeanobsndfr.org\/en\/category\/actualites-fr\/asylum-migration-and-borders\/","nextItem":{"@type":"ListItem","@id":"https:\/\/europeanobsndfr.org\/en\/actualites-fr\/asylum-migration-and-borders\/assistance-aux-demandeurs-dasile-a-nantes-france\/#listItem","name":"Nantes. Assistance aux demandeurs d&rsquo;asile."},"previousItem":{"@type":"ListItem","@id":"https:\/\/europeanobsndfr.org\/en\/category\/actualites-fr\/#listItem","name":"Actualit\u00e9"}},{"@type":"ListItem","@id":"https:\/\/europeanobsndfr.org\/en\/actualites-fr\/asylum-migration-and-borders\/assistance-aux-demandeurs-dasile-a-nantes-france\/#listItem","position":4,"name":"Nantes. Assistance aux demandeurs d&rsquo;asile.","previousItem":{"@type":"ListItem","@id":"https:\/\/europeanobsndfr.org\/en\/category\/actualites-fr\/asylum-migration-and-borders\/#listItem","name":"Asile, immigration et fronti\u00e8res"}}]},{"@type":"Organization","@id":"https:\/\/europeanobsndfr.org\/en\/#organization","name":"OENDDF","description":"Organisation Internationale Non-Gouvernementale","url":"https:\/\/europeanobsndfr.org\/en\/","logo":{"@type":"ImageObject","url":"https:\/\/europeanobsndfr.org\/wp-content\/uploads\/2016\/11\/cropped-logo-oenddf.jpg","@id":"https:\/\/europeanobsndfr.org\/en\/actualites-fr\/asylum-migration-and-borders\/assistance-aux-demandeurs-dasile-a-nantes-france\/#organizationLogo","width":701,"height":600,"caption":"Logo OENDDF"},"image":{"@id":"https:\/\/europeanobsndfr.org\/en\/actualites-fr\/asylum-migration-and-borders\/assistance-aux-demandeurs-dasile-a-nantes-france\/#organizationLogo"},"sameAs":["https:\/\/twitter.com\/europeanobs","https:\/\/www.instagram.com\/oenddf_ngo\/","https:\/\/www.youtube.com\/channel\/UCO9vz5fybFw1Q8pvN00CDgA"]},{"@type":"Person","@id":"https:\/\/europeanobsndfr.org\/en\/author\/admin\/#author","url":"https:\/\/europeanobsndfr.org\/en\/author\/admin\/","name":"OENDDF","image":{"@type":"ImageObject","@id":"https:\/\/europeanobsndfr.org\/en\/actualites-fr\/asylum-migration-and-borders\/assistance-aux-demandeurs-dasile-a-nantes-france\/#authorImage","url":"https:\/\/secure.gravatar.com\/avatar\/f64bd673bdf1f612f36226606d41703598d9c028a910d72b461acb19a72f63d5?s=96&d=mm&r=g","width":96,"height":96,"caption":"OENDDF"}},{"@type":"WebPage","@id":"https:\/\/europeanobsndfr.org\/en\/actualites-fr\/asylum-migration-and-borders\/assistance-aux-demandeurs-dasile-a-nantes-france\/#webpage","url":"https:\/\/europeanobsndfr.org\/en\/actualites-fr\/asylum-migration-and-borders\/assistance-aux-demandeurs-dasile-a-nantes-france\/","name":"Assistance aux demandeurs d\u2019asile \u00e0 NANTES, FRANCE. R\u00e9fugi\u00e9s. Migrants. Non-discrimination. Droits fondamentaux. Libert\u00e9s fondamentales. Droits humains. Droits de l'homme. | O.E.N.D.D.F.","description":"Assistance aux demandeurs d\u2019asile \u00e0 NANTES, FRANCE. R\u00e9fugi\u00e9s. Migrants. Non-discrimination. Droits fondamentaux. Libert\u00e9s fondamentales. Droits humains. Droits de l'homme.","inLanguage":"en-GB","isPartOf":{"@id":"https:\/\/europeanobsndfr.org\/en\/#website"},"breadcrumb":{"@id":"https:\/\/europeanobsndfr.org\/en\/actualites-fr\/asylum-migration-and-borders\/assistance-aux-demandeurs-dasile-a-nantes-france\/#breadcrumblist"},"author":{"@id":"https:\/\/europeanobsndfr.org\/en\/author\/admin\/#author"},"creator":{"@id":"https:\/\/europeanobsndfr.org\/en\/author\/admin\/#author"},"datePublished":"2018-02-28T18:59:44+01:00","dateModified":"2018-12-10T19:15:09+01:00"},{"@type":"WebSite","@id":"https:\/\/europeanobsndfr.org\/en\/#website","url":"https:\/\/europeanobsndfr.org\/en\/","name":"Observatoire Europ\u00e9en de la Non-Discrimination et des Droits Fondamentaux","description":"Organisation Internationale Non-Gouvernementale","inLanguage":"en-GB","publisher":{"@id":"https:\/\/europeanobsndfr.org\/en\/#organization"}}]},"og:locale":"en_GB","og:site_name":"Observatoire Europ\u00e9en de la Non-Discrimination et des Droits Fondamentaux","og:type":"non_profit","og:title":"Assistance aux demandeurs d\u2019asile \u00e0 NANTES, FRANCE. R\u00e9fugi\u00e9s. Migrants. Non-discrimination. Droits fondamentaux. Libert\u00e9s fondamentales. Droits humains. Droits de l'homme. | O.E.N.D.D.F.","og:description":"Assistance aux demandeurs d\u2019asile \u00e0 NANTES, FRANCE. R\u00e9fugi\u00e9s. Migrants. Non-discrimination. Droits fondamentaux. Libert\u00e9s fondamentales. Droits humains. Droits de l'homme.","og:url":"https:\/\/europeanobsndfr.org\/en\/actualites-fr\/asylum-migration-and-borders\/assistance-aux-demandeurs-dasile-a-nantes-france\/","og:image":"https:\/\/europeanobsndfr.org\/wp-content\/uploads\/2016\/11\/logo-oenddf.jpg","og:image:secure_url":"https:\/\/europeanobsndfr.org\/wp-content\/uploads\/2016\/11\/logo-oenddf.jpg","og:image:width":830,"og:image:height":600,"twitter:card":"summary","twitter:site":"@europeanobs","twitter:title":"Assistance aux demandeurs d\u2019asile \u00e0 NANTES, FRANCE. R\u00e9fugi\u00e9s. Migrants. Non-discrimination. Droits fondamentaux. Libert\u00e9s fondamentales. Droits humains. Droits de l'homme. | O.E.N.D.D.F.","twitter:description":"Assistance aux demandeurs d\u2019asile \u00e0 NANTES, FRANCE. R\u00e9fugi\u00e9s. Migrants. Non-discrimination. Droits fondamentaux. Libert\u00e9s fondamentales. Droits humains. Droits de l'homme.","twitter:creator":"@europeanobs","twitter:image":"https:\/\/europeanobsndfr.org\/wp-content\/uploads\/2016\/11\/logo-oenddf.jpg"},"aioseo_meta_data":{"post_id":"10433","title":"Assistance aux demandeurs d\u2019asile \u00e0 NANTES, FRANCE. R\u00e9fugi\u00e9s. Migrants. Non-discrimination.  Droits fondamentaux.\nLibert\u00e9s fondamentales. Droits humains. Droits de l'homme.   | O.E.N.D.D.F.","description":"Assistance aux demandeurs d\u2019asile \u00e0 NANTES, FRANCE. R\u00e9fugi\u00e9s. Migrants. \nNon-discrimination.  Droits fondamentaux.\nLibert\u00e9s fondamentales. Droits humains. Droits de l'homme.","keywords":null,"keyphrases":null,"primary_term":null,"canonical_url":null,"og_title":"","og_description":"","og_object_type":"non_profit","og_image_type":"default","og_image_url":null,"og_image_width":null,"og_image_height":null,"og_image_custom_url":null,"og_image_custom_fields":null,"og_video":"","og_custom_url":null,"og_article_section":"","og_article_tags":"","twitter_use_og":false,"twitter_card":"summary","twitter_image_type":"default","twitter_image_url":null,"twitter_image_custom_url":null,"twitter_image_custom_fields":null,"twitter_title":null,"twitter_description":null,"schema":{"blockGraphs":[],"customGraphs":[],"default":{"data":{"Article":[],"Course":[],"Dataset":[],"FAQPage":[],"Movie":[],"Person":[],"Product":[],"ProductReview":[],"Car":[],"Recipe":[],"Service":[],"SoftwareApplication":[],"WebPage":[]},"graphName":"","isEnabled":true},"graphs":[]},"schema_type":null,"schema_type_options":null,"pillar_content":false,"robots_default":true,"robots_noindex":false,"robots_noarchive":false,"robots_nosnippet":false,"robots_nofollow":false,"robots_noimageindex":false,"robots_noodp":false,"robots_notranslate":false,"robots_max_snippet":null,"robots_max_videopreview":null,"robots_max_imagepreview":"large","priority":null,"frequency":null,"local_seo":null,"breadcrumb_settings":null,"limit_modified_date":false,"ai":null,"created":"2021-01-22 17:58:57","updated":"2025-08-01 10:50:35","focus_keyword":null,"additional_keywords":null,"truseo_locale":null,"seo_analyzer_scan_date":null},"jetpack_featured_media_url":"","jetpack-related-posts":[],"jetpack_sharing_enabled":true,"_links":{"self":[{"href":"https:\/\/europeanobsndfr.org\/en\/wp-json\/wp\/v2\/posts\/10433","targetHints":{"allow":["GET"]}}],"collection":[{"href":"https:\/\/europeanobsndfr.org\/en\/wp-json\/wp\/v2\/posts"}],"about":[{"href":"https:\/\/europeanobsndfr.org\/en\/wp-json\/wp\/v2\/types\/post"}],"author":[{"embeddable":true,"href":"https:\/\/europeanobsndfr.org\/en\/wp-json\/wp\/v2\/users\/1"}],"replies":[{"embeddable":true,"href":"https:\/\/europeanobsndfr.org\/en\/wp-json\/wp\/v2\/comments?post=10433"}],"version-history":[{"count":0,"href":"https:\/\/europeanobsndfr.org\/en\/wp-json\/wp\/v2\/posts\/10433\/revisions"}],"wp:attachment":[{"href":"https:\/\/europeanobsndfr.org\/en\/wp-json\/wp\/v2\/media?parent=10433"}],"wp:term":[{"taxonomy":"category","embeddable":true,"href":"https:\/\/europeanobsndfr.org\/en\/wp-json\/wp\/v2\/categories?post=10433"},{"taxonomy":"post_tag","embeddable":true,"href":"https:\/\/europeanobsndfr.org\/en\/wp-json\/wp\/v2\/tags?post=10433"}],"curies":[{"name":"wp","href":"https:\/\/api.w.org\/{rel}","templated":true}]}}