{"id":10980,"date":"2018-05-10T15:10:50","date_gmt":"2018-05-10T15:10:50","guid":{"rendered":"https:\/\/europeanobsndfr.org\/actualites-fr\/asylum-migration-and-borders\/the-iceberg-of-gender-based-violence\/"},"modified":"2018-05-21T10:19:27","modified_gmt":"2018-05-21T10:19:27","slug":"liceberg-de-la-violence-sexiste","status":"publish","type":"post","link":"https:\/\/europeanobsndfr.org\/en\/actualites-fr\/egalite-hommes-femmes\/liceberg-de-la-violence-sexiste\/","title":{"rendered":"L&rsquo;iceberg de la violence sexiste."},"content":{"rendered":"<p style=\"text-align: justify;\"><strong><u>Violence sexiste.\u00a0<\/u><\/strong><\/p>\n<p id=\"tw-target-text\" class=\"tw-data-text tw-ta tw-text-small\" dir=\"ltr\" style=\"text-align: justify;\" data-placeholder=\"Traduction\"><span lang=\"en\">&#x27a1; Ce sch\u00e9ma, d\u00e9nomm\u00e9 <strong><em><span style=\"text-decoration: underline;\">\u00ab\u00a0L&rsquo;iceberg de la violence sexiste\u00a0\u00bb,<\/span><\/em><\/strong> nous montre <strong>les diff\u00e9rentes strates de la violence sexiste<\/strong> (\u00ab\u00a0gender-based violence\u00a0\u00bb).<\/span><\/p>\n<p><strong>+\u00a0de nouvelles ?<\/strong> Notre Plateforme et O.N.G. est pr\u00e9sente sur les r\u00e9seaux sociaux :<\/p>\n<ul>\n<li><a href=\"https:\/\/www.facebook.com\/European-Observatory-for-Non-Discrimination-and-Fundamental-Rights-1103291363129845\/?fref=ts\">Facebook<\/a><\/li>\n<li><a href=\"https:\/\/twitter.com\/europeanobs\">Twitter<\/a><\/li>\n<li><a href=\"https:\/\/www.youtube.com\/channel\/UCO9vz5fybFw1Q8pvN00CDgA\">YouTube<\/a><\/li>\n<li><a href=\"https:\/\/www.instagram.com\/oenddf\/\">Instagram<\/a><\/li>\n<\/ul>\n<p><strong>#\u00e9galit\u00e9 #violencesexiste<\/strong><\/p>\n<p class=\"tw-data-text tw-ta tw-text-small\" dir=\"ltr\" data-placeholder=\"Traduction\">[av_content_slider heading=\u00a0\u00bb columns=&rsquo;1&prime; animation=&rsquo;slide&rsquo; navigation=&rsquo;arrows&rsquo; autoplay=&rsquo;false&rsquo; interval=&rsquo;5&prime; font_color=\u00a0\u00bb color=\u00a0\u00bb]<\/p>\n<p>[av_content_slide title=&rsquo;L&rsquo;iceberg de la violence sexiste.&rsquo; link=\u00a0\u00bb linktarget=\u00a0\u00bb]<br \/>\n<a href=\"https:\/\/europeanobsndfr.org\/wp-content\/uploads\/2018\/05\/Liceberg-de-la-violence-sexiste.jpg\"><img loading=\"lazy\" decoding=\"async\" class=\"aligncenter size-medium wp-image-10975\" src=\"https:\/\/europeanobsndfr.org\/wp-content\/uploads\/2018\/05\/Liceberg-de-la-violence-sexiste-300x300.jpg\" alt=\"\" width=\"300\" height=\"300\" srcset=\"https:\/\/europeanobsndfr.org\/wp-content\/uploads\/2018\/05\/Liceberg-de-la-violence-sexiste-300x300.jpg 300w, https:\/\/europeanobsndfr.org\/wp-content\/uploads\/2018\/05\/Liceberg-de-la-violence-sexiste-80x80.jpg 80w, https:\/\/europeanobsndfr.org\/wp-content\/uploads\/2018\/05\/Liceberg-de-la-violence-sexiste-36x36.jpg 36w, https:\/\/europeanobsndfr.org\/wp-content\/uploads\/2018\/05\/Liceberg-de-la-violence-sexiste-180x180.jpg 180w, https:\/\/europeanobsndfr.org\/wp-content\/uploads\/2018\/05\/Liceberg-de-la-violence-sexiste-705x705.jpg 705w, https:\/\/europeanobsndfr.org\/wp-content\/uploads\/2018\/05\/Liceberg-de-la-violence-sexiste.jpg 747w\" sizes=\"auto, (max-width: 300px) 100vw, 300px\" \/><\/a><br \/>\n[\/av_content_slide]<\/p>\n<p>[\/av_content_slider]<\/p>\n","protected":false},"excerpt":{"rendered":"<p>Violence sexiste.\u00a0 &#x27a1; Ce sch\u00e9ma, d\u00e9nomm\u00e9 \u00ab\u00a0L&rsquo;iceberg de la violence sexiste\u00a0\u00bb, nous montre les diff\u00e9rentes strates de la violence sexiste (\u00ab\u00a0gender-based violence\u00a0\u00bb). +\u00a0de nouvelles ? Notre Plateforme et O.N.G. est pr\u00e9sente sur les r\u00e9seaux sociaux : Facebook Twitter YouTube Instagram #\u00e9galit\u00e9 #violencesexiste [av_content_slider heading=\u00a0\u00bb columns=&rsquo;1&prime; animation=&rsquo;slide&rsquo; navigation=&rsquo;arrows&rsquo; autoplay=&rsquo;false&rsquo; interval=&rsquo;5&prime; font_color=\u00a0\u00bb color=\u00a0\u00bb] [av_content_slide title=&rsquo;L&rsquo;iceberg de la&#8230;<\/p>\n","protected":false},"author":1,"featured_media":0,"comment_status":"closed","ping_status":"closed","sticky":false,"template":"","format":"standard","meta":{"give_campaign_id":0,"_kadence_starter_templates_imported_post":false,"_kad_post_transparent":"","_kad_post_title":"","_kad_post_layout":"","_kad_post_sidebar_id":"","_kad_post_content_style":"","_kad_post_vertical_padding":"","_kad_post_feature":"","_kad_post_feature_position":"","_kad_post_header":false,"_kad_post_footer":false,"_kad_post_classname":"","_jetpack_memberships_contains_paid_content":false,"footnotes":""},"categories":[156],"tags":[],"class_list":["post-10980","post","type-post","status-publish","format-standard","hentry","category-egalite-hommes-femmes"],"aioseo_notices":[],"aioseo_head":"\n\t\t<!-- All in One SEO 5.0.1.1 - aioseo.com -->\n\t<meta name=\"description\" content=\"Violence sexiste. Violence homophobe. Violence sur des personnes LGBTQI.Droits fondamentaux.\" \/>\n\t<meta name=\"robots\" content=\"max-snippet:-1, max-image-preview:large, max-video-preview:-1\" \/>\n\t<meta name=\"author\" content=\"OENDDF\"\/>\n\t<meta name=\"google-site-verification\" content=\"KZsAbCyd-Ww06m2-MlFPa7EphgzWqs90ra8o0LfM_K8\" \/>\n\t<link rel=\"canonical\" href=\"https:\/\/europeanobsndfr.org\/en\/actualites-fr\/egalite-hommes-femmes\/liceberg-de-la-violence-sexiste\/\" \/>\n\t<meta name=\"generator\" content=\"All in One SEO (AIOSEO) 5.0.1.1\" \/>\n\t\t<meta property=\"og:locale\" content=\"en_GB\" \/>\n\t\t<meta property=\"og:site_name\" content=\"Observatoire Europ\u00e9en de la Non-Discrimination et des Droits Fondamentaux\" \/>\n\t\t<meta property=\"og:type\" content=\"non_profit\" \/>\n\t\t<meta property=\"og:title\" content=\"Violence sexiste. Violence homophobe. Violence sur des personnes LGBTQI. Droits fondamentaux. | O.E.N.D.D.F.\" \/>\n\t\t<meta property=\"og:description\" content=\"Violence sexiste. Violence homophobe. Violence sur des personnes LGBTQI.Droits fondamentaux.\" \/>\n\t\t<meta property=\"og:url\" content=\"https:\/\/europeanobsndfr.org\/en\/actualites-fr\/egalite-hommes-femmes\/liceberg-de-la-violence-sexiste\/\" \/>\n\t\t<meta property=\"og:image\" content=\"https:\/\/europeanobsndfr.org\/wp-content\/uploads\/2016\/11\/logo-oenddf.jpg\" \/>\n\t\t<meta property=\"og:image:secure_url\" content=\"https:\/\/europeanobsndfr.org\/wp-content\/uploads\/2016\/11\/logo-oenddf.jpg\" \/>\n\t\t<meta property=\"og:image:width\" content=\"830\" \/>\n\t\t<meta property=\"og:image:height\" content=\"600\" \/>\n\t\t<meta name=\"twitter:card\" content=\"summary\" \/>\n\t\t<meta name=\"twitter:site\" content=\"@europeanobs\" \/>\n\t\t<meta name=\"twitter:title\" content=\"Violence sexiste. Violence homophobe. Violence sur des personnes LGBTQI. Droits fondamentaux. | O.E.N.D.D.F.\" \/>\n\t\t<meta name=\"twitter:description\" content=\"Violence sexiste. Violence homophobe. Violence sur des personnes LGBTQI.Droits fondamentaux.\" \/>\n\t\t<meta name=\"twitter:creator\" content=\"@europeanobs\" \/>\n\t\t<meta name=\"twitter:image\" content=\"https:\/\/europeanobsndfr.org\/wp-content\/uploads\/2016\/11\/logo-oenddf.jpg\" \/>\n\t\t<script type=\"application\/ld+json\" class=\"aioseo-schema\">\n\t\t\t{\"@context\":\"https:\\\/\\\/schema.org\",\"@graph\":[{\"@type\":\"Article\",\"@id\":\"https:\\\/\\\/europeanobsndfr.org\\\/en\\\/actualites-fr\\\/egalite-hommes-femmes\\\/liceberg-de-la-violence-sexiste\\\/#article\",\"name\":\"Violence sexiste. Violence homophobe. Violence sur des personnes LGBTQI. Droits fondamentaux. | O.E.N.D.D.F.\",\"headline\":\"L&rsquo;iceberg de la violence sexiste.\",\"author\":{\"@id\":\"https:\\\/\\\/europeanobsndfr.org\\\/en\\\/author\\\/admin\\\/#author\"},\"publisher\":{\"@id\":\"https:\\\/\\\/europeanobsndfr.org\\\/en\\\/#organization\"},\"image\":{\"@type\":\"ImageObject\",\"url\":\"https:\\\/\\\/europeanobsndfr.org\\\/wp-content\\\/uploads\\\/2018\\\/05\\\/Liceberg-de-la-violence-sexiste-300x300.jpg\",\"@id\":\"https:\\\/\\\/europeanobsndfr.org\\\/en\\\/actualites-fr\\\/egalite-hommes-femmes\\\/liceberg-de-la-violence-sexiste\\\/#articleImage\"},\"datePublished\":\"2018-05-10T15:10:50+01:00\",\"dateModified\":\"2018-05-21T10:19:27+01:00\",\"inLanguage\":\"en-GB\",\"mainEntityOfPage\":{\"@id\":\"https:\\\/\\\/europeanobsndfr.org\\\/en\\\/actualites-fr\\\/egalite-hommes-femmes\\\/liceberg-de-la-violence-sexiste\\\/#webpage\"},\"isPartOf\":{\"@id\":\"https:\\\/\\\/europeanobsndfr.org\\\/en\\\/actualites-fr\\\/egalite-hommes-femmes\\\/liceberg-de-la-violence-sexiste\\\/#webpage\"},\"articleSection\":\"Egalit\\u00e9 hommes-Femmes\"},{\"@type\":\"BreadcrumbList\",\"@id\":\"https:\\\/\\\/europeanobsndfr.org\\\/en\\\/actualites-fr\\\/egalite-hommes-femmes\\\/liceberg-de-la-violence-sexiste\\\/#breadcrumblist\",\"itemListElement\":[{\"@type\":\"ListItem\",\"@id\":\"https:\\\/\\\/europeanobsndfr.org\\\/en#listItem\",\"position\":1,\"name\":\"Accueil\",\"item\":\"https:\\\/\\\/europeanobsndfr.org\\\/en\",\"nextItem\":{\"@type\":\"ListItem\",\"@id\":\"https:\\\/\\\/europeanobsndfr.org\\\/en\\\/category\\\/actualites-fr\\\/#listItem\",\"name\":\"Actualit\\u00e9\"}},{\"@type\":\"ListItem\",\"@id\":\"https:\\\/\\\/europeanobsndfr.org\\\/en\\\/category\\\/actualites-fr\\\/#listItem\",\"position\":2,\"name\":\"Actualit\\u00e9\",\"item\":\"https:\\\/\\\/europeanobsndfr.org\\\/en\\\/category\\\/actualites-fr\\\/\",\"nextItem\":{\"@type\":\"ListItem\",\"@id\":\"https:\\\/\\\/europeanobsndfr.org\\\/en\\\/category\\\/actualites-fr\\\/egalite-hommes-femmes\\\/#listItem\",\"name\":\"Egalit\\u00e9 hommes-Femmes\"},\"previousItem\":{\"@type\":\"ListItem\",\"@id\":\"https:\\\/\\\/europeanobsndfr.org\\\/en#listItem\",\"name\":\"Accueil\"}},{\"@type\":\"ListItem\",\"@id\":\"https:\\\/\\\/europeanobsndfr.org\\\/en\\\/category\\\/actualites-fr\\\/egalite-hommes-femmes\\\/#listItem\",\"position\":3,\"name\":\"Egalit\\u00e9 hommes-Femmes\",\"item\":\"https:\\\/\\\/europeanobsndfr.org\\\/en\\\/category\\\/actualites-fr\\\/egalite-hommes-femmes\\\/\",\"nextItem\":{\"@type\":\"ListItem\",\"@id\":\"https:\\\/\\\/europeanobsndfr.org\\\/en\\\/actualites-fr\\\/egalite-hommes-femmes\\\/liceberg-de-la-violence-sexiste\\\/#listItem\",\"name\":\"L&rsquo;iceberg de la violence sexiste.\"},\"previousItem\":{\"@type\":\"ListItem\",\"@id\":\"https:\\\/\\\/europeanobsndfr.org\\\/en\\\/category\\\/actualites-fr\\\/#listItem\",\"name\":\"Actualit\\u00e9\"}},{\"@type\":\"ListItem\",\"@id\":\"https:\\\/\\\/europeanobsndfr.org\\\/en\\\/actualites-fr\\\/egalite-hommes-femmes\\\/liceberg-de-la-violence-sexiste\\\/#listItem\",\"position\":4,\"name\":\"L&rsquo;iceberg de la violence sexiste.\",\"previousItem\":{\"@type\":\"ListItem\",\"@id\":\"https:\\\/\\\/europeanobsndfr.org\\\/en\\\/category\\\/actualites-fr\\\/egalite-hommes-femmes\\\/#listItem\",\"name\":\"Egalit\\u00e9 hommes-Femmes\"}}]},{\"@type\":\"Organization\",\"@id\":\"https:\\\/\\\/europeanobsndfr.org\\\/en\\\/#organization\",\"name\":\"OENDDF\",\"description\":\"Organisation Internationale Non-Gouvernementale\",\"url\":\"https:\\\/\\\/europeanobsndfr.org\\\/en\\\/\",\"logo\":{\"@type\":\"ImageObject\",\"url\":\"https:\\\/\\\/europeanobsndfr.org\\\/wp-content\\\/uploads\\\/2016\\\/11\\\/cropped-logo-oenddf.jpg\",\"@id\":\"https:\\\/\\\/europeanobsndfr.org\\\/en\\\/actualites-fr\\\/egalite-hommes-femmes\\\/liceberg-de-la-violence-sexiste\\\/#organizationLogo\",\"width\":701,\"height\":600,\"caption\":\"Logo OENDDF\"},\"image\":{\"@id\":\"https:\\\/\\\/europeanobsndfr.org\\\/en\\\/actualites-fr\\\/egalite-hommes-femmes\\\/liceberg-de-la-violence-sexiste\\\/#organizationLogo\"},\"sameAs\":[\"https:\\\/\\\/twitter.com\\\/europeanobs\",\"https:\\\/\\\/www.instagram.com\\\/oenddf_ngo\\\/\",\"https:\\\/\\\/www.youtube.com\\\/channel\\\/UCO9vz5fybFw1Q8pvN00CDgA\"]},{\"@type\":\"Person\",\"@id\":\"https:\\\/\\\/europeanobsndfr.org\\\/en\\\/author\\\/admin\\\/#author\",\"url\":\"https:\\\/\\\/europeanobsndfr.org\\\/en\\\/author\\\/admin\\\/\",\"name\":\"OENDDF\",\"image\":{\"@type\":\"ImageObject\",\"@id\":\"https:\\\/\\\/europeanobsndfr.org\\\/en\\\/actualites-fr\\\/egalite-hommes-femmes\\\/liceberg-de-la-violence-sexiste\\\/#authorImage\",\"url\":\"https:\\\/\\\/secure.gravatar.com\\\/avatar\\\/f64bd673bdf1f612f36226606d41703598d9c028a910d72b461acb19a72f63d5?s=96&d=mm&r=g\",\"width\":96,\"height\":96,\"caption\":\"OENDDF\"}},{\"@type\":\"WebPage\",\"@id\":\"https:\\\/\\\/europeanobsndfr.org\\\/en\\\/actualites-fr\\\/egalite-hommes-femmes\\\/liceberg-de-la-violence-sexiste\\\/#webpage\",\"url\":\"https:\\\/\\\/europeanobsndfr.org\\\/en\\\/actualites-fr\\\/egalite-hommes-femmes\\\/liceberg-de-la-violence-sexiste\\\/\",\"name\":\"Violence sexiste. Violence homophobe. Violence sur des personnes LGBTQI. Droits fondamentaux. | O.E.N.D.D.F.\",\"description\":\"Violence sexiste. Violence homophobe. Violence sur des personnes LGBTQI.Droits fondamentaux.\",\"inLanguage\":\"en-GB\",\"isPartOf\":{\"@id\":\"https:\\\/\\\/europeanobsndfr.org\\\/en\\\/#website\"},\"breadcrumb\":{\"@id\":\"https:\\\/\\\/europeanobsndfr.org\\\/en\\\/actualites-fr\\\/egalite-hommes-femmes\\\/liceberg-de-la-violence-sexiste\\\/#breadcrumblist\"},\"author\":{\"@id\":\"https:\\\/\\\/europeanobsndfr.org\\\/en\\\/author\\\/admin\\\/#author\"},\"creator\":{\"@id\":\"https:\\\/\\\/europeanobsndfr.org\\\/en\\\/author\\\/admin\\\/#author\"},\"datePublished\":\"2018-05-10T15:10:50+01:00\",\"dateModified\":\"2018-05-21T10:19:27+01:00\"},{\"@type\":\"WebSite\",\"@id\":\"https:\\\/\\\/europeanobsndfr.org\\\/en\\\/#website\",\"url\":\"https:\\\/\\\/europeanobsndfr.org\\\/en\\\/\",\"name\":\"Observatoire Europ\\u00e9en de la Non-Discrimination et des Droits Fondamentaux\",\"description\":\"Organisation Internationale Non-Gouvernementale\",\"inLanguage\":\"en-GB\",\"publisher\":{\"@id\":\"https:\\\/\\\/europeanobsndfr.org\\\/en\\\/#organization\"}}]}\n\t\t<\/script>\n\t\t<!-- All in One SEO -->\n\n","aioseo_head_json":{"title":"Violence sexiste. Violence homophobe. Violence sur des personnes LGBTQI. Droits fondamentaux. | O.E.N.D.D.F.","description":"Violence sexiste. Violence homophobe. Violence sur des personnes LGBTQI.Droits fondamentaux.","canonical_url":"https:\/\/europeanobsndfr.org\/en\/actualites-fr\/egalite-hommes-femmes\/liceberg-de-la-violence-sexiste\/","robots":"max-snippet:-1, max-image-preview:large, max-video-preview:-1","keywords":"","webmasterTools":{"google-site-verification":"KZsAbCyd-Ww06m2-MlFPa7EphgzWqs90ra8o0LfM_K8","miscellaneous":""},"schema":{"@context":"https:\/\/schema.org","@graph":[{"@type":"Article","@id":"https:\/\/europeanobsndfr.org\/en\/actualites-fr\/egalite-hommes-femmes\/liceberg-de-la-violence-sexiste\/#article","name":"Violence sexiste. Violence homophobe. Violence sur des personnes LGBTQI. Droits fondamentaux. | O.E.N.D.D.F.","headline":"L&rsquo;iceberg de la violence sexiste.","author":{"@id":"https:\/\/europeanobsndfr.org\/en\/author\/admin\/#author"},"publisher":{"@id":"https:\/\/europeanobsndfr.org\/en\/#organization"},"image":{"@type":"ImageObject","url":"https:\/\/europeanobsndfr.org\/wp-content\/uploads\/2018\/05\/Liceberg-de-la-violence-sexiste-300x300.jpg","@id":"https:\/\/europeanobsndfr.org\/en\/actualites-fr\/egalite-hommes-femmes\/liceberg-de-la-violence-sexiste\/#articleImage"},"datePublished":"2018-05-10T15:10:50+01:00","dateModified":"2018-05-21T10:19:27+01:00","inLanguage":"en-GB","mainEntityOfPage":{"@id":"https:\/\/europeanobsndfr.org\/en\/actualites-fr\/egalite-hommes-femmes\/liceberg-de-la-violence-sexiste\/#webpage"},"isPartOf":{"@id":"https:\/\/europeanobsndfr.org\/en\/actualites-fr\/egalite-hommes-femmes\/liceberg-de-la-violence-sexiste\/#webpage"},"articleSection":"Egalit\u00e9 hommes-Femmes"},{"@type":"BreadcrumbList","@id":"https:\/\/europeanobsndfr.org\/en\/actualites-fr\/egalite-hommes-femmes\/liceberg-de-la-violence-sexiste\/#breadcrumblist","itemListElement":[{"@type":"ListItem","@id":"https:\/\/europeanobsndfr.org\/en#listItem","position":1,"name":"Accueil","item":"https:\/\/europeanobsndfr.org\/en","nextItem":{"@type":"ListItem","@id":"https:\/\/europeanobsndfr.org\/en\/category\/actualites-fr\/#listItem","name":"Actualit\u00e9"}},{"@type":"ListItem","@id":"https:\/\/europeanobsndfr.org\/en\/category\/actualites-fr\/#listItem","position":2,"name":"Actualit\u00e9","item":"https:\/\/europeanobsndfr.org\/en\/category\/actualites-fr\/","nextItem":{"@type":"ListItem","@id":"https:\/\/europeanobsndfr.org\/en\/category\/actualites-fr\/egalite-hommes-femmes\/#listItem","name":"Egalit\u00e9 hommes-Femmes"},"previousItem":{"@type":"ListItem","@id":"https:\/\/europeanobsndfr.org\/en#listItem","name":"Accueil"}},{"@type":"ListItem","@id":"https:\/\/europeanobsndfr.org\/en\/category\/actualites-fr\/egalite-hommes-femmes\/#listItem","position":3,"name":"Egalit\u00e9 hommes-Femmes","item":"https:\/\/europeanobsndfr.org\/en\/category\/actualites-fr\/egalite-hommes-femmes\/","nextItem":{"@type":"ListItem","@id":"https:\/\/europeanobsndfr.org\/en\/actualites-fr\/egalite-hommes-femmes\/liceberg-de-la-violence-sexiste\/#listItem","name":"L&rsquo;iceberg de la violence sexiste."},"previousItem":{"@type":"ListItem","@id":"https:\/\/europeanobsndfr.org\/en\/category\/actualites-fr\/#listItem","name":"Actualit\u00e9"}},{"@type":"ListItem","@id":"https:\/\/europeanobsndfr.org\/en\/actualites-fr\/egalite-hommes-femmes\/liceberg-de-la-violence-sexiste\/#listItem","position":4,"name":"L&rsquo;iceberg de la violence sexiste.","previousItem":{"@type":"ListItem","@id":"https:\/\/europeanobsndfr.org\/en\/category\/actualites-fr\/egalite-hommes-femmes\/#listItem","name":"Egalit\u00e9 hommes-Femmes"}}]},{"@type":"Organization","@id":"https:\/\/europeanobsndfr.org\/en\/#organization","name":"OENDDF","description":"Organisation Internationale Non-Gouvernementale","url":"https:\/\/europeanobsndfr.org\/en\/","logo":{"@type":"ImageObject","url":"https:\/\/europeanobsndfr.org\/wp-content\/uploads\/2016\/11\/cropped-logo-oenddf.jpg","@id":"https:\/\/europeanobsndfr.org\/en\/actualites-fr\/egalite-hommes-femmes\/liceberg-de-la-violence-sexiste\/#organizationLogo","width":701,"height":600,"caption":"Logo OENDDF"},"image":{"@id":"https:\/\/europeanobsndfr.org\/en\/actualites-fr\/egalite-hommes-femmes\/liceberg-de-la-violence-sexiste\/#organizationLogo"},"sameAs":["https:\/\/twitter.com\/europeanobs","https:\/\/www.instagram.com\/oenddf_ngo\/","https:\/\/www.youtube.com\/channel\/UCO9vz5fybFw1Q8pvN00CDgA"]},{"@type":"Person","@id":"https:\/\/europeanobsndfr.org\/en\/author\/admin\/#author","url":"https:\/\/europeanobsndfr.org\/en\/author\/admin\/","name":"OENDDF","image":{"@type":"ImageObject","@id":"https:\/\/europeanobsndfr.org\/en\/actualites-fr\/egalite-hommes-femmes\/liceberg-de-la-violence-sexiste\/#authorImage","url":"https:\/\/secure.gravatar.com\/avatar\/f64bd673bdf1f612f36226606d41703598d9c028a910d72b461acb19a72f63d5?s=96&d=mm&r=g","width":96,"height":96,"caption":"OENDDF"}},{"@type":"WebPage","@id":"https:\/\/europeanobsndfr.org\/en\/actualites-fr\/egalite-hommes-femmes\/liceberg-de-la-violence-sexiste\/#webpage","url":"https:\/\/europeanobsndfr.org\/en\/actualites-fr\/egalite-hommes-femmes\/liceberg-de-la-violence-sexiste\/","name":"Violence sexiste. Violence homophobe. Violence sur des personnes LGBTQI. Droits fondamentaux. | O.E.N.D.D.F.","description":"Violence sexiste. Violence homophobe. Violence sur des personnes LGBTQI.Droits fondamentaux.","inLanguage":"en-GB","isPartOf":{"@id":"https:\/\/europeanobsndfr.org\/en\/#website"},"breadcrumb":{"@id":"https:\/\/europeanobsndfr.org\/en\/actualites-fr\/egalite-hommes-femmes\/liceberg-de-la-violence-sexiste\/#breadcrumblist"},"author":{"@id":"https:\/\/europeanobsndfr.org\/en\/author\/admin\/#author"},"creator":{"@id":"https:\/\/europeanobsndfr.org\/en\/author\/admin\/#author"},"datePublished":"2018-05-10T15:10:50+01:00","dateModified":"2018-05-21T10:19:27+01:00"},{"@type":"WebSite","@id":"https:\/\/europeanobsndfr.org\/en\/#website","url":"https:\/\/europeanobsndfr.org\/en\/","name":"Observatoire Europ\u00e9en de la Non-Discrimination et des Droits Fondamentaux","description":"Organisation Internationale Non-Gouvernementale","inLanguage":"en-GB","publisher":{"@id":"https:\/\/europeanobsndfr.org\/en\/#organization"}}]},"og:locale":"en_GB","og:site_name":"Observatoire Europ\u00e9en de la Non-Discrimination et des Droits Fondamentaux","og:type":"non_profit","og:title":"Violence sexiste. Violence homophobe. Violence sur des personnes LGBTQI. Droits fondamentaux. | O.E.N.D.D.F.","og:description":"Violence sexiste. Violence homophobe. Violence sur des personnes LGBTQI.Droits fondamentaux.","og:url":"https:\/\/europeanobsndfr.org\/en\/actualites-fr\/egalite-hommes-femmes\/liceberg-de-la-violence-sexiste\/","og:image":"https:\/\/europeanobsndfr.org\/wp-content\/uploads\/2016\/11\/logo-oenddf.jpg","og:image:secure_url":"https:\/\/europeanobsndfr.org\/wp-content\/uploads\/2016\/11\/logo-oenddf.jpg","og:image:width":830,"og:image:height":600,"twitter:card":"summary","twitter:site":"@europeanobs","twitter:title":"Violence sexiste. Violence homophobe. Violence sur des personnes LGBTQI. Droits fondamentaux. | O.E.N.D.D.F.","twitter:description":"Violence sexiste. Violence homophobe. Violence sur des personnes LGBTQI.Droits fondamentaux.","twitter:creator":"@europeanobs","twitter:image":"https:\/\/europeanobsndfr.org\/wp-content\/uploads\/2016\/11\/logo-oenddf.jpg"},"aioseo_meta_data":{"post_id":"10980","title":"Violence sexiste. Violence homophobe. Violence sur des personnes LGBTQI. Droits fondamentaux. | O.E.N.D.D.F.","description":"Violence sexiste. \r\nViolence homophobe. \r\nViolence sur des personnes LGBTQI.Droits fondamentaux.","keywords":null,"keyphrases":null,"primary_term":null,"canonical_url":null,"og_title":"","og_description":"","og_object_type":"non_profit","og_image_type":"default","og_image_url":null,"og_image_width":null,"og_image_height":null,"og_image_custom_url":null,"og_image_custom_fields":null,"og_video":"","og_custom_url":null,"og_article_section":"","og_article_tags":"","twitter_use_og":false,"twitter_card":"summary","twitter_image_type":"default","twitter_image_url":null,"twitter_image_custom_url":null,"twitter_image_custom_fields":null,"twitter_title":null,"twitter_description":null,"schema":{"blockGraphs":[],"customGraphs":[],"default":{"data":{"Article":[],"Course":[],"Dataset":[],"FAQPage":[],"Movie":[],"Person":[],"Product":[],"ProductReview":[],"Car":[],"Recipe":[],"Service":[],"SoftwareApplication":[],"WebPage":[]},"graphName":"","isEnabled":true},"graphs":[]},"schema_type":null,"schema_type_options":null,"pillar_content":false,"robots_default":true,"robots_noindex":false,"robots_noarchive":false,"robots_nosnippet":false,"robots_nofollow":false,"robots_noimageindex":false,"robots_noodp":false,"robots_notranslate":false,"robots_max_snippet":null,"robots_max_videopreview":null,"robots_max_imagepreview":"large","priority":null,"frequency":null,"local_seo":null,"breadcrumb_settings":null,"limit_modified_date":false,"ai":null,"created":"2021-01-22 18:00:01","updated":"2025-08-01 11:26:31","focus_keyword":null,"additional_keywords":null,"truseo_locale":null,"seo_analyzer_scan_date":null},"jetpack_featured_media_url":"","jetpack-related-posts":[],"jetpack_sharing_enabled":true,"_links":{"self":[{"href":"https:\/\/europeanobsndfr.org\/en\/wp-json\/wp\/v2\/posts\/10980","targetHints":{"allow":["GET"]}}],"collection":[{"href":"https:\/\/europeanobsndfr.org\/en\/wp-json\/wp\/v2\/posts"}],"about":[{"href":"https:\/\/europeanobsndfr.org\/en\/wp-json\/wp\/v2\/types\/post"}],"author":[{"embeddable":true,"href":"https:\/\/europeanobsndfr.org\/en\/wp-json\/wp\/v2\/users\/1"}],"replies":[{"embeddable":true,"href":"https:\/\/europeanobsndfr.org\/en\/wp-json\/wp\/v2\/comments?post=10980"}],"version-history":[{"count":0,"href":"https:\/\/europeanobsndfr.org\/en\/wp-json\/wp\/v2\/posts\/10980\/revisions"}],"wp:attachment":[{"href":"https:\/\/europeanobsndfr.org\/en\/wp-json\/wp\/v2\/media?parent=10980"}],"wp:term":[{"taxonomy":"category","embeddable":true,"href":"https:\/\/europeanobsndfr.org\/en\/wp-json\/wp\/v2\/categories?post=10980"},{"taxonomy":"post_tag","embeddable":true,"href":"https:\/\/europeanobsndfr.org\/en\/wp-json\/wp\/v2\/tags?post=10980"}],"curies":[{"name":"wp","href":"https:\/\/api.w.org\/{rel}","templated":true}]}}