{"id":11211,"date":"2018-06-10T08:24:33","date_gmt":"2018-06-10T08:24:33","guid":{"rendered":"https:\/\/europeanobsndfr.org\/actualites-fr\/asylum-migration-and-borders\/who-are-the-refugees\/"},"modified":"2018-06-18T08:55:25","modified_gmt":"2018-06-18T08:55:25","slug":"qui-sont-les-refugies","status":"publish","type":"post","link":"https:\/\/europeanobsndfr.org\/en\/actualites-fr\/asylum-migration-and-borders\/qui-sont-les-refugies\/","title":{"rendered":"Qui sont les R\u00e9fugi\u00e9s ?\u00a0"},"content":{"rendered":"<p style=\"text-align: justify;\"><span style=\"text-decoration: underline;\"><strong>Qui sont les R\u00e9fugi\u00e9s ?\u00a0<\/strong><\/span><\/p>\n<p style=\"text-align: justify;\">Les ressortissants de pays tiers qui entrent ou s\u00e9journent dans l\u2019Union Europ\u00e9enne voient souvent leurs droits bafou\u00e9s.<\/p>\n<p style=\"text-align: justify;\">Plusieurs causes peuvent \u00eatre invoqu\u00e9es :<\/p>\n<ul>\n<li style=\"text-align: justify;\">mise en \u0153uvre insuffisante de la l\u00e9gislation ;<\/li>\n<li style=\"text-align: justify;\">m\u00e9connaissance des droits fondamentaux ;<\/li>\n<li style=\"text-align: justify;\">formation inad\u00e9quate des fonctionnaires ;<\/li>\n<li style=\"text-align: justify;\">et parfois discrimination et x\u00e9nophobie.<\/li>\n<\/ul>\n<p style=\"text-align: justify;\"><strong>Image ci-dessous : les causes des migrations, expliqu\u00e9es en fran\u00e7ais, pour les enfants.\u00a0<\/strong><\/p>\n<p><strong><u>+ de nouvelles <\/u>?<\/strong>\u00a0<strong>Notre plateforme et O.N.G. est sur les r\u00e9seaux sociaux :\u00a0<\/strong><\/p>\n<ul>\n<li><a href=\"https:\/\/www.facebook.com\/European-Observatory-for-Non-Discrimination-and-Fundamental-Rights-1103291363129845\/?fref=ts\">Facebook<\/a><\/li>\n<li><a href=\"https:\/\/twitter.com\/europeanobs\">Twitter<\/a><\/li>\n<li><a href=\"https:\/\/www.youtube.com\/channel\/UCO9vz5fybFw1Q8pvN00CDgA\">YouTube<\/a><\/li>\n<li><a href=\"https:\/\/www.instagram.com\/oenddf\/\">Instagram<\/a><\/li>\n<\/ul>\n<p><strong>#travailderue #solidarit\u00e9 \u00a0#sansabri\u00a0#demandeursdasile<\/strong><\/p>\n<p>[av_content_slider heading=\u00a0\u00bb columns=&rsquo;1&prime; animation=&rsquo;slide&rsquo; navigation=&rsquo;arrows&rsquo; autoplay=&rsquo;false&rsquo; interval=&rsquo;5&prime; font_color=\u00a0\u00bb color=\u00a0\u00bb]<br \/>\n[av_content_slide title=&rsquo;Les causes des migrations &#8211; Les R\u00e9fugi\u00e9s, c&rsquo;est qui ? \u00ab\u00a0. &lsquo; link=\u00a0\u00bb linktarget=\u00a0\u00bb]<\/p>\n<p><a href=\"https:\/\/europeanobsndfr.org\/wp-content\/uploads\/2018\/05\/Les-r\u00e9fugi\u00e9s-cest-qui-.jpg\"><img loading=\"lazy\" decoding=\"async\" class=\"aligncenter size-medium wp-image-11201\" src=\"https:\/\/europeanobsndfr.org\/wp-content\/uploads\/2018\/05\/Les-r\u00e9fugi\u00e9s-cest-qui--229x300.jpg\" alt=\"\" width=\"229\" height=\"300\" srcset=\"https:\/\/europeanobsndfr.org\/wp-content\/uploads\/2018\/05\/Les-r\u00e9fugi\u00e9s-cest-qui--229x300.jpg 229w, https:\/\/europeanobsndfr.org\/wp-content\/uploads\/2018\/05\/Les-r\u00e9fugi\u00e9s-cest-qui--539x705.jpg 539w, https:\/\/europeanobsndfr.org\/wp-content\/uploads\/2018\/05\/Les-r\u00e9fugi\u00e9s-cest-qui-.jpg 738w\" sizes=\"auto, (max-width: 229px) 100vw, 229px\" \/><\/a><br \/>\n[\/av_content_slide]<\/p>\n<p>[\/av_content_slider]<\/p>\n","protected":false},"excerpt":{"rendered":"<p>Qui sont les R\u00e9fugi\u00e9s ?\u00a0 Les ressortissants de pays tiers qui entrent ou s\u00e9journent dans l\u2019Union Europ\u00e9enne voient souvent leurs droits bafou\u00e9s. Plusieurs causes peuvent \u00eatre invoqu\u00e9es : mise en \u0153uvre insuffisante de la l\u00e9gislation ; m\u00e9connaissance des droits fondamentaux ; formation inad\u00e9quate des fonctionnaires ; et parfois discrimination et x\u00e9nophobie. Image ci-dessous : les&#8230;<\/p>","protected":false},"author":1,"featured_media":0,"comment_status":"closed","ping_status":"closed","sticky":false,"template":"","format":"standard","meta":{"give_campaign_id":0,"_kadence_starter_templates_imported_post":false,"_kad_post_transparent":"","_kad_post_title":"","_kad_post_layout":"","_kad_post_sidebar_id":"","_kad_post_content_style":"","_kad_post_vertical_padding":"","_kad_post_feature":"","_kad_post_feature_position":"","_kad_post_header":false,"_kad_post_footer":false,"_kad_post_classname":"","_jetpack_memberships_contains_paid_content":false,"footnotes":""},"categories":[201,84],"tags":[],"class_list":["post-11211","post","type-post","status-publish","format-standard","hentry","category-acces-a-la-justice","category-asylum-migration-and-borders"],"aioseo_notices":[],"jetpack_featured_media_url":"","jetpack-related-posts":[],"jetpack_sharing_enabled":true,"_links":{"self":[{"href":"https:\/\/europeanobsndfr.org\/en\/wp-json\/wp\/v2\/posts\/11211","targetHints":{"allow":["GET"]}}],"collection":[{"href":"https:\/\/europeanobsndfr.org\/en\/wp-json\/wp\/v2\/posts"}],"about":[{"href":"https:\/\/europeanobsndfr.org\/en\/wp-json\/wp\/v2\/types\/post"}],"author":[{"embeddable":true,"href":"https:\/\/europeanobsndfr.org\/en\/wp-json\/wp\/v2\/users\/1"}],"replies":[{"embeddable":true,"href":"https:\/\/europeanobsndfr.org\/en\/wp-json\/wp\/v2\/comments?post=11211"}],"version-history":[{"count":0,"href":"https:\/\/europeanobsndfr.org\/en\/wp-json\/wp\/v2\/posts\/11211\/revisions"}],"wp:attachment":[{"href":"https:\/\/europeanobsndfr.org\/en\/wp-json\/wp\/v2\/media?parent=11211"}],"wp:term":[{"taxonomy":"category","embeddable":true,"href":"https:\/\/europeanobsndfr.org\/en\/wp-json\/wp\/v2\/categories?post=11211"},{"taxonomy":"post_tag","embeddable":true,"href":"https:\/\/europeanobsndfr.org\/en\/wp-json\/wp\/v2\/tags?post=11211"}],"curies":[{"name":"wp","href":"https:\/\/api.w.org\/{rel}","templated":true}]}}