{"id":12279,"date":"2018-06-24T06:06:17","date_gmt":"2018-06-24T06:06:17","guid":{"rendered":"https:\/\/europeanobsndfr.org\/actualites-fr\/asylum-migration-and-borders\/homeless-veterans-in-the-usa\/"},"modified":"2018-12-10T19:12:55","modified_gmt":"2018-12-10T19:12:55","slug":"veterans-de-guerre-sans-abri-aux-etats-unis","status":"publish","type":"post","link":"https:\/\/europeanobsndfr.org\/en\/actualites-fr\/combat-contre-pauvrete\/veterans-de-guerre-sans-abri-aux-etats-unis\/","title":{"rendered":"Etats-Unis : v\u00e9t\u00e9rans de guerre, sans-abri."},"content":{"rendered":"<p style=\"text-align: justify;\"><strong><u>V\u00e9t\u00e9rans de guerre, sans-abri, aux Etats-Unis &#8211; Trouble de Stress Post-Traumatique.\u00a0<\/u><\/strong><\/p>\n<p style=\"text-align: justify;\">&#x27a1;\u00a0<strong>La Coalition Nationale Am\u00e9ricaine pour les v\u00e9t\u00e9rans de guerre, sans-abri<\/strong>, estime que chaque nuit, 200 000 anciens combattants sont sans-abri et 400 000 anciens combattants seront sans-abri pendant le cours d&rsquo;une ann\u00e9e.<\/p>\n<p style=\"text-align: justify;\">&#x27a1;\u00a0 \u00a0<strong>Le Trouble de Stress Post-Traumatique &#8211; en anglais, \u00ab\u00a0P.T.S.D.\u00a0\u00bb<\/strong>, Post-Traumatic Stress Disorder, sur l&rsquo;image de droite &#8211; combin\u00e9 avec un manque de liens sociaux et un manque de famille, est en partie responsable de ces situations de sans-abrisme.<\/p>\n<p style=\"text-align: justify;\">&#x27a1;<strong>\u00a0Pendant l&rsquo;ann\u00e9e 2018, l&rsquo;Observatoire Europ\u00e9en de la non-discrimination et des Droits\u00a0Fondamentaux rassemblera des t\u00e9moignages aux Etats-Unis, sur les moyens d&rsquo;aider et d&rsquo;accompagner les personnes sans-abri, en particulier les personnes ayant effectu\u00e9 des t\u00e2ches militaires au service de leur leur pays et souffrant de Trouble de Stress Post-Traumatique.\u00a0<\/strong><\/p>\n<p style=\"text-align: justify;\">Image : SpreadPeace.org \/ avec des observations du \u00ab\u00a0Marine Corps\u00a0\u00bb\u00a0<a class=\"notranslate\" href=\"https:\/\/www.instagram.com\/Chris.Tinney\/\">@Chris.Tinney<\/a> VMA 134.<\/p>\n<p style=\"text-align: justify;\">[av_content_slider heading=\u00a0\u00bb columns=&rsquo;1&prime; animation=&rsquo;slide&rsquo; navigation=&rsquo;arrows&rsquo; autoplay=&rsquo;false&rsquo; interval=&rsquo;5&prime; font_color=\u00a0\u00bb color=\u00a0\u00bb]<br \/>\n[av_content_slide title=\u00a0\u00bb link=\u00a0\u00bb linktarget=\u00a0\u00bb]<br \/>\n<a href=\"https:\/\/europeanobsndfr.org\/wp-content\/uploads\/2018\/06\/Veterans.jpg\"><img loading=\"lazy\" decoding=\"async\" class=\"aligncenter size-medium wp-image-12273\" src=\"https:\/\/europeanobsndfr.org\/wp-content\/uploads\/2018\/06\/Veterans-300x207.jpg\" alt=\"\" width=\"300\" height=\"207\" srcset=\"https:\/\/europeanobsndfr.org\/wp-content\/uploads\/2018\/06\/Veterans-300x207.jpg 300w, https:\/\/europeanobsndfr.org\/wp-content\/uploads\/2018\/06\/Veterans-705x487.jpg 705w, https:\/\/europeanobsndfr.org\/wp-content\/uploads\/2018\/06\/Veterans.jpg 747w\" sizes=\"auto, (max-width: 300px) 100vw, 300px\" \/><\/a><br \/>\n[\/av_content_slide]<\/p>\n<p>[\/av_content_slider]<\/p>\n","protected":false},"excerpt":{"rendered":"<p>V\u00e9t\u00e9rans de guerre, sans-abri, aux Etats-Unis &#8211; Trouble de Stress Post-Traumatique.\u00a0 &#x27a1;\u00a0La Coalition Nationale Am\u00e9ricaine pour les v\u00e9t\u00e9rans de guerre, sans-abri, estime que chaque nuit, 200 000 anciens combattants sont sans-abri et 400 000 anciens combattants seront sans-abri pendant le cours d&rsquo;une ann\u00e9e. &#x27a1;\u00a0 \u00a0Le Trouble de Stress Post-Traumatique &#8211; en anglais, \u00ab\u00a0P.T.S.D.\u00a0\u00bb, Post-Traumatic Stress&#8230;<\/p>","protected":false},"author":1,"featured_media":0,"comment_status":"closed","ping_status":"closed","sticky":false,"template":"","format":"standard","meta":{"give_campaign_id":0,"_kadence_starter_templates_imported_post":false,"_kad_post_transparent":"","_kad_post_title":"","_kad_post_layout":"","_kad_post_sidebar_id":"","_kad_post_content_style":"","_kad_post_vertical_padding":"","_kad_post_feature":"","_kad_post_feature_position":"","_kad_post_header":false,"_kad_post_footer":false,"_kad_post_classname":"","_jetpack_memberships_contains_paid_content":false,"footnotes":""},"categories":[44],"tags":[],"class_list":["post-12279","post","type-post","status-publish","format-standard","hentry","category-combat-contre-pauvrete"],"aioseo_notices":[],"aioseo_head":"\n\t\t<!-- All in One SEO 5.0.1.1 - aioseo.com -->\n\t<meta name=\"description\" content=\"V\u00e9t\u00e9rans de guerre, sans-abri, aux Etats-Unis. Trouble de Stress Post-Traumatique. PTSD. Droits Fondamentaux. Droits de l&#039;Homme. Droits Humains. Pauvret\u00e9.\" \/>\n\t<meta name=\"robots\" content=\"max-snippet:-1, max-image-preview:large, max-video-preview:-1\" \/>\n\t<meta name=\"author\" content=\"OENDDF\"\/>\n\t<meta name=\"google-site-verification\" content=\"KZsAbCyd-Ww06m2-MlFPa7EphgzWqs90ra8o0LfM_K8\" \/>\n\t<link rel=\"canonical\" href=\"https:\/\/europeanobsndfr.org\/en\/actualites-fr\/combat-contre-pauvrete\/veterans-de-guerre-sans-abri-aux-etats-unis\/\" \/>\n\t<meta name=\"generator\" content=\"All in One SEO (AIOSEO) 5.0.1.1\" \/>\n\t\t<meta property=\"og:locale\" content=\"en_GB\" \/>\n\t\t<meta property=\"og:site_name\" content=\"Observatoire Europ\u00e9en de la Non-Discrimination et des Droits Fondamentaux\" \/>\n\t\t<meta property=\"og:type\" content=\"non_profit\" \/>\n\t\t<meta property=\"og:title\" content=\"V\u00e9t\u00e9rans de guerre, sans-abri, aux Etats-Unis. Trouble de Stress Post-Traumatique. PTSD. Droits Fondamentaux. Droits de l&#039;Homme. Droits Humains. Pauvret\u00e9. | O.E.N.D.D.F.\" \/>\n\t\t<meta property=\"og:description\" content=\"V\u00e9t\u00e9rans de guerre, sans-abri, aux Etats-Unis. Trouble de Stress Post-Traumatique. PTSD. Droits Fondamentaux. Droits de l&#039;Homme. Droits Humains. Pauvret\u00e9.\" \/>\n\t\t<meta property=\"og:url\" content=\"https:\/\/europeanobsndfr.org\/en\/actualites-fr\/combat-contre-pauvrete\/veterans-de-guerre-sans-abri-aux-etats-unis\/\" \/>\n\t\t<meta property=\"og:image\" content=\"https:\/\/europeanobsndfr.org\/wp-content\/uploads\/2016\/11\/logo-oenddf.jpg\" \/>\n\t\t<meta property=\"og:image:secure_url\" content=\"https:\/\/europeanobsndfr.org\/wp-content\/uploads\/2016\/11\/logo-oenddf.jpg\" \/>\n\t\t<meta property=\"og:image:width\" content=\"830\" \/>\n\t\t<meta property=\"og:image:height\" content=\"600\" \/>\n\t\t<meta name=\"twitter:card\" content=\"summary\" \/>\n\t\t<meta name=\"twitter:site\" content=\"@europeanobs\" \/>\n\t\t<meta name=\"twitter:title\" content=\"V\u00e9t\u00e9rans de guerre, sans-abri, aux Etats-Unis. Trouble de Stress Post-Traumatique. PTSD. Droits Fondamentaux. Droits de l&#039;Homme. Droits Humains. Pauvret\u00e9. | O.E.N.D.D.F.\" \/>\n\t\t<meta name=\"twitter:description\" content=\"V\u00e9t\u00e9rans de guerre, sans-abri, aux Etats-Unis. Trouble de Stress Post-Traumatique. PTSD. Droits Fondamentaux. Droits de l&#039;Homme. Droits Humains. Pauvret\u00e9.\" \/>\n\t\t<meta name=\"twitter:creator\" content=\"@europeanobs\" \/>\n\t\t<meta name=\"twitter:image\" content=\"https:\/\/europeanobsndfr.org\/wp-content\/uploads\/2016\/11\/logo-oenddf.jpg\" \/>\n\t\t<script type=\"application\/ld+json\" class=\"aioseo-schema\">\n\t\t\t{\"@context\":\"https:\\\/\\\/schema.org\",\"@graph\":[{\"@type\":\"Article\",\"@id\":\"https:\\\/\\\/europeanobsndfr.org\\\/en\\\/actualites-fr\\\/combat-contre-pauvrete\\\/veterans-de-guerre-sans-abri-aux-etats-unis\\\/#article\",\"name\":\"V\\u00e9t\\u00e9rans de guerre, sans-abri, aux Etats-Unis. Trouble de Stress Post-Traumatique. PTSD. Droits Fondamentaux. Droits de l'Homme. Droits Humains. Pauvret\\u00e9. | O.E.N.D.D.F.\",\"headline\":\"Etats-Unis : v\\u00e9t\\u00e9rans de guerre, sans-abri.\",\"author\":{\"@id\":\"https:\\\/\\\/europeanobsndfr.org\\\/en\\\/author\\\/admin\\\/#author\"},\"publisher\":{\"@id\":\"https:\\\/\\\/europeanobsndfr.org\\\/en\\\/#organization\"},\"image\":{\"@type\":\"ImageObject\",\"url\":\"https:\\\/\\\/europeanobsndfr.org\\\/wp-content\\\/uploads\\\/2018\\\/06\\\/Veterans-300x207.jpg\",\"@id\":\"https:\\\/\\\/europeanobsndfr.org\\\/en\\\/actualites-fr\\\/combat-contre-pauvrete\\\/veterans-de-guerre-sans-abri-aux-etats-unis\\\/#articleImage\"},\"datePublished\":\"2018-06-24T06:06:17+01:00\",\"dateModified\":\"2018-12-10T19:12:55+01:00\",\"inLanguage\":\"en-GB\",\"mainEntityOfPage\":{\"@id\":\"https:\\\/\\\/europeanobsndfr.org\\\/en\\\/actualites-fr\\\/combat-contre-pauvrete\\\/veterans-de-guerre-sans-abri-aux-etats-unis\\\/#webpage\"},\"isPartOf\":{\"@id\":\"https:\\\/\\\/europeanobsndfr.org\\\/en\\\/actualites-fr\\\/combat-contre-pauvrete\\\/veterans-de-guerre-sans-abri-aux-etats-unis\\\/#webpage\"},\"articleSection\":\"Combat contre la pauvret\\u00e9, contre l'exclusion sociale et en faveur de l'inclusion sociale\"},{\"@type\":\"BreadcrumbList\",\"@id\":\"https:\\\/\\\/europeanobsndfr.org\\\/en\\\/actualites-fr\\\/combat-contre-pauvrete\\\/veterans-de-guerre-sans-abri-aux-etats-unis\\\/#breadcrumblist\",\"itemListElement\":[{\"@type\":\"ListItem\",\"@id\":\"https:\\\/\\\/europeanobsndfr.org\\\/en#listItem\",\"position\":1,\"name\":\"Accueil\",\"item\":\"https:\\\/\\\/europeanobsndfr.org\\\/en\",\"nextItem\":{\"@type\":\"ListItem\",\"@id\":\"https:\\\/\\\/europeanobsndfr.org\\\/en\\\/category\\\/actualites-fr\\\/#listItem\",\"name\":\"Actualit\\u00e9\"}},{\"@type\":\"ListItem\",\"@id\":\"https:\\\/\\\/europeanobsndfr.org\\\/en\\\/category\\\/actualites-fr\\\/#listItem\",\"position\":2,\"name\":\"Actualit\\u00e9\",\"item\":\"https:\\\/\\\/europeanobsndfr.org\\\/en\\\/category\\\/actualites-fr\\\/\",\"nextItem\":{\"@type\":\"ListItem\",\"@id\":\"https:\\\/\\\/europeanobsndfr.org\\\/en\\\/category\\\/actualites-fr\\\/combat-contre-pauvrete\\\/#listItem\",\"name\":\"Combat contre la pauvret\\u00e9, contre l'exclusion sociale et en faveur de l'inclusion sociale\"},\"previousItem\":{\"@type\":\"ListItem\",\"@id\":\"https:\\\/\\\/europeanobsndfr.org\\\/en#listItem\",\"name\":\"Accueil\"}},{\"@type\":\"ListItem\",\"@id\":\"https:\\\/\\\/europeanobsndfr.org\\\/en\\\/category\\\/actualites-fr\\\/combat-contre-pauvrete\\\/#listItem\",\"position\":3,\"name\":\"Combat contre la pauvret\\u00e9, contre l'exclusion sociale et en faveur de l'inclusion sociale\",\"item\":\"https:\\\/\\\/europeanobsndfr.org\\\/en\\\/category\\\/actualites-fr\\\/combat-contre-pauvrete\\\/\",\"nextItem\":{\"@type\":\"ListItem\",\"@id\":\"https:\\\/\\\/europeanobsndfr.org\\\/en\\\/actualites-fr\\\/combat-contre-pauvrete\\\/veterans-de-guerre-sans-abri-aux-etats-unis\\\/#listItem\",\"name\":\"Etats-Unis : v\\u00e9t\\u00e9rans de guerre, sans-abri.\"},\"previousItem\":{\"@type\":\"ListItem\",\"@id\":\"https:\\\/\\\/europeanobsndfr.org\\\/en\\\/category\\\/actualites-fr\\\/#listItem\",\"name\":\"Actualit\\u00e9\"}},{\"@type\":\"ListItem\",\"@id\":\"https:\\\/\\\/europeanobsndfr.org\\\/en\\\/actualites-fr\\\/combat-contre-pauvrete\\\/veterans-de-guerre-sans-abri-aux-etats-unis\\\/#listItem\",\"position\":4,\"name\":\"Etats-Unis : v\\u00e9t\\u00e9rans de guerre, sans-abri.\",\"previousItem\":{\"@type\":\"ListItem\",\"@id\":\"https:\\\/\\\/europeanobsndfr.org\\\/en\\\/category\\\/actualites-fr\\\/combat-contre-pauvrete\\\/#listItem\",\"name\":\"Combat contre la pauvret\\u00e9, contre l'exclusion sociale et en faveur de l'inclusion sociale\"}}]},{\"@type\":\"Organization\",\"@id\":\"https:\\\/\\\/europeanobsndfr.org\\\/en\\\/#organization\",\"name\":\"OENDDF\",\"description\":\"Organisation Internationale Non-Gouvernementale\",\"url\":\"https:\\\/\\\/europeanobsndfr.org\\\/en\\\/\",\"logo\":{\"@type\":\"ImageObject\",\"url\":\"https:\\\/\\\/europeanobsndfr.org\\\/wp-content\\\/uploads\\\/2016\\\/11\\\/cropped-logo-oenddf.jpg\",\"@id\":\"https:\\\/\\\/europeanobsndfr.org\\\/en\\\/actualites-fr\\\/combat-contre-pauvrete\\\/veterans-de-guerre-sans-abri-aux-etats-unis\\\/#organizationLogo\",\"width\":701,\"height\":600,\"caption\":\"Logo OENDDF\"},\"image\":{\"@id\":\"https:\\\/\\\/europeanobsndfr.org\\\/en\\\/actualites-fr\\\/combat-contre-pauvrete\\\/veterans-de-guerre-sans-abri-aux-etats-unis\\\/#organizationLogo\"},\"sameAs\":[\"https:\\\/\\\/twitter.com\\\/europeanobs\",\"https:\\\/\\\/www.instagram.com\\\/oenddf_ngo\\\/\",\"https:\\\/\\\/www.youtube.com\\\/channel\\\/UCO9vz5fybFw1Q8pvN00CDgA\"]},{\"@type\":\"Person\",\"@id\":\"https:\\\/\\\/europeanobsndfr.org\\\/en\\\/author\\\/admin\\\/#author\",\"url\":\"https:\\\/\\\/europeanobsndfr.org\\\/en\\\/author\\\/admin\\\/\",\"name\":\"OENDDF\",\"image\":{\"@type\":\"ImageObject\",\"@id\":\"https:\\\/\\\/europeanobsndfr.org\\\/en\\\/actualites-fr\\\/combat-contre-pauvrete\\\/veterans-de-guerre-sans-abri-aux-etats-unis\\\/#authorImage\",\"url\":\"https:\\\/\\\/secure.gravatar.com\\\/avatar\\\/f64bd673bdf1f612f36226606d41703598d9c028a910d72b461acb19a72f63d5?s=96&d=mm&r=g\",\"width\":96,\"height\":96,\"caption\":\"OENDDF\"}},{\"@type\":\"WebPage\",\"@id\":\"https:\\\/\\\/europeanobsndfr.org\\\/en\\\/actualites-fr\\\/combat-contre-pauvrete\\\/veterans-de-guerre-sans-abri-aux-etats-unis\\\/#webpage\",\"url\":\"https:\\\/\\\/europeanobsndfr.org\\\/en\\\/actualites-fr\\\/combat-contre-pauvrete\\\/veterans-de-guerre-sans-abri-aux-etats-unis\\\/\",\"name\":\"V\\u00e9t\\u00e9rans de guerre, sans-abri, aux Etats-Unis. Trouble de Stress Post-Traumatique. PTSD. Droits Fondamentaux. Droits de l'Homme. Droits Humains. Pauvret\\u00e9. | O.E.N.D.D.F.\",\"description\":\"V\\u00e9t\\u00e9rans de guerre, sans-abri, aux Etats-Unis. Trouble de Stress Post-Traumatique. PTSD. Droits Fondamentaux. Droits de l'Homme. Droits Humains. Pauvret\\u00e9.\",\"inLanguage\":\"en-GB\",\"isPartOf\":{\"@id\":\"https:\\\/\\\/europeanobsndfr.org\\\/en\\\/#website\"},\"breadcrumb\":{\"@id\":\"https:\\\/\\\/europeanobsndfr.org\\\/en\\\/actualites-fr\\\/combat-contre-pauvrete\\\/veterans-de-guerre-sans-abri-aux-etats-unis\\\/#breadcrumblist\"},\"author\":{\"@id\":\"https:\\\/\\\/europeanobsndfr.org\\\/en\\\/author\\\/admin\\\/#author\"},\"creator\":{\"@id\":\"https:\\\/\\\/europeanobsndfr.org\\\/en\\\/author\\\/admin\\\/#author\"},\"datePublished\":\"2018-06-24T06:06:17+01:00\",\"dateModified\":\"2018-12-10T19:12:55+01:00\"},{\"@type\":\"WebSite\",\"@id\":\"https:\\\/\\\/europeanobsndfr.org\\\/en\\\/#website\",\"url\":\"https:\\\/\\\/europeanobsndfr.org\\\/en\\\/\",\"name\":\"Observatoire Europ\\u00e9en de la Non-Discrimination et des Droits Fondamentaux\",\"description\":\"Organisation Internationale Non-Gouvernementale\",\"inLanguage\":\"en-GB\",\"publisher\":{\"@id\":\"https:\\\/\\\/europeanobsndfr.org\\\/en\\\/#organization\"}}]}\n\t\t<\/script>\n\t\t<!-- All in One SEO -->\n\n","aioseo_head_json":{"title":"V\u00e9t\u00e9rans de guerre, sans-abri, aux Etats-Unis. Trouble de Stress Post-Traumatique. PTSD. Droits Fondamentaux. Droits de l'Homme. Droits Humains. Pauvret\u00e9. | O.E.N.D.D.F.","description":"V\u00e9t\u00e9rans de guerre, sans-abri, aux Etats-Unis. Trouble de Stress Post-Traumatique. PTSD. Droits Fondamentaux. Droits de l'Homme. Droits Humains. Pauvret\u00e9.","canonical_url":"https:\/\/europeanobsndfr.org\/en\/actualites-fr\/combat-contre-pauvrete\/veterans-de-guerre-sans-abri-aux-etats-unis\/","robots":"max-snippet:-1, max-image-preview:large, max-video-preview:-1","keywords":"","webmasterTools":{"google-site-verification":"KZsAbCyd-Ww06m2-MlFPa7EphgzWqs90ra8o0LfM_K8","miscellaneous":""},"schema":{"@context":"https:\/\/schema.org","@graph":[{"@type":"Article","@id":"https:\/\/europeanobsndfr.org\/en\/actualites-fr\/combat-contre-pauvrete\/veterans-de-guerre-sans-abri-aux-etats-unis\/#article","name":"V\u00e9t\u00e9rans de guerre, sans-abri, aux Etats-Unis. Trouble de Stress Post-Traumatique. PTSD. Droits Fondamentaux. Droits de l'Homme. Droits Humains. Pauvret\u00e9. | O.E.N.D.D.F.","headline":"Etats-Unis : v\u00e9t\u00e9rans de guerre, sans-abri.","author":{"@id":"https:\/\/europeanobsndfr.org\/en\/author\/admin\/#author"},"publisher":{"@id":"https:\/\/europeanobsndfr.org\/en\/#organization"},"image":{"@type":"ImageObject","url":"https:\/\/europeanobsndfr.org\/wp-content\/uploads\/2018\/06\/Veterans-300x207.jpg","@id":"https:\/\/europeanobsndfr.org\/en\/actualites-fr\/combat-contre-pauvrete\/veterans-de-guerre-sans-abri-aux-etats-unis\/#articleImage"},"datePublished":"2018-06-24T06:06:17+01:00","dateModified":"2018-12-10T19:12:55+01:00","inLanguage":"en-GB","mainEntityOfPage":{"@id":"https:\/\/europeanobsndfr.org\/en\/actualites-fr\/combat-contre-pauvrete\/veterans-de-guerre-sans-abri-aux-etats-unis\/#webpage"},"isPartOf":{"@id":"https:\/\/europeanobsndfr.org\/en\/actualites-fr\/combat-contre-pauvrete\/veterans-de-guerre-sans-abri-aux-etats-unis\/#webpage"},"articleSection":"Combat contre la pauvret\u00e9, contre l'exclusion sociale et en faveur de l'inclusion sociale"},{"@type":"BreadcrumbList","@id":"https:\/\/europeanobsndfr.org\/en\/actualites-fr\/combat-contre-pauvrete\/veterans-de-guerre-sans-abri-aux-etats-unis\/#breadcrumblist","itemListElement":[{"@type":"ListItem","@id":"https:\/\/europeanobsndfr.org\/en#listItem","position":1,"name":"Accueil","item":"https:\/\/europeanobsndfr.org\/en","nextItem":{"@type":"ListItem","@id":"https:\/\/europeanobsndfr.org\/en\/category\/actualites-fr\/#listItem","name":"Actualit\u00e9"}},{"@type":"ListItem","@id":"https:\/\/europeanobsndfr.org\/en\/category\/actualites-fr\/#listItem","position":2,"name":"Actualit\u00e9","item":"https:\/\/europeanobsndfr.org\/en\/category\/actualites-fr\/","nextItem":{"@type":"ListItem","@id":"https:\/\/europeanobsndfr.org\/en\/category\/actualites-fr\/combat-contre-pauvrete\/#listItem","name":"Combat contre la pauvret\u00e9, contre l'exclusion sociale et en faveur de l'inclusion sociale"},"previousItem":{"@type":"ListItem","@id":"https:\/\/europeanobsndfr.org\/en#listItem","name":"Accueil"}},{"@type":"ListItem","@id":"https:\/\/europeanobsndfr.org\/en\/category\/actualites-fr\/combat-contre-pauvrete\/#listItem","position":3,"name":"Combat contre la pauvret\u00e9, contre l'exclusion sociale et en faveur de l'inclusion sociale","item":"https:\/\/europeanobsndfr.org\/en\/category\/actualites-fr\/combat-contre-pauvrete\/","nextItem":{"@type":"ListItem","@id":"https:\/\/europeanobsndfr.org\/en\/actualites-fr\/combat-contre-pauvrete\/veterans-de-guerre-sans-abri-aux-etats-unis\/#listItem","name":"Etats-Unis : v\u00e9t\u00e9rans de guerre, sans-abri."},"previousItem":{"@type":"ListItem","@id":"https:\/\/europeanobsndfr.org\/en\/category\/actualites-fr\/#listItem","name":"Actualit\u00e9"}},{"@type":"ListItem","@id":"https:\/\/europeanobsndfr.org\/en\/actualites-fr\/combat-contre-pauvrete\/veterans-de-guerre-sans-abri-aux-etats-unis\/#listItem","position":4,"name":"Etats-Unis : v\u00e9t\u00e9rans de guerre, sans-abri.","previousItem":{"@type":"ListItem","@id":"https:\/\/europeanobsndfr.org\/en\/category\/actualites-fr\/combat-contre-pauvrete\/#listItem","name":"Combat contre la pauvret\u00e9, contre l'exclusion sociale et en faveur de l'inclusion sociale"}}]},{"@type":"Organization","@id":"https:\/\/europeanobsndfr.org\/en\/#organization","name":"OENDDF","description":"Organisation Internationale Non-Gouvernementale","url":"https:\/\/europeanobsndfr.org\/en\/","logo":{"@type":"ImageObject","url":"https:\/\/europeanobsndfr.org\/wp-content\/uploads\/2016\/11\/cropped-logo-oenddf.jpg","@id":"https:\/\/europeanobsndfr.org\/en\/actualites-fr\/combat-contre-pauvrete\/veterans-de-guerre-sans-abri-aux-etats-unis\/#organizationLogo","width":701,"height":600,"caption":"Logo OENDDF"},"image":{"@id":"https:\/\/europeanobsndfr.org\/en\/actualites-fr\/combat-contre-pauvrete\/veterans-de-guerre-sans-abri-aux-etats-unis\/#organizationLogo"},"sameAs":["https:\/\/twitter.com\/europeanobs","https:\/\/www.instagram.com\/oenddf_ngo\/","https:\/\/www.youtube.com\/channel\/UCO9vz5fybFw1Q8pvN00CDgA"]},{"@type":"Person","@id":"https:\/\/europeanobsndfr.org\/en\/author\/admin\/#author","url":"https:\/\/europeanobsndfr.org\/en\/author\/admin\/","name":"OENDDF","image":{"@type":"ImageObject","@id":"https:\/\/europeanobsndfr.org\/en\/actualites-fr\/combat-contre-pauvrete\/veterans-de-guerre-sans-abri-aux-etats-unis\/#authorImage","url":"https:\/\/secure.gravatar.com\/avatar\/f64bd673bdf1f612f36226606d41703598d9c028a910d72b461acb19a72f63d5?s=96&d=mm&r=g","width":96,"height":96,"caption":"OENDDF"}},{"@type":"WebPage","@id":"https:\/\/europeanobsndfr.org\/en\/actualites-fr\/combat-contre-pauvrete\/veterans-de-guerre-sans-abri-aux-etats-unis\/#webpage","url":"https:\/\/europeanobsndfr.org\/en\/actualites-fr\/combat-contre-pauvrete\/veterans-de-guerre-sans-abri-aux-etats-unis\/","name":"V\u00e9t\u00e9rans de guerre, sans-abri, aux Etats-Unis. Trouble de Stress Post-Traumatique. PTSD. Droits Fondamentaux. Droits de l'Homme. Droits Humains. Pauvret\u00e9. | O.E.N.D.D.F.","description":"V\u00e9t\u00e9rans de guerre, sans-abri, aux Etats-Unis. Trouble de Stress Post-Traumatique. PTSD. Droits Fondamentaux. Droits de l'Homme. Droits Humains. Pauvret\u00e9.","inLanguage":"en-GB","isPartOf":{"@id":"https:\/\/europeanobsndfr.org\/en\/#website"},"breadcrumb":{"@id":"https:\/\/europeanobsndfr.org\/en\/actualites-fr\/combat-contre-pauvrete\/veterans-de-guerre-sans-abri-aux-etats-unis\/#breadcrumblist"},"author":{"@id":"https:\/\/europeanobsndfr.org\/en\/author\/admin\/#author"},"creator":{"@id":"https:\/\/europeanobsndfr.org\/en\/author\/admin\/#author"},"datePublished":"2018-06-24T06:06:17+01:00","dateModified":"2018-12-10T19:12:55+01:00"},{"@type":"WebSite","@id":"https:\/\/europeanobsndfr.org\/en\/#website","url":"https:\/\/europeanobsndfr.org\/en\/","name":"Observatoire Europ\u00e9en de la Non-Discrimination et des Droits Fondamentaux","description":"Organisation Internationale Non-Gouvernementale","inLanguage":"en-GB","publisher":{"@id":"https:\/\/europeanobsndfr.org\/en\/#organization"}}]},"og:locale":"en_GB","og:site_name":"Observatoire Europ\u00e9en de la Non-Discrimination et des Droits Fondamentaux","og:type":"non_profit","og:title":"V\u00e9t\u00e9rans de guerre, sans-abri, aux Etats-Unis. Trouble de Stress Post-Traumatique. PTSD. Droits Fondamentaux. Droits de l'Homme. Droits Humains. Pauvret\u00e9. | O.E.N.D.D.F.","og:description":"V\u00e9t\u00e9rans de guerre, sans-abri, aux Etats-Unis. Trouble de Stress Post-Traumatique. PTSD. Droits Fondamentaux. Droits de l'Homme. Droits Humains. Pauvret\u00e9.","og:url":"https:\/\/europeanobsndfr.org\/en\/actualites-fr\/combat-contre-pauvrete\/veterans-de-guerre-sans-abri-aux-etats-unis\/","og:image":"https:\/\/europeanobsndfr.org\/wp-content\/uploads\/2016\/11\/logo-oenddf.jpg","og:image:secure_url":"https:\/\/europeanobsndfr.org\/wp-content\/uploads\/2016\/11\/logo-oenddf.jpg","og:image:width":830,"og:image:height":600,"twitter:card":"summary","twitter:site":"@europeanobs","twitter:title":"V\u00e9t\u00e9rans de guerre, sans-abri, aux Etats-Unis. Trouble de Stress Post-Traumatique. PTSD. Droits Fondamentaux. Droits de l'Homme. Droits Humains. Pauvret\u00e9. | O.E.N.D.D.F.","twitter:description":"V\u00e9t\u00e9rans de guerre, sans-abri, aux Etats-Unis. Trouble de Stress Post-Traumatique. PTSD. Droits Fondamentaux. Droits de l'Homme. Droits Humains. Pauvret\u00e9.","twitter:creator":"@europeanobs","twitter:image":"https:\/\/europeanobsndfr.org\/wp-content\/uploads\/2016\/11\/logo-oenddf.jpg"},"aioseo_meta_data":{"post_id":"12279","title":"V\u00e9t\u00e9rans de guerre, sans-abri, aux Etats-Unis. Trouble de Stress Post-Traumatique. PTSD.\nDroits Fondamentaux. Droits de l'Homme. Droits Humains. Pauvret\u00e9.   | O.E.N.D.D.F.","description":"V\u00e9t\u00e9rans de guerre, sans-abri, aux Etats-Unis. Trouble de Stress Post-Traumatique. PTSD.\nDroits Fondamentaux. Droits de l'Homme. Droits Humains. Pauvret\u00e9.","keywords":null,"keyphrases":null,"primary_term":null,"canonical_url":null,"og_title":"","og_description":"","og_object_type":"non_profit","og_image_type":"default","og_image_url":null,"og_image_width":null,"og_image_height":null,"og_image_custom_url":null,"og_image_custom_fields":null,"og_video":"","og_custom_url":null,"og_article_section":"","og_article_tags":"","twitter_use_og":false,"twitter_card":"summary","twitter_image_type":"default","twitter_image_url":null,"twitter_image_custom_url":null,"twitter_image_custom_fields":null,"twitter_title":null,"twitter_description":null,"schema":{"blockGraphs":[],"customGraphs":[],"default":{"data":{"Article":[],"Course":[],"Dataset":[],"FAQPage":[],"Movie":[],"Person":[],"Product":[],"ProductReview":[],"Car":[],"Recipe":[],"Service":[],"SoftwareApplication":[],"WebPage":[]},"graphName":"","isEnabled":true},"graphs":[]},"schema_type":null,"schema_type_options":null,"pillar_content":false,"robots_default":true,"robots_noindex":false,"robots_noarchive":false,"robots_nosnippet":false,"robots_nofollow":false,"robots_noimageindex":false,"robots_noodp":false,"robots_notranslate":false,"robots_max_snippet":null,"robots_max_videopreview":null,"robots_max_imagepreview":"large","priority":null,"frequency":null,"local_seo":null,"breadcrumb_settings":null,"limit_modified_date":false,"ai":null,"created":"2021-01-22 17:58:01","updated":"2025-08-01 12:22:33","focus_keyword":null,"additional_keywords":null,"truseo_locale":null,"seo_analyzer_scan_date":null},"jetpack_featured_media_url":"","jetpack-related-posts":[],"jetpack_sharing_enabled":true,"_links":{"self":[{"href":"https:\/\/europeanobsndfr.org\/en\/wp-json\/wp\/v2\/posts\/12279","targetHints":{"allow":["GET"]}}],"collection":[{"href":"https:\/\/europeanobsndfr.org\/en\/wp-json\/wp\/v2\/posts"}],"about":[{"href":"https:\/\/europeanobsndfr.org\/en\/wp-json\/wp\/v2\/types\/post"}],"author":[{"embeddable":true,"href":"https:\/\/europeanobsndfr.org\/en\/wp-json\/wp\/v2\/users\/1"}],"replies":[{"embeddable":true,"href":"https:\/\/europeanobsndfr.org\/en\/wp-json\/wp\/v2\/comments?post=12279"}],"version-history":[{"count":0,"href":"https:\/\/europeanobsndfr.org\/en\/wp-json\/wp\/v2\/posts\/12279\/revisions"}],"wp:attachment":[{"href":"https:\/\/europeanobsndfr.org\/en\/wp-json\/wp\/v2\/media?parent=12279"}],"wp:term":[{"taxonomy":"category","embeddable":true,"href":"https:\/\/europeanobsndfr.org\/en\/wp-json\/wp\/v2\/categories?post=12279"},{"taxonomy":"post_tag","embeddable":true,"href":"https:\/\/europeanobsndfr.org\/en\/wp-json\/wp\/v2\/tags?post=12279"}],"curies":[{"name":"wp","href":"https:\/\/api.w.org\/{rel}","templated":true}]}}