{"id":12362,"date":"2018-07-10T17:24:29","date_gmt":"2018-07-10T17:24:29","guid":{"rendered":"https:\/\/europeanobsndfr.org\/actualites-fr\/asylum-migration-and-borders\/hate-crime-recording-and-data-collection-practice-across-the-european-union\/"},"modified":"2018-07-15T12:40:22","modified_gmt":"2018-07-15T12:40:22","slug":"enregistrement-des-crimes-de-haine-pratique-de-collecte-de-donnees-a-travers-lunion-europeenne","status":"publish","type":"post","link":"https:\/\/europeanobsndfr.org\/en\/actualites-fr\/crimes-de-haine\/enregistrement-des-crimes-de-haine-pratique-de-collecte-de-donnees-a-travers-lunion-europeenne\/","title":{"rendered":"Enregistrement des crimes de haine &#8211; Pratique de collecte de donn\u00e9es \u00e0 travers l&rsquo;Union Europ\u00e9enne."},"content":{"rendered":"<p style=\"text-align: justify;\">&#x27a1;\u00a0 Dans toute l&rsquo;Union Europ\u00e9enne, les personnes sont confront\u00e9es \u00e0 la haine en raison de la couleur de leur peau, de leur appartenance ethnique, de leur religion, de leur sexe ou de leur sexualit\u00e9.<\/p>\n<p style=\"text-align: justify;\">En r\u00e9ponse, l&rsquo;Union Europ\u00e9enne et ses \u00c9tats membres ont adopt\u00e9 des lois contre les crimes de haine et des services de soutien aux victimes.<\/p>\n<p style=\"text-align: justify;\">Mais ceux-ci ne feront que remplir leur potentiel :<\/p>\n<ul style=\"text-align: justify;\">\n<li><strong>si les victimes signalent du harc\u00e8lement motiv\u00e9 par la haine et de la violence \u00e0 la police,<\/strong><\/li>\n<li><strong>et si les policiers notent de tels incidents comme crimes de haine.<\/strong><\/li>\n<\/ul>\n<p style=\"text-align: justify;\">Si les crimes haineux restent non-identifi\u00e9s ou non-enregistr\u00e9s, ils restent non \u00e9tudi\u00e9s, non-reconnus, non comptabilis\u00e9s et, finalement, <strong>invisibles.<\/strong><\/p>\n<p style=\"text-align: justify;\">&#x27a1;\u00a0Ce Rapport de <strong>l&rsquo;Agence de l&rsquo;Union Europ\u00e9enne des Droits Fondamentaux<\/strong> fournit des informations riches et d\u00e9taill\u00e9es sur l&rsquo;enregistrement des crimes de haine et les syst\u00e8mes de collecte de donn\u00e9es dans l&rsquo;Union Eurp\u00e9enne, y compris toute coop\u00e9ration syst\u00e9mique avec la soci\u00e9t\u00e9 civile.<\/p>\n<p style=\"text-align: justify;\"><span style=\"text-decoration: underline;\"><strong>Sources :<\/strong><\/span>\u00a0<a href=\"http:\/\/Agence Europ\u00e9enne des Droits Fondamentaux\/2018\">FRA\/Publication\/2018\/Enregistrement et collecte des crimes de haine<\/a><\/p>\n<p style=\"text-align: justify;\"><strong><span style=\"text-decoration: underline;\">Article li\u00e9 \u00e0 la Charte Europ\u00e9enne des Droits Fondamentaux :<\/span> Article 21 (non-discrimination).\u00a0<\/strong><\/p>","protected":false},"excerpt":{"rendered":"<p>&#x27a1;\u00a0 Dans toute l&rsquo;Union Europ\u00e9enne, les personnes sont confront\u00e9es \u00e0 la haine en raison de la couleur de leur peau, de leur appartenance ethnique, de leur religion, de leur sexe ou de leur sexualit\u00e9. En r\u00e9ponse, l&rsquo;Union Europ\u00e9enne et ses \u00c9tats membres ont adopt\u00e9 des lois contre les crimes de haine et des services de&#8230;<\/p>","protected":false},"author":1,"featured_media":0,"comment_status":"closed","ping_status":"closed","sticky":false,"template":"","format":"standard","meta":{"give_campaign_id":0,"_kadence_starter_templates_imported_post":false,"_kad_post_transparent":"","_kad_post_title":"","_kad_post_layout":"","_kad_post_sidebar_id":"","_kad_post_content_style":"","_kad_post_vertical_padding":"","_kad_post_feature":"","_kad_post_feature_position":"","_kad_post_header":false,"_kad_post_footer":false,"_kad_post_classname":"","_jetpack_memberships_contains_paid_content":false,"footnotes":""},"categories":[157],"tags":[],"class_list":["post-12362","post","type-post","status-publish","format-standard","hentry","category-crimes-de-haine"],"aioseo_notices":[],"aioseo_head":"\n\t\t<!-- All in One SEO 5.0.1.1 - aioseo.com -->\n\t<meta name=\"description\" content=\"Enregistrement des crimes de haine \u2013 Pratique de collecte de donn\u00e9es \u00e0 travers l\u2019Union Europ\u00e9enne.\" \/>\n\t<meta name=\"robots\" content=\"max-snippet:-1, max-image-preview:large, max-video-preview:-1\" \/>\n\t<meta name=\"author\" content=\"OENDDF\"\/>\n\t<meta name=\"google-site-verification\" content=\"KZsAbCyd-Ww06m2-MlFPa7EphgzWqs90ra8o0LfM_K8\" \/>\n\t<link rel=\"canonical\" href=\"https:\/\/europeanobsndfr.org\/en\/actualites-fr\/crimes-de-haine\/enregistrement-des-crimes-de-haine-pratique-de-collecte-de-donnees-a-travers-lunion-europeenne\/\" \/>\n\t<meta name=\"generator\" content=\"All in One SEO (AIOSEO) 5.0.1.1\" \/>\n\t\t<meta property=\"og:locale\" content=\"en_GB\" \/>\n\t\t<meta property=\"og:site_name\" content=\"Observatoire Europ\u00e9en de la Non-Discrimination et des Droits Fondamentaux\" \/>\n\t\t<meta property=\"og:type\" content=\"non_profit\" \/>\n\t\t<meta property=\"og:title\" content=\"Enregistrement des crimes de haine \u2013 Pratique de collecte de donn\u00e9es \u00e0 travers l\u2019Union Europ\u00e9enne. | O.E.N.D.D.F.\" \/>\n\t\t<meta property=\"og:description\" content=\"Enregistrement des crimes de haine \u2013 Pratique de collecte de donn\u00e9es \u00e0 travers l\u2019Union Europ\u00e9enne.\" \/>\n\t\t<meta property=\"og:url\" content=\"https:\/\/europeanobsndfr.org\/en\/actualites-fr\/crimes-de-haine\/enregistrement-des-crimes-de-haine-pratique-de-collecte-de-donnees-a-travers-lunion-europeenne\/\" \/>\n\t\t<meta property=\"og:image\" content=\"https:\/\/europeanobsndfr.org\/wp-content\/uploads\/2016\/11\/logo-oenddf.jpg\" \/>\n\t\t<meta property=\"og:image:secure_url\" content=\"https:\/\/europeanobsndfr.org\/wp-content\/uploads\/2016\/11\/logo-oenddf.jpg\" \/>\n\t\t<meta property=\"og:image:width\" content=\"830\" \/>\n\t\t<meta property=\"og:image:height\" content=\"600\" \/>\n\t\t<meta name=\"twitter:card\" content=\"summary\" \/>\n\t\t<meta name=\"twitter:site\" content=\"@europeanobs\" \/>\n\t\t<meta name=\"twitter:title\" content=\"Enregistrement des crimes de haine \u2013 Pratique de collecte de donn\u00e9es \u00e0 travers l\u2019Union Europ\u00e9enne. | O.E.N.D.D.F.\" \/>\n\t\t<meta name=\"twitter:description\" content=\"Enregistrement des crimes de haine \u2013 Pratique de collecte de donn\u00e9es \u00e0 travers l\u2019Union Europ\u00e9enne.\" \/>\n\t\t<meta name=\"twitter:creator\" content=\"@europeanobs\" \/>\n\t\t<meta name=\"twitter:image\" content=\"https:\/\/europeanobsndfr.org\/wp-content\/uploads\/2016\/11\/logo-oenddf.jpg\" \/>\n\t\t<script type=\"application\/ld+json\" class=\"aioseo-schema\">\n\t\t\t{\"@context\":\"https:\\\/\\\/schema.org\",\"@graph\":[{\"@type\":\"Article\",\"@id\":\"https:\\\/\\\/europeanobsndfr.org\\\/en\\\/actualites-fr\\\/crimes-de-haine\\\/enregistrement-des-crimes-de-haine-pratique-de-collecte-de-donnees-a-travers-lunion-europeenne\\\/#article\",\"name\":\"Enregistrement des crimes de haine \\u2013 Pratique de collecte de donn\\u00e9es \\u00e0 travers l\\u2019Union Europ\\u00e9enne. | O.E.N.D.D.F.\",\"headline\":\"Enregistrement des crimes de haine &#8211; Pratique de collecte de donn\\u00e9es \\u00e0 travers l&rsquo;Union Europ\\u00e9enne.\",\"author\":{\"@id\":\"https:\\\/\\\/europeanobsndfr.org\\\/en\\\/author\\\/admin\\\/#author\"},\"publisher\":{\"@id\":\"https:\\\/\\\/europeanobsndfr.org\\\/en\\\/#organization\"},\"image\":{\"@type\":\"ImageObject\",\"url\":\"https:\\\/\\\/europeanobsndfr.org\\\/wp-content\\\/uploads\\\/2016\\\/11\\\/cropped-logo-oenddf.jpg\",\"@id\":\"https:\\\/\\\/europeanobsndfr.org\\\/en\\\/#articleImage\",\"width\":701,\"height\":600,\"caption\":\"Logo OENDDF\"},\"datePublished\":\"2018-07-10T17:24:29+01:00\",\"dateModified\":\"2018-07-15T12:40:22+01:00\",\"inLanguage\":\"en-GB\",\"mainEntityOfPage\":{\"@id\":\"https:\\\/\\\/europeanobsndfr.org\\\/en\\\/actualites-fr\\\/crimes-de-haine\\\/enregistrement-des-crimes-de-haine-pratique-de-collecte-de-donnees-a-travers-lunion-europeenne\\\/#webpage\"},\"isPartOf\":{\"@id\":\"https:\\\/\\\/europeanobsndfr.org\\\/en\\\/actualites-fr\\\/crimes-de-haine\\\/enregistrement-des-crimes-de-haine-pratique-de-collecte-de-donnees-a-travers-lunion-europeenne\\\/#webpage\"},\"articleSection\":\"Crimes de haine\"},{\"@type\":\"BreadcrumbList\",\"@id\":\"https:\\\/\\\/europeanobsndfr.org\\\/en\\\/actualites-fr\\\/crimes-de-haine\\\/enregistrement-des-crimes-de-haine-pratique-de-collecte-de-donnees-a-travers-lunion-europeenne\\\/#breadcrumblist\",\"itemListElement\":[{\"@type\":\"ListItem\",\"@id\":\"https:\\\/\\\/europeanobsndfr.org\\\/en#listItem\",\"position\":1,\"name\":\"Accueil\",\"item\":\"https:\\\/\\\/europeanobsndfr.org\\\/en\",\"nextItem\":{\"@type\":\"ListItem\",\"@id\":\"https:\\\/\\\/europeanobsndfr.org\\\/en\\\/category\\\/actualites-fr\\\/#listItem\",\"name\":\"Actualit\\u00e9\"}},{\"@type\":\"ListItem\",\"@id\":\"https:\\\/\\\/europeanobsndfr.org\\\/en\\\/category\\\/actualites-fr\\\/#listItem\",\"position\":2,\"name\":\"Actualit\\u00e9\",\"item\":\"https:\\\/\\\/europeanobsndfr.org\\\/en\\\/category\\\/actualites-fr\\\/\",\"nextItem\":{\"@type\":\"ListItem\",\"@id\":\"https:\\\/\\\/europeanobsndfr.org\\\/en\\\/category\\\/actualites-fr\\\/crimes-de-haine\\\/#listItem\",\"name\":\"Crimes de haine\"},\"previousItem\":{\"@type\":\"ListItem\",\"@id\":\"https:\\\/\\\/europeanobsndfr.org\\\/en#listItem\",\"name\":\"Accueil\"}},{\"@type\":\"ListItem\",\"@id\":\"https:\\\/\\\/europeanobsndfr.org\\\/en\\\/category\\\/actualites-fr\\\/crimes-de-haine\\\/#listItem\",\"position\":3,\"name\":\"Crimes de haine\",\"item\":\"https:\\\/\\\/europeanobsndfr.org\\\/en\\\/category\\\/actualites-fr\\\/crimes-de-haine\\\/\",\"nextItem\":{\"@type\":\"ListItem\",\"@id\":\"https:\\\/\\\/europeanobsndfr.org\\\/en\\\/actualites-fr\\\/crimes-de-haine\\\/enregistrement-des-crimes-de-haine-pratique-de-collecte-de-donnees-a-travers-lunion-europeenne\\\/#listItem\",\"name\":\"Enregistrement des crimes de haine &#8211; Pratique de collecte de donn\\u00e9es \\u00e0 travers l&rsquo;Union Europ\\u00e9enne.\"},\"previousItem\":{\"@type\":\"ListItem\",\"@id\":\"https:\\\/\\\/europeanobsndfr.org\\\/en\\\/category\\\/actualites-fr\\\/#listItem\",\"name\":\"Actualit\\u00e9\"}},{\"@type\":\"ListItem\",\"@id\":\"https:\\\/\\\/europeanobsndfr.org\\\/en\\\/actualites-fr\\\/crimes-de-haine\\\/enregistrement-des-crimes-de-haine-pratique-de-collecte-de-donnees-a-travers-lunion-europeenne\\\/#listItem\",\"position\":4,\"name\":\"Enregistrement des crimes de haine &#8211; Pratique de collecte de donn\\u00e9es \\u00e0 travers l&rsquo;Union Europ\\u00e9enne.\",\"previousItem\":{\"@type\":\"ListItem\",\"@id\":\"https:\\\/\\\/europeanobsndfr.org\\\/en\\\/category\\\/actualites-fr\\\/crimes-de-haine\\\/#listItem\",\"name\":\"Crimes de haine\"}}]},{\"@type\":\"Organization\",\"@id\":\"https:\\\/\\\/europeanobsndfr.org\\\/en\\\/#organization\",\"name\":\"OENDDF\",\"description\":\"Organisation Internationale Non-Gouvernementale\",\"url\":\"https:\\\/\\\/europeanobsndfr.org\\\/en\\\/\",\"logo\":{\"@type\":\"ImageObject\",\"url\":\"https:\\\/\\\/europeanobsndfr.org\\\/wp-content\\\/uploads\\\/2016\\\/11\\\/cropped-logo-oenddf.jpg\",\"@id\":\"https:\\\/\\\/europeanobsndfr.org\\\/en\\\/actualites-fr\\\/crimes-de-haine\\\/enregistrement-des-crimes-de-haine-pratique-de-collecte-de-donnees-a-travers-lunion-europeenne\\\/#organizationLogo\",\"width\":701,\"height\":600,\"caption\":\"Logo OENDDF\"},\"image\":{\"@id\":\"https:\\\/\\\/europeanobsndfr.org\\\/en\\\/actualites-fr\\\/crimes-de-haine\\\/enregistrement-des-crimes-de-haine-pratique-de-collecte-de-donnees-a-travers-lunion-europeenne\\\/#organizationLogo\"},\"sameAs\":[\"https:\\\/\\\/twitter.com\\\/europeanobs\",\"https:\\\/\\\/www.instagram.com\\\/oenddf_ngo\\\/\",\"https:\\\/\\\/www.youtube.com\\\/channel\\\/UCO9vz5fybFw1Q8pvN00CDgA\"]},{\"@type\":\"Person\",\"@id\":\"https:\\\/\\\/europeanobsndfr.org\\\/en\\\/author\\\/admin\\\/#author\",\"url\":\"https:\\\/\\\/europeanobsndfr.org\\\/en\\\/author\\\/admin\\\/\",\"name\":\"OENDDF\",\"image\":{\"@type\":\"ImageObject\",\"@id\":\"https:\\\/\\\/europeanobsndfr.org\\\/en\\\/actualites-fr\\\/crimes-de-haine\\\/enregistrement-des-crimes-de-haine-pratique-de-collecte-de-donnees-a-travers-lunion-europeenne\\\/#authorImage\",\"url\":\"https:\\\/\\\/secure.gravatar.com\\\/avatar\\\/f64bd673bdf1f612f36226606d41703598d9c028a910d72b461acb19a72f63d5?s=96&d=mm&r=g\",\"width\":96,\"height\":96,\"caption\":\"OENDDF\"}},{\"@type\":\"WebPage\",\"@id\":\"https:\\\/\\\/europeanobsndfr.org\\\/en\\\/actualites-fr\\\/crimes-de-haine\\\/enregistrement-des-crimes-de-haine-pratique-de-collecte-de-donnees-a-travers-lunion-europeenne\\\/#webpage\",\"url\":\"https:\\\/\\\/europeanobsndfr.org\\\/en\\\/actualites-fr\\\/crimes-de-haine\\\/enregistrement-des-crimes-de-haine-pratique-de-collecte-de-donnees-a-travers-lunion-europeenne\\\/\",\"name\":\"Enregistrement des crimes de haine \\u2013 Pratique de collecte de donn\\u00e9es \\u00e0 travers l\\u2019Union Europ\\u00e9enne. | O.E.N.D.D.F.\",\"description\":\"Enregistrement des crimes de haine \\u2013 Pratique de collecte de donn\\u00e9es \\u00e0 travers l\\u2019Union Europ\\u00e9enne.\",\"inLanguage\":\"en-GB\",\"isPartOf\":{\"@id\":\"https:\\\/\\\/europeanobsndfr.org\\\/en\\\/#website\"},\"breadcrumb\":{\"@id\":\"https:\\\/\\\/europeanobsndfr.org\\\/en\\\/actualites-fr\\\/crimes-de-haine\\\/enregistrement-des-crimes-de-haine-pratique-de-collecte-de-donnees-a-travers-lunion-europeenne\\\/#breadcrumblist\"},\"author\":{\"@id\":\"https:\\\/\\\/europeanobsndfr.org\\\/en\\\/author\\\/admin\\\/#author\"},\"creator\":{\"@id\":\"https:\\\/\\\/europeanobsndfr.org\\\/en\\\/author\\\/admin\\\/#author\"},\"datePublished\":\"2018-07-10T17:24:29+01:00\",\"dateModified\":\"2018-07-15T12:40:22+01:00\"},{\"@type\":\"WebSite\",\"@id\":\"https:\\\/\\\/europeanobsndfr.org\\\/en\\\/#website\",\"url\":\"https:\\\/\\\/europeanobsndfr.org\\\/en\\\/\",\"name\":\"Observatoire Europ\\u00e9en de la Non-Discrimination et des Droits Fondamentaux\",\"description\":\"Organisation Internationale Non-Gouvernementale\",\"inLanguage\":\"en-GB\",\"publisher\":{\"@id\":\"https:\\\/\\\/europeanobsndfr.org\\\/en\\\/#organization\"}}]}\n\t\t<\/script>\n\t\t<!-- All in One SEO -->\n\n","aioseo_head_json":{"title":"Enregistrement des crimes de haine \u2013 Pratique de collecte de donn\u00e9es \u00e0 travers l\u2019Union Europ\u00e9enne. | O.E.N.D.D.F.","description":"Enregistrement des crimes de haine \u2013 Pratique de collecte de donn\u00e9es \u00e0 travers l\u2019Union Europ\u00e9enne.","canonical_url":"https:\/\/europeanobsndfr.org\/en\/actualites-fr\/crimes-de-haine\/enregistrement-des-crimes-de-haine-pratique-de-collecte-de-donnees-a-travers-lunion-europeenne\/","robots":"max-snippet:-1, max-image-preview:large, max-video-preview:-1","keywords":"","webmasterTools":{"google-site-verification":"KZsAbCyd-Ww06m2-MlFPa7EphgzWqs90ra8o0LfM_K8","miscellaneous":""},"schema":{"@context":"https:\/\/schema.org","@graph":[{"@type":"Article","@id":"https:\/\/europeanobsndfr.org\/en\/actualites-fr\/crimes-de-haine\/enregistrement-des-crimes-de-haine-pratique-de-collecte-de-donnees-a-travers-lunion-europeenne\/#article","name":"Enregistrement des crimes de haine \u2013 Pratique de collecte de donn\u00e9es \u00e0 travers l\u2019Union Europ\u00e9enne. | O.E.N.D.D.F.","headline":"Enregistrement des crimes de haine &#8211; Pratique de collecte de donn\u00e9es \u00e0 travers l&rsquo;Union Europ\u00e9enne.","author":{"@id":"https:\/\/europeanobsndfr.org\/en\/author\/admin\/#author"},"publisher":{"@id":"https:\/\/europeanobsndfr.org\/en\/#organization"},"image":{"@type":"ImageObject","url":"https:\/\/europeanobsndfr.org\/wp-content\/uploads\/2016\/11\/cropped-logo-oenddf.jpg","@id":"https:\/\/europeanobsndfr.org\/en\/#articleImage","width":701,"height":600,"caption":"Logo OENDDF"},"datePublished":"2018-07-10T17:24:29+01:00","dateModified":"2018-07-15T12:40:22+01:00","inLanguage":"en-GB","mainEntityOfPage":{"@id":"https:\/\/europeanobsndfr.org\/en\/actualites-fr\/crimes-de-haine\/enregistrement-des-crimes-de-haine-pratique-de-collecte-de-donnees-a-travers-lunion-europeenne\/#webpage"},"isPartOf":{"@id":"https:\/\/europeanobsndfr.org\/en\/actualites-fr\/crimes-de-haine\/enregistrement-des-crimes-de-haine-pratique-de-collecte-de-donnees-a-travers-lunion-europeenne\/#webpage"},"articleSection":"Crimes de haine"},{"@type":"BreadcrumbList","@id":"https:\/\/europeanobsndfr.org\/en\/actualites-fr\/crimes-de-haine\/enregistrement-des-crimes-de-haine-pratique-de-collecte-de-donnees-a-travers-lunion-europeenne\/#breadcrumblist","itemListElement":[{"@type":"ListItem","@id":"https:\/\/europeanobsndfr.org\/en#listItem","position":1,"name":"Accueil","item":"https:\/\/europeanobsndfr.org\/en","nextItem":{"@type":"ListItem","@id":"https:\/\/europeanobsndfr.org\/en\/category\/actualites-fr\/#listItem","name":"Actualit\u00e9"}},{"@type":"ListItem","@id":"https:\/\/europeanobsndfr.org\/en\/category\/actualites-fr\/#listItem","position":2,"name":"Actualit\u00e9","item":"https:\/\/europeanobsndfr.org\/en\/category\/actualites-fr\/","nextItem":{"@type":"ListItem","@id":"https:\/\/europeanobsndfr.org\/en\/category\/actualites-fr\/crimes-de-haine\/#listItem","name":"Crimes de haine"},"previousItem":{"@type":"ListItem","@id":"https:\/\/europeanobsndfr.org\/en#listItem","name":"Accueil"}},{"@type":"ListItem","@id":"https:\/\/europeanobsndfr.org\/en\/category\/actualites-fr\/crimes-de-haine\/#listItem","position":3,"name":"Crimes de haine","item":"https:\/\/europeanobsndfr.org\/en\/category\/actualites-fr\/crimes-de-haine\/","nextItem":{"@type":"ListItem","@id":"https:\/\/europeanobsndfr.org\/en\/actualites-fr\/crimes-de-haine\/enregistrement-des-crimes-de-haine-pratique-de-collecte-de-donnees-a-travers-lunion-europeenne\/#listItem","name":"Enregistrement des crimes de haine &#8211; Pratique de collecte de donn\u00e9es \u00e0 travers l&rsquo;Union Europ\u00e9enne."},"previousItem":{"@type":"ListItem","@id":"https:\/\/europeanobsndfr.org\/en\/category\/actualites-fr\/#listItem","name":"Actualit\u00e9"}},{"@type":"ListItem","@id":"https:\/\/europeanobsndfr.org\/en\/actualites-fr\/crimes-de-haine\/enregistrement-des-crimes-de-haine-pratique-de-collecte-de-donnees-a-travers-lunion-europeenne\/#listItem","position":4,"name":"Enregistrement des crimes de haine &#8211; Pratique de collecte de donn\u00e9es \u00e0 travers l&rsquo;Union Europ\u00e9enne.","previousItem":{"@type":"ListItem","@id":"https:\/\/europeanobsndfr.org\/en\/category\/actualites-fr\/crimes-de-haine\/#listItem","name":"Crimes de haine"}}]},{"@type":"Organization","@id":"https:\/\/europeanobsndfr.org\/en\/#organization","name":"OENDDF","description":"Organisation Internationale Non-Gouvernementale","url":"https:\/\/europeanobsndfr.org\/en\/","logo":{"@type":"ImageObject","url":"https:\/\/europeanobsndfr.org\/wp-content\/uploads\/2016\/11\/cropped-logo-oenddf.jpg","@id":"https:\/\/europeanobsndfr.org\/en\/actualites-fr\/crimes-de-haine\/enregistrement-des-crimes-de-haine-pratique-de-collecte-de-donnees-a-travers-lunion-europeenne\/#organizationLogo","width":701,"height":600,"caption":"Logo OENDDF"},"image":{"@id":"https:\/\/europeanobsndfr.org\/en\/actualites-fr\/crimes-de-haine\/enregistrement-des-crimes-de-haine-pratique-de-collecte-de-donnees-a-travers-lunion-europeenne\/#organizationLogo"},"sameAs":["https:\/\/twitter.com\/europeanobs","https:\/\/www.instagram.com\/oenddf_ngo\/","https:\/\/www.youtube.com\/channel\/UCO9vz5fybFw1Q8pvN00CDgA"]},{"@type":"Person","@id":"https:\/\/europeanobsndfr.org\/en\/author\/admin\/#author","url":"https:\/\/europeanobsndfr.org\/en\/author\/admin\/","name":"OENDDF","image":{"@type":"ImageObject","@id":"https:\/\/europeanobsndfr.org\/en\/actualites-fr\/crimes-de-haine\/enregistrement-des-crimes-de-haine-pratique-de-collecte-de-donnees-a-travers-lunion-europeenne\/#authorImage","url":"https:\/\/secure.gravatar.com\/avatar\/f64bd673bdf1f612f36226606d41703598d9c028a910d72b461acb19a72f63d5?s=96&d=mm&r=g","width":96,"height":96,"caption":"OENDDF"}},{"@type":"WebPage","@id":"https:\/\/europeanobsndfr.org\/en\/actualites-fr\/crimes-de-haine\/enregistrement-des-crimes-de-haine-pratique-de-collecte-de-donnees-a-travers-lunion-europeenne\/#webpage","url":"https:\/\/europeanobsndfr.org\/en\/actualites-fr\/crimes-de-haine\/enregistrement-des-crimes-de-haine-pratique-de-collecte-de-donnees-a-travers-lunion-europeenne\/","name":"Enregistrement des crimes de haine \u2013 Pratique de collecte de donn\u00e9es \u00e0 travers l\u2019Union Europ\u00e9enne. | O.E.N.D.D.F.","description":"Enregistrement des crimes de haine \u2013 Pratique de collecte de donn\u00e9es \u00e0 travers l\u2019Union Europ\u00e9enne.","inLanguage":"en-GB","isPartOf":{"@id":"https:\/\/europeanobsndfr.org\/en\/#website"},"breadcrumb":{"@id":"https:\/\/europeanobsndfr.org\/en\/actualites-fr\/crimes-de-haine\/enregistrement-des-crimes-de-haine-pratique-de-collecte-de-donnees-a-travers-lunion-europeenne\/#breadcrumblist"},"author":{"@id":"https:\/\/europeanobsndfr.org\/en\/author\/admin\/#author"},"creator":{"@id":"https:\/\/europeanobsndfr.org\/en\/author\/admin\/#author"},"datePublished":"2018-07-10T17:24:29+01:00","dateModified":"2018-07-15T12:40:22+01:00"},{"@type":"WebSite","@id":"https:\/\/europeanobsndfr.org\/en\/#website","url":"https:\/\/europeanobsndfr.org\/en\/","name":"Observatoire Europ\u00e9en de la Non-Discrimination et des Droits Fondamentaux","description":"Organisation Internationale Non-Gouvernementale","inLanguage":"en-GB","publisher":{"@id":"https:\/\/europeanobsndfr.org\/en\/#organization"}}]},"og:locale":"en_GB","og:site_name":"Observatoire Europ\u00e9en de la Non-Discrimination et des Droits Fondamentaux","og:type":"non_profit","og:title":"Enregistrement des crimes de haine \u2013 Pratique de collecte de donn\u00e9es \u00e0 travers l\u2019Union Europ\u00e9enne. | O.E.N.D.D.F.","og:description":"Enregistrement des crimes de haine \u2013 Pratique de collecte de donn\u00e9es \u00e0 travers l\u2019Union Europ\u00e9enne.","og:url":"https:\/\/europeanobsndfr.org\/en\/actualites-fr\/crimes-de-haine\/enregistrement-des-crimes-de-haine-pratique-de-collecte-de-donnees-a-travers-lunion-europeenne\/","og:image":"https:\/\/europeanobsndfr.org\/wp-content\/uploads\/2016\/11\/logo-oenddf.jpg","og:image:secure_url":"https:\/\/europeanobsndfr.org\/wp-content\/uploads\/2016\/11\/logo-oenddf.jpg","og:image:width":830,"og:image:height":600,"twitter:card":"summary","twitter:site":"@europeanobs","twitter:title":"Enregistrement des crimes de haine \u2013 Pratique de collecte de donn\u00e9es \u00e0 travers l\u2019Union Europ\u00e9enne. | O.E.N.D.D.F.","twitter:description":"Enregistrement des crimes de haine \u2013 Pratique de collecte de donn\u00e9es \u00e0 travers l\u2019Union Europ\u00e9enne.","twitter:creator":"@europeanobs","twitter:image":"https:\/\/europeanobsndfr.org\/wp-content\/uploads\/2016\/11\/logo-oenddf.jpg"},"aioseo_meta_data":{"post_id":"12362","title":"Enregistrement des crimes de haine \u2013 Pratique de collecte de donn\u00e9es \u00e0 travers l\u2019Union Europ\u00e9enne. | O.E.N.D.D.F.","description":"Enregistrement des crimes de haine \u2013 Pratique de collecte de donn\u00e9es \u00e0 travers l\u2019Union Europ\u00e9enne.","keywords":null,"keyphrases":null,"primary_term":null,"canonical_url":null,"og_title":"","og_description":"","og_object_type":"non_profit","og_image_type":"default","og_image_url":null,"og_image_width":null,"og_image_height":null,"og_image_custom_url":null,"og_image_custom_fields":null,"og_video":"","og_custom_url":null,"og_article_section":"","og_article_tags":"","twitter_use_og":false,"twitter_card":"summary","twitter_image_type":"default","twitter_image_url":null,"twitter_image_custom_url":null,"twitter_image_custom_fields":null,"twitter_title":null,"twitter_description":null,"schema":{"blockGraphs":[],"customGraphs":[],"default":{"data":{"Article":[],"Course":[],"Dataset":[],"FAQPage":[],"Movie":[],"Person":[],"Product":[],"ProductReview":[],"Car":[],"Recipe":[],"Service":[],"SoftwareApplication":[],"WebPage":[]},"graphName":"","isEnabled":true},"graphs":[]},"schema_type":null,"schema_type_options":null,"pillar_content":false,"robots_default":true,"robots_noindex":false,"robots_noarchive":false,"robots_nosnippet":false,"robots_nofollow":false,"robots_noimageindex":false,"robots_noodp":false,"robots_notranslate":false,"robots_max_snippet":null,"robots_max_videopreview":null,"robots_max_imagepreview":"large","priority":null,"frequency":null,"local_seo":null,"breadcrumb_settings":null,"limit_modified_date":false,"ai":null,"created":"2021-01-22 17:58:00","updated":"2025-08-01 12:46:16","focus_keyword":null,"additional_keywords":null,"truseo_locale":null,"seo_analyzer_scan_date":null},"jetpack_featured_media_url":"","jetpack-related-posts":[],"jetpack_sharing_enabled":true,"_links":{"self":[{"href":"https:\/\/europeanobsndfr.org\/en\/wp-json\/wp\/v2\/posts\/12362","targetHints":{"allow":["GET"]}}],"collection":[{"href":"https:\/\/europeanobsndfr.org\/en\/wp-json\/wp\/v2\/posts"}],"about":[{"href":"https:\/\/europeanobsndfr.org\/en\/wp-json\/wp\/v2\/types\/post"}],"author":[{"embeddable":true,"href":"https:\/\/europeanobsndfr.org\/en\/wp-json\/wp\/v2\/users\/1"}],"replies":[{"embeddable":true,"href":"https:\/\/europeanobsndfr.org\/en\/wp-json\/wp\/v2\/comments?post=12362"}],"version-history":[{"count":0,"href":"https:\/\/europeanobsndfr.org\/en\/wp-json\/wp\/v2\/posts\/12362\/revisions"}],"wp:attachment":[{"href":"https:\/\/europeanobsndfr.org\/en\/wp-json\/wp\/v2\/media?parent=12362"}],"wp:term":[{"taxonomy":"category","embeddable":true,"href":"https:\/\/europeanobsndfr.org\/en\/wp-json\/wp\/v2\/categories?post=12362"},{"taxonomy":"post_tag","embeddable":true,"href":"https:\/\/europeanobsndfr.org\/en\/wp-json\/wp\/v2\/tags?post=12362"}],"curies":[{"name":"wp","href":"https:\/\/api.w.org\/{rel}","templated":true}]}}