{"id":12555,"date":"2018-07-15T08:14:19","date_gmt":"2018-07-15T08:14:19","guid":{"rendered":"https:\/\/europeanobsndfr.org\/actualites-fr\/asylum-migration-and-borders\/food-aid-for-homeless-persons-in-la-rochelle-france\/"},"modified":"2019-01-02T19:27:24","modified_gmt":"2019-01-02T19:27:24","slug":"accompagner-les-personnes-sans-abri-a-la-rochelle-france","status":"publish","type":"post","link":"https:\/\/europeanobsndfr.org\/en\/actualites-fr\/combat-contre-pauvrete\/accompagner-les-personnes-sans-abri-a-la-rochelle-france\/","title":{"rendered":"LA ROCHELLE, FRANCE. Accompagnement des personnes sans-abri."},"content":{"rendered":"<p style=\"text-align: justify;\"><strong><span style=\"text-decoration: underline;\">Objectif :<\/span> Accompagner les personnes sans-abri \u00e0\u00a0La Rochelle, FRANCE.<\/strong><\/p>\n<p style=\"text-align: justify;\"><strong><span style=\"text-decoration: underline;\">Lieu de l&rsquo;action :<\/span>\u00a0La Rochelle, FRANCE.<\/strong><\/p>\n<p style=\"text-align: justify;\"><span style=\"text-decoration: underline;\"><strong>Moyens mis en oeuvre :\u00a0<\/strong><\/span><\/p>\n<p style=\"text-align: justify;\"><span style=\"text-decoration: underline;\"><strong>Juillet 2018\u00a0<\/strong><\/span><strong><span style=\"text-decoration: underline;\">:<\/span> Une \u00e9quipe mobile de l&rsquo;OENDDF\u00a0effectue des maraudes de rues \u00e0\u00a0LA ROCHELLE pour rencontrer les personnes sans-abri, discuter avec elles, leur apporter une aide alimentaire, et leur fournir un accompagnement social.<\/strong><\/p>\n<p style=\"text-align: justify;\"><strong>Cr\u00e9ation de lien social et de relations de confiance avec les personnes sans-abri. Discussion sur les possibilit\u00e9s d&rsquo;acc\u00e8s \u00e0 un petit studio dans le parc immobilier priv\u00e9 avec le RSA.<\/strong><\/p>\n<p style=\"text-align: justify;\"><strong>+ de nouvelles ?<\/strong>\u00a0Suivez notre O.I.N.G sur les r\u00e9seaux sociaux\u00a0<strong>:\u00a0<\/strong><\/p>\n<ul style=\"text-align: justify;\">\n<li><a href=\"https:\/\/www.facebook.com\/European-Observatory-for-Non-Discrimination-and-Fundamental-Rights-1103291363129845\/?fref=ts\">Facebook<\/a><\/li>\n<li><a href=\"https:\/\/twitter.com\/europeanobs\">Twitter<\/a><\/li>\n<li><a href=\"https:\/\/www.youtube.com\/channel\/UCO9vz5fybFw1Q8pvN00CDgA\">YouTube<\/a><\/li>\n<li><a href=\"https:\/\/www.instagram.com\/oenddf\/\">Instagram<\/a><\/li>\n<\/ul>\n<p>[av_content_slider heading=\u00a0\u00bb columns=&rsquo;3&prime; animation=&rsquo;slide&rsquo; navigation=&rsquo;arrows&rsquo; autoplay=&rsquo;false&rsquo; interval=&rsquo;5&prime; font_color=\u00a0\u00bb color=\u00a0\u00bb]<br \/>\n[av_content_slide title=&rsquo;Une \u00e9quipe mobile de l\u2019OENDDF effectue des maraudes de rue \u00e0 La Rochelle, France, pour accompagner les personnes sans-abri.&rsquo; link=\u00a0\u00bb linktarget=\u00a0\u00bb]<br \/>\n<a href=\"https:\/\/europeanobsndfr.org\/wp-content\/uploads\/2018\/07\/Photo-La-Rochelle-.jpg\"><img loading=\"lazy\" decoding=\"async\" class=\"aligncenter size-medium wp-image-12551\" src=\"https:\/\/europeanobsndfr.org\/wp-content\/uploads\/2018\/07\/Photo-La-Rochelle--300x225.jpg\" alt=\"\" width=\"300\" height=\"225\" srcset=\"https:\/\/europeanobsndfr.org\/wp-content\/uploads\/2018\/07\/Photo-La-Rochelle--300x225.jpg 300w, https:\/\/europeanobsndfr.org\/wp-content\/uploads\/2018\/07\/Photo-La-Rochelle--768x576.jpg 768w, https:\/\/europeanobsndfr.org\/wp-content\/uploads\/2018\/07\/Photo-La-Rochelle--705x529.jpg 705w, https:\/\/europeanobsndfr.org\/wp-content\/uploads\/2018\/07\/Photo-La-Rochelle-.jpg 1024w\" sizes=\"auto, (max-width: 300px) 100vw, 300px\" \/><\/a><br \/>\n[\/av_content_slide]<br \/>\n[av_content_slide title=&rsquo;Une \u00e9quipe mobile de l\u2019OENDDF effectue des maraudes de rue \u00e0 La Rochelle, France, pour accompagner les personnes sans-abri.&rsquo; link=\u00a0\u00bb linktarget=\u00a0\u00bb]<br \/>\n<a href=\"https:\/\/europeanobsndfr.org\/wp-content\/uploads\/2018\/07\/Photo-al-rochelle--e1531642720344.jpg\"><img loading=\"lazy\" decoding=\"async\" class=\"aligncenter size-medium wp-image-12582\" src=\"https:\/\/europeanobsndfr.org\/wp-content\/uploads\/2018\/07\/Photo-al-rochelle--e1531642720344-225x300.jpg\" alt=\"\" width=\"225\" height=\"300\" srcset=\"https:\/\/europeanobsndfr.org\/wp-content\/uploads\/2018\/07\/Photo-al-rochelle--e1531642720344-225x300.jpg 225w, https:\/\/europeanobsndfr.org\/wp-content\/uploads\/2018\/07\/Photo-al-rochelle--e1531642720344.jpg 768w, https:\/\/europeanobsndfr.org\/wp-content\/uploads\/2018\/07\/Photo-al-rochelle--e1531642720344-529x705.jpg 529w\" sizes=\"auto, (max-width: 225px) 100vw, 225px\" \/><\/a><br \/>\n[\/av_content_slide]<br \/>\n[av_content_slide title=&rsquo;Une \u00e9quipe mobile de l\u2019OENDDF effectue des maraudes de rue \u00e0 La Rochelle, France, pour accompagner les personnes sans-abri.&rsquo; link=\u00a0\u00bb linktarget=\u00a0\u00bb]<br \/>\n<a href=\"https:\/\/europeanobsndfr.org\/wp-content\/uploads\/2018\/07\/Photo-La-Rochelle.jpg\"><img loading=\"lazy\" decoding=\"async\" class=\"aligncenter size-medium wp-image-12550\" src=\"https:\/\/europeanobsndfr.org\/wp-content\/uploads\/2018\/07\/Photo-La-Rochelle-225x300.jpg\" alt=\"\" width=\"225\" height=\"300\" srcset=\"https:\/\/europeanobsndfr.org\/wp-content\/uploads\/2018\/07\/Photo-La-Rochelle-225x300.jpg 225w, https:\/\/europeanobsndfr.org\/wp-content\/uploads\/2018\/07\/Photo-La-Rochelle.jpg 768w, https:\/\/europeanobsndfr.org\/wp-content\/uploads\/2018\/07\/Photo-La-Rochelle-529x705.jpg 529w\" sizes=\"auto, (max-width: 225px) 100vw, 225px\" \/><\/a><br \/>\n[\/av_content_slide]<br \/>\n[\/av_content_slider]<\/p>\n","protected":false},"excerpt":{"rendered":"<p>Objectif : Accompagner les personnes sans-abri \u00e0\u00a0La Rochelle, FRANCE. Lieu de l&rsquo;action :\u00a0La Rochelle, FRANCE. Moyens mis en oeuvre :\u00a0 Juillet 2018\u00a0: Une \u00e9quipe mobile de l&rsquo;OENDDF\u00a0effectue des maraudes de rues \u00e0\u00a0LA ROCHELLE pour rencontrer les personnes sans-abri, discuter avec elles, leur apporter une aide alimentaire, et leur fournir un accompagnement social. Cr\u00e9ation de lien&#8230;<\/p>","protected":false},"author":1,"featured_media":0,"comment_status":"closed","ping_status":"closed","sticky":false,"template":"","format":"standard","meta":{"give_campaign_id":0,"_kadence_starter_templates_imported_post":false,"_kad_post_transparent":"","_kad_post_title":"","_kad_post_layout":"","_kad_post_sidebar_id":"","_kad_post_content_style":"","_kad_post_vertical_padding":"","_kad_post_feature":"","_kad_post_feature_position":"","_kad_post_header":false,"_kad_post_footer":false,"_kad_post_classname":"","_jetpack_memberships_contains_paid_content":false,"footnotes":""},"categories":[44],"tags":[],"class_list":["post-12555","post","type-post","status-publish","format-standard","hentry","category-combat-contre-pauvrete"],"aioseo_notices":[],"aioseo_head":"\n\t\t<!-- All in One SEO 5.0.1.1 - aioseo.com -->\n\t<meta name=\"description\" content=\"Assistance des personnes sans-abri. La Rochelle. FRANCE. Charente Maritime. Fundamental Rights.\" \/>\n\t<meta name=\"robots\" content=\"max-snippet:-1, max-image-preview:large, max-video-preview:-1\" \/>\n\t<meta name=\"author\" content=\"OENDDF\"\/>\n\t<meta name=\"google-site-verification\" content=\"KZsAbCyd-Ww06m2-MlFPa7EphgzWqs90ra8o0LfM_K8\" \/>\n\t<link rel=\"canonical\" href=\"https:\/\/europeanobsndfr.org\/en\/actualites-fr\/combat-contre-pauvrete\/accompagner-les-personnes-sans-abri-a-la-rochelle-france\/\" \/>\n\t<meta name=\"generator\" content=\"All in One SEO (AIOSEO) 5.0.1.1\" \/>\n\t\t<meta property=\"og:locale\" content=\"en_GB\" \/>\n\t\t<meta property=\"og:site_name\" content=\"Observatoire Europ\u00e9en de la Non-Discrimination et des Droits Fondamentaux\" \/>\n\t\t<meta property=\"og:type\" content=\"non_profit\" \/>\n\t\t<meta property=\"og:title\" content=\"Assistance des personnes sans-abri. La Rochelle. FRANCE. Charente Maritime. La pauvret\u00e9 est une violation des Droits Fondamentaux. Droits Fondamentaux. Droits de l&#039;Homme. Droits Humains. Pauvret\u00e9. | O.E.N.D.D.F.\" \/>\n\t\t<meta property=\"og:description\" content=\"Assistance des personnes sans-abri. La Rochelle. FRANCE. Charente Maritime. Fundamental Rights.\" \/>\n\t\t<meta property=\"og:url\" content=\"https:\/\/europeanobsndfr.org\/en\/actualites-fr\/combat-contre-pauvrete\/accompagner-les-personnes-sans-abri-a-la-rochelle-france\/\" \/>\n\t\t<meta property=\"og:image\" content=\"https:\/\/europeanobsndfr.org\/wp-content\/uploads\/2016\/11\/logo-oenddf.jpg\" \/>\n\t\t<meta property=\"og:image:secure_url\" content=\"https:\/\/europeanobsndfr.org\/wp-content\/uploads\/2016\/11\/logo-oenddf.jpg\" \/>\n\t\t<meta property=\"og:image:width\" content=\"830\" \/>\n\t\t<meta property=\"og:image:height\" content=\"600\" \/>\n\t\t<meta name=\"twitter:card\" content=\"summary\" \/>\n\t\t<meta name=\"twitter:site\" content=\"@europeanobs\" \/>\n\t\t<meta name=\"twitter:title\" content=\"Assistance des personnes sans-abri. La Rochelle. FRANCE. Charente Maritime. La pauvret\u00e9 est une violation des Droits Fondamentaux. Droits Fondamentaux. Droits de l&#039;Homme. Droits Humains. Pauvret\u00e9. | O.E.N.D.D.F.\" \/>\n\t\t<meta name=\"twitter:description\" content=\"Assistance des personnes sans-abri. La Rochelle. FRANCE. Charente Maritime. Fundamental Rights.\" \/>\n\t\t<meta name=\"twitter:creator\" content=\"@europeanobs\" \/>\n\t\t<meta name=\"twitter:image\" content=\"https:\/\/europeanobsndfr.org\/wp-content\/uploads\/2016\/11\/logo-oenddf.jpg\" \/>\n\t\t<script type=\"application\/ld+json\" class=\"aioseo-schema\">\n\t\t\t{\"@context\":\"https:\\\/\\\/schema.org\",\"@graph\":[{\"@type\":\"Article\",\"@id\":\"https:\\\/\\\/europeanobsndfr.org\\\/en\\\/actualites-fr\\\/combat-contre-pauvrete\\\/accompagner-les-personnes-sans-abri-a-la-rochelle-france\\\/#article\",\"name\":\"Assistance des personnes sans-abri. La Rochelle. FRANCE. Charente Maritime. La pauvret\\u00e9 est une violation des Droits Fondamentaux. Droits Fondamentaux. Droits de l'Homme. Droits Humains. Pauvret\\u00e9. | O.E.N.D.D.F.\",\"headline\":\"LA ROCHELLE, FRANCE. Accompagnement des personnes sans-abri.\",\"author\":{\"@id\":\"https:\\\/\\\/europeanobsndfr.org\\\/en\\\/author\\\/admin\\\/#author\"},\"publisher\":{\"@id\":\"https:\\\/\\\/europeanobsndfr.org\\\/en\\\/#organization\"},\"image\":{\"@type\":\"ImageObject\",\"url\":\"https:\\\/\\\/europeanobsndfr.org\\\/wp-content\\\/uploads\\\/2018\\\/07\\\/Photo-La-Rochelle--300x225.jpg\",\"@id\":\"https:\\\/\\\/europeanobsndfr.org\\\/en\\\/actualites-fr\\\/combat-contre-pauvrete\\\/accompagner-les-personnes-sans-abri-a-la-rochelle-france\\\/#articleImage\"},\"datePublished\":\"2018-07-15T08:14:19+01:00\",\"dateModified\":\"2019-01-02T19:27:24+01:00\",\"inLanguage\":\"en-GB\",\"mainEntityOfPage\":{\"@id\":\"https:\\\/\\\/europeanobsndfr.org\\\/en\\\/actualites-fr\\\/combat-contre-pauvrete\\\/accompagner-les-personnes-sans-abri-a-la-rochelle-france\\\/#webpage\"},\"isPartOf\":{\"@id\":\"https:\\\/\\\/europeanobsndfr.org\\\/en\\\/actualites-fr\\\/combat-contre-pauvrete\\\/accompagner-les-personnes-sans-abri-a-la-rochelle-france\\\/#webpage\"},\"articleSection\":\"Combat contre la pauvret\\u00e9, contre l'exclusion sociale et en faveur de l'inclusion sociale\"},{\"@type\":\"BreadcrumbList\",\"@id\":\"https:\\\/\\\/europeanobsndfr.org\\\/en\\\/actualites-fr\\\/combat-contre-pauvrete\\\/accompagner-les-personnes-sans-abri-a-la-rochelle-france\\\/#breadcrumblist\",\"itemListElement\":[{\"@type\":\"ListItem\",\"@id\":\"https:\\\/\\\/europeanobsndfr.org\\\/en#listItem\",\"position\":1,\"name\":\"Accueil\",\"item\":\"https:\\\/\\\/europeanobsndfr.org\\\/en\",\"nextItem\":{\"@type\":\"ListItem\",\"@id\":\"https:\\\/\\\/europeanobsndfr.org\\\/en\\\/category\\\/actualites-fr\\\/#listItem\",\"name\":\"Actualit\\u00e9\"}},{\"@type\":\"ListItem\",\"@id\":\"https:\\\/\\\/europeanobsndfr.org\\\/en\\\/category\\\/actualites-fr\\\/#listItem\",\"position\":2,\"name\":\"Actualit\\u00e9\",\"item\":\"https:\\\/\\\/europeanobsndfr.org\\\/en\\\/category\\\/actualites-fr\\\/\",\"nextItem\":{\"@type\":\"ListItem\",\"@id\":\"https:\\\/\\\/europeanobsndfr.org\\\/en\\\/category\\\/actualites-fr\\\/combat-contre-pauvrete\\\/#listItem\",\"name\":\"Combat contre la pauvret\\u00e9, contre l'exclusion sociale et en faveur de l'inclusion sociale\"},\"previousItem\":{\"@type\":\"ListItem\",\"@id\":\"https:\\\/\\\/europeanobsndfr.org\\\/en#listItem\",\"name\":\"Accueil\"}},{\"@type\":\"ListItem\",\"@id\":\"https:\\\/\\\/europeanobsndfr.org\\\/en\\\/category\\\/actualites-fr\\\/combat-contre-pauvrete\\\/#listItem\",\"position\":3,\"name\":\"Combat contre la pauvret\\u00e9, contre l'exclusion sociale et en faveur de l'inclusion sociale\",\"item\":\"https:\\\/\\\/europeanobsndfr.org\\\/en\\\/category\\\/actualites-fr\\\/combat-contre-pauvrete\\\/\",\"nextItem\":{\"@type\":\"ListItem\",\"@id\":\"https:\\\/\\\/europeanobsndfr.org\\\/en\\\/actualites-fr\\\/combat-contre-pauvrete\\\/accompagner-les-personnes-sans-abri-a-la-rochelle-france\\\/#listItem\",\"name\":\"LA ROCHELLE, FRANCE. Accompagnement des personnes sans-abri.\"},\"previousItem\":{\"@type\":\"ListItem\",\"@id\":\"https:\\\/\\\/europeanobsndfr.org\\\/en\\\/category\\\/actualites-fr\\\/#listItem\",\"name\":\"Actualit\\u00e9\"}},{\"@type\":\"ListItem\",\"@id\":\"https:\\\/\\\/europeanobsndfr.org\\\/en\\\/actualites-fr\\\/combat-contre-pauvrete\\\/accompagner-les-personnes-sans-abri-a-la-rochelle-france\\\/#listItem\",\"position\":4,\"name\":\"LA ROCHELLE, FRANCE. Accompagnement des personnes sans-abri.\",\"previousItem\":{\"@type\":\"ListItem\",\"@id\":\"https:\\\/\\\/europeanobsndfr.org\\\/en\\\/category\\\/actualites-fr\\\/combat-contre-pauvrete\\\/#listItem\",\"name\":\"Combat contre la pauvret\\u00e9, contre l'exclusion sociale et en faveur de l'inclusion sociale\"}}]},{\"@type\":\"Organization\",\"@id\":\"https:\\\/\\\/europeanobsndfr.org\\\/en\\\/#organization\",\"name\":\"OENDDF\",\"description\":\"Organisation Internationale Non-Gouvernementale\",\"url\":\"https:\\\/\\\/europeanobsndfr.org\\\/en\\\/\",\"logo\":{\"@type\":\"ImageObject\",\"url\":\"https:\\\/\\\/europeanobsndfr.org\\\/wp-content\\\/uploads\\\/2016\\\/11\\\/cropped-logo-oenddf.jpg\",\"@id\":\"https:\\\/\\\/europeanobsndfr.org\\\/en\\\/actualites-fr\\\/combat-contre-pauvrete\\\/accompagner-les-personnes-sans-abri-a-la-rochelle-france\\\/#organizationLogo\",\"width\":701,\"height\":600,\"caption\":\"Logo OENDDF\"},\"image\":{\"@id\":\"https:\\\/\\\/europeanobsndfr.org\\\/en\\\/actualites-fr\\\/combat-contre-pauvrete\\\/accompagner-les-personnes-sans-abri-a-la-rochelle-france\\\/#organizationLogo\"},\"sameAs\":[\"https:\\\/\\\/twitter.com\\\/europeanobs\",\"https:\\\/\\\/www.instagram.com\\\/oenddf_ngo\\\/\",\"https:\\\/\\\/www.youtube.com\\\/channel\\\/UCO9vz5fybFw1Q8pvN00CDgA\"]},{\"@type\":\"Person\",\"@id\":\"https:\\\/\\\/europeanobsndfr.org\\\/en\\\/author\\\/admin\\\/#author\",\"url\":\"https:\\\/\\\/europeanobsndfr.org\\\/en\\\/author\\\/admin\\\/\",\"name\":\"OENDDF\",\"image\":{\"@type\":\"ImageObject\",\"@id\":\"https:\\\/\\\/europeanobsndfr.org\\\/en\\\/actualites-fr\\\/combat-contre-pauvrete\\\/accompagner-les-personnes-sans-abri-a-la-rochelle-france\\\/#authorImage\",\"url\":\"https:\\\/\\\/secure.gravatar.com\\\/avatar\\\/f64bd673bdf1f612f36226606d41703598d9c028a910d72b461acb19a72f63d5?s=96&d=mm&r=g\",\"width\":96,\"height\":96,\"caption\":\"OENDDF\"}},{\"@type\":\"WebPage\",\"@id\":\"https:\\\/\\\/europeanobsndfr.org\\\/en\\\/actualites-fr\\\/combat-contre-pauvrete\\\/accompagner-les-personnes-sans-abri-a-la-rochelle-france\\\/#webpage\",\"url\":\"https:\\\/\\\/europeanobsndfr.org\\\/en\\\/actualites-fr\\\/combat-contre-pauvrete\\\/accompagner-les-personnes-sans-abri-a-la-rochelle-france\\\/\",\"name\":\"Assistance des personnes sans-abri. La Rochelle. FRANCE. Charente Maritime. La pauvret\\u00e9 est une violation des Droits Fondamentaux. Droits Fondamentaux. Droits de l'Homme. Droits Humains. Pauvret\\u00e9. | O.E.N.D.D.F.\",\"description\":\"Assistance des personnes sans-abri. La Rochelle. FRANCE. Charente Maritime. Fundamental Rights.\",\"inLanguage\":\"en-GB\",\"isPartOf\":{\"@id\":\"https:\\\/\\\/europeanobsndfr.org\\\/en\\\/#website\"},\"breadcrumb\":{\"@id\":\"https:\\\/\\\/europeanobsndfr.org\\\/en\\\/actualites-fr\\\/combat-contre-pauvrete\\\/accompagner-les-personnes-sans-abri-a-la-rochelle-france\\\/#breadcrumblist\"},\"author\":{\"@id\":\"https:\\\/\\\/europeanobsndfr.org\\\/en\\\/author\\\/admin\\\/#author\"},\"creator\":{\"@id\":\"https:\\\/\\\/europeanobsndfr.org\\\/en\\\/author\\\/admin\\\/#author\"},\"datePublished\":\"2018-07-15T08:14:19+01:00\",\"dateModified\":\"2019-01-02T19:27:24+01:00\"},{\"@type\":\"WebSite\",\"@id\":\"https:\\\/\\\/europeanobsndfr.org\\\/en\\\/#website\",\"url\":\"https:\\\/\\\/europeanobsndfr.org\\\/en\\\/\",\"name\":\"Observatoire Europ\\u00e9en de la Non-Discrimination et des Droits Fondamentaux\",\"description\":\"Organisation Internationale Non-Gouvernementale\",\"inLanguage\":\"en-GB\",\"publisher\":{\"@id\":\"https:\\\/\\\/europeanobsndfr.org\\\/en\\\/#organization\"}}]}\n\t\t<\/script>\n\t\t<!-- All in One SEO -->\n\n","aioseo_head_json":{"title":"Assistance des personnes sans-abri. La Rochelle. FRANCE. Charente Maritime. La pauvret\u00e9 est une violation des Droits Fondamentaux. Droits Fondamentaux. Droits de l'Homme. Droits Humains. Pauvret\u00e9. | O.E.N.D.D.F.","description":"Assistance des personnes sans-abri. La Rochelle. FRANCE. Charente Maritime. Fundamental Rights.","canonical_url":"https:\/\/europeanobsndfr.org\/en\/actualites-fr\/combat-contre-pauvrete\/accompagner-les-personnes-sans-abri-a-la-rochelle-france\/","robots":"max-snippet:-1, max-image-preview:large, max-video-preview:-1","keywords":"","webmasterTools":{"google-site-verification":"KZsAbCyd-Ww06m2-MlFPa7EphgzWqs90ra8o0LfM_K8","miscellaneous":""},"schema":{"@context":"https:\/\/schema.org","@graph":[{"@type":"Article","@id":"https:\/\/europeanobsndfr.org\/en\/actualites-fr\/combat-contre-pauvrete\/accompagner-les-personnes-sans-abri-a-la-rochelle-france\/#article","name":"Assistance des personnes sans-abri. La Rochelle. FRANCE. Charente Maritime. La pauvret\u00e9 est une violation des Droits Fondamentaux. Droits Fondamentaux. Droits de l'Homme. Droits Humains. Pauvret\u00e9. | O.E.N.D.D.F.","headline":"LA ROCHELLE, FRANCE. Accompagnement des personnes sans-abri.","author":{"@id":"https:\/\/europeanobsndfr.org\/en\/author\/admin\/#author"},"publisher":{"@id":"https:\/\/europeanobsndfr.org\/en\/#organization"},"image":{"@type":"ImageObject","url":"https:\/\/europeanobsndfr.org\/wp-content\/uploads\/2018\/07\/Photo-La-Rochelle--300x225.jpg","@id":"https:\/\/europeanobsndfr.org\/en\/actualites-fr\/combat-contre-pauvrete\/accompagner-les-personnes-sans-abri-a-la-rochelle-france\/#articleImage"},"datePublished":"2018-07-15T08:14:19+01:00","dateModified":"2019-01-02T19:27:24+01:00","inLanguage":"en-GB","mainEntityOfPage":{"@id":"https:\/\/europeanobsndfr.org\/en\/actualites-fr\/combat-contre-pauvrete\/accompagner-les-personnes-sans-abri-a-la-rochelle-france\/#webpage"},"isPartOf":{"@id":"https:\/\/europeanobsndfr.org\/en\/actualites-fr\/combat-contre-pauvrete\/accompagner-les-personnes-sans-abri-a-la-rochelle-france\/#webpage"},"articleSection":"Combat contre la pauvret\u00e9, contre l'exclusion sociale et en faveur de l'inclusion sociale"},{"@type":"BreadcrumbList","@id":"https:\/\/europeanobsndfr.org\/en\/actualites-fr\/combat-contre-pauvrete\/accompagner-les-personnes-sans-abri-a-la-rochelle-france\/#breadcrumblist","itemListElement":[{"@type":"ListItem","@id":"https:\/\/europeanobsndfr.org\/en#listItem","position":1,"name":"Accueil","item":"https:\/\/europeanobsndfr.org\/en","nextItem":{"@type":"ListItem","@id":"https:\/\/europeanobsndfr.org\/en\/category\/actualites-fr\/#listItem","name":"Actualit\u00e9"}},{"@type":"ListItem","@id":"https:\/\/europeanobsndfr.org\/en\/category\/actualites-fr\/#listItem","position":2,"name":"Actualit\u00e9","item":"https:\/\/europeanobsndfr.org\/en\/category\/actualites-fr\/","nextItem":{"@type":"ListItem","@id":"https:\/\/europeanobsndfr.org\/en\/category\/actualites-fr\/combat-contre-pauvrete\/#listItem","name":"Combat contre la pauvret\u00e9, contre l'exclusion sociale et en faveur de l'inclusion sociale"},"previousItem":{"@type":"ListItem","@id":"https:\/\/europeanobsndfr.org\/en#listItem","name":"Accueil"}},{"@type":"ListItem","@id":"https:\/\/europeanobsndfr.org\/en\/category\/actualites-fr\/combat-contre-pauvrete\/#listItem","position":3,"name":"Combat contre la pauvret\u00e9, contre l'exclusion sociale et en faveur de l'inclusion sociale","item":"https:\/\/europeanobsndfr.org\/en\/category\/actualites-fr\/combat-contre-pauvrete\/","nextItem":{"@type":"ListItem","@id":"https:\/\/europeanobsndfr.org\/en\/actualites-fr\/combat-contre-pauvrete\/accompagner-les-personnes-sans-abri-a-la-rochelle-france\/#listItem","name":"LA ROCHELLE, FRANCE. Accompagnement des personnes sans-abri."},"previousItem":{"@type":"ListItem","@id":"https:\/\/europeanobsndfr.org\/en\/category\/actualites-fr\/#listItem","name":"Actualit\u00e9"}},{"@type":"ListItem","@id":"https:\/\/europeanobsndfr.org\/en\/actualites-fr\/combat-contre-pauvrete\/accompagner-les-personnes-sans-abri-a-la-rochelle-france\/#listItem","position":4,"name":"LA ROCHELLE, FRANCE. Accompagnement des personnes sans-abri.","previousItem":{"@type":"ListItem","@id":"https:\/\/europeanobsndfr.org\/en\/category\/actualites-fr\/combat-contre-pauvrete\/#listItem","name":"Combat contre la pauvret\u00e9, contre l'exclusion sociale et en faveur de l'inclusion sociale"}}]},{"@type":"Organization","@id":"https:\/\/europeanobsndfr.org\/en\/#organization","name":"OENDDF","description":"Organisation Internationale Non-Gouvernementale","url":"https:\/\/europeanobsndfr.org\/en\/","logo":{"@type":"ImageObject","url":"https:\/\/europeanobsndfr.org\/wp-content\/uploads\/2016\/11\/cropped-logo-oenddf.jpg","@id":"https:\/\/europeanobsndfr.org\/en\/actualites-fr\/combat-contre-pauvrete\/accompagner-les-personnes-sans-abri-a-la-rochelle-france\/#organizationLogo","width":701,"height":600,"caption":"Logo OENDDF"},"image":{"@id":"https:\/\/europeanobsndfr.org\/en\/actualites-fr\/combat-contre-pauvrete\/accompagner-les-personnes-sans-abri-a-la-rochelle-france\/#organizationLogo"},"sameAs":["https:\/\/twitter.com\/europeanobs","https:\/\/www.instagram.com\/oenddf_ngo\/","https:\/\/www.youtube.com\/channel\/UCO9vz5fybFw1Q8pvN00CDgA"]},{"@type":"Person","@id":"https:\/\/europeanobsndfr.org\/en\/author\/admin\/#author","url":"https:\/\/europeanobsndfr.org\/en\/author\/admin\/","name":"OENDDF","image":{"@type":"ImageObject","@id":"https:\/\/europeanobsndfr.org\/en\/actualites-fr\/combat-contre-pauvrete\/accompagner-les-personnes-sans-abri-a-la-rochelle-france\/#authorImage","url":"https:\/\/secure.gravatar.com\/avatar\/f64bd673bdf1f612f36226606d41703598d9c028a910d72b461acb19a72f63d5?s=96&d=mm&r=g","width":96,"height":96,"caption":"OENDDF"}},{"@type":"WebPage","@id":"https:\/\/europeanobsndfr.org\/en\/actualites-fr\/combat-contre-pauvrete\/accompagner-les-personnes-sans-abri-a-la-rochelle-france\/#webpage","url":"https:\/\/europeanobsndfr.org\/en\/actualites-fr\/combat-contre-pauvrete\/accompagner-les-personnes-sans-abri-a-la-rochelle-france\/","name":"Assistance des personnes sans-abri. La Rochelle. FRANCE. Charente Maritime. La pauvret\u00e9 est une violation des Droits Fondamentaux. Droits Fondamentaux. Droits de l'Homme. Droits Humains. Pauvret\u00e9. | O.E.N.D.D.F.","description":"Assistance des personnes sans-abri. La Rochelle. FRANCE. Charente Maritime. Fundamental Rights.","inLanguage":"en-GB","isPartOf":{"@id":"https:\/\/europeanobsndfr.org\/en\/#website"},"breadcrumb":{"@id":"https:\/\/europeanobsndfr.org\/en\/actualites-fr\/combat-contre-pauvrete\/accompagner-les-personnes-sans-abri-a-la-rochelle-france\/#breadcrumblist"},"author":{"@id":"https:\/\/europeanobsndfr.org\/en\/author\/admin\/#author"},"creator":{"@id":"https:\/\/europeanobsndfr.org\/en\/author\/admin\/#author"},"datePublished":"2018-07-15T08:14:19+01:00","dateModified":"2019-01-02T19:27:24+01:00"},{"@type":"WebSite","@id":"https:\/\/europeanobsndfr.org\/en\/#website","url":"https:\/\/europeanobsndfr.org\/en\/","name":"Observatoire Europ\u00e9en de la Non-Discrimination et des Droits Fondamentaux","description":"Organisation Internationale Non-Gouvernementale","inLanguage":"en-GB","publisher":{"@id":"https:\/\/europeanobsndfr.org\/en\/#organization"}}]},"og:locale":"en_GB","og:site_name":"Observatoire Europ\u00e9en de la Non-Discrimination et des Droits Fondamentaux","og:type":"non_profit","og:title":"Assistance des personnes sans-abri. La Rochelle. FRANCE. Charente Maritime. La pauvret\u00e9 est une violation des Droits Fondamentaux. Droits Fondamentaux. Droits de l'Homme. Droits Humains. Pauvret\u00e9. | O.E.N.D.D.F.","og:description":"Assistance des personnes sans-abri. La Rochelle. FRANCE. Charente Maritime. Fundamental Rights.","og:url":"https:\/\/europeanobsndfr.org\/en\/actualites-fr\/combat-contre-pauvrete\/accompagner-les-personnes-sans-abri-a-la-rochelle-france\/","og:image":"https:\/\/europeanobsndfr.org\/wp-content\/uploads\/2016\/11\/logo-oenddf.jpg","og:image:secure_url":"https:\/\/europeanobsndfr.org\/wp-content\/uploads\/2016\/11\/logo-oenddf.jpg","og:image:width":830,"og:image:height":600,"twitter:card":"summary","twitter:site":"@europeanobs","twitter:title":"Assistance des personnes sans-abri. La Rochelle. FRANCE. Charente Maritime. La pauvret\u00e9 est une violation des Droits Fondamentaux. Droits Fondamentaux. Droits de l'Homme. Droits Humains. Pauvret\u00e9. | O.E.N.D.D.F.","twitter:description":"Assistance des personnes sans-abri. La Rochelle. FRANCE. Charente Maritime. Fundamental Rights.","twitter:creator":"@europeanobs","twitter:image":"https:\/\/europeanobsndfr.org\/wp-content\/uploads\/2016\/11\/logo-oenddf.jpg"},"aioseo_meta_data":{"post_id":"12555","title":"Assistance des personnes sans-abri. La Rochelle. FRANCE. Charente Maritime. La pauvret\u00e9 est une violation des Droits Fondamentaux. Droits Fondamentaux. Droits de l'Homme. Droits Humains. Pauvret\u00e9.  | O.E.N.D.D.F.","description":"Assistance des personnes sans-abri. La Rochelle. FRANCE. Charente Maritime. Fundamental Rights.","keywords":null,"keyphrases":null,"primary_term":null,"canonical_url":null,"og_title":"","og_description":"","og_object_type":"non_profit","og_image_type":"default","og_image_url":null,"og_image_width":null,"og_image_height":null,"og_image_custom_url":null,"og_image_custom_fields":null,"og_video":"","og_custom_url":null,"og_article_section":"","og_article_tags":"","twitter_use_og":false,"twitter_card":"summary","twitter_image_type":"default","twitter_image_url":null,"twitter_image_custom_url":null,"twitter_image_custom_fields":null,"twitter_title":null,"twitter_description":null,"schema":{"blockGraphs":[],"customGraphs":[],"default":{"data":{"Article":[],"Course":[],"Dataset":[],"FAQPage":[],"Movie":[],"Person":[],"Product":[],"ProductReview":[],"Car":[],"Recipe":[],"Service":[],"SoftwareApplication":[],"WebPage":[]},"graphName":"","isEnabled":true},"graphs":[]},"schema_type":null,"schema_type_options":null,"pillar_content":false,"robots_default":true,"robots_noindex":false,"robots_noarchive":false,"robots_nosnippet":false,"robots_nofollow":false,"robots_noimageindex":false,"robots_noodp":false,"robots_notranslate":false,"robots_max_snippet":null,"robots_max_videopreview":null,"robots_max_imagepreview":"large","priority":null,"frequency":null,"local_seo":null,"breadcrumb_settings":null,"limit_modified_date":false,"ai":null,"created":"2021-01-22 17:57:23","updated":"2025-08-01 12:46:16","focus_keyword":null,"additional_keywords":null,"truseo_locale":null,"seo_analyzer_scan_date":null},"jetpack_featured_media_url":"","jetpack-related-posts":[],"jetpack_sharing_enabled":true,"_links":{"self":[{"href":"https:\/\/europeanobsndfr.org\/en\/wp-json\/wp\/v2\/posts\/12555","targetHints":{"allow":["GET"]}}],"collection":[{"href":"https:\/\/europeanobsndfr.org\/en\/wp-json\/wp\/v2\/posts"}],"about":[{"href":"https:\/\/europeanobsndfr.org\/en\/wp-json\/wp\/v2\/types\/post"}],"author":[{"embeddable":true,"href":"https:\/\/europeanobsndfr.org\/en\/wp-json\/wp\/v2\/users\/1"}],"replies":[{"embeddable":true,"href":"https:\/\/europeanobsndfr.org\/en\/wp-json\/wp\/v2\/comments?post=12555"}],"version-history":[{"count":0,"href":"https:\/\/europeanobsndfr.org\/en\/wp-json\/wp\/v2\/posts\/12555\/revisions"}],"wp:attachment":[{"href":"https:\/\/europeanobsndfr.org\/en\/wp-json\/wp\/v2\/media?parent=12555"}],"wp:term":[{"taxonomy":"category","embeddable":true,"href":"https:\/\/europeanobsndfr.org\/en\/wp-json\/wp\/v2\/categories?post=12555"},{"taxonomy":"post_tag","embeddable":true,"href":"https:\/\/europeanobsndfr.org\/en\/wp-json\/wp\/v2\/tags?post=12555"}],"curies":[{"name":"wp","href":"https:\/\/api.w.org\/{rel}","templated":true}]}}