{"id":12877,"date":"2018-10-07T14:30:33","date_gmt":"2018-10-07T14:30:33","guid":{"rendered":"https:\/\/europeanobsndfr.org\/actualites-fr\/asylum-migration-and-borders\/french-handilex-network\/"},"modified":"2019-01-25T20:06:38","modified_gmt":"2019-01-25T20:06:38","slug":"handilex-network-france","status":"publish","type":"post","link":"https:\/\/europeanobsndfr.org\/en\/actualites-fr\/actus-personnes-situation-handicap\/handilex-network-france\/","title":{"rendered":"France. Handilex Network."},"content":{"rendered":"<p style=\"text-align: justify;\"><span style=\"text-decoration: underline;\"><strong>Acc\u00e8s \u00e0 la Justice <\/strong><\/span>:\u00a0cr\u00e9\u00e9 en<strong> f\u00e9vrier 2017,<\/strong> le R\u00e9seau fran\u00e7ais\u00a0<strong><a href=\"http:\/\/www.handilex.com\">HANDILEX<\/a>\u00a0<\/strong>rassemble Avocats et Experts autour d&rsquo;une mission : aider les personnes handicap\u00e9es <strong>\u00e0 faire valoir leurs droits. <\/strong><\/p>\n<p style=\"text-align: justify;\">En pratique, sa\u00a0mission consiste \u00e0 soulager les personnes souffrant de handicap et ceux qui les entourent de<strong> la gestion administrative et juridique de leur handicap, de leur accident, pour qu\u2019ils puissent se reconstruire en toute tranquillit\u00e9.<\/strong><\/p>\n<ul style=\"text-align: justify;\">\n<li><strong>Jean-Armand Meggl\u00e9,<\/strong>\u00a0Avocat ayant connu un accident de moto et Fondateur du R\u00e9seau Handilex :\u00a0<i>\u00ab Nous voulons casser les barri\u00e8res entre le monde du handicap et le monde du droit. \u00bb\u00a0<\/i><\/li>\n<li><strong>Astrid Ronzel,<\/strong>\u00a0Avocate :\u00a0<i>\u00ab En droit, la propri\u00e9t\u00e9 priv\u00e9e est mieux prot\u00e9g\u00e9e que le corps humain&#8230; Certaines pratiques doivent changer. \u00bb\u00a0<\/i><\/li>\n<li><strong>Antoine Cressaty,<\/strong> chef d&rsquo;entreprise :\u00a0<i>\u00ab Quand on devient handicap\u00e9, on se retrouve face \u00e0 des m\u00e9andres administratifs monstrueux. \u00bb\u00a0<\/i><\/li>\n<\/ul>\n<p style=\"text-align: justify;\"><strong><span style=\"text-decoration: underline;\">Sources :<\/span><\/strong>\u00a0<strong><a href=\"http:\/\/www.lavie.fr\/solidarite\/agir\/handilex-accompagne-les-handicapes-26-09-2018-93073_407.php\">Solidarit\u00e9 avec les personnes en situation de handicap &#8211; R\u00e9seau Handilex &#8211; La Vie \u00a0<\/a><\/strong><\/p>\n<p style=\"text-align: justify;\">#OENDDF #HANDILEX #droitsfondamentaux #fundamentalrights #humanrights #handicap #inclusion #droit #justice #solidarit\u00e9 #nondiscrimination\u00a0#\u00e9galit\u00e9\u00a0#equality<\/p>","protected":false},"excerpt":{"rendered":"<p>Acc\u00e8s \u00e0 la Justice :\u00a0cr\u00e9\u00e9 en f\u00e9vrier 2017, le R\u00e9seau fran\u00e7ais\u00a0HANDILEX\u00a0rassemble Avocats et Experts autour d&rsquo;une mission : aider les personnes handicap\u00e9es \u00e0 faire valoir leurs droits. En pratique, sa\u00a0mission consiste \u00e0 soulager les personnes souffrant de handicap et ceux qui les entourent de la gestion administrative et juridique de leur handicap, de leur accident,&#8230;<\/p>","protected":false},"author":1,"featured_media":0,"comment_status":"closed","ping_status":"closed","sticky":false,"template":"","format":"standard","meta":{"give_campaign_id":0,"_kadence_starter_templates_imported_post":false,"_kad_post_transparent":"","_kad_post_title":"","_kad_post_layout":"","_kad_post_sidebar_id":"","_kad_post_content_style":"","_kad_post_vertical_padding":"","_kad_post_feature":"","_kad_post_feature_position":"","_kad_post_header":false,"_kad_post_footer":false,"_kad_post_classname":"","_jetpack_memberships_contains_paid_content":false,"footnotes":""},"categories":[201,43],"tags":[],"class_list":["post-12877","post","type-post","status-publish","format-standard","hentry","category-acces-a-la-justice","category-actus-personnes-situation-handicap"],"aioseo_notices":[],"jetpack_featured_media_url":"","jetpack-related-posts":[],"jetpack_sharing_enabled":true,"_links":{"self":[{"href":"https:\/\/europeanobsndfr.org\/en\/wp-json\/wp\/v2\/posts\/12877","targetHints":{"allow":["GET"]}}],"collection":[{"href":"https:\/\/europeanobsndfr.org\/en\/wp-json\/wp\/v2\/posts"}],"about":[{"href":"https:\/\/europeanobsndfr.org\/en\/wp-json\/wp\/v2\/types\/post"}],"author":[{"embeddable":true,"href":"https:\/\/europeanobsndfr.org\/en\/wp-json\/wp\/v2\/users\/1"}],"replies":[{"embeddable":true,"href":"https:\/\/europeanobsndfr.org\/en\/wp-json\/wp\/v2\/comments?post=12877"}],"version-history":[{"count":0,"href":"https:\/\/europeanobsndfr.org\/en\/wp-json\/wp\/v2\/posts\/12877\/revisions"}],"wp:attachment":[{"href":"https:\/\/europeanobsndfr.org\/en\/wp-json\/wp\/v2\/media?parent=12877"}],"wp:term":[{"taxonomy":"category","embeddable":true,"href":"https:\/\/europeanobsndfr.org\/en\/wp-json\/wp\/v2\/categories?post=12877"},{"taxonomy":"post_tag","embeddable":true,"href":"https:\/\/europeanobsndfr.org\/en\/wp-json\/wp\/v2\/tags?post=12877"}],"curies":[{"name":"wp","href":"https:\/\/api.w.org\/{rel}","templated":true}]}}