{"id":12879,"date":"2018-10-07T14:30:33","date_gmt":"2018-10-07T14:30:33","guid":{"rendered":"https:\/\/europeanobsndfr.org\/asylum-migration-and-borders-it\/french-handilex-network\/"},"modified":"2019-01-25T20:05:43","modified_gmt":"2019-01-25T20:05:43","slug":"french-handilex-network","status":"publish","type":"post","link":"https:\/\/europeanobsndfr.org\/en\/actualites-fr\/asylum-migration-and-borders\/french-handilex-network\/","title":{"rendered":"France. Handilex Network."},"content":{"rendered":"<p style=\"text-align: justify;\"><span style=\"text-decoration: underline;\"><strong>Access to Justice <\/strong><\/span>: founded in <strong>February 2017<\/strong>, the <strong>French <span style=\"text-decoration: underline;\"><a href=\"http:\/\/www.handilex.com\">HANDILEX<\/a>\u00a0<\/span>Network<\/strong> brings together Lawyers and Experts around a mission : to help persons with disabilities to enforce their rights.<\/p>\n<p style=\"text-align: justify;\">Actually, its mission is to relieve persons with disabilities and those around them from the administrative and legal disability management, from their accident, so that they can rebuild themselves in peace.<\/p>\n<ul>\n<li style=\"text-align: justify;\">Jean-Armand MEGGLE, founder of Handilex, said : \u00ab\u00a0<em>We want to break down the barriers between the world of disability and the world of Law.\u00a0\u00bb<\/em><\/li>\n<li style=\"text-align: justify;\">Astrid Ronzel, Lawyer, said : <em>\u00ab\u00a0In Law, private property is better protected than the human body&#8230; Some practices have to Change\u00a0\u00bb. <\/em><\/li>\n<li style=\"text-align: justify;\">Antoine Cressaty, Business Manager: \u00a0<em>\u00ab\u00a0When you become disabled, you \u00a0face a monstrous administrative maze \u00ab\u00a0.<\/em><\/li>\n<\/ul>\n<p><strong><span style=\"text-decoration: underline;\">Learn more :<\/span><\/strong>\u00a0<strong><a href=\"http:\/\/www.lavie.fr\/solidarite\/agir\/handilex-accompagne-les-handicapes-26-09-2018-93073_407.php\">Solidarity with persons with disabilities &#8211; HandiLex &#8211; French Newspaper \u00ab\u00a0La Vie\u00a0\u00bb\u00a0<\/a><\/strong><\/p>\n<p>#OENDDF #HANDILEX #droitsfondamentaux #fundamentalrights #humanrights #handicap #inclusion #droit #justice #solidarit\u00e9 #nondiscrimination\u00a0#\u00e9galit\u00e9\u00a0#equality<\/p>","protected":false},"excerpt":{"rendered":"<p>Access to Justice : founded in February 2017, the French HANDILEX\u00a0Network brings together Lawyers and Experts around a mission : to help persons with disabilities to enforce their rights. Actually, its mission is to relieve persons with disabilities and those around them from the administrative and legal disability management, from their accident, so that they&#8230;<\/p>","protected":false},"author":1,"featured_media":0,"comment_status":"closed","ping_status":"closed","sticky":false,"template":"","format":"standard","meta":{"give_campaign_id":0,"_kadence_starter_templates_imported_post":false,"_kad_post_transparent":"","_kad_post_title":"","_kad_post_layout":"","_kad_post_sidebar_id":"","_kad_post_content_style":"","_kad_post_vertical_padding":"","_kad_post_feature":"","_kad_post_feature_position":"","_kad_post_header":false,"_kad_post_footer":false,"_kad_post_classname":"","_jetpack_memberships_contains_paid_content":false,"footnotes":""},"categories":[84],"tags":[],"class_list":["post-12879","post","type-post","status-publish","format-standard","hentry","category-asylum-migration-and-borders"],"aioseo_notices":[],"aioseo_head":"\n\t\t<!-- All in One SEO 5.0.1.1 - aioseo.com -->\n\t<meta name=\"description\" content=\"OENDDF HANDILEX - fundamentalrights - humanrights - handicap - inclusion - droit - justice - solidarit\u00e9 - nondiscrimination - \u00e9galit\u00e9 - equality\" \/>\n\t<meta name=\"robots\" content=\"max-snippet:-1, max-image-preview:large, max-video-preview:-1\" \/>\n\t<meta name=\"author\" content=\"OENDDF\"\/>\n\t<meta name=\"google-site-verification\" content=\"KZsAbCyd-Ww06m2-MlFPa7EphgzWqs90ra8o0LfM_K8\" \/>\n\t<link rel=\"canonical\" href=\"https:\/\/europeanobsndfr.org\/en\/actualites-fr\/asylum-migration-and-borders\/french-handilex-network\/\" \/>\n\t<meta name=\"generator\" content=\"All in One SEO (AIOSEO) 5.0.1.1\" \/>\n\t\t<meta property=\"og:locale\" content=\"en_GB\" \/>\n\t\t<meta property=\"og:site_name\" content=\"Observatoire Europ\u00e9en de la Non-Discrimination et des Droits Fondamentaux\" \/>\n\t\t<meta property=\"og:type\" content=\"non_profit\" \/>\n\t\t<meta property=\"og:title\" content=\"OENDDF HANDILEX - fundamentalrights - humanrights - handicap - inclusion - droit - justice - solidarit\u00e9 - nondiscrimination - \u00e9galit\u00e9 - equality | O.E.N.D.D.F.\" \/>\n\t\t<meta property=\"og:description\" content=\"OENDDF HANDILEX - fundamentalrights - humanrights - handicap - inclusion - droit - justice - solidarit\u00e9 - nondiscrimination - \u00e9galit\u00e9 - equality\" \/>\n\t\t<meta property=\"og:url\" content=\"https:\/\/europeanobsndfr.org\/en\/actualites-fr\/asylum-migration-and-borders\/french-handilex-network\/\" \/>\n\t\t<meta property=\"og:image\" content=\"https:\/\/europeanobsndfr.org\/wp-content\/uploads\/2016\/11\/logo-oenddf.jpg\" \/>\n\t\t<meta property=\"og:image:secure_url\" content=\"https:\/\/europeanobsndfr.org\/wp-content\/uploads\/2016\/11\/logo-oenddf.jpg\" \/>\n\t\t<meta property=\"og:image:width\" content=\"830\" \/>\n\t\t<meta property=\"og:image:height\" content=\"600\" \/>\n\t\t<meta name=\"twitter:card\" content=\"summary\" \/>\n\t\t<meta name=\"twitter:site\" content=\"@europeanobs\" \/>\n\t\t<meta name=\"twitter:title\" content=\"OENDDF HANDILEX - fundamentalrights - humanrights - handicap - inclusion - droit - justice - solidarit\u00e9 - nondiscrimination - \u00e9galit\u00e9 - equality | O.E.N.D.D.F.\" \/>\n\t\t<meta name=\"twitter:description\" content=\"OENDDF HANDILEX - fundamentalrights - humanrights - handicap - inclusion - droit - justice - solidarit\u00e9 - nondiscrimination - \u00e9galit\u00e9 - equality\" \/>\n\t\t<meta name=\"twitter:creator\" content=\"@europeanobs\" \/>\n\t\t<meta name=\"twitter:image\" content=\"https:\/\/europeanobsndfr.org\/wp-content\/uploads\/2016\/11\/logo-oenddf.jpg\" \/>\n\t\t<script type=\"application\/ld+json\" class=\"aioseo-schema\">\n\t\t\t{\"@context\":\"https:\\\/\\\/schema.org\",\"@graph\":[{\"@type\":\"Article\",\"@id\":\"https:\\\/\\\/europeanobsndfr.org\\\/en\\\/actualites-fr\\\/asylum-migration-and-borders\\\/french-handilex-network\\\/#article\",\"name\":\"OENDDF HANDILEX - fundamentalrights - humanrights - handicap - inclusion - droit - justice - solidarit\\u00e9 - nondiscrimination - \\u00e9galit\\u00e9 - equality | O.E.N.D.D.F.\",\"headline\":\"France. Handilex Network.\",\"author\":{\"@id\":\"https:\\\/\\\/europeanobsndfr.org\\\/en\\\/author\\\/admin\\\/#author\"},\"publisher\":{\"@id\":\"https:\\\/\\\/europeanobsndfr.org\\\/en\\\/#organization\"},\"image\":{\"@type\":\"ImageObject\",\"url\":\"https:\\\/\\\/europeanobsndfr.org\\\/wp-content\\\/uploads\\\/2016\\\/11\\\/cropped-logo-oenddf.jpg\",\"@id\":\"https:\\\/\\\/europeanobsndfr.org\\\/en\\\/#articleImage\",\"width\":701,\"height\":600,\"caption\":\"Logo OENDDF\"},\"datePublished\":\"2018-10-07T14:30:33+01:00\",\"dateModified\":\"2019-01-25T20:05:43+01:00\",\"inLanguage\":\"en-GB\",\"mainEntityOfPage\":{\"@id\":\"https:\\\/\\\/europeanobsndfr.org\\\/en\\\/actualites-fr\\\/asylum-migration-and-borders\\\/french-handilex-network\\\/#webpage\"},\"isPartOf\":{\"@id\":\"https:\\\/\\\/europeanobsndfr.org\\\/en\\\/actualites-fr\\\/asylum-migration-and-borders\\\/french-handilex-network\\\/#webpage\"},\"articleSection\":\"Asile, immigration et fronti\\u00e8res\"},{\"@type\":\"BreadcrumbList\",\"@id\":\"https:\\\/\\\/europeanobsndfr.org\\\/en\\\/actualites-fr\\\/asylum-migration-and-borders\\\/french-handilex-network\\\/#breadcrumblist\",\"itemListElement\":[{\"@type\":\"ListItem\",\"@id\":\"https:\\\/\\\/europeanobsndfr.org\\\/en#listItem\",\"position\":1,\"name\":\"Accueil\",\"item\":\"https:\\\/\\\/europeanobsndfr.org\\\/en\",\"nextItem\":{\"@type\":\"ListItem\",\"@id\":\"https:\\\/\\\/europeanobsndfr.org\\\/en\\\/category\\\/actualites-fr\\\/#listItem\",\"name\":\"Actualit\\u00e9\"}},{\"@type\":\"ListItem\",\"@id\":\"https:\\\/\\\/europeanobsndfr.org\\\/en\\\/category\\\/actualites-fr\\\/#listItem\",\"position\":2,\"name\":\"Actualit\\u00e9\",\"item\":\"https:\\\/\\\/europeanobsndfr.org\\\/en\\\/category\\\/actualites-fr\\\/\",\"nextItem\":{\"@type\":\"ListItem\",\"@id\":\"https:\\\/\\\/europeanobsndfr.org\\\/en\\\/category\\\/actualites-fr\\\/asylum-migration-and-borders\\\/#listItem\",\"name\":\"Asile, immigration et fronti\\u00e8res\"},\"previousItem\":{\"@type\":\"ListItem\",\"@id\":\"https:\\\/\\\/europeanobsndfr.org\\\/en#listItem\",\"name\":\"Accueil\"}},{\"@type\":\"ListItem\",\"@id\":\"https:\\\/\\\/europeanobsndfr.org\\\/en\\\/category\\\/actualites-fr\\\/asylum-migration-and-borders\\\/#listItem\",\"position\":3,\"name\":\"Asile, immigration et fronti\\u00e8res\",\"item\":\"https:\\\/\\\/europeanobsndfr.org\\\/en\\\/category\\\/actualites-fr\\\/asylum-migration-and-borders\\\/\",\"nextItem\":{\"@type\":\"ListItem\",\"@id\":\"https:\\\/\\\/europeanobsndfr.org\\\/en\\\/actualites-fr\\\/asylum-migration-and-borders\\\/french-handilex-network\\\/#listItem\",\"name\":\"France. Handilex Network.\"},\"previousItem\":{\"@type\":\"ListItem\",\"@id\":\"https:\\\/\\\/europeanobsndfr.org\\\/en\\\/category\\\/actualites-fr\\\/#listItem\",\"name\":\"Actualit\\u00e9\"}},{\"@type\":\"ListItem\",\"@id\":\"https:\\\/\\\/europeanobsndfr.org\\\/en\\\/actualites-fr\\\/asylum-migration-and-borders\\\/french-handilex-network\\\/#listItem\",\"position\":4,\"name\":\"France. Handilex Network.\",\"previousItem\":{\"@type\":\"ListItem\",\"@id\":\"https:\\\/\\\/europeanobsndfr.org\\\/en\\\/category\\\/actualites-fr\\\/asylum-migration-and-borders\\\/#listItem\",\"name\":\"Asile, immigration et fronti\\u00e8res\"}}]},{\"@type\":\"Organization\",\"@id\":\"https:\\\/\\\/europeanobsndfr.org\\\/en\\\/#organization\",\"name\":\"OENDDF\",\"description\":\"Organisation Internationale Non-Gouvernementale\",\"url\":\"https:\\\/\\\/europeanobsndfr.org\\\/en\\\/\",\"logo\":{\"@type\":\"ImageObject\",\"url\":\"https:\\\/\\\/europeanobsndfr.org\\\/wp-content\\\/uploads\\\/2016\\\/11\\\/cropped-logo-oenddf.jpg\",\"@id\":\"https:\\\/\\\/europeanobsndfr.org\\\/en\\\/actualites-fr\\\/asylum-migration-and-borders\\\/french-handilex-network\\\/#organizationLogo\",\"width\":701,\"height\":600,\"caption\":\"Logo OENDDF\"},\"image\":{\"@id\":\"https:\\\/\\\/europeanobsndfr.org\\\/en\\\/actualites-fr\\\/asylum-migration-and-borders\\\/french-handilex-network\\\/#organizationLogo\"},\"sameAs\":[\"https:\\\/\\\/twitter.com\\\/europeanobs\",\"https:\\\/\\\/www.instagram.com\\\/oenddf_ngo\\\/\",\"https:\\\/\\\/www.youtube.com\\\/channel\\\/UCO9vz5fybFw1Q8pvN00CDgA\"]},{\"@type\":\"Person\",\"@id\":\"https:\\\/\\\/europeanobsndfr.org\\\/en\\\/author\\\/admin\\\/#author\",\"url\":\"https:\\\/\\\/europeanobsndfr.org\\\/en\\\/author\\\/admin\\\/\",\"name\":\"OENDDF\",\"image\":{\"@type\":\"ImageObject\",\"@id\":\"https:\\\/\\\/europeanobsndfr.org\\\/en\\\/actualites-fr\\\/asylum-migration-and-borders\\\/french-handilex-network\\\/#authorImage\",\"url\":\"https:\\\/\\\/secure.gravatar.com\\\/avatar\\\/f64bd673bdf1f612f36226606d41703598d9c028a910d72b461acb19a72f63d5?s=96&d=mm&r=g\",\"width\":96,\"height\":96,\"caption\":\"OENDDF\"}},{\"@type\":\"WebPage\",\"@id\":\"https:\\\/\\\/europeanobsndfr.org\\\/en\\\/actualites-fr\\\/asylum-migration-and-borders\\\/french-handilex-network\\\/#webpage\",\"url\":\"https:\\\/\\\/europeanobsndfr.org\\\/en\\\/actualites-fr\\\/asylum-migration-and-borders\\\/french-handilex-network\\\/\",\"name\":\"OENDDF HANDILEX - fundamentalrights - humanrights - handicap - inclusion - droit - justice - solidarit\\u00e9 - nondiscrimination - \\u00e9galit\\u00e9 - equality | O.E.N.D.D.F.\",\"description\":\"OENDDF HANDILEX - fundamentalrights - humanrights - handicap - inclusion - droit - justice - solidarit\\u00e9 - nondiscrimination - \\u00e9galit\\u00e9 - equality\",\"inLanguage\":\"en-GB\",\"isPartOf\":{\"@id\":\"https:\\\/\\\/europeanobsndfr.org\\\/en\\\/#website\"},\"breadcrumb\":{\"@id\":\"https:\\\/\\\/europeanobsndfr.org\\\/en\\\/actualites-fr\\\/asylum-migration-and-borders\\\/french-handilex-network\\\/#breadcrumblist\"},\"author\":{\"@id\":\"https:\\\/\\\/europeanobsndfr.org\\\/en\\\/author\\\/admin\\\/#author\"},\"creator\":{\"@id\":\"https:\\\/\\\/europeanobsndfr.org\\\/en\\\/author\\\/admin\\\/#author\"},\"datePublished\":\"2018-10-07T14:30:33+01:00\",\"dateModified\":\"2019-01-25T20:05:43+01:00\"},{\"@type\":\"WebSite\",\"@id\":\"https:\\\/\\\/europeanobsndfr.org\\\/en\\\/#website\",\"url\":\"https:\\\/\\\/europeanobsndfr.org\\\/en\\\/\",\"name\":\"Observatoire Europ\\u00e9en de la Non-Discrimination et des Droits Fondamentaux\",\"description\":\"Organisation Internationale Non-Gouvernementale\",\"inLanguage\":\"en-GB\",\"publisher\":{\"@id\":\"https:\\\/\\\/europeanobsndfr.org\\\/en\\\/#organization\"}}]}\n\t\t<\/script>\n\t\t<!-- All in One SEO -->\n\n","aioseo_head_json":{"title":"OENDDF HANDILEX - fundamentalrights - humanrights - handicap - inclusion - droit - justice - solidarit\u00e9 - nondiscrimination - \u00e9galit\u00e9 - equality | O.E.N.D.D.F.","description":"OENDDF HANDILEX - fundamentalrights - humanrights - handicap - inclusion - droit - justice - solidarit\u00e9 - nondiscrimination - \u00e9galit\u00e9 - equality","canonical_url":"https:\/\/europeanobsndfr.org\/en\/actualites-fr\/asylum-migration-and-borders\/french-handilex-network\/","robots":"max-snippet:-1, max-image-preview:large, max-video-preview:-1","keywords":"","webmasterTools":{"google-site-verification":"KZsAbCyd-Ww06m2-MlFPa7EphgzWqs90ra8o0LfM_K8","miscellaneous":""},"schema":{"@context":"https:\/\/schema.org","@graph":[{"@type":"Article","@id":"https:\/\/europeanobsndfr.org\/en\/actualites-fr\/asylum-migration-and-borders\/french-handilex-network\/#article","name":"OENDDF HANDILEX - fundamentalrights - humanrights - handicap - inclusion - droit - justice - solidarit\u00e9 - nondiscrimination - \u00e9galit\u00e9 - equality | O.E.N.D.D.F.","headline":"France. Handilex Network.","author":{"@id":"https:\/\/europeanobsndfr.org\/en\/author\/admin\/#author"},"publisher":{"@id":"https:\/\/europeanobsndfr.org\/en\/#organization"},"image":{"@type":"ImageObject","url":"https:\/\/europeanobsndfr.org\/wp-content\/uploads\/2016\/11\/cropped-logo-oenddf.jpg","@id":"https:\/\/europeanobsndfr.org\/en\/#articleImage","width":701,"height":600,"caption":"Logo OENDDF"},"datePublished":"2018-10-07T14:30:33+01:00","dateModified":"2019-01-25T20:05:43+01:00","inLanguage":"en-GB","mainEntityOfPage":{"@id":"https:\/\/europeanobsndfr.org\/en\/actualites-fr\/asylum-migration-and-borders\/french-handilex-network\/#webpage"},"isPartOf":{"@id":"https:\/\/europeanobsndfr.org\/en\/actualites-fr\/asylum-migration-and-borders\/french-handilex-network\/#webpage"},"articleSection":"Asile, immigration et fronti\u00e8res"},{"@type":"BreadcrumbList","@id":"https:\/\/europeanobsndfr.org\/en\/actualites-fr\/asylum-migration-and-borders\/french-handilex-network\/#breadcrumblist","itemListElement":[{"@type":"ListItem","@id":"https:\/\/europeanobsndfr.org\/en#listItem","position":1,"name":"Accueil","item":"https:\/\/europeanobsndfr.org\/en","nextItem":{"@type":"ListItem","@id":"https:\/\/europeanobsndfr.org\/en\/category\/actualites-fr\/#listItem","name":"Actualit\u00e9"}},{"@type":"ListItem","@id":"https:\/\/europeanobsndfr.org\/en\/category\/actualites-fr\/#listItem","position":2,"name":"Actualit\u00e9","item":"https:\/\/europeanobsndfr.org\/en\/category\/actualites-fr\/","nextItem":{"@type":"ListItem","@id":"https:\/\/europeanobsndfr.org\/en\/category\/actualites-fr\/asylum-migration-and-borders\/#listItem","name":"Asile, immigration et fronti\u00e8res"},"previousItem":{"@type":"ListItem","@id":"https:\/\/europeanobsndfr.org\/en#listItem","name":"Accueil"}},{"@type":"ListItem","@id":"https:\/\/europeanobsndfr.org\/en\/category\/actualites-fr\/asylum-migration-and-borders\/#listItem","position":3,"name":"Asile, immigration et fronti\u00e8res","item":"https:\/\/europeanobsndfr.org\/en\/category\/actualites-fr\/asylum-migration-and-borders\/","nextItem":{"@type":"ListItem","@id":"https:\/\/europeanobsndfr.org\/en\/actualites-fr\/asylum-migration-and-borders\/french-handilex-network\/#listItem","name":"France. Handilex Network."},"previousItem":{"@type":"ListItem","@id":"https:\/\/europeanobsndfr.org\/en\/category\/actualites-fr\/#listItem","name":"Actualit\u00e9"}},{"@type":"ListItem","@id":"https:\/\/europeanobsndfr.org\/en\/actualites-fr\/asylum-migration-and-borders\/french-handilex-network\/#listItem","position":4,"name":"France. Handilex Network.","previousItem":{"@type":"ListItem","@id":"https:\/\/europeanobsndfr.org\/en\/category\/actualites-fr\/asylum-migration-and-borders\/#listItem","name":"Asile, immigration et fronti\u00e8res"}}]},{"@type":"Organization","@id":"https:\/\/europeanobsndfr.org\/en\/#organization","name":"OENDDF","description":"Organisation Internationale Non-Gouvernementale","url":"https:\/\/europeanobsndfr.org\/en\/","logo":{"@type":"ImageObject","url":"https:\/\/europeanobsndfr.org\/wp-content\/uploads\/2016\/11\/cropped-logo-oenddf.jpg","@id":"https:\/\/europeanobsndfr.org\/en\/actualites-fr\/asylum-migration-and-borders\/french-handilex-network\/#organizationLogo","width":701,"height":600,"caption":"Logo OENDDF"},"image":{"@id":"https:\/\/europeanobsndfr.org\/en\/actualites-fr\/asylum-migration-and-borders\/french-handilex-network\/#organizationLogo"},"sameAs":["https:\/\/twitter.com\/europeanobs","https:\/\/www.instagram.com\/oenddf_ngo\/","https:\/\/www.youtube.com\/channel\/UCO9vz5fybFw1Q8pvN00CDgA"]},{"@type":"Person","@id":"https:\/\/europeanobsndfr.org\/en\/author\/admin\/#author","url":"https:\/\/europeanobsndfr.org\/en\/author\/admin\/","name":"OENDDF","image":{"@type":"ImageObject","@id":"https:\/\/europeanobsndfr.org\/en\/actualites-fr\/asylum-migration-and-borders\/french-handilex-network\/#authorImage","url":"https:\/\/secure.gravatar.com\/avatar\/f64bd673bdf1f612f36226606d41703598d9c028a910d72b461acb19a72f63d5?s=96&d=mm&r=g","width":96,"height":96,"caption":"OENDDF"}},{"@type":"WebPage","@id":"https:\/\/europeanobsndfr.org\/en\/actualites-fr\/asylum-migration-and-borders\/french-handilex-network\/#webpage","url":"https:\/\/europeanobsndfr.org\/en\/actualites-fr\/asylum-migration-and-borders\/french-handilex-network\/","name":"OENDDF HANDILEX - fundamentalrights - humanrights - handicap - inclusion - droit - justice - solidarit\u00e9 - nondiscrimination - \u00e9galit\u00e9 - equality | O.E.N.D.D.F.","description":"OENDDF HANDILEX - fundamentalrights - humanrights - handicap - inclusion - droit - justice - solidarit\u00e9 - nondiscrimination - \u00e9galit\u00e9 - equality","inLanguage":"en-GB","isPartOf":{"@id":"https:\/\/europeanobsndfr.org\/en\/#website"},"breadcrumb":{"@id":"https:\/\/europeanobsndfr.org\/en\/actualites-fr\/asylum-migration-and-borders\/french-handilex-network\/#breadcrumblist"},"author":{"@id":"https:\/\/europeanobsndfr.org\/en\/author\/admin\/#author"},"creator":{"@id":"https:\/\/europeanobsndfr.org\/en\/author\/admin\/#author"},"datePublished":"2018-10-07T14:30:33+01:00","dateModified":"2019-01-25T20:05:43+01:00"},{"@type":"WebSite","@id":"https:\/\/europeanobsndfr.org\/en\/#website","url":"https:\/\/europeanobsndfr.org\/en\/","name":"Observatoire Europ\u00e9en de la Non-Discrimination et des Droits Fondamentaux","description":"Organisation Internationale Non-Gouvernementale","inLanguage":"en-GB","publisher":{"@id":"https:\/\/europeanobsndfr.org\/en\/#organization"}}]},"og:locale":"en_GB","og:site_name":"Observatoire Europ\u00e9en de la Non-Discrimination et des Droits Fondamentaux","og:type":"non_profit","og:title":"OENDDF HANDILEX - fundamentalrights - humanrights - handicap - inclusion - droit - justice - solidarit\u00e9 - nondiscrimination - \u00e9galit\u00e9 - equality | O.E.N.D.D.F.","og:description":"OENDDF HANDILEX - fundamentalrights - humanrights - handicap - inclusion - droit - justice - solidarit\u00e9 - nondiscrimination - \u00e9galit\u00e9 - equality","og:url":"https:\/\/europeanobsndfr.org\/en\/actualites-fr\/asylum-migration-and-borders\/french-handilex-network\/","og:image":"https:\/\/europeanobsndfr.org\/wp-content\/uploads\/2016\/11\/logo-oenddf.jpg","og:image:secure_url":"https:\/\/europeanobsndfr.org\/wp-content\/uploads\/2016\/11\/logo-oenddf.jpg","og:image:width":830,"og:image:height":600,"twitter:card":"summary","twitter:site":"@europeanobs","twitter:title":"OENDDF HANDILEX - fundamentalrights - humanrights - handicap - inclusion - droit - justice - solidarit\u00e9 - nondiscrimination - \u00e9galit\u00e9 - equality | O.E.N.D.D.F.","twitter:description":"OENDDF HANDILEX - fundamentalrights - humanrights - handicap - inclusion - droit - justice - solidarit\u00e9 - nondiscrimination - \u00e9galit\u00e9 - equality","twitter:creator":"@europeanobs","twitter:image":"https:\/\/europeanobsndfr.org\/wp-content\/uploads\/2016\/11\/logo-oenddf.jpg"},"aioseo_meta_data":{"post_id":"12879","title":"OENDDF HANDILEX  - fundamentalrights - humanrights - handicap - inclusion - droit - justice - solidarit\u00e9 - nondiscrimination\u00a0- \u00e9galit\u00e9\u00a0- equality | O.E.N.D.D.F.","description":"OENDDF HANDILEX  - fundamentalrights - humanrights - handicap - inclusion - droit - justice - solidarit\u00e9 - nondiscrimination\u00a0- \u00e9galit\u00e9\u00a0- equality","keywords":null,"keyphrases":null,"primary_term":null,"canonical_url":null,"og_title":"","og_description":"","og_object_type":"non_profit","og_image_type":"default","og_image_url":null,"og_image_width":null,"og_image_height":null,"og_image_custom_url":null,"og_image_custom_fields":null,"og_video":"","og_custom_url":null,"og_article_section":"","og_article_tags":"","twitter_use_og":false,"twitter_card":"summary","twitter_image_type":"default","twitter_image_url":null,"twitter_image_custom_url":null,"twitter_image_custom_fields":null,"twitter_title":null,"twitter_description":null,"schema":{"blockGraphs":[],"customGraphs":[],"default":{"data":{"Article":[],"Course":[],"Dataset":[],"FAQPage":[],"Movie":[],"Person":[],"Product":[],"ProductReview":[],"Car":[],"Recipe":[],"Service":[],"SoftwareApplication":[],"WebPage":[]},"graphName":"","isEnabled":true},"graphs":[],"defaultGraph":"","defaultPostTypeGraph":""},"schema_type":null,"schema_type_options":null,"pillar_content":false,"robots_default":true,"robots_noindex":false,"robots_noarchive":false,"robots_nosnippet":false,"robots_nofollow":false,"robots_noimageindex":false,"robots_noodp":false,"robots_notranslate":false,"robots_max_snippet":null,"robots_max_videopreview":null,"robots_max_imagepreview":"large","priority":null,"frequency":null,"local_seo":null,"breadcrumb_settings":null,"limit_modified_date":false,"ai":null,"created":"2021-01-22 17:55:53","updated":"2025-08-01 13:34:11","focus_keyword":null,"additional_keywords":null,"truseo_locale":null,"seo_analyzer_scan_date":null},"jetpack_featured_media_url":"","jetpack-related-posts":[],"jetpack_sharing_enabled":true,"_links":{"self":[{"href":"https:\/\/europeanobsndfr.org\/en\/wp-json\/wp\/v2\/posts\/12879","targetHints":{"allow":["GET"]}}],"collection":[{"href":"https:\/\/europeanobsndfr.org\/en\/wp-json\/wp\/v2\/posts"}],"about":[{"href":"https:\/\/europeanobsndfr.org\/en\/wp-json\/wp\/v2\/types\/post"}],"author":[{"embeddable":true,"href":"https:\/\/europeanobsndfr.org\/en\/wp-json\/wp\/v2\/users\/1"}],"replies":[{"embeddable":true,"href":"https:\/\/europeanobsndfr.org\/en\/wp-json\/wp\/v2\/comments?post=12879"}],"version-history":[{"count":0,"href":"https:\/\/europeanobsndfr.org\/en\/wp-json\/wp\/v2\/posts\/12879\/revisions"}],"wp:attachment":[{"href":"https:\/\/europeanobsndfr.org\/en\/wp-json\/wp\/v2\/media?parent=12879"}],"wp:term":[{"taxonomy":"category","embeddable":true,"href":"https:\/\/europeanobsndfr.org\/en\/wp-json\/wp\/v2\/categories?post=12879"},{"taxonomy":"post_tag","embeddable":true,"href":"https:\/\/europeanobsndfr.org\/en\/wp-json\/wp\/v2\/tags?post=12879"}],"curies":[{"name":"wp","href":"https:\/\/api.w.org\/{rel}","templated":true}]}}