{"id":13416,"date":"2018-11-18T17:20:24","date_gmt":"2018-11-18T17:20:24","guid":{"rendered":"https:\/\/europeanobsndfr.org\/?p=13416"},"modified":"2018-12-02T16:59:26","modified_gmt":"2018-12-02T16:59:26","slug":"rouen-des-casiers-jaunes-a-bagages-avec-une-cle-sont-mis-a-la-disposition-des-personnes-sans-abri-qui-peuvent-y-ranger-leurs-sacs-et-leurs-papiers","status":"publish","type":"post","link":"https:\/\/europeanobsndfr.org\/en\/actualites-fr\/combat-contre-pauvrete\/rouen-des-casiers-jaunes-a-bagages-avec-une-cle-sont-mis-a-la-disposition-des-personnes-sans-abri-qui-peuvent-y-ranger-leurs-sacs-et-leurs-papiers\/","title":{"rendered":"Rouen. Des casiers jaunes \u00e0 bagages avec une cl\u00e9 sont mis \u00e0 la disposition des personnes sans-abri qui peuvent y ranger leurs sacs et leurs papiers."},"content":{"rendered":"<p style=\"text-align: justify;\"><span class=\"_5mfr\"><span class=\"_6qdm\">&#x25b6;&#xfe0f;<\/span><\/span> <strong>A Rouen (FRANCE)<\/strong>, des casiers jaunes \u00e0 bagages avec une cl\u00e9 sont mis \u00e0 la disposition des personnes sans-abri qui peuvent y ranger leurs sacs et leurs papiers.<\/p>\n<p style=\"text-align: justify;\"><span class=\"_5mfr\"><span class=\"_6qdm\">&#x25b6;&#xfe0f;<\/span><\/span> Ces casiers sont r\u00e9partis dans six lieux de la ville, qui font l&rsquo;objet d&rsquo;une vid\u00e9osurveillance. Chaque compartiment individuel fermera \u00e9videmment \u00e0 cl\u00e9 et sera attribu\u00e9 \u00e0 une seule personne pour une dur\u00e9e de six mois renouvelable, en \u00e9change d&rsquo;un contrat moral, invitant notamment la personne sans-abri \u00e0 tout mettre en \u0153uvre pour sortir de sa situation. Cette id\u00e9e, d\u00e9j\u00e0 bien implant\u00e9e au Portugal, fait des \u00e9mules, puisque Bordeaux, Reims et Caen envisagent d\u00e9j\u00e0 d&rsquo;imiter la capitale normande.<\/p>\n<p style=\"text-align: justify;\"><span class=\"_5mfr\"><span class=\"_6qdm\">&#x25b6;&#xfe0f;<\/span><\/span> Cette excellente initiative ne doit pas nous faire oublier que seule une solution de relogement, avec un contrat de bail sign\u00e9 et une cl\u00e9, permet une r\u00e9insertion sociale et professionnelle durable des personnes sans-abri.<\/p>\n<p style=\"text-align: justify;\"><strong><span style=\"text-decoration: underline;\">Sources :\u00a0<a href=\"http:\/\/m.leparisien.fr\/societe\/rouen-installe-des-casiers-a-bagages-pour-aider-les-sdf-19-10-2017-7341834.php?fbclid=IwAR25JI-NSuHdrLjH-bDZqTMt0eVeTkbX1q1cz_so5qOr3x8XkS3VDqLn_88\">http:\/\/LeParisien.fr\/Rouen-installe-des-casiers-a-bagages-pour-aider-les-personnes-sans-abri<\/a><\/span><\/strong><\/p>","protected":false},"excerpt":{"rendered":"<p>&#x25b6;&#xfe0f; A Rouen (FRANCE), des casiers jaunes \u00e0 bagages avec une cl\u00e9 sont mis \u00e0 la disposition des personnes sans-abri qui peuvent y ranger leurs sacs et leurs papiers. &#x25b6;&#xfe0f; Ces casiers sont r\u00e9partis dans six lieux de la ville, qui font l&rsquo;objet d&rsquo;une vid\u00e9osurveillance. Chaque compartiment individuel fermera \u00e9videmment \u00e0 cl\u00e9 et sera attribu\u00e9&#8230;<\/p>","protected":false},"author":1,"featured_media":0,"comment_status":"closed","ping_status":"closed","sticky":false,"template":"","format":"standard","meta":{"give_campaign_id":0,"_kadence_starter_templates_imported_post":false,"_kad_post_transparent":"","_kad_post_title":"","_kad_post_layout":"","_kad_post_sidebar_id":"","_kad_post_content_style":"","_kad_post_vertical_padding":"","_kad_post_feature":"","_kad_post_feature_position":"","_kad_post_header":false,"_kad_post_footer":false,"_kad_post_classname":"","_jetpack_memberships_contains_paid_content":false,"footnotes":""},"categories":[44],"tags":[],"class_list":["post-13416","post","type-post","status-publish","format-standard","hentry","category-combat-contre-pauvrete"],"aioseo_notices":[],"aioseo_head":"\n\t\t<!-- All in One SEO 5.0.1.1 - aioseo.com -->\n\t<meta name=\"description\" content=\"Rouen : des casiers jaunes \u00e0 bagages avec une cl\u00e9 sont mis \u00e0 la disposition des personnes sans-abri qui peuvent y ranger leurs sacs et leurs papiers.\" \/>\n\t<meta name=\"robots\" content=\"max-snippet:-1, max-image-preview:large, max-video-preview:-1\" \/>\n\t<meta name=\"author\" content=\"OENDDF\"\/>\n\t<meta name=\"google-site-verification\" content=\"KZsAbCyd-Ww06m2-MlFPa7EphgzWqs90ra8o0LfM_K8\" \/>\n\t<link rel=\"canonical\" href=\"https:\/\/europeanobsndfr.org\/en\/actualites-fr\/combat-contre-pauvrete\/rouen-des-casiers-jaunes-a-bagages-avec-une-cle-sont-mis-a-la-disposition-des-personnes-sans-abri-qui-peuvent-y-ranger-leurs-sacs-et-leurs-papiers\/\" \/>\n\t<meta name=\"generator\" content=\"All in One SEO (AIOSEO) 5.0.1.1\" \/>\n\t\t<meta property=\"og:locale\" content=\"en_GB\" \/>\n\t\t<meta property=\"og:site_name\" content=\"Observatoire Europ\u00e9en de la Non-Discrimination et des Droits Fondamentaux\" \/>\n\t\t<meta property=\"og:type\" content=\"non_profit\" \/>\n\t\t<meta property=\"og:title\" content=\"Rouen : des casiers jaunes \u00e0 bagages avec une cl\u00e9 sont mis \u00e0 la disposition des personnes sans-abri qui peuvent y ranger leurs sacs et leurs papiers. | O.E.N.D.D.F.\" \/>\n\t\t<meta property=\"og:description\" content=\"Rouen : des casiers jaunes \u00e0 bagages avec une cl\u00e9 sont mis \u00e0 la disposition des personnes sans-abri qui peuvent y ranger leurs sacs et leurs papiers.\" \/>\n\t\t<meta property=\"og:url\" content=\"https:\/\/europeanobsndfr.org\/en\/actualites-fr\/combat-contre-pauvrete\/rouen-des-casiers-jaunes-a-bagages-avec-une-cle-sont-mis-a-la-disposition-des-personnes-sans-abri-qui-peuvent-y-ranger-leurs-sacs-et-leurs-papiers\/\" \/>\n\t\t<meta property=\"og:image\" content=\"https:\/\/europeanobsndfr.org\/wp-content\/uploads\/2016\/11\/logo-oenddf.jpg\" \/>\n\t\t<meta property=\"og:image:secure_url\" content=\"https:\/\/europeanobsndfr.org\/wp-content\/uploads\/2016\/11\/logo-oenddf.jpg\" \/>\n\t\t<meta property=\"og:image:width\" content=\"830\" \/>\n\t\t<meta property=\"og:image:height\" content=\"600\" \/>\n\t\t<meta name=\"twitter:card\" content=\"summary\" \/>\n\t\t<meta name=\"twitter:site\" content=\"@europeanobs\" \/>\n\t\t<meta name=\"twitter:title\" content=\"Rouen : des casiers jaunes \u00e0 bagages avec une cl\u00e9 sont mis \u00e0 la disposition des personnes sans-abri qui peuvent y ranger leurs sacs et leurs papiers. | O.E.N.D.D.F.\" \/>\n\t\t<meta name=\"twitter:description\" content=\"Rouen : des casiers jaunes \u00e0 bagages avec une cl\u00e9 sont mis \u00e0 la disposition des personnes sans-abri qui peuvent y ranger leurs sacs et leurs papiers.\" \/>\n\t\t<meta name=\"twitter:creator\" content=\"@europeanobs\" \/>\n\t\t<meta name=\"twitter:image\" content=\"https:\/\/europeanobsndfr.org\/wp-content\/uploads\/2016\/11\/logo-oenddf.jpg\" \/>\n\t\t<script type=\"application\/ld+json\" class=\"aioseo-schema\">\n\t\t\t{\"@context\":\"https:\\\/\\\/schema.org\",\"@graph\":[{\"@type\":\"Article\",\"@id\":\"https:\\\/\\\/europeanobsndfr.org\\\/en\\\/actualites-fr\\\/combat-contre-pauvrete\\\/rouen-des-casiers-jaunes-a-bagages-avec-une-cle-sont-mis-a-la-disposition-des-personnes-sans-abri-qui-peuvent-y-ranger-leurs-sacs-et-leurs-papiers\\\/#article\",\"name\":\"Rouen : des casiers jaunes \\u00e0 bagages avec une cl\\u00e9 sont mis \\u00e0 la disposition des personnes sans-abri qui peuvent y ranger leurs sacs et leurs papiers. | O.E.N.D.D.F.\",\"headline\":\"Rouen. Des casiers jaunes \\u00e0 bagages avec une cl\\u00e9 sont mis \\u00e0 la disposition des personnes sans-abri qui peuvent y ranger leurs sacs et leurs papiers.\",\"author\":{\"@id\":\"https:\\\/\\\/europeanobsndfr.org\\\/en\\\/author\\\/admin\\\/#author\"},\"publisher\":{\"@id\":\"https:\\\/\\\/europeanobsndfr.org\\\/en\\\/#organization\"},\"image\":{\"@type\":\"ImageObject\",\"url\":\"https:\\\/\\\/europeanobsndfr.org\\\/wp-content\\\/uploads\\\/2016\\\/11\\\/cropped-logo-oenddf.jpg\",\"@id\":\"https:\\\/\\\/europeanobsndfr.org\\\/en\\\/#articleImage\",\"width\":701,\"height\":600,\"caption\":\"Logo OENDDF\"},\"datePublished\":\"2018-11-18T17:20:24+01:00\",\"dateModified\":\"2018-12-02T16:59:26+01:00\",\"inLanguage\":\"en-GB\",\"mainEntityOfPage\":{\"@id\":\"https:\\\/\\\/europeanobsndfr.org\\\/en\\\/actualites-fr\\\/combat-contre-pauvrete\\\/rouen-des-casiers-jaunes-a-bagages-avec-une-cle-sont-mis-a-la-disposition-des-personnes-sans-abri-qui-peuvent-y-ranger-leurs-sacs-et-leurs-papiers\\\/#webpage\"},\"isPartOf\":{\"@id\":\"https:\\\/\\\/europeanobsndfr.org\\\/en\\\/actualites-fr\\\/combat-contre-pauvrete\\\/rouen-des-casiers-jaunes-a-bagages-avec-une-cle-sont-mis-a-la-disposition-des-personnes-sans-abri-qui-peuvent-y-ranger-leurs-sacs-et-leurs-papiers\\\/#webpage\"},\"articleSection\":\"Combat contre la pauvret\\u00e9, contre l'exclusion sociale et en faveur de l'inclusion sociale\"},{\"@type\":\"BreadcrumbList\",\"@id\":\"https:\\\/\\\/europeanobsndfr.org\\\/en\\\/actualites-fr\\\/combat-contre-pauvrete\\\/rouen-des-casiers-jaunes-a-bagages-avec-une-cle-sont-mis-a-la-disposition-des-personnes-sans-abri-qui-peuvent-y-ranger-leurs-sacs-et-leurs-papiers\\\/#breadcrumblist\",\"itemListElement\":[{\"@type\":\"ListItem\",\"@id\":\"https:\\\/\\\/europeanobsndfr.org\\\/en#listItem\",\"position\":1,\"name\":\"Accueil\",\"item\":\"https:\\\/\\\/europeanobsndfr.org\\\/en\",\"nextItem\":{\"@type\":\"ListItem\",\"@id\":\"https:\\\/\\\/europeanobsndfr.org\\\/en\\\/category\\\/actualites-fr\\\/#listItem\",\"name\":\"Actualit\\u00e9\"}},{\"@type\":\"ListItem\",\"@id\":\"https:\\\/\\\/europeanobsndfr.org\\\/en\\\/category\\\/actualites-fr\\\/#listItem\",\"position\":2,\"name\":\"Actualit\\u00e9\",\"item\":\"https:\\\/\\\/europeanobsndfr.org\\\/en\\\/category\\\/actualites-fr\\\/\",\"nextItem\":{\"@type\":\"ListItem\",\"@id\":\"https:\\\/\\\/europeanobsndfr.org\\\/en\\\/category\\\/actualites-fr\\\/combat-contre-pauvrete\\\/#listItem\",\"name\":\"Combat contre la pauvret\\u00e9, contre l'exclusion sociale et en faveur de l'inclusion sociale\"},\"previousItem\":{\"@type\":\"ListItem\",\"@id\":\"https:\\\/\\\/europeanobsndfr.org\\\/en#listItem\",\"name\":\"Accueil\"}},{\"@type\":\"ListItem\",\"@id\":\"https:\\\/\\\/europeanobsndfr.org\\\/en\\\/category\\\/actualites-fr\\\/combat-contre-pauvrete\\\/#listItem\",\"position\":3,\"name\":\"Combat contre la pauvret\\u00e9, contre l'exclusion sociale et en faveur de l'inclusion sociale\",\"item\":\"https:\\\/\\\/europeanobsndfr.org\\\/en\\\/category\\\/actualites-fr\\\/combat-contre-pauvrete\\\/\",\"nextItem\":{\"@type\":\"ListItem\",\"@id\":\"https:\\\/\\\/europeanobsndfr.org\\\/en\\\/actualites-fr\\\/combat-contre-pauvrete\\\/rouen-des-casiers-jaunes-a-bagages-avec-une-cle-sont-mis-a-la-disposition-des-personnes-sans-abri-qui-peuvent-y-ranger-leurs-sacs-et-leurs-papiers\\\/#listItem\",\"name\":\"Rouen. Des casiers jaunes \\u00e0 bagages avec une cl\\u00e9 sont mis \\u00e0 la disposition des personnes sans-abri qui peuvent y ranger leurs sacs et leurs papiers.\"},\"previousItem\":{\"@type\":\"ListItem\",\"@id\":\"https:\\\/\\\/europeanobsndfr.org\\\/en\\\/category\\\/actualites-fr\\\/#listItem\",\"name\":\"Actualit\\u00e9\"}},{\"@type\":\"ListItem\",\"@id\":\"https:\\\/\\\/europeanobsndfr.org\\\/en\\\/actualites-fr\\\/combat-contre-pauvrete\\\/rouen-des-casiers-jaunes-a-bagages-avec-une-cle-sont-mis-a-la-disposition-des-personnes-sans-abri-qui-peuvent-y-ranger-leurs-sacs-et-leurs-papiers\\\/#listItem\",\"position\":4,\"name\":\"Rouen. Des casiers jaunes \\u00e0 bagages avec une cl\\u00e9 sont mis \\u00e0 la disposition des personnes sans-abri qui peuvent y ranger leurs sacs et leurs papiers.\",\"previousItem\":{\"@type\":\"ListItem\",\"@id\":\"https:\\\/\\\/europeanobsndfr.org\\\/en\\\/category\\\/actualites-fr\\\/combat-contre-pauvrete\\\/#listItem\",\"name\":\"Combat contre la pauvret\\u00e9, contre l'exclusion sociale et en faveur de l'inclusion sociale\"}}]},{\"@type\":\"Organization\",\"@id\":\"https:\\\/\\\/europeanobsndfr.org\\\/en\\\/#organization\",\"name\":\"OENDDF\",\"description\":\"Organisation Internationale Non-Gouvernementale\",\"url\":\"https:\\\/\\\/europeanobsndfr.org\\\/en\\\/\",\"logo\":{\"@type\":\"ImageObject\",\"url\":\"https:\\\/\\\/europeanobsndfr.org\\\/wp-content\\\/uploads\\\/2016\\\/11\\\/cropped-logo-oenddf.jpg\",\"@id\":\"https:\\\/\\\/europeanobsndfr.org\\\/en\\\/actualites-fr\\\/combat-contre-pauvrete\\\/rouen-des-casiers-jaunes-a-bagages-avec-une-cle-sont-mis-a-la-disposition-des-personnes-sans-abri-qui-peuvent-y-ranger-leurs-sacs-et-leurs-papiers\\\/#organizationLogo\",\"width\":701,\"height\":600,\"caption\":\"Logo OENDDF\"},\"image\":{\"@id\":\"https:\\\/\\\/europeanobsndfr.org\\\/en\\\/actualites-fr\\\/combat-contre-pauvrete\\\/rouen-des-casiers-jaunes-a-bagages-avec-une-cle-sont-mis-a-la-disposition-des-personnes-sans-abri-qui-peuvent-y-ranger-leurs-sacs-et-leurs-papiers\\\/#organizationLogo\"},\"sameAs\":[\"https:\\\/\\\/twitter.com\\\/europeanobs\",\"https:\\\/\\\/www.instagram.com\\\/oenddf_ngo\\\/\",\"https:\\\/\\\/www.youtube.com\\\/channel\\\/UCO9vz5fybFw1Q8pvN00CDgA\"]},{\"@type\":\"Person\",\"@id\":\"https:\\\/\\\/europeanobsndfr.org\\\/en\\\/author\\\/admin\\\/#author\",\"url\":\"https:\\\/\\\/europeanobsndfr.org\\\/en\\\/author\\\/admin\\\/\",\"name\":\"OENDDF\",\"image\":{\"@type\":\"ImageObject\",\"@id\":\"https:\\\/\\\/europeanobsndfr.org\\\/en\\\/actualites-fr\\\/combat-contre-pauvrete\\\/rouen-des-casiers-jaunes-a-bagages-avec-une-cle-sont-mis-a-la-disposition-des-personnes-sans-abri-qui-peuvent-y-ranger-leurs-sacs-et-leurs-papiers\\\/#authorImage\",\"url\":\"https:\\\/\\\/secure.gravatar.com\\\/avatar\\\/f64bd673bdf1f612f36226606d41703598d9c028a910d72b461acb19a72f63d5?s=96&d=mm&r=g\",\"width\":96,\"height\":96,\"caption\":\"OENDDF\"}},{\"@type\":\"WebPage\",\"@id\":\"https:\\\/\\\/europeanobsndfr.org\\\/en\\\/actualites-fr\\\/combat-contre-pauvrete\\\/rouen-des-casiers-jaunes-a-bagages-avec-une-cle-sont-mis-a-la-disposition-des-personnes-sans-abri-qui-peuvent-y-ranger-leurs-sacs-et-leurs-papiers\\\/#webpage\",\"url\":\"https:\\\/\\\/europeanobsndfr.org\\\/en\\\/actualites-fr\\\/combat-contre-pauvrete\\\/rouen-des-casiers-jaunes-a-bagages-avec-une-cle-sont-mis-a-la-disposition-des-personnes-sans-abri-qui-peuvent-y-ranger-leurs-sacs-et-leurs-papiers\\\/\",\"name\":\"Rouen : des casiers jaunes \\u00e0 bagages avec une cl\\u00e9 sont mis \\u00e0 la disposition des personnes sans-abri qui peuvent y ranger leurs sacs et leurs papiers. | O.E.N.D.D.F.\",\"description\":\"Rouen : des casiers jaunes \\u00e0 bagages avec une cl\\u00e9 sont mis \\u00e0 la disposition des personnes sans-abri qui peuvent y ranger leurs sacs et leurs papiers.\",\"inLanguage\":\"en-GB\",\"isPartOf\":{\"@id\":\"https:\\\/\\\/europeanobsndfr.org\\\/en\\\/#website\"},\"breadcrumb\":{\"@id\":\"https:\\\/\\\/europeanobsndfr.org\\\/en\\\/actualites-fr\\\/combat-contre-pauvrete\\\/rouen-des-casiers-jaunes-a-bagages-avec-une-cle-sont-mis-a-la-disposition-des-personnes-sans-abri-qui-peuvent-y-ranger-leurs-sacs-et-leurs-papiers\\\/#breadcrumblist\"},\"author\":{\"@id\":\"https:\\\/\\\/europeanobsndfr.org\\\/en\\\/author\\\/admin\\\/#author\"},\"creator\":{\"@id\":\"https:\\\/\\\/europeanobsndfr.org\\\/en\\\/author\\\/admin\\\/#author\"},\"datePublished\":\"2018-11-18T17:20:24+01:00\",\"dateModified\":\"2018-12-02T16:59:26+01:00\"},{\"@type\":\"WebSite\",\"@id\":\"https:\\\/\\\/europeanobsndfr.org\\\/en\\\/#website\",\"url\":\"https:\\\/\\\/europeanobsndfr.org\\\/en\\\/\",\"name\":\"Observatoire Europ\\u00e9en de la Non-Discrimination et des Droits Fondamentaux\",\"description\":\"Organisation Internationale Non-Gouvernementale\",\"inLanguage\":\"en-GB\",\"publisher\":{\"@id\":\"https:\\\/\\\/europeanobsndfr.org\\\/en\\\/#organization\"}}]}\n\t\t<\/script>\n\t\t<!-- All in One SEO -->\n\n","aioseo_head_json":{"title":"Rouen : des casiers jaunes \u00e0 bagages avec une cl\u00e9 sont mis \u00e0 la disposition des personnes sans-abri qui peuvent y ranger leurs sacs et leurs papiers. | O.E.N.D.D.F.","description":"Rouen : des casiers jaunes \u00e0 bagages avec une cl\u00e9 sont mis \u00e0 la disposition des personnes sans-abri qui peuvent y ranger leurs sacs et leurs papiers.","canonical_url":"https:\/\/europeanobsndfr.org\/en\/actualites-fr\/combat-contre-pauvrete\/rouen-des-casiers-jaunes-a-bagages-avec-une-cle-sont-mis-a-la-disposition-des-personnes-sans-abri-qui-peuvent-y-ranger-leurs-sacs-et-leurs-papiers\/","robots":"max-snippet:-1, max-image-preview:large, max-video-preview:-1","keywords":"","webmasterTools":{"google-site-verification":"KZsAbCyd-Ww06m2-MlFPa7EphgzWqs90ra8o0LfM_K8","miscellaneous":""},"schema":{"@context":"https:\/\/schema.org","@graph":[{"@type":"Article","@id":"https:\/\/europeanobsndfr.org\/en\/actualites-fr\/combat-contre-pauvrete\/rouen-des-casiers-jaunes-a-bagages-avec-une-cle-sont-mis-a-la-disposition-des-personnes-sans-abri-qui-peuvent-y-ranger-leurs-sacs-et-leurs-papiers\/#article","name":"Rouen : des casiers jaunes \u00e0 bagages avec une cl\u00e9 sont mis \u00e0 la disposition des personnes sans-abri qui peuvent y ranger leurs sacs et leurs papiers. | O.E.N.D.D.F.","headline":"Rouen. Des casiers jaunes \u00e0 bagages avec une cl\u00e9 sont mis \u00e0 la disposition des personnes sans-abri qui peuvent y ranger leurs sacs et leurs papiers.","author":{"@id":"https:\/\/europeanobsndfr.org\/en\/author\/admin\/#author"},"publisher":{"@id":"https:\/\/europeanobsndfr.org\/en\/#organization"},"image":{"@type":"ImageObject","url":"https:\/\/europeanobsndfr.org\/wp-content\/uploads\/2016\/11\/cropped-logo-oenddf.jpg","@id":"https:\/\/europeanobsndfr.org\/en\/#articleImage","width":701,"height":600,"caption":"Logo OENDDF"},"datePublished":"2018-11-18T17:20:24+01:00","dateModified":"2018-12-02T16:59:26+01:00","inLanguage":"en-GB","mainEntityOfPage":{"@id":"https:\/\/europeanobsndfr.org\/en\/actualites-fr\/combat-contre-pauvrete\/rouen-des-casiers-jaunes-a-bagages-avec-une-cle-sont-mis-a-la-disposition-des-personnes-sans-abri-qui-peuvent-y-ranger-leurs-sacs-et-leurs-papiers\/#webpage"},"isPartOf":{"@id":"https:\/\/europeanobsndfr.org\/en\/actualites-fr\/combat-contre-pauvrete\/rouen-des-casiers-jaunes-a-bagages-avec-une-cle-sont-mis-a-la-disposition-des-personnes-sans-abri-qui-peuvent-y-ranger-leurs-sacs-et-leurs-papiers\/#webpage"},"articleSection":"Combat contre la pauvret\u00e9, contre l'exclusion sociale et en faveur de l'inclusion sociale"},{"@type":"BreadcrumbList","@id":"https:\/\/europeanobsndfr.org\/en\/actualites-fr\/combat-contre-pauvrete\/rouen-des-casiers-jaunes-a-bagages-avec-une-cle-sont-mis-a-la-disposition-des-personnes-sans-abri-qui-peuvent-y-ranger-leurs-sacs-et-leurs-papiers\/#breadcrumblist","itemListElement":[{"@type":"ListItem","@id":"https:\/\/europeanobsndfr.org\/en#listItem","position":1,"name":"Accueil","item":"https:\/\/europeanobsndfr.org\/en","nextItem":{"@type":"ListItem","@id":"https:\/\/europeanobsndfr.org\/en\/category\/actualites-fr\/#listItem","name":"Actualit\u00e9"}},{"@type":"ListItem","@id":"https:\/\/europeanobsndfr.org\/en\/category\/actualites-fr\/#listItem","position":2,"name":"Actualit\u00e9","item":"https:\/\/europeanobsndfr.org\/en\/category\/actualites-fr\/","nextItem":{"@type":"ListItem","@id":"https:\/\/europeanobsndfr.org\/en\/category\/actualites-fr\/combat-contre-pauvrete\/#listItem","name":"Combat contre la pauvret\u00e9, contre l'exclusion sociale et en faveur de l'inclusion sociale"},"previousItem":{"@type":"ListItem","@id":"https:\/\/europeanobsndfr.org\/en#listItem","name":"Accueil"}},{"@type":"ListItem","@id":"https:\/\/europeanobsndfr.org\/en\/category\/actualites-fr\/combat-contre-pauvrete\/#listItem","position":3,"name":"Combat contre la pauvret\u00e9, contre l'exclusion sociale et en faveur de l'inclusion sociale","item":"https:\/\/europeanobsndfr.org\/en\/category\/actualites-fr\/combat-contre-pauvrete\/","nextItem":{"@type":"ListItem","@id":"https:\/\/europeanobsndfr.org\/en\/actualites-fr\/combat-contre-pauvrete\/rouen-des-casiers-jaunes-a-bagages-avec-une-cle-sont-mis-a-la-disposition-des-personnes-sans-abri-qui-peuvent-y-ranger-leurs-sacs-et-leurs-papiers\/#listItem","name":"Rouen. Des casiers jaunes \u00e0 bagages avec une cl\u00e9 sont mis \u00e0 la disposition des personnes sans-abri qui peuvent y ranger leurs sacs et leurs papiers."},"previousItem":{"@type":"ListItem","@id":"https:\/\/europeanobsndfr.org\/en\/category\/actualites-fr\/#listItem","name":"Actualit\u00e9"}},{"@type":"ListItem","@id":"https:\/\/europeanobsndfr.org\/en\/actualites-fr\/combat-contre-pauvrete\/rouen-des-casiers-jaunes-a-bagages-avec-une-cle-sont-mis-a-la-disposition-des-personnes-sans-abri-qui-peuvent-y-ranger-leurs-sacs-et-leurs-papiers\/#listItem","position":4,"name":"Rouen. Des casiers jaunes \u00e0 bagages avec une cl\u00e9 sont mis \u00e0 la disposition des personnes sans-abri qui peuvent y ranger leurs sacs et leurs papiers.","previousItem":{"@type":"ListItem","@id":"https:\/\/europeanobsndfr.org\/en\/category\/actualites-fr\/combat-contre-pauvrete\/#listItem","name":"Combat contre la pauvret\u00e9, contre l'exclusion sociale et en faveur de l'inclusion sociale"}}]},{"@type":"Organization","@id":"https:\/\/europeanobsndfr.org\/en\/#organization","name":"OENDDF","description":"Organisation Internationale Non-Gouvernementale","url":"https:\/\/europeanobsndfr.org\/en\/","logo":{"@type":"ImageObject","url":"https:\/\/europeanobsndfr.org\/wp-content\/uploads\/2016\/11\/cropped-logo-oenddf.jpg","@id":"https:\/\/europeanobsndfr.org\/en\/actualites-fr\/combat-contre-pauvrete\/rouen-des-casiers-jaunes-a-bagages-avec-une-cle-sont-mis-a-la-disposition-des-personnes-sans-abri-qui-peuvent-y-ranger-leurs-sacs-et-leurs-papiers\/#organizationLogo","width":701,"height":600,"caption":"Logo OENDDF"},"image":{"@id":"https:\/\/europeanobsndfr.org\/en\/actualites-fr\/combat-contre-pauvrete\/rouen-des-casiers-jaunes-a-bagages-avec-une-cle-sont-mis-a-la-disposition-des-personnes-sans-abri-qui-peuvent-y-ranger-leurs-sacs-et-leurs-papiers\/#organizationLogo"},"sameAs":["https:\/\/twitter.com\/europeanobs","https:\/\/www.instagram.com\/oenddf_ngo\/","https:\/\/www.youtube.com\/channel\/UCO9vz5fybFw1Q8pvN00CDgA"]},{"@type":"Person","@id":"https:\/\/europeanobsndfr.org\/en\/author\/admin\/#author","url":"https:\/\/europeanobsndfr.org\/en\/author\/admin\/","name":"OENDDF","image":{"@type":"ImageObject","@id":"https:\/\/europeanobsndfr.org\/en\/actualites-fr\/combat-contre-pauvrete\/rouen-des-casiers-jaunes-a-bagages-avec-une-cle-sont-mis-a-la-disposition-des-personnes-sans-abri-qui-peuvent-y-ranger-leurs-sacs-et-leurs-papiers\/#authorImage","url":"https:\/\/secure.gravatar.com\/avatar\/f64bd673bdf1f612f36226606d41703598d9c028a910d72b461acb19a72f63d5?s=96&d=mm&r=g","width":96,"height":96,"caption":"OENDDF"}},{"@type":"WebPage","@id":"https:\/\/europeanobsndfr.org\/en\/actualites-fr\/combat-contre-pauvrete\/rouen-des-casiers-jaunes-a-bagages-avec-une-cle-sont-mis-a-la-disposition-des-personnes-sans-abri-qui-peuvent-y-ranger-leurs-sacs-et-leurs-papiers\/#webpage","url":"https:\/\/europeanobsndfr.org\/en\/actualites-fr\/combat-contre-pauvrete\/rouen-des-casiers-jaunes-a-bagages-avec-une-cle-sont-mis-a-la-disposition-des-personnes-sans-abri-qui-peuvent-y-ranger-leurs-sacs-et-leurs-papiers\/","name":"Rouen : des casiers jaunes \u00e0 bagages avec une cl\u00e9 sont mis \u00e0 la disposition des personnes sans-abri qui peuvent y ranger leurs sacs et leurs papiers. | O.E.N.D.D.F.","description":"Rouen : des casiers jaunes \u00e0 bagages avec une cl\u00e9 sont mis \u00e0 la disposition des personnes sans-abri qui peuvent y ranger leurs sacs et leurs papiers.","inLanguage":"en-GB","isPartOf":{"@id":"https:\/\/europeanobsndfr.org\/en\/#website"},"breadcrumb":{"@id":"https:\/\/europeanobsndfr.org\/en\/actualites-fr\/combat-contre-pauvrete\/rouen-des-casiers-jaunes-a-bagages-avec-une-cle-sont-mis-a-la-disposition-des-personnes-sans-abri-qui-peuvent-y-ranger-leurs-sacs-et-leurs-papiers\/#breadcrumblist"},"author":{"@id":"https:\/\/europeanobsndfr.org\/en\/author\/admin\/#author"},"creator":{"@id":"https:\/\/europeanobsndfr.org\/en\/author\/admin\/#author"},"datePublished":"2018-11-18T17:20:24+01:00","dateModified":"2018-12-02T16:59:26+01:00"},{"@type":"WebSite","@id":"https:\/\/europeanobsndfr.org\/en\/#website","url":"https:\/\/europeanobsndfr.org\/en\/","name":"Observatoire Europ\u00e9en de la Non-Discrimination et des Droits Fondamentaux","description":"Organisation Internationale Non-Gouvernementale","inLanguage":"en-GB","publisher":{"@id":"https:\/\/europeanobsndfr.org\/en\/#organization"}}]},"og:locale":"en_GB","og:site_name":"Observatoire Europ\u00e9en de la Non-Discrimination et des Droits Fondamentaux","og:type":"non_profit","og:title":"Rouen : des casiers jaunes \u00e0 bagages avec une cl\u00e9 sont mis \u00e0 la disposition des personnes sans-abri qui peuvent y ranger leurs sacs et leurs papiers. | O.E.N.D.D.F.","og:description":"Rouen : des casiers jaunes \u00e0 bagages avec une cl\u00e9 sont mis \u00e0 la disposition des personnes sans-abri qui peuvent y ranger leurs sacs et leurs papiers.","og:url":"https:\/\/europeanobsndfr.org\/en\/actualites-fr\/combat-contre-pauvrete\/rouen-des-casiers-jaunes-a-bagages-avec-une-cle-sont-mis-a-la-disposition-des-personnes-sans-abri-qui-peuvent-y-ranger-leurs-sacs-et-leurs-papiers\/","og:image":"https:\/\/europeanobsndfr.org\/wp-content\/uploads\/2016\/11\/logo-oenddf.jpg","og:image:secure_url":"https:\/\/europeanobsndfr.org\/wp-content\/uploads\/2016\/11\/logo-oenddf.jpg","og:image:width":830,"og:image:height":600,"twitter:card":"summary","twitter:site":"@europeanobs","twitter:title":"Rouen : des casiers jaunes \u00e0 bagages avec une cl\u00e9 sont mis \u00e0 la disposition des personnes sans-abri qui peuvent y ranger leurs sacs et leurs papiers. | O.E.N.D.D.F.","twitter:description":"Rouen : des casiers jaunes \u00e0 bagages avec une cl\u00e9 sont mis \u00e0 la disposition des personnes sans-abri qui peuvent y ranger leurs sacs et leurs papiers.","twitter:creator":"@europeanobs","twitter:image":"https:\/\/europeanobsndfr.org\/wp-content\/uploads\/2016\/11\/logo-oenddf.jpg"},"aioseo_meta_data":{"post_id":"13416","title":"Rouen : des casiers jaunes \u00e0 bagages avec une cl\u00e9 sont mis \u00e0 la disposition des personnes sans-abri qui peuvent y ranger leurs sacs et leurs papiers. | O.E.N.D.D.F.","description":"Rouen : des casiers jaunes \u00e0 bagages avec une cl\u00e9 sont mis \u00e0 la disposition des personnes sans-abri qui peuvent y ranger leurs sacs et leurs papiers.","keywords":null,"keyphrases":null,"primary_term":null,"canonical_url":null,"og_title":"","og_description":"","og_object_type":"non_profit","og_image_type":"default","og_image_url":null,"og_image_width":null,"og_image_height":null,"og_image_custom_url":null,"og_image_custom_fields":null,"og_video":"","og_custom_url":null,"og_article_section":"","og_article_tags":"","twitter_use_og":false,"twitter_card":"summary","twitter_image_type":"default","twitter_image_url":null,"twitter_image_custom_url":null,"twitter_image_custom_fields":null,"twitter_title":null,"twitter_description":null,"schema":{"blockGraphs":[],"customGraphs":[],"default":{"data":{"Article":[],"Course":[],"Dataset":[],"FAQPage":[],"Movie":[],"Person":[],"Product":[],"ProductReview":[],"Car":[],"Recipe":[],"Service":[],"SoftwareApplication":[],"WebPage":[]},"graphName":"","isEnabled":true},"graphs":[],"defaultGraph":"","defaultPostTypeGraph":""},"schema_type":null,"schema_type_options":null,"pillar_content":false,"robots_default":true,"robots_noindex":false,"robots_noarchive":false,"robots_nosnippet":false,"robots_nofollow":false,"robots_noimageindex":false,"robots_noodp":false,"robots_notranslate":false,"robots_max_snippet":null,"robots_max_videopreview":null,"robots_max_imagepreview":"large","priority":null,"frequency":null,"local_seo":null,"breadcrumb_settings":null,"limit_modified_date":false,"ai":null,"created":"2021-01-22 17:54:58","updated":"2025-08-01 14:06:24","focus_keyword":null,"additional_keywords":null,"truseo_locale":null,"seo_analyzer_scan_date":null},"jetpack_featured_media_url":"","jetpack-related-posts":[],"jetpack_sharing_enabled":true,"_links":{"self":[{"href":"https:\/\/europeanobsndfr.org\/en\/wp-json\/wp\/v2\/posts\/13416","targetHints":{"allow":["GET"]}}],"collection":[{"href":"https:\/\/europeanobsndfr.org\/en\/wp-json\/wp\/v2\/posts"}],"about":[{"href":"https:\/\/europeanobsndfr.org\/en\/wp-json\/wp\/v2\/types\/post"}],"author":[{"embeddable":true,"href":"https:\/\/europeanobsndfr.org\/en\/wp-json\/wp\/v2\/users\/1"}],"replies":[{"embeddable":true,"href":"https:\/\/europeanobsndfr.org\/en\/wp-json\/wp\/v2\/comments?post=13416"}],"version-history":[{"count":0,"href":"https:\/\/europeanobsndfr.org\/en\/wp-json\/wp\/v2\/posts\/13416\/revisions"}],"wp:attachment":[{"href":"https:\/\/europeanobsndfr.org\/en\/wp-json\/wp\/v2\/media?parent=13416"}],"wp:term":[{"taxonomy":"category","embeddable":true,"href":"https:\/\/europeanobsndfr.org\/en\/wp-json\/wp\/v2\/categories?post=13416"},{"taxonomy":"post_tag","embeddable":true,"href":"https:\/\/europeanobsndfr.org\/en\/wp-json\/wp\/v2\/tags?post=13416"}],"curies":[{"name":"wp","href":"https:\/\/api.w.org\/{rel}","templated":true}]}}