{"id":1369,"date":"2015-05-02T07:50:50","date_gmt":"2015-05-02T07:50:50","guid":{"rendered":"https:\/\/europeanobsndfr.org\/?p=1369"},"modified":"2015-06-07T08:11:08","modified_gmt":"2015-06-07T08:11:08","slug":"combat-contre-la-pauvrete-contre-lexclusion-sociale-et-en-faveur-de-linclusion-sociale-3","status":"publish","type":"post","link":"https:\/\/europeanobsndfr.org\/en\/actualites-fr\/combat-contre-pauvrete\/combat-contre-la-pauvrete-contre-lexclusion-sociale-et-en-faveur-de-linclusion-sociale-3\/","title":{"rendered":"Combat contre la pauvret\u00e9, contre l&rsquo;exclusion sociale et en faveur de l&rsquo;inclusion sociale, \u00e0 LILLE, FRANCE"},"content":{"rendered":"<p style=\"text-align: justify;\"><span style=\"text-decoration: underline;\"><strong>Objectif<\/strong>\u00a0:<\/span> Favoriser l\u2019int\u00e9gration de personnes, en situation de difficult\u00e9 mat\u00e9rielle et morale, par\u00a0<strong>la fourniture gratuite de repas et une aide au logement, en vue de leur insertion professionnelle et de leur inclusion\u00a0sociale<\/strong>.<\/p>\n<p style=\"text-align: justify;\"><span style=\"text-decoration: underline;\"><strong>Moyens mis en oeuvre :\u00a0<\/strong><\/span><strong>Rapprochement et partenariats avec des Associations\u00a0de\u00a0l\u2019Union Europ\u00e9enne en vue de soutenir\u00a0des projets communs d\u2019insertion professionnelle\u00a0et d\u2019inclusion sociale des personnes sans domicile fixe.\u00a0<\/strong><\/p>\n<p style=\"text-align: justify;\"><span style=\"text-decoration: underline;\"><strong>30 avril\u00a02015 :<\/strong>\u00a0<\/span>rencontre \u00e0 LILLE\u00a0(FRANCE), de Christine MONTY, \u00a0Pr\u00e9sidente de l\u2019<strong>Observatoire Europ\u00e9en de la non-discrimination et des droits fondamentaux,<\/strong>\u00a0avec Gilbert PINTEAU, Pr\u00e9sident du <strong>COLLECTIF DES S.D.F. DE LILLE<\/strong>, et d&rsquo;Arnaud CAMBIAI, <strong>Educateur Sp\u00e9cialis\u00e9,<\/strong> et de son \u00e9quipe.\u00a0Association sp\u00e9cialis\u00e9e dans l&rsquo;accompagnement des personnes sans domicile fixe, en vue de l&rsquo;obtention d&rsquo;un logement\u00a0dans le parc immobilier priv\u00e9\u00a0et d&rsquo;un accompagnement sp\u00e9cifique apr\u00e8s l&rsquo;obtention de leur logement. 156 personnes S.D.F. ont \u00e9t\u00e9 log\u00e9s en 3 ans.<\/p>\n<p style=\"text-align: justify;\"><span style=\"text-decoration: underline;\">Contact<\/span> :\u00a0<span class=\"Apple-style-span\"><b><a href=\"http:\/\/collectifdessdfdelille.pinteau@laposte.net\/\">collectifdessdfdelille.pinteau@laposte.net<\/a>. 194 Boulevard Victor Hugo, 59000 LILLE. T\u00e9l :\u00a006 46 42 90 25.<\/b><\/span><\/p>\n<p style=\"text-align: justify;\"><strong><span style=\"text-decoration: underline;\">Domaine d\u2019intervention vis\u00e9 par\u00a0la Commission Europ\u00e9enne :<\/span>\u00a0Protection sociale et inclusion sociale. Strat\u00e9gie Europe 2020.\u00a0<span class=\"Apple-style-span\" style=\"color: #0000ff;\"><a style=\"color: #0000ff;\" href=\"http:\/\/ec.europa.eu\/social\/main.jsp?catId=961&amp;langId=en\">Plateforme europ\u00e9enne contre la Pauvret\u00e9 et l\u2019Exclusion sociale<\/a>.<\/span><\/strong><\/p>\n<p>[av_content_slider heading=\u00a0\u00bb columns=&rsquo;1&prime; animation=&rsquo;slide&rsquo; navigation=&rsquo;arrows&rsquo; autoplay=&rsquo;false&rsquo; interval=&rsquo;5&prime; font_color=\u00a0\u00bb color=\u00a0\u00bb]<br \/>\n[av_content_slide title=\u00a0\u00bb link=\u00a0\u00bb linktarget=\u00a0\u00bb]<br \/>\n<a href=\"https:\/\/europeanobsndfr.org\/wp-content\/uploads\/2015\/05\/Photo-de-Lille.jpg\"><img loading=\"lazy\" decoding=\"async\" class=\"aligncenter size-medium wp-image-2014\" src=\"https:\/\/europeanobsndfr.org\/wp-content\/uploads\/2015\/05\/Photo-de-Lille-300x225.jpg\" alt=\"Photo de Lille\" width=\"300\" height=\"225\" srcset=\"https:\/\/europeanobsndfr.org\/wp-content\/uploads\/2015\/05\/Photo-de-Lille-300x225.jpg 300w, https:\/\/europeanobsndfr.org\/wp-content\/uploads\/2015\/05\/Photo-de-Lille-1030x773.jpg 1030w, https:\/\/europeanobsndfr.org\/wp-content\/uploads\/2015\/05\/Photo-de-Lille-1500x1125.jpg 1500w, https:\/\/europeanobsndfr.org\/wp-content\/uploads\/2015\/05\/Photo-de-Lille-705x529.jpg 705w, https:\/\/europeanobsndfr.org\/wp-content\/uploads\/2015\/05\/Photo-de-Lille-450x338.jpg 450w, https:\/\/europeanobsndfr.org\/wp-content\/uploads\/2015\/05\/Photo-de-Lille.jpg 1024w\" sizes=\"auto, (max-width: 300px) 100vw, 300px\" \/><\/a><br \/>\n[\/av_content_slide]<\/p>\n<p>[\/av_content_slider]<\/p>\n<p>&nbsp;<\/p>\n","protected":false},"excerpt":{"rendered":"<p>Objectif\u00a0: Favoriser l\u2019int\u00e9gration de personnes, en situation de difficult\u00e9 mat\u00e9rielle et morale, par\u00a0la fourniture gratuite de repas et une aide au logement, en vue de leur insertion professionnelle et de leur inclusion\u00a0sociale. Moyens mis en oeuvre :\u00a0Rapprochement et partenariats avec des Associations\u00a0de\u00a0l\u2019Union Europ\u00e9enne en vue de soutenir\u00a0des projets communs d\u2019insertion professionnelle\u00a0et d\u2019inclusion sociale des personnes&#8230;<\/p>","protected":false},"author":1,"featured_media":0,"comment_status":"closed","ping_status":"closed","sticky":false,"template":"","format":"standard","meta":{"give_campaign_id":0,"_kadence_starter_templates_imported_post":false,"_kad_post_transparent":"","_kad_post_title":"","_kad_post_layout":"","_kad_post_sidebar_id":"","_kad_post_content_style":"","_kad_post_vertical_padding":"","_kad_post_feature":"","_kad_post_feature_position":"","_kad_post_header":false,"_kad_post_footer":false,"_kad_post_classname":"","_jetpack_memberships_contains_paid_content":false,"footnotes":""},"categories":[44],"tags":[],"class_list":["post-1369","post","type-post","status-publish","format-standard","hentry","category-combat-contre-pauvrete"],"aioseo_notices":[],"jetpack_featured_media_url":"","jetpack-related-posts":[],"jetpack_sharing_enabled":true,"_links":{"self":[{"href":"https:\/\/europeanobsndfr.org\/en\/wp-json\/wp\/v2\/posts\/1369","targetHints":{"allow":["GET"]}}],"collection":[{"href":"https:\/\/europeanobsndfr.org\/en\/wp-json\/wp\/v2\/posts"}],"about":[{"href":"https:\/\/europeanobsndfr.org\/en\/wp-json\/wp\/v2\/types\/post"}],"author":[{"embeddable":true,"href":"https:\/\/europeanobsndfr.org\/en\/wp-json\/wp\/v2\/users\/1"}],"replies":[{"embeddable":true,"href":"https:\/\/europeanobsndfr.org\/en\/wp-json\/wp\/v2\/comments?post=1369"}],"version-history":[{"count":0,"href":"https:\/\/europeanobsndfr.org\/en\/wp-json\/wp\/v2\/posts\/1369\/revisions"}],"wp:attachment":[{"href":"https:\/\/europeanobsndfr.org\/en\/wp-json\/wp\/v2\/media?parent=1369"}],"wp:term":[{"taxonomy":"category","embeddable":true,"href":"https:\/\/europeanobsndfr.org\/en\/wp-json\/wp\/v2\/categories?post=1369"},{"taxonomy":"post_tag","embeddable":true,"href":"https:\/\/europeanobsndfr.org\/en\/wp-json\/wp\/v2\/tags?post=1369"}],"curies":[{"name":"wp","href":"https:\/\/api.w.org\/{rel}","templated":true}]}}