{"id":13736,"date":"2018-12-09T17:16:16","date_gmt":"2018-12-09T17:16:16","guid":{"rendered":"https:\/\/europeanobsndfr.org\/actualites-fr\/asylum-migration-and-borders\/nantes-field-missions-with-romanian-families\/"},"modified":"2018-12-09T18:15:06","modified_gmt":"2018-12-09T18:15:06","slug":"nantes-missions-de-terrain-aupres-des-familles-roumaines","status":"publish","type":"post","link":"https:\/\/europeanobsndfr.org\/en\/actualites-fr\/combat-contre-pauvrete\/nantes-missions-de-terrain-aupres-des-familles-roumaines\/","title":{"rendered":"Nantes. Missions de terrain aupr\u00e8s des familles roumaines."},"content":{"rendered":"<p style=\"text-align: justify;\"><strong><span class=\"Apple-style-span\"><span style=\"text-decoration: underline;\">Objectif\u00a0:\u00a0<\/span>Favoriser l\u2019int\u00e9gration d\u2019enfants Roms et Roumains, <\/span><\/strong><span class=\"Apple-style-span\">v<\/span><span class=\"Apple-style-span\">ivant dans des difficult\u00e9s mat\u00e9rielles et morales extr\u00eames<\/span><strong><span class=\"Apple-style-span\">. <\/span><span class=\"Apple-style-span\">Encourager les<\/span><\/strong><span class=\"Apple-style-span\"><strong>\u00a0distributions de cartables d\u2019Ecole primaire<\/strong> et s<\/span>outenir\u00a0les droits des enfants, issus de communaut\u00e9s en situation de discrimination, notamment leur droit \u00e0 l\u2019\u00e9ducation.<\/p>\n<p style=\"text-align: justify;\"><span style=\"text-decoration: underline;\"><strong>Lieu de l\u2019action<\/strong><\/span><strong><span style=\"text-decoration: underline;\">\u00a0:<\/span> R\u00e9gion de\u00a0NANTES (44),\u00a0FRANCE.<\/strong><\/p>\n<p style=\"text-align: justify;\"><span style=\"text-decoration: underline;\"><strong>Moyens d\u2019actions &#8211; \u00a0s<\/strong><\/span><span style=\"text-decoration: underline;\"><strong>eptembre \u00e0 d\u00e9cembre 2018 <\/strong><strong>:<\/strong><\/span>\u00a0<span class=\"Apple-style-span\">notre Association a envoy\u00e9 une \u00e9quipe de b\u00e9n\u00e9voles en vue\u00a0<strong>de distributions gratuites de cartables d\u2019Ecole, de\u00a0fournitures scolaires, de jouets et de chocolats fourr\u00e9s pralin\u00e9s,\u00a0<\/strong>\u00e0 des familles avec des enfants Roms et Roumains, vivant dans des conditions de grande pr\u00e9carit\u00e9 (caravanes, terrain boueux, pluie battante) dans la r\u00e9gion de\u00a0<strong>NANTES<\/strong>.\u00a0<\/span><\/p>\n<p style=\"text-align: justify;\"><strong><u>Pour mieux\u00a0comprendre l\u2019int\u00e9gration des minorit\u00e9s\u00a0ethniques <\/u>:<\/strong>\u00a0\u00ab\u00a0<em>Les Roms font partie int\u00e9grante de la civilisation europ\u00e9enne depuis plus d\u2019un mill\u00e9naire. Avec une population estim\u00e9e \u00e0 10 \u00e0 12 millions en Europe,\u00a0dont 6 millions environ dans l\u2019Union europ\u00e9enne, les Roms repr\u00e9sentent aujourd\u2019hui la premi\u00e8re minorit\u00e9 ethnique en Europe\u00a0\u00bb.\u00a0<\/em><em>\u00a0<\/em><a href=\"http:\/\/European Union Agency for Fundamental Rights\"><strong>(<b>Agence des droits fondamentaux de l\u2019Union Europ\u00e9enne<\/b>)<\/strong><\/a><\/p>\n<p style=\"text-align: justify;\"><strong>+\u00a0de nouvelles ?<\/strong> Notre O.I.N.G. est pr\u00e9sente sur les r\u00e9seaux sociaux :<\/p>\n<ul>\n<li style=\"text-align: justify;\"><a href=\"https:\/\/www.facebook.com\/European-Observatory-for-Non-Discrimination-and-Fundamental-Rights-1103291363129845\/?fref=ts\">Facebook<\/a><\/li>\n<li style=\"text-align: justify;\"><a href=\"https:\/\/twitter.com\/europeanobs\">Twitter<\/a><\/li>\n<li style=\"text-align: justify;\"><a href=\"https:\/\/www.youtube.com\/channel\/UCO9vz5fybFw1Q8pvN00CDgA\">YouTube<\/a><\/li>\n<li style=\"text-align: justify;\"><a href=\"https:\/\/www.instagram.com\/oenddf\/\">Instagram<\/a><\/li>\n<\/ul>\n<p>[av_content_slider heading=\u00a0\u00bb columns=&rsquo;1&prime; animation=&rsquo;slide&rsquo; navigation=&rsquo;arrows&rsquo; autoplay=&rsquo;false&rsquo; interval=&rsquo;5&prime; font_color=\u00a0\u00bb color=\u00a0\u00bb]<br \/>\n[av_content_slide title=&rsquo;Missions de terrains aupr\u00e8s des familles roumaines. &lsquo; link=\u00a0\u00bb linktarget=\u00a0\u00bb]<br \/>\n<a href=\"https:\/\/europeanobsndfr.org\/wp-content\/uploads\/2018\/12\/Photo-Mission-terrain-Roumains-novembre-2018.jpg\"><img loading=\"lazy\" decoding=\"async\" class=\"aligncenter size-medium wp-image-13732\" src=\"https:\/\/europeanobsndfr.org\/wp-content\/uploads\/2018\/12\/Photo-Mission-terrain-Roumains-novembre-2018-300x225.jpg\" alt=\"\" width=\"300\" height=\"225\" srcset=\"https:\/\/europeanobsndfr.org\/wp-content\/uploads\/2018\/12\/Photo-Mission-terrain-Roumains-novembre-2018-300x225.jpg 300w, https:\/\/europeanobsndfr.org\/wp-content\/uploads\/2018\/12\/Photo-Mission-terrain-Roumains-novembre-2018-768x576.jpg 768w, https:\/\/europeanobsndfr.org\/wp-content\/uploads\/2018\/12\/Photo-Mission-terrain-Roumains-novembre-2018-705x529.jpg 705w, https:\/\/europeanobsndfr.org\/wp-content\/uploads\/2018\/12\/Photo-Mission-terrain-Roumains-novembre-2018.jpg 1024w\" sizes=\"auto, (max-width: 300px) 100vw, 300px\" \/><\/a><br \/>\n[\/av_content_slide]<\/p>\n<p>[\/av_content_slider]<\/p>\n<p style=\"text-align: justify;\">\n","protected":false},"excerpt":{"rendered":"<p>Objectif\u00a0:\u00a0Favoriser l\u2019int\u00e9gration d\u2019enfants Roms et Roumains, vivant dans des difficult\u00e9s mat\u00e9rielles et morales extr\u00eames. Encourager les\u00a0distributions de cartables d\u2019Ecole primaire et soutenir\u00a0les droits des enfants, issus de communaut\u00e9s en situation de discrimination, notamment leur droit \u00e0 l\u2019\u00e9ducation. Lieu de l\u2019action\u00a0: R\u00e9gion de\u00a0NANTES (44),\u00a0FRANCE. Moyens d\u2019actions &#8211; \u00a0septembre \u00e0 d\u00e9cembre 2018 :\u00a0notre Association a envoy\u00e9 une&#8230;<\/p>","protected":false},"author":1,"featured_media":0,"comment_status":"closed","ping_status":"closed","sticky":false,"template":"","format":"standard","meta":{"give_campaign_id":0,"_kadence_starter_templates_imported_post":false,"_kad_post_transparent":"","_kad_post_title":"","_kad_post_layout":"","_kad_post_sidebar_id":"","_kad_post_content_style":"","_kad_post_vertical_padding":"","_kad_post_feature":"","_kad_post_feature_position":"","_kad_post_header":false,"_kad_post_footer":false,"_kad_post_classname":"","_jetpack_memberships_contains_paid_content":false,"footnotes":""},"categories":[44,51,182,52],"tags":[],"class_list":["post-13736","post","type-post","status-publish","format-standard","hentry","category-combat-contre-pauvrete","category-droits-des-enfants","category-roma","category-integration-des-minorites-ethniques-et-nationales"],"aioseo_notices":[],"aioseo_head":"\n\t\t<!-- All in One SEO 5.0.1.1 - aioseo.com -->\n\t<meta name=\"description\" content=\"Nantes. Missions de terrain aupr\u00e8s des familles roumaines. Droits fondamentaux. Droit au logement\" \/>\n\t<meta name=\"robots\" content=\"max-snippet:-1, max-image-preview:large, max-video-preview:-1\" \/>\n\t<meta name=\"author\" content=\"OENDDF\"\/>\n\t<meta name=\"google-site-verification\" content=\"KZsAbCyd-Ww06m2-MlFPa7EphgzWqs90ra8o0LfM_K8\" \/>\n\t<link rel=\"canonical\" href=\"https:\/\/europeanobsndfr.org\/en\/actualites-fr\/combat-contre-pauvrete\/nantes-missions-de-terrain-aupres-des-familles-roumaines\/\" \/>\n\t<meta name=\"generator\" content=\"All in One SEO (AIOSEO) 5.0.1.1\" \/>\n\t\t<meta property=\"og:locale\" content=\"en_GB\" \/>\n\t\t<meta property=\"og:site_name\" content=\"Observatoire Europ\u00e9en de la Non-Discrimination et des Droits Fondamentaux\" \/>\n\t\t<meta property=\"og:type\" content=\"non_profit\" \/>\n\t\t<meta property=\"og:title\" content=\"Nantes. Missions de terrain aupr\u00e8s des familles roumaines. Droits fondamentaux. Droit au logement. | O.E.N.D.D.F.\" \/>\n\t\t<meta property=\"og:description\" content=\"Nantes. Missions de terrain aupr\u00e8s des familles roumaines. Droits fondamentaux. Droit au logement\" \/>\n\t\t<meta property=\"og:url\" content=\"https:\/\/europeanobsndfr.org\/en\/actualites-fr\/combat-contre-pauvrete\/nantes-missions-de-terrain-aupres-des-familles-roumaines\/\" \/>\n\t\t<meta property=\"og:image\" content=\"https:\/\/europeanobsndfr.org\/wp-content\/uploads\/2016\/11\/logo-oenddf.jpg\" \/>\n\t\t<meta property=\"og:image:secure_url\" content=\"https:\/\/europeanobsndfr.org\/wp-content\/uploads\/2016\/11\/logo-oenddf.jpg\" \/>\n\t\t<meta property=\"og:image:width\" content=\"830\" \/>\n\t\t<meta property=\"og:image:height\" content=\"600\" \/>\n\t\t<meta name=\"twitter:card\" content=\"summary\" \/>\n\t\t<meta name=\"twitter:site\" content=\"@europeanobs\" \/>\n\t\t<meta name=\"twitter:title\" content=\"Nantes. Missions de terrain aupr\u00e8s des familles roumaines. Droits fondamentaux. Droit au logement. | O.E.N.D.D.F.\" \/>\n\t\t<meta name=\"twitter:description\" content=\"Nantes. Missions de terrain aupr\u00e8s des familles roumaines. Droits fondamentaux. Droit au logement\" \/>\n\t\t<meta name=\"twitter:creator\" content=\"@europeanobs\" \/>\n\t\t<meta name=\"twitter:image\" content=\"https:\/\/europeanobsndfr.org\/wp-content\/uploads\/2016\/11\/logo-oenddf.jpg\" \/>\n\t\t<script type=\"application\/ld+json\" class=\"aioseo-schema\">\n\t\t\t{\"@context\":\"https:\\\/\\\/schema.org\",\"@graph\":[{\"@type\":\"Article\",\"@id\":\"https:\\\/\\\/europeanobsndfr.org\\\/en\\\/actualites-fr\\\/combat-contre-pauvrete\\\/nantes-missions-de-terrain-aupres-des-familles-roumaines\\\/#article\",\"name\":\"Nantes. Missions de terrain aupr\\u00e8s des familles roumaines. Droits fondamentaux. Droit au logement. | O.E.N.D.D.F.\",\"headline\":\"Nantes. Missions de terrain aupr\\u00e8s des familles roumaines.\",\"author\":{\"@id\":\"https:\\\/\\\/europeanobsndfr.org\\\/en\\\/author\\\/admin\\\/#author\"},\"publisher\":{\"@id\":\"https:\\\/\\\/europeanobsndfr.org\\\/en\\\/#organization\"},\"image\":{\"@type\":\"ImageObject\",\"url\":\"https:\\\/\\\/europeanobsndfr.org\\\/wp-content\\\/uploads\\\/2018\\\/12\\\/Photo-Mission-terrain-Roumains-novembre-2018-300x225.jpg\",\"@id\":\"https:\\\/\\\/europeanobsndfr.org\\\/en\\\/actualites-fr\\\/combat-contre-pauvrete\\\/nantes-missions-de-terrain-aupres-des-familles-roumaines\\\/#articleImage\"},\"datePublished\":\"2018-12-09T17:16:16+01:00\",\"dateModified\":\"2018-12-09T18:15:06+01:00\",\"inLanguage\":\"en-GB\",\"mainEntityOfPage\":{\"@id\":\"https:\\\/\\\/europeanobsndfr.org\\\/en\\\/actualites-fr\\\/combat-contre-pauvrete\\\/nantes-missions-de-terrain-aupres-des-familles-roumaines\\\/#webpage\"},\"isPartOf\":{\"@id\":\"https:\\\/\\\/europeanobsndfr.org\\\/en\\\/actualites-fr\\\/combat-contre-pauvrete\\\/nantes-missions-de-terrain-aupres-des-familles-roumaines\\\/#webpage\"},\"articleSection\":\"Combat contre la pauvret\\u00e9, contre l'exclusion sociale et en faveur de l'inclusion sociale, Droits des Enfants, Droits des Roms, Racisme &amp; et intol\\u00e9rances li\\u00e9es \\\/ Int\\u00e9gration des minorit\\u00e9s ethniques et nationales\"},{\"@type\":\"BreadcrumbList\",\"@id\":\"https:\\\/\\\/europeanobsndfr.org\\\/en\\\/actualites-fr\\\/combat-contre-pauvrete\\\/nantes-missions-de-terrain-aupres-des-familles-roumaines\\\/#breadcrumblist\",\"itemListElement\":[{\"@type\":\"ListItem\",\"@id\":\"https:\\\/\\\/europeanobsndfr.org\\\/en#listItem\",\"position\":1,\"name\":\"Accueil\",\"item\":\"https:\\\/\\\/europeanobsndfr.org\\\/en\",\"nextItem\":{\"@type\":\"ListItem\",\"@id\":\"https:\\\/\\\/europeanobsndfr.org\\\/en\\\/category\\\/actualites-fr\\\/#listItem\",\"name\":\"Actualit\\u00e9\"}},{\"@type\":\"ListItem\",\"@id\":\"https:\\\/\\\/europeanobsndfr.org\\\/en\\\/category\\\/actualites-fr\\\/#listItem\",\"position\":2,\"name\":\"Actualit\\u00e9\",\"item\":\"https:\\\/\\\/europeanobsndfr.org\\\/en\\\/category\\\/actualites-fr\\\/\",\"nextItem\":{\"@type\":\"ListItem\",\"@id\":\"https:\\\/\\\/europeanobsndfr.org\\\/en\\\/category\\\/actualites-fr\\\/combat-contre-pauvrete\\\/#listItem\",\"name\":\"Combat contre la pauvret\\u00e9, contre l'exclusion sociale et en faveur de l'inclusion sociale\"},\"previousItem\":{\"@type\":\"ListItem\",\"@id\":\"https:\\\/\\\/europeanobsndfr.org\\\/en#listItem\",\"name\":\"Accueil\"}},{\"@type\":\"ListItem\",\"@id\":\"https:\\\/\\\/europeanobsndfr.org\\\/en\\\/category\\\/actualites-fr\\\/combat-contre-pauvrete\\\/#listItem\",\"position\":3,\"name\":\"Combat contre la pauvret\\u00e9, contre l'exclusion sociale et en faveur de l'inclusion sociale\",\"item\":\"https:\\\/\\\/europeanobsndfr.org\\\/en\\\/category\\\/actualites-fr\\\/combat-contre-pauvrete\\\/\",\"nextItem\":{\"@type\":\"ListItem\",\"@id\":\"https:\\\/\\\/europeanobsndfr.org\\\/en\\\/actualites-fr\\\/combat-contre-pauvrete\\\/nantes-missions-de-terrain-aupres-des-familles-roumaines\\\/#listItem\",\"name\":\"Nantes. Missions de terrain aupr\\u00e8s des familles roumaines.\"},\"previousItem\":{\"@type\":\"ListItem\",\"@id\":\"https:\\\/\\\/europeanobsndfr.org\\\/en\\\/category\\\/actualites-fr\\\/#listItem\",\"name\":\"Actualit\\u00e9\"}},{\"@type\":\"ListItem\",\"@id\":\"https:\\\/\\\/europeanobsndfr.org\\\/en\\\/actualites-fr\\\/combat-contre-pauvrete\\\/nantes-missions-de-terrain-aupres-des-familles-roumaines\\\/#listItem\",\"position\":4,\"name\":\"Nantes. Missions de terrain aupr\\u00e8s des familles roumaines.\",\"previousItem\":{\"@type\":\"ListItem\",\"@id\":\"https:\\\/\\\/europeanobsndfr.org\\\/en\\\/category\\\/actualites-fr\\\/combat-contre-pauvrete\\\/#listItem\",\"name\":\"Combat contre la pauvret\\u00e9, contre l'exclusion sociale et en faveur de l'inclusion sociale\"}}]},{\"@type\":\"Organization\",\"@id\":\"https:\\\/\\\/europeanobsndfr.org\\\/en\\\/#organization\",\"name\":\"OENDDF\",\"description\":\"Organisation Internationale Non-Gouvernementale\",\"url\":\"https:\\\/\\\/europeanobsndfr.org\\\/en\\\/\",\"logo\":{\"@type\":\"ImageObject\",\"url\":\"https:\\\/\\\/europeanobsndfr.org\\\/wp-content\\\/uploads\\\/2016\\\/11\\\/cropped-logo-oenddf.jpg\",\"@id\":\"https:\\\/\\\/europeanobsndfr.org\\\/en\\\/actualites-fr\\\/combat-contre-pauvrete\\\/nantes-missions-de-terrain-aupres-des-familles-roumaines\\\/#organizationLogo\",\"width\":701,\"height\":600,\"caption\":\"Logo OENDDF\"},\"image\":{\"@id\":\"https:\\\/\\\/europeanobsndfr.org\\\/en\\\/actualites-fr\\\/combat-contre-pauvrete\\\/nantes-missions-de-terrain-aupres-des-familles-roumaines\\\/#organizationLogo\"},\"sameAs\":[\"https:\\\/\\\/twitter.com\\\/europeanobs\",\"https:\\\/\\\/www.instagram.com\\\/oenddf_ngo\\\/\",\"https:\\\/\\\/www.youtube.com\\\/channel\\\/UCO9vz5fybFw1Q8pvN00CDgA\"]},{\"@type\":\"Person\",\"@id\":\"https:\\\/\\\/europeanobsndfr.org\\\/en\\\/author\\\/admin\\\/#author\",\"url\":\"https:\\\/\\\/europeanobsndfr.org\\\/en\\\/author\\\/admin\\\/\",\"name\":\"OENDDF\",\"image\":{\"@type\":\"ImageObject\",\"@id\":\"https:\\\/\\\/europeanobsndfr.org\\\/en\\\/actualites-fr\\\/combat-contre-pauvrete\\\/nantes-missions-de-terrain-aupres-des-familles-roumaines\\\/#authorImage\",\"url\":\"https:\\\/\\\/secure.gravatar.com\\\/avatar\\\/f64bd673bdf1f612f36226606d41703598d9c028a910d72b461acb19a72f63d5?s=96&d=mm&r=g\",\"width\":96,\"height\":96,\"caption\":\"OENDDF\"}},{\"@type\":\"WebPage\",\"@id\":\"https:\\\/\\\/europeanobsndfr.org\\\/en\\\/actualites-fr\\\/combat-contre-pauvrete\\\/nantes-missions-de-terrain-aupres-des-familles-roumaines\\\/#webpage\",\"url\":\"https:\\\/\\\/europeanobsndfr.org\\\/en\\\/actualites-fr\\\/combat-contre-pauvrete\\\/nantes-missions-de-terrain-aupres-des-familles-roumaines\\\/\",\"name\":\"Nantes. Missions de terrain aupr\\u00e8s des familles roumaines. Droits fondamentaux. Droit au logement. | O.E.N.D.D.F.\",\"description\":\"Nantes. Missions de terrain aupr\\u00e8s des familles roumaines. Droits fondamentaux. Droit au logement\",\"inLanguage\":\"en-GB\",\"isPartOf\":{\"@id\":\"https:\\\/\\\/europeanobsndfr.org\\\/en\\\/#website\"},\"breadcrumb\":{\"@id\":\"https:\\\/\\\/europeanobsndfr.org\\\/en\\\/actualites-fr\\\/combat-contre-pauvrete\\\/nantes-missions-de-terrain-aupres-des-familles-roumaines\\\/#breadcrumblist\"},\"author\":{\"@id\":\"https:\\\/\\\/europeanobsndfr.org\\\/en\\\/author\\\/admin\\\/#author\"},\"creator\":{\"@id\":\"https:\\\/\\\/europeanobsndfr.org\\\/en\\\/author\\\/admin\\\/#author\"},\"datePublished\":\"2018-12-09T17:16:16+01:00\",\"dateModified\":\"2018-12-09T18:15:06+01:00\"},{\"@type\":\"WebSite\",\"@id\":\"https:\\\/\\\/europeanobsndfr.org\\\/en\\\/#website\",\"url\":\"https:\\\/\\\/europeanobsndfr.org\\\/en\\\/\",\"name\":\"Observatoire Europ\\u00e9en de la Non-Discrimination et des Droits Fondamentaux\",\"description\":\"Organisation Internationale Non-Gouvernementale\",\"inLanguage\":\"en-GB\",\"publisher\":{\"@id\":\"https:\\\/\\\/europeanobsndfr.org\\\/en\\\/#organization\"}}]}\n\t\t<\/script>\n\t\t<!-- All in One SEO -->\n\n","aioseo_head_json":{"title":"Nantes. Missions de terrain aupr\u00e8s des familles roumaines. Droits fondamentaux. Droit au logement. | O.E.N.D.D.F.","description":"Nantes. Missions de terrain aupr\u00e8s des familles roumaines. Droits fondamentaux. Droit au logement","canonical_url":"https:\/\/europeanobsndfr.org\/en\/actualites-fr\/combat-contre-pauvrete\/nantes-missions-de-terrain-aupres-des-familles-roumaines\/","robots":"max-snippet:-1, max-image-preview:large, max-video-preview:-1","keywords":"","webmasterTools":{"google-site-verification":"KZsAbCyd-Ww06m2-MlFPa7EphgzWqs90ra8o0LfM_K8","miscellaneous":""},"schema":{"@context":"https:\/\/schema.org","@graph":[{"@type":"Article","@id":"https:\/\/europeanobsndfr.org\/en\/actualites-fr\/combat-contre-pauvrete\/nantes-missions-de-terrain-aupres-des-familles-roumaines\/#article","name":"Nantes. Missions de terrain aupr\u00e8s des familles roumaines. Droits fondamentaux. Droit au logement. | O.E.N.D.D.F.","headline":"Nantes. Missions de terrain aupr\u00e8s des familles roumaines.","author":{"@id":"https:\/\/europeanobsndfr.org\/en\/author\/admin\/#author"},"publisher":{"@id":"https:\/\/europeanobsndfr.org\/en\/#organization"},"image":{"@type":"ImageObject","url":"https:\/\/europeanobsndfr.org\/wp-content\/uploads\/2018\/12\/Photo-Mission-terrain-Roumains-novembre-2018-300x225.jpg","@id":"https:\/\/europeanobsndfr.org\/en\/actualites-fr\/combat-contre-pauvrete\/nantes-missions-de-terrain-aupres-des-familles-roumaines\/#articleImage"},"datePublished":"2018-12-09T17:16:16+01:00","dateModified":"2018-12-09T18:15:06+01:00","inLanguage":"en-GB","mainEntityOfPage":{"@id":"https:\/\/europeanobsndfr.org\/en\/actualites-fr\/combat-contre-pauvrete\/nantes-missions-de-terrain-aupres-des-familles-roumaines\/#webpage"},"isPartOf":{"@id":"https:\/\/europeanobsndfr.org\/en\/actualites-fr\/combat-contre-pauvrete\/nantes-missions-de-terrain-aupres-des-familles-roumaines\/#webpage"},"articleSection":"Combat contre la pauvret\u00e9, contre l'exclusion sociale et en faveur de l'inclusion sociale, Droits des Enfants, Droits des Roms, Racisme &amp; et intol\u00e9rances li\u00e9es \/ Int\u00e9gration des minorit\u00e9s ethniques et nationales"},{"@type":"BreadcrumbList","@id":"https:\/\/europeanobsndfr.org\/en\/actualites-fr\/combat-contre-pauvrete\/nantes-missions-de-terrain-aupres-des-familles-roumaines\/#breadcrumblist","itemListElement":[{"@type":"ListItem","@id":"https:\/\/europeanobsndfr.org\/en#listItem","position":1,"name":"Accueil","item":"https:\/\/europeanobsndfr.org\/en","nextItem":{"@type":"ListItem","@id":"https:\/\/europeanobsndfr.org\/en\/category\/actualites-fr\/#listItem","name":"Actualit\u00e9"}},{"@type":"ListItem","@id":"https:\/\/europeanobsndfr.org\/en\/category\/actualites-fr\/#listItem","position":2,"name":"Actualit\u00e9","item":"https:\/\/europeanobsndfr.org\/en\/category\/actualites-fr\/","nextItem":{"@type":"ListItem","@id":"https:\/\/europeanobsndfr.org\/en\/category\/actualites-fr\/combat-contre-pauvrete\/#listItem","name":"Combat contre la pauvret\u00e9, contre l'exclusion sociale et en faveur de l'inclusion sociale"},"previousItem":{"@type":"ListItem","@id":"https:\/\/europeanobsndfr.org\/en#listItem","name":"Accueil"}},{"@type":"ListItem","@id":"https:\/\/europeanobsndfr.org\/en\/category\/actualites-fr\/combat-contre-pauvrete\/#listItem","position":3,"name":"Combat contre la pauvret\u00e9, contre l'exclusion sociale et en faveur de l'inclusion sociale","item":"https:\/\/europeanobsndfr.org\/en\/category\/actualites-fr\/combat-contre-pauvrete\/","nextItem":{"@type":"ListItem","@id":"https:\/\/europeanobsndfr.org\/en\/actualites-fr\/combat-contre-pauvrete\/nantes-missions-de-terrain-aupres-des-familles-roumaines\/#listItem","name":"Nantes. Missions de terrain aupr\u00e8s des familles roumaines."},"previousItem":{"@type":"ListItem","@id":"https:\/\/europeanobsndfr.org\/en\/category\/actualites-fr\/#listItem","name":"Actualit\u00e9"}},{"@type":"ListItem","@id":"https:\/\/europeanobsndfr.org\/en\/actualites-fr\/combat-contre-pauvrete\/nantes-missions-de-terrain-aupres-des-familles-roumaines\/#listItem","position":4,"name":"Nantes. Missions de terrain aupr\u00e8s des familles roumaines.","previousItem":{"@type":"ListItem","@id":"https:\/\/europeanobsndfr.org\/en\/category\/actualites-fr\/combat-contre-pauvrete\/#listItem","name":"Combat contre la pauvret\u00e9, contre l'exclusion sociale et en faveur de l'inclusion sociale"}}]},{"@type":"Organization","@id":"https:\/\/europeanobsndfr.org\/en\/#organization","name":"OENDDF","description":"Organisation Internationale Non-Gouvernementale","url":"https:\/\/europeanobsndfr.org\/en\/","logo":{"@type":"ImageObject","url":"https:\/\/europeanobsndfr.org\/wp-content\/uploads\/2016\/11\/cropped-logo-oenddf.jpg","@id":"https:\/\/europeanobsndfr.org\/en\/actualites-fr\/combat-contre-pauvrete\/nantes-missions-de-terrain-aupres-des-familles-roumaines\/#organizationLogo","width":701,"height":600,"caption":"Logo OENDDF"},"image":{"@id":"https:\/\/europeanobsndfr.org\/en\/actualites-fr\/combat-contre-pauvrete\/nantes-missions-de-terrain-aupres-des-familles-roumaines\/#organizationLogo"},"sameAs":["https:\/\/twitter.com\/europeanobs","https:\/\/www.instagram.com\/oenddf_ngo\/","https:\/\/www.youtube.com\/channel\/UCO9vz5fybFw1Q8pvN00CDgA"]},{"@type":"Person","@id":"https:\/\/europeanobsndfr.org\/en\/author\/admin\/#author","url":"https:\/\/europeanobsndfr.org\/en\/author\/admin\/","name":"OENDDF","image":{"@type":"ImageObject","@id":"https:\/\/europeanobsndfr.org\/en\/actualites-fr\/combat-contre-pauvrete\/nantes-missions-de-terrain-aupres-des-familles-roumaines\/#authorImage","url":"https:\/\/secure.gravatar.com\/avatar\/f64bd673bdf1f612f36226606d41703598d9c028a910d72b461acb19a72f63d5?s=96&d=mm&r=g","width":96,"height":96,"caption":"OENDDF"}},{"@type":"WebPage","@id":"https:\/\/europeanobsndfr.org\/en\/actualites-fr\/combat-contre-pauvrete\/nantes-missions-de-terrain-aupres-des-familles-roumaines\/#webpage","url":"https:\/\/europeanobsndfr.org\/en\/actualites-fr\/combat-contre-pauvrete\/nantes-missions-de-terrain-aupres-des-familles-roumaines\/","name":"Nantes. Missions de terrain aupr\u00e8s des familles roumaines. Droits fondamentaux. Droit au logement. | O.E.N.D.D.F.","description":"Nantes. Missions de terrain aupr\u00e8s des familles roumaines. Droits fondamentaux. Droit au logement","inLanguage":"en-GB","isPartOf":{"@id":"https:\/\/europeanobsndfr.org\/en\/#website"},"breadcrumb":{"@id":"https:\/\/europeanobsndfr.org\/en\/actualites-fr\/combat-contre-pauvrete\/nantes-missions-de-terrain-aupres-des-familles-roumaines\/#breadcrumblist"},"author":{"@id":"https:\/\/europeanobsndfr.org\/en\/author\/admin\/#author"},"creator":{"@id":"https:\/\/europeanobsndfr.org\/en\/author\/admin\/#author"},"datePublished":"2018-12-09T17:16:16+01:00","dateModified":"2018-12-09T18:15:06+01:00"},{"@type":"WebSite","@id":"https:\/\/europeanobsndfr.org\/en\/#website","url":"https:\/\/europeanobsndfr.org\/en\/","name":"Observatoire Europ\u00e9en de la Non-Discrimination et des Droits Fondamentaux","description":"Organisation Internationale Non-Gouvernementale","inLanguage":"en-GB","publisher":{"@id":"https:\/\/europeanobsndfr.org\/en\/#organization"}}]},"og:locale":"en_GB","og:site_name":"Observatoire Europ\u00e9en de la Non-Discrimination et des Droits Fondamentaux","og:type":"non_profit","og:title":"Nantes. Missions de terrain aupr\u00e8s des familles roumaines. Droits fondamentaux. Droit au logement. | O.E.N.D.D.F.","og:description":"Nantes. Missions de terrain aupr\u00e8s des familles roumaines. Droits fondamentaux. Droit au logement","og:url":"https:\/\/europeanobsndfr.org\/en\/actualites-fr\/combat-contre-pauvrete\/nantes-missions-de-terrain-aupres-des-familles-roumaines\/","og:image":"https:\/\/europeanobsndfr.org\/wp-content\/uploads\/2016\/11\/logo-oenddf.jpg","og:image:secure_url":"https:\/\/europeanobsndfr.org\/wp-content\/uploads\/2016\/11\/logo-oenddf.jpg","og:image:width":830,"og:image:height":600,"twitter:card":"summary","twitter:site":"@europeanobs","twitter:title":"Nantes. Missions de terrain aupr\u00e8s des familles roumaines. Droits fondamentaux. Droit au logement. | O.E.N.D.D.F.","twitter:description":"Nantes. Missions de terrain aupr\u00e8s des familles roumaines. Droits fondamentaux. Droit au logement","twitter:creator":"@europeanobs","twitter:image":"https:\/\/europeanobsndfr.org\/wp-content\/uploads\/2016\/11\/logo-oenddf.jpg"},"aioseo_meta_data":{"post_id":"13736","title":"Nantes. Missions de terrain aupr\u00e8s des familles roumaines. Droits fondamentaux.  Droit au logement.  | O.E.N.D.D.F.","description":"Nantes. Missions de terrain aupr\u00e8s des familles roumaines. Droits fondamentaux.  Droit au logement","keywords":null,"keyphrases":null,"primary_term":null,"canonical_url":null,"og_title":"","og_description":"","og_object_type":"non_profit","og_image_type":"default","og_image_url":null,"og_image_width":null,"og_image_height":null,"og_image_custom_url":null,"og_image_custom_fields":null,"og_video":"","og_custom_url":null,"og_article_section":"","og_article_tags":"","twitter_use_og":false,"twitter_card":"summary","twitter_image_type":"default","twitter_image_url":null,"twitter_image_custom_url":null,"twitter_image_custom_fields":null,"twitter_title":null,"twitter_description":null,"schema":{"blockGraphs":[],"customGraphs":[],"default":{"data":{"Article":[],"Course":[],"Dataset":[],"FAQPage":[],"Movie":[],"Person":[],"Product":[],"ProductReview":[],"Car":[],"Recipe":[],"Service":[],"SoftwareApplication":[],"WebPage":[]},"graphName":"","isEnabled":true},"graphs":[],"defaultGraph":"","defaultPostTypeGraph":""},"schema_type":null,"schema_type_options":null,"pillar_content":false,"robots_default":true,"robots_noindex":false,"robots_noarchive":false,"robots_nosnippet":false,"robots_nofollow":false,"robots_noimageindex":false,"robots_noodp":false,"robots_notranslate":false,"robots_max_snippet":null,"robots_max_videopreview":null,"robots_max_imagepreview":"large","priority":null,"frequency":null,"local_seo":null,"breadcrumb_settings":null,"limit_modified_date":false,"ai":null,"created":"2021-01-22 17:54:55","updated":"2025-08-01 14:46:01","focus_keyword":null,"additional_keywords":null,"truseo_locale":null,"seo_analyzer_scan_date":null},"jetpack_featured_media_url":"","jetpack-related-posts":[],"jetpack_sharing_enabled":true,"_links":{"self":[{"href":"https:\/\/europeanobsndfr.org\/en\/wp-json\/wp\/v2\/posts\/13736","targetHints":{"allow":["GET"]}}],"collection":[{"href":"https:\/\/europeanobsndfr.org\/en\/wp-json\/wp\/v2\/posts"}],"about":[{"href":"https:\/\/europeanobsndfr.org\/en\/wp-json\/wp\/v2\/types\/post"}],"author":[{"embeddable":true,"href":"https:\/\/europeanobsndfr.org\/en\/wp-json\/wp\/v2\/users\/1"}],"replies":[{"embeddable":true,"href":"https:\/\/europeanobsndfr.org\/en\/wp-json\/wp\/v2\/comments?post=13736"}],"version-history":[{"count":0,"href":"https:\/\/europeanobsndfr.org\/en\/wp-json\/wp\/v2\/posts\/13736\/revisions"}],"wp:attachment":[{"href":"https:\/\/europeanobsndfr.org\/en\/wp-json\/wp\/v2\/media?parent=13736"}],"wp:term":[{"taxonomy":"category","embeddable":true,"href":"https:\/\/europeanobsndfr.org\/en\/wp-json\/wp\/v2\/categories?post=13736"},{"taxonomy":"post_tag","embeddable":true,"href":"https:\/\/europeanobsndfr.org\/en\/wp-json\/wp\/v2\/tags?post=13736"}],"curies":[{"name":"wp","href":"https:\/\/api.w.org\/{rel}","templated":true}]}}