{"id":14234,"date":"2019-01-25T19:30:44","date_gmt":"2019-01-25T19:30:44","guid":{"rendered":"https:\/\/europeanobsndfr.org\/actualites-fr\/asylum-migration-and-borders\/the-risk-of-digital-exclusion-undermines-fundamental-rights-such-as-access-to-social-minima-access-to-housing-and-access-to-justice\/"},"modified":"2019-01-25T20:03:57","modified_gmt":"2019-01-25T20:03:57","slug":"le-risque-dexclusion-numerique-porte-atteinte-a-des-droits-fondamentaux-tels-que-lacces-a-des-minimas-sociaux-lacces-a-un-logement-et-lacces-a-la-justice","status":"publish","type":"post","link":"https:\/\/europeanobsndfr.org\/en\/actualites-fr\/actus-personnes-situation-handicap\/le-risque-dexclusion-numerique-porte-atteinte-a-des-droits-fondamentaux-tels-que-lacces-a-des-minimas-sociaux-lacces-a-un-logement-et-lacces-a-la-justice\/","title":{"rendered":"L&rsquo;exclusion num\u00e9rique porte atteinte \u00e0 des droits fondamentaux, tels que l&rsquo;acc\u00e8s \u00e0 des minimas sociaux, l&rsquo;acc\u00e8s \u00e0 un logement et l&rsquo;acc\u00e8s \u00e0 la justice."},"content":{"rendered":"<p style=\"text-align: justify;\">&#x25b6;&#xfe0f;\u00a0D\u00e9mat\u00e9rialisation des d\u00e9marches administratives : en France, le D\u00e9fenseur des Droits alerte sur les in\u00e9galit\u00e9s d\u2019acc\u00e8s aux services publics.<\/p>\n<p style=\"text-align: justify;\"><strong>L&rsquo;exclusion num\u00e9rique porte atteinte \u00e0 des droits fondamentaux, tels que l&rsquo;acc\u00e8s \u00e0 des minimas sociaux, l&rsquo;acc\u00e8s \u00e0 un logement et l&rsquo;acc\u00e8s \u00e0 la justice.<\/strong><\/p>\n<p style=\"text-align: justify;\">&#x25b6;&#xfe0f; Des publics fragiles sont concern\u00e9s : <strong>personnes sans-abri ou en situation de pr\u00e9carit\u00e9, personnes migrantes, personnes handicap\u00e9es, personnes d\u00e9tenues, personnes majeures prot\u00e9g\u00e9es,<\/strong> ainsi que des personnes sans ordinateur, ou sans connexion internet, ou sans scanner.<\/p>\n<p><span style=\"text-decoration: underline;\"><strong>Sources :<\/strong><\/span>\u00a0<a href=\"https:\/\/www.defenseurdesdroits.fr\/fr\/communique-de-presse\/2019\/01\/dematerialisation-des-demarches-administratives-le-defenseur-des-droits?fbclid=IwAR3OclHSVq2S11y_aKrBX8e0ekSSvzG6-iO2j5h54-j8ftv9Wyb7ZxT2Fbo\"><strong>D\u00e9mat\u00e9rialisation des d\u00e9marches administratives : en France, le D\u00e9fenseur des Droits alerte sur les in\u00e9galit\u00e9s d\u2019acc\u00e8s aux services publics.<\/strong><\/a><\/p>","protected":false},"excerpt":{"rendered":"<p>&#x25b6;&#xfe0f;\u00a0D\u00e9mat\u00e9rialisation des d\u00e9marches administratives : en France, le D\u00e9fenseur des Droits alerte sur les in\u00e9galit\u00e9s d\u2019acc\u00e8s aux services publics. L&rsquo;exclusion num\u00e9rique porte atteinte \u00e0 des droits fondamentaux, tels que l&rsquo;acc\u00e8s \u00e0 des minimas sociaux, l&rsquo;acc\u00e8s \u00e0 un logement et l&rsquo;acc\u00e8s \u00e0 la justice. &#x25b6;&#xfe0f; Des publics fragiles sont concern\u00e9s : personnes sans-abri ou en situation&#8230;<\/p>","protected":false},"author":1,"featured_media":0,"comment_status":"closed","ping_status":"closed","sticky":false,"template":"","format":"standard","meta":{"give_campaign_id":0,"_kadence_starter_templates_imported_post":false,"_kad_post_transparent":"","_kad_post_title":"","_kad_post_layout":"","_kad_post_sidebar_id":"","_kad_post_content_style":"","_kad_post_vertical_padding":"","_kad_post_feature":"","_kad_post_feature_position":"","_kad_post_header":false,"_kad_post_footer":false,"_kad_post_classname":"","_jetpack_memberships_contains_paid_content":false,"footnotes":""},"categories":[201,84,44,43],"tags":[],"class_list":["post-14234","post","type-post","status-publish","format-standard","hentry","category-acces-a-la-justice","category-asylum-migration-and-borders","category-combat-contre-pauvrete","category-actus-personnes-situation-handicap"],"aioseo_notices":[],"jetpack_featured_media_url":"","jetpack-related-posts":[],"jetpack_sharing_enabled":true,"_links":{"self":[{"href":"https:\/\/europeanobsndfr.org\/en\/wp-json\/wp\/v2\/posts\/14234","targetHints":{"allow":["GET"]}}],"collection":[{"href":"https:\/\/europeanobsndfr.org\/en\/wp-json\/wp\/v2\/posts"}],"about":[{"href":"https:\/\/europeanobsndfr.org\/en\/wp-json\/wp\/v2\/types\/post"}],"author":[{"embeddable":true,"href":"https:\/\/europeanobsndfr.org\/en\/wp-json\/wp\/v2\/users\/1"}],"replies":[{"embeddable":true,"href":"https:\/\/europeanobsndfr.org\/en\/wp-json\/wp\/v2\/comments?post=14234"}],"version-history":[{"count":0,"href":"https:\/\/europeanobsndfr.org\/en\/wp-json\/wp\/v2\/posts\/14234\/revisions"}],"wp:attachment":[{"href":"https:\/\/europeanobsndfr.org\/en\/wp-json\/wp\/v2\/media?parent=14234"}],"wp:term":[{"taxonomy":"category","embeddable":true,"href":"https:\/\/europeanobsndfr.org\/en\/wp-json\/wp\/v2\/categories?post=14234"},{"taxonomy":"post_tag","embeddable":true,"href":"https:\/\/europeanobsndfr.org\/en\/wp-json\/wp\/v2\/tags?post=14234"}],"curies":[{"name":"wp","href":"https:\/\/api.w.org\/{rel}","templated":true}]}}