{"id":15589,"date":"2019-09-01T08:02:48","date_gmt":"2019-09-01T08:02:48","guid":{"rendered":"https:\/\/europeanobsndfr.org\/?p=15589"},"modified":"2019-09-01T16:27:05","modified_gmt":"2019-09-01T16:27:05","slug":"valley-of-the-roya-france-first-farm-emmaus-community-with-cedric-herrou","status":"publish","type":"post","link":"https:\/\/europeanobsndfr.org\/en\/actualites-fr\/asylum-migration-and-borders\/valley-of-the-roya-france-first-farm-emmaus-community-with-cedric-herrou\/","title":{"rendered":"Valley of the Roya, FRANCE.  Migrants. First farm Emma\u00fcs Community with C\u00e9dric HERROU."},"content":{"rendered":"<p style=\"text-align: justify;\">&#x2705;\u00a0In France, in the Valley of the ROYA, C\u00e9dric Herrou has created <strong>the first farm Emma\u00fcs Community, which employs and hosts migrant companions regardless of their administrative status, Emma\u00fcs Roya<\/strong>, with\u00a0800 olive trees.<br \/>\n<strong>Monthy wages : \u00a0350 \u20ac \/ month, with accommodation on site.<\/strong><\/p>\n<p style=\"text-align: justify;\"><strong>&#x2705;\u00a0Companions grow organic varieties of tomatoes, zucchini, squash, peppers, aubergine, basil and strawberries and take care of 400 laying hens.<\/strong><\/p>\n<p style=\"text-align: justify;\">&#x2705;\u00a0The sale of products is organized in short circuits in the shops of the valley, in an organic store or within an Amap (Association for the maintenance of a peasant agriculture).<\/p>\n<p style=\"text-align: justify;\"><strong><span style=\"text-decoration: underline;\">Learn more<\/span><span style=\"text-decoration: underline;\">\u00a0:<\/span>\u00a0<a href=\"ttps:\/\/www.la-croix.com\/France\/Immigration\/Cedric-Herrou-cree-premiere-communaute-Emmaus-paysanne-2019-08-14-1201040984?fbclid=IwAR0jPpE0pUz9ti96VPkOUkFTX2ioprsrEyuFYH6hzJYzVRcgohlWErqUJlc\">Valley of the Roya, FRANCE. First farm Emma\u00fcs Community with C\u00e9dric HERROU.<\/a><\/strong><\/p>\n<p><strong>More news ? Our I.N.G.O. is on social networks :<\/strong><\/p>\n<ul>\n<li><a href=\"https:\/\/www.facebook.com\/European-Observatory-for-Non-Discrimination-and-Fundamental-Rights-1103291363129845\/?fref=ts\">Facebook<\/a><\/li>\n<li><a href=\"https:\/\/twitter.com\/europeanobs\">Twitter<\/a><\/li>\n<li><a href=\"https:\/\/www.youtube.com\/channel\/UCO9vz5fybFw1Q8pvN00CDgA\">YouTube<\/a><\/li>\n<li><a href=\"https:\/\/www.instagram.com\/oenddf\/\">Instagram<\/a><\/li>\n<\/ul>","protected":false},"excerpt":{"rendered":"<p>&#x2705;\u00a0In France, in the Valley of the ROYA, C\u00e9dric Herrou has created the first farm Emma\u00fcs Community, which employs and hosts migrant companions regardless of their administrative status, Emma\u00fcs Roya, with\u00a0800 olive trees. Monthy wages : \u00a0350 \u20ac \/ month, with accommodation on site. &#x2705;\u00a0Companions grow organic varieties of tomatoes, zucchini, squash, peppers, aubergine, basil&#8230;<\/p>","protected":false},"author":1,"featured_media":0,"comment_status":"closed","ping_status":"closed","sticky":false,"template":"","format":"standard","meta":{"give_campaign_id":0,"_kadence_starter_templates_imported_post":false,"_kad_post_transparent":"","_kad_post_title":"","_kad_post_layout":"","_kad_post_sidebar_id":"","_kad_post_content_style":"","_kad_post_vertical_padding":"","_kad_post_feature":"","_kad_post_feature_position":"","_kad_post_header":false,"_kad_post_footer":false,"_kad_post_classname":"","_jetpack_memberships_contains_paid_content":false,"footnotes":""},"categories":[84],"tags":[],"class_list":["post-15589","post","type-post","status-publish","format-standard","hentry","category-asylum-migration-and-borders"],"aioseo_notices":[],"aioseo_head":"\n\t\t<!-- All in One SEO 5.0.1.1 - aioseo.com -->\n\t<meta name=\"description\" content=\"Valley of the Roya. Roya. Migrants. Migrations. Emma\u00fcs. FRANCE. First farm Emma\u00fcs Community with C\u00e9dric HERROU.\" \/>\n\t<meta name=\"robots\" content=\"max-snippet:-1, max-image-preview:large, max-video-preview:-1\" \/>\n\t<meta name=\"author\" content=\"OENDDF\"\/>\n\t<meta name=\"google-site-verification\" content=\"KZsAbCyd-Ww06m2-MlFPa7EphgzWqs90ra8o0LfM_K8\" \/>\n\t<link rel=\"canonical\" href=\"https:\/\/europeanobsndfr.org\/en\/actualites-fr\/asylum-migration-and-borders\/valley-of-the-roya-france-first-farm-emmaus-community-with-cedric-herrou\/\" \/>\n\t<meta name=\"generator\" content=\"All in One SEO (AIOSEO) 5.0.1.1\" \/>\n\t\t<meta property=\"og:locale\" content=\"en_GB\" \/>\n\t\t<meta property=\"og:site_name\" content=\"Observatoire Europ\u00e9en de la Non-Discrimination et des Droits Fondamentaux\" \/>\n\t\t<meta property=\"og:type\" content=\"non_profit\" \/>\n\t\t<meta property=\"og:title\" content=\"Valley of the Roya. Roya. Migrants. Migrations. Emma\u00fcs. FRANCE. First farm Emma\u00fcs Community with C\u00e9dric HERROU. | O.E.N.D.D.F.\" \/>\n\t\t<meta property=\"og:description\" content=\"Valley of the Roya. Roya. Migrants. Migrations. Emma\u00fcs. FRANCE. First farm Emma\u00fcs Community with C\u00e9dric HERROU.\" \/>\n\t\t<meta property=\"og:url\" content=\"https:\/\/europeanobsndfr.org\/en\/actualites-fr\/asylum-migration-and-borders\/valley-of-the-roya-france-first-farm-emmaus-community-with-cedric-herrou\/\" \/>\n\t\t<meta property=\"og:image\" content=\"https:\/\/europeanobsndfr.org\/wp-content\/uploads\/2016\/11\/logo-oenddf.jpg\" \/>\n\t\t<meta property=\"og:image:secure_url\" content=\"https:\/\/europeanobsndfr.org\/wp-content\/uploads\/2016\/11\/logo-oenddf.jpg\" \/>\n\t\t<meta property=\"og:image:width\" content=\"830\" \/>\n\t\t<meta property=\"og:image:height\" content=\"600\" \/>\n\t\t<meta name=\"twitter:card\" content=\"summary\" \/>\n\t\t<meta name=\"twitter:site\" content=\"@europeanobs\" \/>\n\t\t<meta name=\"twitter:title\" content=\"Valley of the Roya. Roya. Migrants. Migrations. Emma\u00fcs. FRANCE. First farm Emma\u00fcs Community with C\u00e9dric HERROU. | O.E.N.D.D.F.\" \/>\n\t\t<meta name=\"twitter:description\" content=\"Valley of the Roya. Roya. Migrants. Migrations. Emma\u00fcs. FRANCE. First farm Emma\u00fcs Community with C\u00e9dric HERROU.\" \/>\n\t\t<meta name=\"twitter:creator\" content=\"@europeanobs\" \/>\n\t\t<meta name=\"twitter:image\" content=\"https:\/\/europeanobsndfr.org\/wp-content\/uploads\/2016\/11\/logo-oenddf.jpg\" \/>\n\t\t<script type=\"application\/ld+json\" class=\"aioseo-schema\">\n\t\t\t{\"@context\":\"https:\\\/\\\/schema.org\",\"@graph\":[{\"@type\":\"Article\",\"@id\":\"https:\\\/\\\/europeanobsndfr.org\\\/en\\\/actualites-fr\\\/asylum-migration-and-borders\\\/valley-of-the-roya-france-first-farm-emmaus-community-with-cedric-herrou\\\/#article\",\"name\":\"Valley of the Roya. Roya. Migrants. Migrations. Emma\\u00fcs. FRANCE. First farm Emma\\u00fcs Community with C\\u00e9dric HERROU. | O.E.N.D.D.F.\",\"headline\":\"Valley of the Roya, FRANCE.  Migrants. First farm Emma\\u00fcs Community with C\\u00e9dric HERROU.\",\"author\":{\"@id\":\"https:\\\/\\\/europeanobsndfr.org\\\/en\\\/author\\\/admin\\\/#author\"},\"publisher\":{\"@id\":\"https:\\\/\\\/europeanobsndfr.org\\\/en\\\/#organization\"},\"image\":{\"@type\":\"ImageObject\",\"url\":\"https:\\\/\\\/europeanobsndfr.org\\\/wp-content\\\/uploads\\\/2016\\\/11\\\/cropped-logo-oenddf.jpg\",\"@id\":\"https:\\\/\\\/europeanobsndfr.org\\\/en\\\/#articleImage\",\"width\":701,\"height\":600,\"caption\":\"Logo OENDDF\"},\"datePublished\":\"2019-09-01T08:02:48+01:00\",\"dateModified\":\"2019-09-01T16:27:05+01:00\",\"inLanguage\":\"en-GB\",\"mainEntityOfPage\":{\"@id\":\"https:\\\/\\\/europeanobsndfr.org\\\/en\\\/actualites-fr\\\/asylum-migration-and-borders\\\/valley-of-the-roya-france-first-farm-emmaus-community-with-cedric-herrou\\\/#webpage\"},\"isPartOf\":{\"@id\":\"https:\\\/\\\/europeanobsndfr.org\\\/en\\\/actualites-fr\\\/asylum-migration-and-borders\\\/valley-of-the-roya-france-first-farm-emmaus-community-with-cedric-herrou\\\/#webpage\"},\"articleSection\":\"Asile, immigration et fronti\\u00e8res\"},{\"@type\":\"BreadcrumbList\",\"@id\":\"https:\\\/\\\/europeanobsndfr.org\\\/en\\\/actualites-fr\\\/asylum-migration-and-borders\\\/valley-of-the-roya-france-first-farm-emmaus-community-with-cedric-herrou\\\/#breadcrumblist\",\"itemListElement\":[{\"@type\":\"ListItem\",\"@id\":\"https:\\\/\\\/europeanobsndfr.org\\\/en#listItem\",\"position\":1,\"name\":\"Accueil\",\"item\":\"https:\\\/\\\/europeanobsndfr.org\\\/en\",\"nextItem\":{\"@type\":\"ListItem\",\"@id\":\"https:\\\/\\\/europeanobsndfr.org\\\/en\\\/category\\\/actualites-fr\\\/#listItem\",\"name\":\"Actualit\\u00e9\"}},{\"@type\":\"ListItem\",\"@id\":\"https:\\\/\\\/europeanobsndfr.org\\\/en\\\/category\\\/actualites-fr\\\/#listItem\",\"position\":2,\"name\":\"Actualit\\u00e9\",\"item\":\"https:\\\/\\\/europeanobsndfr.org\\\/en\\\/category\\\/actualites-fr\\\/\",\"nextItem\":{\"@type\":\"ListItem\",\"@id\":\"https:\\\/\\\/europeanobsndfr.org\\\/en\\\/category\\\/actualites-fr\\\/asylum-migration-and-borders\\\/#listItem\",\"name\":\"Asile, immigration et fronti\\u00e8res\"},\"previousItem\":{\"@type\":\"ListItem\",\"@id\":\"https:\\\/\\\/europeanobsndfr.org\\\/en#listItem\",\"name\":\"Accueil\"}},{\"@type\":\"ListItem\",\"@id\":\"https:\\\/\\\/europeanobsndfr.org\\\/en\\\/category\\\/actualites-fr\\\/asylum-migration-and-borders\\\/#listItem\",\"position\":3,\"name\":\"Asile, immigration et fronti\\u00e8res\",\"item\":\"https:\\\/\\\/europeanobsndfr.org\\\/en\\\/category\\\/actualites-fr\\\/asylum-migration-and-borders\\\/\",\"nextItem\":{\"@type\":\"ListItem\",\"@id\":\"https:\\\/\\\/europeanobsndfr.org\\\/en\\\/actualites-fr\\\/asylum-migration-and-borders\\\/valley-of-the-roya-france-first-farm-emmaus-community-with-cedric-herrou\\\/#listItem\",\"name\":\"Valley of the Roya, FRANCE.  Migrants. First farm Emma\\u00fcs Community with C\\u00e9dric HERROU.\"},\"previousItem\":{\"@type\":\"ListItem\",\"@id\":\"https:\\\/\\\/europeanobsndfr.org\\\/en\\\/category\\\/actualites-fr\\\/#listItem\",\"name\":\"Actualit\\u00e9\"}},{\"@type\":\"ListItem\",\"@id\":\"https:\\\/\\\/europeanobsndfr.org\\\/en\\\/actualites-fr\\\/asylum-migration-and-borders\\\/valley-of-the-roya-france-first-farm-emmaus-community-with-cedric-herrou\\\/#listItem\",\"position\":4,\"name\":\"Valley of the Roya, FRANCE.  Migrants. First farm Emma\\u00fcs Community with C\\u00e9dric HERROU.\",\"previousItem\":{\"@type\":\"ListItem\",\"@id\":\"https:\\\/\\\/europeanobsndfr.org\\\/en\\\/category\\\/actualites-fr\\\/asylum-migration-and-borders\\\/#listItem\",\"name\":\"Asile, immigration et fronti\\u00e8res\"}}]},{\"@type\":\"Organization\",\"@id\":\"https:\\\/\\\/europeanobsndfr.org\\\/en\\\/#organization\",\"name\":\"OENDDF\",\"description\":\"Organisation Internationale Non-Gouvernementale\",\"url\":\"https:\\\/\\\/europeanobsndfr.org\\\/en\\\/\",\"logo\":{\"@type\":\"ImageObject\",\"url\":\"https:\\\/\\\/europeanobsndfr.org\\\/wp-content\\\/uploads\\\/2016\\\/11\\\/cropped-logo-oenddf.jpg\",\"@id\":\"https:\\\/\\\/europeanobsndfr.org\\\/en\\\/actualites-fr\\\/asylum-migration-and-borders\\\/valley-of-the-roya-france-first-farm-emmaus-community-with-cedric-herrou\\\/#organizationLogo\",\"width\":701,\"height\":600,\"caption\":\"Logo OENDDF\"},\"image\":{\"@id\":\"https:\\\/\\\/europeanobsndfr.org\\\/en\\\/actualites-fr\\\/asylum-migration-and-borders\\\/valley-of-the-roya-france-first-farm-emmaus-community-with-cedric-herrou\\\/#organizationLogo\"},\"sameAs\":[\"https:\\\/\\\/twitter.com\\\/europeanobs\",\"https:\\\/\\\/www.instagram.com\\\/oenddf_ngo\\\/\",\"https:\\\/\\\/www.youtube.com\\\/channel\\\/UCO9vz5fybFw1Q8pvN00CDgA\"]},{\"@type\":\"Person\",\"@id\":\"https:\\\/\\\/europeanobsndfr.org\\\/en\\\/author\\\/admin\\\/#author\",\"url\":\"https:\\\/\\\/europeanobsndfr.org\\\/en\\\/author\\\/admin\\\/\",\"name\":\"OENDDF\",\"image\":{\"@type\":\"ImageObject\",\"@id\":\"https:\\\/\\\/europeanobsndfr.org\\\/en\\\/actualites-fr\\\/asylum-migration-and-borders\\\/valley-of-the-roya-france-first-farm-emmaus-community-with-cedric-herrou\\\/#authorImage\",\"url\":\"https:\\\/\\\/secure.gravatar.com\\\/avatar\\\/f64bd673bdf1f612f36226606d41703598d9c028a910d72b461acb19a72f63d5?s=96&d=mm&r=g\",\"width\":96,\"height\":96,\"caption\":\"OENDDF\"}},{\"@type\":\"WebPage\",\"@id\":\"https:\\\/\\\/europeanobsndfr.org\\\/en\\\/actualites-fr\\\/asylum-migration-and-borders\\\/valley-of-the-roya-france-first-farm-emmaus-community-with-cedric-herrou\\\/#webpage\",\"url\":\"https:\\\/\\\/europeanobsndfr.org\\\/en\\\/actualites-fr\\\/asylum-migration-and-borders\\\/valley-of-the-roya-france-first-farm-emmaus-community-with-cedric-herrou\\\/\",\"name\":\"Valley of the Roya. Roya. Migrants. Migrations. Emma\\u00fcs. FRANCE. First farm Emma\\u00fcs Community with C\\u00e9dric HERROU. | O.E.N.D.D.F.\",\"description\":\"Valley of the Roya. Roya. Migrants. Migrations. Emma\\u00fcs. FRANCE. First farm Emma\\u00fcs Community with C\\u00e9dric HERROU.\",\"inLanguage\":\"en-GB\",\"isPartOf\":{\"@id\":\"https:\\\/\\\/europeanobsndfr.org\\\/en\\\/#website\"},\"breadcrumb\":{\"@id\":\"https:\\\/\\\/europeanobsndfr.org\\\/en\\\/actualites-fr\\\/asylum-migration-and-borders\\\/valley-of-the-roya-france-first-farm-emmaus-community-with-cedric-herrou\\\/#breadcrumblist\"},\"author\":{\"@id\":\"https:\\\/\\\/europeanobsndfr.org\\\/en\\\/author\\\/admin\\\/#author\"},\"creator\":{\"@id\":\"https:\\\/\\\/europeanobsndfr.org\\\/en\\\/author\\\/admin\\\/#author\"},\"datePublished\":\"2019-09-01T08:02:48+01:00\",\"dateModified\":\"2019-09-01T16:27:05+01:00\"},{\"@type\":\"WebSite\",\"@id\":\"https:\\\/\\\/europeanobsndfr.org\\\/en\\\/#website\",\"url\":\"https:\\\/\\\/europeanobsndfr.org\\\/en\\\/\",\"name\":\"Observatoire Europ\\u00e9en de la Non-Discrimination et des Droits Fondamentaux\",\"description\":\"Organisation Internationale Non-Gouvernementale\",\"inLanguage\":\"en-GB\",\"publisher\":{\"@id\":\"https:\\\/\\\/europeanobsndfr.org\\\/en\\\/#organization\"}}]}\n\t\t<\/script>\n\t\t<!-- All in One SEO -->\n\n","aioseo_head_json":{"title":"Valley of the Roya. Roya. Migrants. Migrations. Emma\u00fcs. FRANCE. First farm Emma\u00fcs Community with C\u00e9dric HERROU. | O.E.N.D.D.F.","description":"Valley of the Roya. Roya. Migrants. Migrations. Emma\u00fcs. FRANCE. First farm Emma\u00fcs Community with C\u00e9dric HERROU.","canonical_url":"https:\/\/europeanobsndfr.org\/en\/actualites-fr\/asylum-migration-and-borders\/valley-of-the-roya-france-first-farm-emmaus-community-with-cedric-herrou\/","robots":"max-snippet:-1, max-image-preview:large, max-video-preview:-1","keywords":"","webmasterTools":{"google-site-verification":"KZsAbCyd-Ww06m2-MlFPa7EphgzWqs90ra8o0LfM_K8","miscellaneous":""},"schema":{"@context":"https:\/\/schema.org","@graph":[{"@type":"Article","@id":"https:\/\/europeanobsndfr.org\/en\/actualites-fr\/asylum-migration-and-borders\/valley-of-the-roya-france-first-farm-emmaus-community-with-cedric-herrou\/#article","name":"Valley of the Roya. Roya. Migrants. Migrations. Emma\u00fcs. FRANCE. First farm Emma\u00fcs Community with C\u00e9dric HERROU. | O.E.N.D.D.F.","headline":"Valley of the Roya, FRANCE.  Migrants. First farm Emma\u00fcs Community with C\u00e9dric HERROU.","author":{"@id":"https:\/\/europeanobsndfr.org\/en\/author\/admin\/#author"},"publisher":{"@id":"https:\/\/europeanobsndfr.org\/en\/#organization"},"image":{"@type":"ImageObject","url":"https:\/\/europeanobsndfr.org\/wp-content\/uploads\/2016\/11\/cropped-logo-oenddf.jpg","@id":"https:\/\/europeanobsndfr.org\/en\/#articleImage","width":701,"height":600,"caption":"Logo OENDDF"},"datePublished":"2019-09-01T08:02:48+01:00","dateModified":"2019-09-01T16:27:05+01:00","inLanguage":"en-GB","mainEntityOfPage":{"@id":"https:\/\/europeanobsndfr.org\/en\/actualites-fr\/asylum-migration-and-borders\/valley-of-the-roya-france-first-farm-emmaus-community-with-cedric-herrou\/#webpage"},"isPartOf":{"@id":"https:\/\/europeanobsndfr.org\/en\/actualites-fr\/asylum-migration-and-borders\/valley-of-the-roya-france-first-farm-emmaus-community-with-cedric-herrou\/#webpage"},"articleSection":"Asile, immigration et fronti\u00e8res"},{"@type":"BreadcrumbList","@id":"https:\/\/europeanobsndfr.org\/en\/actualites-fr\/asylum-migration-and-borders\/valley-of-the-roya-france-first-farm-emmaus-community-with-cedric-herrou\/#breadcrumblist","itemListElement":[{"@type":"ListItem","@id":"https:\/\/europeanobsndfr.org\/en#listItem","position":1,"name":"Accueil","item":"https:\/\/europeanobsndfr.org\/en","nextItem":{"@type":"ListItem","@id":"https:\/\/europeanobsndfr.org\/en\/category\/actualites-fr\/#listItem","name":"Actualit\u00e9"}},{"@type":"ListItem","@id":"https:\/\/europeanobsndfr.org\/en\/category\/actualites-fr\/#listItem","position":2,"name":"Actualit\u00e9","item":"https:\/\/europeanobsndfr.org\/en\/category\/actualites-fr\/","nextItem":{"@type":"ListItem","@id":"https:\/\/europeanobsndfr.org\/en\/category\/actualites-fr\/asylum-migration-and-borders\/#listItem","name":"Asile, immigration et fronti\u00e8res"},"previousItem":{"@type":"ListItem","@id":"https:\/\/europeanobsndfr.org\/en#listItem","name":"Accueil"}},{"@type":"ListItem","@id":"https:\/\/europeanobsndfr.org\/en\/category\/actualites-fr\/asylum-migration-and-borders\/#listItem","position":3,"name":"Asile, immigration et fronti\u00e8res","item":"https:\/\/europeanobsndfr.org\/en\/category\/actualites-fr\/asylum-migration-and-borders\/","nextItem":{"@type":"ListItem","@id":"https:\/\/europeanobsndfr.org\/en\/actualites-fr\/asylum-migration-and-borders\/valley-of-the-roya-france-first-farm-emmaus-community-with-cedric-herrou\/#listItem","name":"Valley of the Roya, FRANCE.  Migrants. First farm Emma\u00fcs Community with C\u00e9dric HERROU."},"previousItem":{"@type":"ListItem","@id":"https:\/\/europeanobsndfr.org\/en\/category\/actualites-fr\/#listItem","name":"Actualit\u00e9"}},{"@type":"ListItem","@id":"https:\/\/europeanobsndfr.org\/en\/actualites-fr\/asylum-migration-and-borders\/valley-of-the-roya-france-first-farm-emmaus-community-with-cedric-herrou\/#listItem","position":4,"name":"Valley of the Roya, FRANCE.  Migrants. First farm Emma\u00fcs Community with C\u00e9dric HERROU.","previousItem":{"@type":"ListItem","@id":"https:\/\/europeanobsndfr.org\/en\/category\/actualites-fr\/asylum-migration-and-borders\/#listItem","name":"Asile, immigration et fronti\u00e8res"}}]},{"@type":"Organization","@id":"https:\/\/europeanobsndfr.org\/en\/#organization","name":"OENDDF","description":"Organisation Internationale Non-Gouvernementale","url":"https:\/\/europeanobsndfr.org\/en\/","logo":{"@type":"ImageObject","url":"https:\/\/europeanobsndfr.org\/wp-content\/uploads\/2016\/11\/cropped-logo-oenddf.jpg","@id":"https:\/\/europeanobsndfr.org\/en\/actualites-fr\/asylum-migration-and-borders\/valley-of-the-roya-france-first-farm-emmaus-community-with-cedric-herrou\/#organizationLogo","width":701,"height":600,"caption":"Logo OENDDF"},"image":{"@id":"https:\/\/europeanobsndfr.org\/en\/actualites-fr\/asylum-migration-and-borders\/valley-of-the-roya-france-first-farm-emmaus-community-with-cedric-herrou\/#organizationLogo"},"sameAs":["https:\/\/twitter.com\/europeanobs","https:\/\/www.instagram.com\/oenddf_ngo\/","https:\/\/www.youtube.com\/channel\/UCO9vz5fybFw1Q8pvN00CDgA"]},{"@type":"Person","@id":"https:\/\/europeanobsndfr.org\/en\/author\/admin\/#author","url":"https:\/\/europeanobsndfr.org\/en\/author\/admin\/","name":"OENDDF","image":{"@type":"ImageObject","@id":"https:\/\/europeanobsndfr.org\/en\/actualites-fr\/asylum-migration-and-borders\/valley-of-the-roya-france-first-farm-emmaus-community-with-cedric-herrou\/#authorImage","url":"https:\/\/secure.gravatar.com\/avatar\/f64bd673bdf1f612f36226606d41703598d9c028a910d72b461acb19a72f63d5?s=96&d=mm&r=g","width":96,"height":96,"caption":"OENDDF"}},{"@type":"WebPage","@id":"https:\/\/europeanobsndfr.org\/en\/actualites-fr\/asylum-migration-and-borders\/valley-of-the-roya-france-first-farm-emmaus-community-with-cedric-herrou\/#webpage","url":"https:\/\/europeanobsndfr.org\/en\/actualites-fr\/asylum-migration-and-borders\/valley-of-the-roya-france-first-farm-emmaus-community-with-cedric-herrou\/","name":"Valley of the Roya. Roya. Migrants. Migrations. Emma\u00fcs. FRANCE. First farm Emma\u00fcs Community with C\u00e9dric HERROU. | O.E.N.D.D.F.","description":"Valley of the Roya. Roya. Migrants. Migrations. Emma\u00fcs. FRANCE. First farm Emma\u00fcs Community with C\u00e9dric HERROU.","inLanguage":"en-GB","isPartOf":{"@id":"https:\/\/europeanobsndfr.org\/en\/#website"},"breadcrumb":{"@id":"https:\/\/europeanobsndfr.org\/en\/actualites-fr\/asylum-migration-and-borders\/valley-of-the-roya-france-first-farm-emmaus-community-with-cedric-herrou\/#breadcrumblist"},"author":{"@id":"https:\/\/europeanobsndfr.org\/en\/author\/admin\/#author"},"creator":{"@id":"https:\/\/europeanobsndfr.org\/en\/author\/admin\/#author"},"datePublished":"2019-09-01T08:02:48+01:00","dateModified":"2019-09-01T16:27:05+01:00"},{"@type":"WebSite","@id":"https:\/\/europeanobsndfr.org\/en\/#website","url":"https:\/\/europeanobsndfr.org\/en\/","name":"Observatoire Europ\u00e9en de la Non-Discrimination et des Droits Fondamentaux","description":"Organisation Internationale Non-Gouvernementale","inLanguage":"en-GB","publisher":{"@id":"https:\/\/europeanobsndfr.org\/en\/#organization"}}]},"og:locale":"en_GB","og:site_name":"Observatoire Europ\u00e9en de la Non-Discrimination et des Droits Fondamentaux","og:type":"non_profit","og:title":"Valley of the Roya. Roya. Migrants. Migrations. Emma\u00fcs. FRANCE. First farm Emma\u00fcs Community with C\u00e9dric HERROU. | O.E.N.D.D.F.","og:description":"Valley of the Roya. Roya. Migrants. Migrations. Emma\u00fcs. FRANCE. First farm Emma\u00fcs Community with C\u00e9dric HERROU.","og:url":"https:\/\/europeanobsndfr.org\/en\/actualites-fr\/asylum-migration-and-borders\/valley-of-the-roya-france-first-farm-emmaus-community-with-cedric-herrou\/","og:image":"https:\/\/europeanobsndfr.org\/wp-content\/uploads\/2016\/11\/logo-oenddf.jpg","og:image:secure_url":"https:\/\/europeanobsndfr.org\/wp-content\/uploads\/2016\/11\/logo-oenddf.jpg","og:image:width":830,"og:image:height":600,"twitter:card":"summary","twitter:site":"@europeanobs","twitter:title":"Valley of the Roya. Roya. Migrants. Migrations. Emma\u00fcs. FRANCE. First farm Emma\u00fcs Community with C\u00e9dric HERROU. | O.E.N.D.D.F.","twitter:description":"Valley of the Roya. Roya. Migrants. Migrations. Emma\u00fcs. FRANCE. First farm Emma\u00fcs Community with C\u00e9dric HERROU.","twitter:creator":"@europeanobs","twitter:image":"https:\/\/europeanobsndfr.org\/wp-content\/uploads\/2016\/11\/logo-oenddf.jpg"},"aioseo_meta_data":{"post_id":"15589","title":"Valley of the Roya. Roya. Migrants. Migrations. Emma\u00fcs. FRANCE. First farm Emma\u00fcs Community with C\u00e9dric HERROU. | O.E.N.D.D.F.","description":"Valley of the Roya. Roya. Migrants. Migrations. Emma\u00fcs. FRANCE. First farm Emma\u00fcs Community with C\u00e9dric HERROU.","keywords":null,"keyphrases":null,"primary_term":null,"canonical_url":null,"og_title":"","og_description":"","og_object_type":"non_profit","og_image_type":"default","og_image_url":null,"og_image_width":null,"og_image_height":null,"og_image_custom_url":null,"og_image_custom_fields":null,"og_video":"","og_custom_url":null,"og_article_section":"","og_article_tags":"","twitter_use_og":false,"twitter_card":"summary","twitter_image_type":"default","twitter_image_url":null,"twitter_image_custom_url":null,"twitter_image_custom_fields":null,"twitter_title":null,"twitter_description":null,"schema":{"blockGraphs":[],"customGraphs":[],"default":{"data":{"Article":[],"Course":[],"Dataset":[],"FAQPage":[],"Movie":[],"Person":[],"Product":[],"ProductReview":[],"Car":[],"Recipe":[],"Service":[],"SoftwareApplication":[],"WebPage":[]},"graphName":"","isEnabled":true},"graphs":[]},"schema_type":null,"schema_type_options":null,"pillar_content":false,"robots_default":true,"robots_noindex":false,"robots_noarchive":false,"robots_nosnippet":false,"robots_nofollow":false,"robots_noimageindex":false,"robots_noodp":false,"robots_notranslate":false,"robots_max_snippet":null,"robots_max_videopreview":null,"robots_max_imagepreview":"large","priority":null,"frequency":null,"local_seo":null,"breadcrumb_settings":null,"limit_modified_date":false,"ai":null,"created":"2021-01-22 17:46:19","updated":"2025-08-01 18:37:11","focus_keyword":null,"additional_keywords":null,"truseo_locale":null,"seo_analyzer_scan_date":null},"jetpack_featured_media_url":"","jetpack-related-posts":[],"jetpack_sharing_enabled":true,"_links":{"self":[{"href":"https:\/\/europeanobsndfr.org\/en\/wp-json\/wp\/v2\/posts\/15589","targetHints":{"allow":["GET"]}}],"collection":[{"href":"https:\/\/europeanobsndfr.org\/en\/wp-json\/wp\/v2\/posts"}],"about":[{"href":"https:\/\/europeanobsndfr.org\/en\/wp-json\/wp\/v2\/types\/post"}],"author":[{"embeddable":true,"href":"https:\/\/europeanobsndfr.org\/en\/wp-json\/wp\/v2\/users\/1"}],"replies":[{"embeddable":true,"href":"https:\/\/europeanobsndfr.org\/en\/wp-json\/wp\/v2\/comments?post=15589"}],"version-history":[{"count":0,"href":"https:\/\/europeanobsndfr.org\/en\/wp-json\/wp\/v2\/posts\/15589\/revisions"}],"wp:attachment":[{"href":"https:\/\/europeanobsndfr.org\/en\/wp-json\/wp\/v2\/media?parent=15589"}],"wp:term":[{"taxonomy":"category","embeddable":true,"href":"https:\/\/europeanobsndfr.org\/en\/wp-json\/wp\/v2\/categories?post=15589"},{"taxonomy":"post_tag","embeddable":true,"href":"https:\/\/europeanobsndfr.org\/en\/wp-json\/wp\/v2\/tags?post=15589"}],"curies":[{"name":"wp","href":"https:\/\/api.w.org\/{rel}","templated":true}]}}