{"id":15593,"date":"2019-09-01T08:02:48","date_gmt":"2019-09-01T08:02:48","guid":{"rendered":"https:\/\/europeanobsndfr.org\/actualites-fr\/asylum-migration-and-borders\/valley-of-the-roya-france-first-farm-emmaus-community-with-cedric-herrou\/"},"modified":"2019-09-01T16:28:08","modified_gmt":"2019-09-01T16:28:08","slug":"vallee-de-la-roya-france-1ere-communaute-emmaus-paysanne-avec-cedric-herrou","status":"publish","type":"post","link":"https:\/\/europeanobsndfr.org\/en\/actualites-fr\/combat-contre-pauvrete\/vallee-de-la-roya-france-1ere-communaute-emmaus-paysanne-avec-cedric-herrou\/","title":{"rendered":"Vall\u00e9e de la Roya, FRANCE.  Migrants. 1\u00e8re Communaut\u00e9 Emma\u00fcs paysanne avec C\u00e9dric HERROU."},"content":{"rendered":"<p style=\"text-align: justify;\"><strong><span class=\"_5mfr\"><span class=\"_6qdm\">&#x2705;<\/span><\/span>\u00a0En FRANCE, dans la Vall\u00e9e de la Roya, C\u00e9dric Herrou cr\u00e9e la premi\u00e8re communaut\u00e9 Emma\u00fcs paysanne, qui emploie et h\u00e9berge des migrants compagnons ind\u00e9pendamment de leur statut administratif.\u00a0<\/strong><\/p>\n<p style=\"text-align: justify;\"><strong>800 oliviers.\u00a0<\/strong><strong>P\u00e9cule de compagnon d&rsquo;Emma\u00fcs de 350 \u20ac\/mois, avec h\u00e9bergement sur place.<\/strong><\/p>\n<p style=\"text-align: justify;\"><strong><span class=\"_5mfr\"><span class=\"_6qdm\">&#x2705;<\/span><\/span> Les compagnons cultivent, en bio, diff\u00e9rentes vari\u00e9t\u00e9s de tomates, de courgettes, courges, piments, aubergine, basilic et fraises et s\u2019occupent de 400 poules pondeuses.<\/strong> <span class=\"text_exposed_show\"><br \/>\n<\/span><\/p>\n<p style=\"text-align: justify;\"><span class=\"text_exposed_show\"><span class=\"_5mfr\"><span class=\"_6qdm\">&#x2705;<\/span><\/span> La vente des produits se fait en circuit court dans les commerces de la vall\u00e9e, dans un magasin bio ou au sein d\u2019une Amap (Association pour le maintien d\u2019une agriculture paysanne).<\/span><\/p>\n<p style=\"text-align: justify;\"><strong><span style=\"text-decoration: underline;\">Sources <\/span>:\u00a0<a href=\"ttps:\/\/www.la-croix.com\/France\/Immigration\/Cedric-Herrou-cree-premiere-communaute-Emmaus-paysanne-2019-08-14-1201040984?fbclid=IwAR0jPpE0pUz9ti96VPkOUkFTX2ioprsrEyuFYH6hzJYzVRcgohlWErqUJlc\">Vall\u00e9e de la Roya, FRANCE. 1\u00e8re Communaut\u00e9 Emma\u00fcs paysanne, avec C\u00e9dric HERROU.<\/a><\/strong><\/p>\n<p><strong>+ de nouvelles ?<\/strong>\u00a0Suivez notre O.I.N.G sur les r\u00e9seaux sociaux\u00a0<strong>:\u00a0<\/strong><\/p>\n<ul>\n<li><a href=\"https:\/\/www.facebook.com\/European-Observatory-for-Non-Discrimination-and-Fundamental-Rights-1103291363129845\/?fref=ts\">Facebook<\/a><\/li>\n<li><a href=\"https:\/\/twitter.com\/europeanobs\">Twitter<\/a><\/li>\n<li><a href=\"https:\/\/www.youtube.com\/channel\/UCO9vz5fybFw1Q8pvN00CDgA\">YouTube<\/a><\/li>\n<li><a href=\"https:\/\/www.instagram.com\/oenddf\/\">Instagram<\/a><\/li>\n<\/ul>","protected":false},"excerpt":{"rendered":"<p>&#x2705;\u00a0En FRANCE, dans la Vall\u00e9e de la Roya, C\u00e9dric Herrou cr\u00e9e la premi\u00e8re communaut\u00e9 Emma\u00fcs paysanne, qui emploie et h\u00e9berge des migrants compagnons ind\u00e9pendamment de leur statut administratif.\u00a0 800 oliviers.\u00a0P\u00e9cule de compagnon d&rsquo;Emma\u00fcs de 350 \u20ac\/mois, avec h\u00e9bergement sur place. &#x2705; Les compagnons cultivent, en bio, diff\u00e9rentes vari\u00e9t\u00e9s de tomates, de courgettes, courges, piments, aubergine,&#8230;<\/p>","protected":false},"author":1,"featured_media":0,"comment_status":"closed","ping_status":"closed","sticky":false,"template":"","format":"standard","meta":{"give_campaign_id":0,"_kadence_starter_templates_imported_post":false,"_kad_post_transparent":"","_kad_post_title":"","_kad_post_layout":"","_kad_post_sidebar_id":"","_kad_post_content_style":"","_kad_post_vertical_padding":"","_kad_post_feature":"","_kad_post_feature_position":"","_kad_post_header":false,"_kad_post_footer":false,"_kad_post_classname":"","_jetpack_memberships_contains_paid_content":false,"footnotes":""},"categories":[84,44],"tags":[],"class_list":["post-15593","post","type-post","status-publish","format-standard","hentry","category-asylum-migration-and-borders","category-combat-contre-pauvrete"],"aioseo_notices":[],"aioseo_head":"\n\t\t<!-- All in One SEO 5.0.1.1 - aioseo.com -->\n\t<meta name=\"description\" content=\"Vall\u00e9e de la Roya. Roya. Emma\u00fcs. C\u00e9dric Herrou. FRANCE. Migrants. Migrations. 1\u00e8re Communaut\u00e9 Emma\u00fcs paysanne avec C\u00e9dric HERROU.\" \/>\n\t<meta name=\"robots\" content=\"max-snippet:-1, max-image-preview:large, max-video-preview:-1\" \/>\n\t<meta name=\"author\" content=\"OENDDF\"\/>\n\t<meta name=\"google-site-verification\" content=\"KZsAbCyd-Ww06m2-MlFPa7EphgzWqs90ra8o0LfM_K8\" \/>\n\t<link rel=\"canonical\" href=\"https:\/\/europeanobsndfr.org\/en\/actualites-fr\/combat-contre-pauvrete\/vallee-de-la-roya-france-1ere-communaute-emmaus-paysanne-avec-cedric-herrou\/\" \/>\n\t<meta name=\"generator\" content=\"All in One SEO (AIOSEO) 5.0.1.1\" \/>\n\t\t<meta property=\"og:locale\" content=\"en_GB\" \/>\n\t\t<meta property=\"og:site_name\" content=\"Observatoire Europ\u00e9en de la Non-Discrimination et des Droits Fondamentaux\" \/>\n\t\t<meta property=\"og:type\" content=\"non_profit\" \/>\n\t\t<meta property=\"og:title\" content=\"Vall\u00e9e de la Roya. Roya. Emma\u00fcs. C\u00e9dric Herrou. FRANCE. Migrants. Migrations. 1\u00e8re Communaut\u00e9 Emma\u00fcs paysanne avec C\u00e9dric HERROU. | O.E.N.D.D.F.\" \/>\n\t\t<meta property=\"og:description\" content=\"Vall\u00e9e de la Roya. Roya. Emma\u00fcs. C\u00e9dric Herrou. FRANCE. Migrants. Migrations. 1\u00e8re Communaut\u00e9 Emma\u00fcs paysanne avec C\u00e9dric HERROU.\" \/>\n\t\t<meta property=\"og:url\" content=\"https:\/\/europeanobsndfr.org\/en\/actualites-fr\/combat-contre-pauvrete\/vallee-de-la-roya-france-1ere-communaute-emmaus-paysanne-avec-cedric-herrou\/\" \/>\n\t\t<meta property=\"og:image\" content=\"https:\/\/europeanobsndfr.org\/wp-content\/uploads\/2016\/11\/logo-oenddf.jpg\" \/>\n\t\t<meta property=\"og:image:secure_url\" content=\"https:\/\/europeanobsndfr.org\/wp-content\/uploads\/2016\/11\/logo-oenddf.jpg\" \/>\n\t\t<meta property=\"og:image:width\" content=\"830\" \/>\n\t\t<meta property=\"og:image:height\" content=\"600\" \/>\n\t\t<meta name=\"twitter:card\" content=\"summary\" \/>\n\t\t<meta name=\"twitter:site\" content=\"@europeanobs\" \/>\n\t\t<meta name=\"twitter:title\" content=\"Vall\u00e9e de la Roya. Roya. Emma\u00fcs. C\u00e9dric Herrou. FRANCE. Migrants. Migrations. 1\u00e8re Communaut\u00e9 Emma\u00fcs paysanne avec C\u00e9dric HERROU. | O.E.N.D.D.F.\" \/>\n\t\t<meta name=\"twitter:description\" content=\"Vall\u00e9e de la Roya. Roya. Emma\u00fcs. C\u00e9dric Herrou. FRANCE. Migrants. Migrations. 1\u00e8re Communaut\u00e9 Emma\u00fcs paysanne avec C\u00e9dric HERROU.\" \/>\n\t\t<meta name=\"twitter:creator\" content=\"@europeanobs\" \/>\n\t\t<meta name=\"twitter:image\" content=\"https:\/\/europeanobsndfr.org\/wp-content\/uploads\/2016\/11\/logo-oenddf.jpg\" \/>\n\t\t<script type=\"application\/ld+json\" class=\"aioseo-schema\">\n\t\t\t{\"@context\":\"https:\\\/\\\/schema.org\",\"@graph\":[{\"@type\":\"Article\",\"@id\":\"https:\\\/\\\/europeanobsndfr.org\\\/en\\\/actualites-fr\\\/combat-contre-pauvrete\\\/vallee-de-la-roya-france-1ere-communaute-emmaus-paysanne-avec-cedric-herrou\\\/#article\",\"name\":\"Vall\\u00e9e de la Roya. Roya. Emma\\u00fcs. C\\u00e9dric Herrou. FRANCE. Migrants. Migrations. 1\\u00e8re Communaut\\u00e9 Emma\\u00fcs paysanne avec C\\u00e9dric HERROU. | O.E.N.D.D.F.\",\"headline\":\"Vall\\u00e9e de la Roya, FRANCE.  Migrants. 1\\u00e8re Communaut\\u00e9 Emma\\u00fcs paysanne avec C\\u00e9dric HERROU.\",\"author\":{\"@id\":\"https:\\\/\\\/europeanobsndfr.org\\\/en\\\/author\\\/admin\\\/#author\"},\"publisher\":{\"@id\":\"https:\\\/\\\/europeanobsndfr.org\\\/en\\\/#organization\"},\"image\":{\"@type\":\"ImageObject\",\"url\":\"https:\\\/\\\/europeanobsndfr.org\\\/wp-content\\\/uploads\\\/2016\\\/11\\\/cropped-logo-oenddf.jpg\",\"@id\":\"https:\\\/\\\/europeanobsndfr.org\\\/en\\\/#articleImage\",\"width\":701,\"height\":600,\"caption\":\"Logo OENDDF\"},\"datePublished\":\"2019-09-01T08:02:48+01:00\",\"dateModified\":\"2019-09-01T16:28:08+01:00\",\"inLanguage\":\"en-GB\",\"mainEntityOfPage\":{\"@id\":\"https:\\\/\\\/europeanobsndfr.org\\\/en\\\/actualites-fr\\\/combat-contre-pauvrete\\\/vallee-de-la-roya-france-1ere-communaute-emmaus-paysanne-avec-cedric-herrou\\\/#webpage\"},\"isPartOf\":{\"@id\":\"https:\\\/\\\/europeanobsndfr.org\\\/en\\\/actualites-fr\\\/combat-contre-pauvrete\\\/vallee-de-la-roya-france-1ere-communaute-emmaus-paysanne-avec-cedric-herrou\\\/#webpage\"},\"articleSection\":\"Asile, immigration et fronti\\u00e8res, Combat contre la pauvret\\u00e9, contre l'exclusion sociale et en faveur de l'inclusion sociale\"},{\"@type\":\"BreadcrumbList\",\"@id\":\"https:\\\/\\\/europeanobsndfr.org\\\/en\\\/actualites-fr\\\/combat-contre-pauvrete\\\/vallee-de-la-roya-france-1ere-communaute-emmaus-paysanne-avec-cedric-herrou\\\/#breadcrumblist\",\"itemListElement\":[{\"@type\":\"ListItem\",\"@id\":\"https:\\\/\\\/europeanobsndfr.org\\\/en#listItem\",\"position\":1,\"name\":\"Accueil\",\"item\":\"https:\\\/\\\/europeanobsndfr.org\\\/en\",\"nextItem\":{\"@type\":\"ListItem\",\"@id\":\"https:\\\/\\\/europeanobsndfr.org\\\/en\\\/category\\\/actualites-fr\\\/#listItem\",\"name\":\"Actualit\\u00e9\"}},{\"@type\":\"ListItem\",\"@id\":\"https:\\\/\\\/europeanobsndfr.org\\\/en\\\/category\\\/actualites-fr\\\/#listItem\",\"position\":2,\"name\":\"Actualit\\u00e9\",\"item\":\"https:\\\/\\\/europeanobsndfr.org\\\/en\\\/category\\\/actualites-fr\\\/\",\"nextItem\":{\"@type\":\"ListItem\",\"@id\":\"https:\\\/\\\/europeanobsndfr.org\\\/en\\\/category\\\/actualites-fr\\\/combat-contre-pauvrete\\\/#listItem\",\"name\":\"Combat contre la pauvret\\u00e9, contre l'exclusion sociale et en faveur de l'inclusion sociale\"},\"previousItem\":{\"@type\":\"ListItem\",\"@id\":\"https:\\\/\\\/europeanobsndfr.org\\\/en#listItem\",\"name\":\"Accueil\"}},{\"@type\":\"ListItem\",\"@id\":\"https:\\\/\\\/europeanobsndfr.org\\\/en\\\/category\\\/actualites-fr\\\/combat-contre-pauvrete\\\/#listItem\",\"position\":3,\"name\":\"Combat contre la pauvret\\u00e9, contre l'exclusion sociale et en faveur de l'inclusion sociale\",\"item\":\"https:\\\/\\\/europeanobsndfr.org\\\/en\\\/category\\\/actualites-fr\\\/combat-contre-pauvrete\\\/\",\"nextItem\":{\"@type\":\"ListItem\",\"@id\":\"https:\\\/\\\/europeanobsndfr.org\\\/en\\\/actualites-fr\\\/combat-contre-pauvrete\\\/vallee-de-la-roya-france-1ere-communaute-emmaus-paysanne-avec-cedric-herrou\\\/#listItem\",\"name\":\"Vall\\u00e9e de la Roya, FRANCE.  Migrants. 1\\u00e8re Communaut\\u00e9 Emma\\u00fcs paysanne avec C\\u00e9dric HERROU.\"},\"previousItem\":{\"@type\":\"ListItem\",\"@id\":\"https:\\\/\\\/europeanobsndfr.org\\\/en\\\/category\\\/actualites-fr\\\/#listItem\",\"name\":\"Actualit\\u00e9\"}},{\"@type\":\"ListItem\",\"@id\":\"https:\\\/\\\/europeanobsndfr.org\\\/en\\\/actualites-fr\\\/combat-contre-pauvrete\\\/vallee-de-la-roya-france-1ere-communaute-emmaus-paysanne-avec-cedric-herrou\\\/#listItem\",\"position\":4,\"name\":\"Vall\\u00e9e de la Roya, FRANCE.  Migrants. 1\\u00e8re Communaut\\u00e9 Emma\\u00fcs paysanne avec C\\u00e9dric HERROU.\",\"previousItem\":{\"@type\":\"ListItem\",\"@id\":\"https:\\\/\\\/europeanobsndfr.org\\\/en\\\/category\\\/actualites-fr\\\/combat-contre-pauvrete\\\/#listItem\",\"name\":\"Combat contre la pauvret\\u00e9, contre l'exclusion sociale et en faveur de l'inclusion sociale\"}}]},{\"@type\":\"Organization\",\"@id\":\"https:\\\/\\\/europeanobsndfr.org\\\/en\\\/#organization\",\"name\":\"OENDDF\",\"description\":\"Organisation Internationale Non-Gouvernementale\",\"url\":\"https:\\\/\\\/europeanobsndfr.org\\\/en\\\/\",\"logo\":{\"@type\":\"ImageObject\",\"url\":\"https:\\\/\\\/europeanobsndfr.org\\\/wp-content\\\/uploads\\\/2016\\\/11\\\/cropped-logo-oenddf.jpg\",\"@id\":\"https:\\\/\\\/europeanobsndfr.org\\\/en\\\/actualites-fr\\\/combat-contre-pauvrete\\\/vallee-de-la-roya-france-1ere-communaute-emmaus-paysanne-avec-cedric-herrou\\\/#organizationLogo\",\"width\":701,\"height\":600,\"caption\":\"Logo OENDDF\"},\"image\":{\"@id\":\"https:\\\/\\\/europeanobsndfr.org\\\/en\\\/actualites-fr\\\/combat-contre-pauvrete\\\/vallee-de-la-roya-france-1ere-communaute-emmaus-paysanne-avec-cedric-herrou\\\/#organizationLogo\"},\"sameAs\":[\"https:\\\/\\\/twitter.com\\\/europeanobs\",\"https:\\\/\\\/www.instagram.com\\\/oenddf_ngo\\\/\",\"https:\\\/\\\/www.youtube.com\\\/channel\\\/UCO9vz5fybFw1Q8pvN00CDgA\"]},{\"@type\":\"Person\",\"@id\":\"https:\\\/\\\/europeanobsndfr.org\\\/en\\\/author\\\/admin\\\/#author\",\"url\":\"https:\\\/\\\/europeanobsndfr.org\\\/en\\\/author\\\/admin\\\/\",\"name\":\"OENDDF\",\"image\":{\"@type\":\"ImageObject\",\"@id\":\"https:\\\/\\\/europeanobsndfr.org\\\/en\\\/actualites-fr\\\/combat-contre-pauvrete\\\/vallee-de-la-roya-france-1ere-communaute-emmaus-paysanne-avec-cedric-herrou\\\/#authorImage\",\"url\":\"https:\\\/\\\/secure.gravatar.com\\\/avatar\\\/f64bd673bdf1f612f36226606d41703598d9c028a910d72b461acb19a72f63d5?s=96&d=mm&r=g\",\"width\":96,\"height\":96,\"caption\":\"OENDDF\"}},{\"@type\":\"WebPage\",\"@id\":\"https:\\\/\\\/europeanobsndfr.org\\\/en\\\/actualites-fr\\\/combat-contre-pauvrete\\\/vallee-de-la-roya-france-1ere-communaute-emmaus-paysanne-avec-cedric-herrou\\\/#webpage\",\"url\":\"https:\\\/\\\/europeanobsndfr.org\\\/en\\\/actualites-fr\\\/combat-contre-pauvrete\\\/vallee-de-la-roya-france-1ere-communaute-emmaus-paysanne-avec-cedric-herrou\\\/\",\"name\":\"Vall\\u00e9e de la Roya. Roya. Emma\\u00fcs. C\\u00e9dric Herrou. FRANCE. Migrants. Migrations. 1\\u00e8re Communaut\\u00e9 Emma\\u00fcs paysanne avec C\\u00e9dric HERROU. | O.E.N.D.D.F.\",\"description\":\"Vall\\u00e9e de la Roya. Roya. Emma\\u00fcs. C\\u00e9dric Herrou. FRANCE. Migrants. Migrations. 1\\u00e8re Communaut\\u00e9 Emma\\u00fcs paysanne avec C\\u00e9dric HERROU.\",\"inLanguage\":\"en-GB\",\"isPartOf\":{\"@id\":\"https:\\\/\\\/europeanobsndfr.org\\\/en\\\/#website\"},\"breadcrumb\":{\"@id\":\"https:\\\/\\\/europeanobsndfr.org\\\/en\\\/actualites-fr\\\/combat-contre-pauvrete\\\/vallee-de-la-roya-france-1ere-communaute-emmaus-paysanne-avec-cedric-herrou\\\/#breadcrumblist\"},\"author\":{\"@id\":\"https:\\\/\\\/europeanobsndfr.org\\\/en\\\/author\\\/admin\\\/#author\"},\"creator\":{\"@id\":\"https:\\\/\\\/europeanobsndfr.org\\\/en\\\/author\\\/admin\\\/#author\"},\"datePublished\":\"2019-09-01T08:02:48+01:00\",\"dateModified\":\"2019-09-01T16:28:08+01:00\"},{\"@type\":\"WebSite\",\"@id\":\"https:\\\/\\\/europeanobsndfr.org\\\/en\\\/#website\",\"url\":\"https:\\\/\\\/europeanobsndfr.org\\\/en\\\/\",\"name\":\"Observatoire Europ\\u00e9en de la Non-Discrimination et des Droits Fondamentaux\",\"description\":\"Organisation Internationale Non-Gouvernementale\",\"inLanguage\":\"en-GB\",\"publisher\":{\"@id\":\"https:\\\/\\\/europeanobsndfr.org\\\/en\\\/#organization\"}}]}\n\t\t<\/script>\n\t\t<!-- All in One SEO -->\n\n","aioseo_head_json":{"title":"Vall\u00e9e de la Roya. Roya. Emma\u00fcs. C\u00e9dric Herrou. FRANCE. Migrants. Migrations. 1\u00e8re Communaut\u00e9 Emma\u00fcs paysanne avec C\u00e9dric HERROU. | O.E.N.D.D.F.","description":"Vall\u00e9e de la Roya. Roya. Emma\u00fcs. C\u00e9dric Herrou. FRANCE. Migrants. Migrations. 1\u00e8re Communaut\u00e9 Emma\u00fcs paysanne avec C\u00e9dric HERROU.","canonical_url":"https:\/\/europeanobsndfr.org\/en\/actualites-fr\/combat-contre-pauvrete\/vallee-de-la-roya-france-1ere-communaute-emmaus-paysanne-avec-cedric-herrou\/","robots":"max-snippet:-1, max-image-preview:large, max-video-preview:-1","keywords":"","webmasterTools":{"google-site-verification":"KZsAbCyd-Ww06m2-MlFPa7EphgzWqs90ra8o0LfM_K8","miscellaneous":""},"schema":{"@context":"https:\/\/schema.org","@graph":[{"@type":"Article","@id":"https:\/\/europeanobsndfr.org\/en\/actualites-fr\/combat-contre-pauvrete\/vallee-de-la-roya-france-1ere-communaute-emmaus-paysanne-avec-cedric-herrou\/#article","name":"Vall\u00e9e de la Roya. Roya. Emma\u00fcs. C\u00e9dric Herrou. FRANCE. Migrants. Migrations. 1\u00e8re Communaut\u00e9 Emma\u00fcs paysanne avec C\u00e9dric HERROU. | O.E.N.D.D.F.","headline":"Vall\u00e9e de la Roya, FRANCE.  Migrants. 1\u00e8re Communaut\u00e9 Emma\u00fcs paysanne avec C\u00e9dric HERROU.","author":{"@id":"https:\/\/europeanobsndfr.org\/en\/author\/admin\/#author"},"publisher":{"@id":"https:\/\/europeanobsndfr.org\/en\/#organization"},"image":{"@type":"ImageObject","url":"https:\/\/europeanobsndfr.org\/wp-content\/uploads\/2016\/11\/cropped-logo-oenddf.jpg","@id":"https:\/\/europeanobsndfr.org\/en\/#articleImage","width":701,"height":600,"caption":"Logo OENDDF"},"datePublished":"2019-09-01T08:02:48+01:00","dateModified":"2019-09-01T16:28:08+01:00","inLanguage":"en-GB","mainEntityOfPage":{"@id":"https:\/\/europeanobsndfr.org\/en\/actualites-fr\/combat-contre-pauvrete\/vallee-de-la-roya-france-1ere-communaute-emmaus-paysanne-avec-cedric-herrou\/#webpage"},"isPartOf":{"@id":"https:\/\/europeanobsndfr.org\/en\/actualites-fr\/combat-contre-pauvrete\/vallee-de-la-roya-france-1ere-communaute-emmaus-paysanne-avec-cedric-herrou\/#webpage"},"articleSection":"Asile, immigration et fronti\u00e8res, Combat contre la pauvret\u00e9, contre l'exclusion sociale et en faveur de l'inclusion sociale"},{"@type":"BreadcrumbList","@id":"https:\/\/europeanobsndfr.org\/en\/actualites-fr\/combat-contre-pauvrete\/vallee-de-la-roya-france-1ere-communaute-emmaus-paysanne-avec-cedric-herrou\/#breadcrumblist","itemListElement":[{"@type":"ListItem","@id":"https:\/\/europeanobsndfr.org\/en#listItem","position":1,"name":"Accueil","item":"https:\/\/europeanobsndfr.org\/en","nextItem":{"@type":"ListItem","@id":"https:\/\/europeanobsndfr.org\/en\/category\/actualites-fr\/#listItem","name":"Actualit\u00e9"}},{"@type":"ListItem","@id":"https:\/\/europeanobsndfr.org\/en\/category\/actualites-fr\/#listItem","position":2,"name":"Actualit\u00e9","item":"https:\/\/europeanobsndfr.org\/en\/category\/actualites-fr\/","nextItem":{"@type":"ListItem","@id":"https:\/\/europeanobsndfr.org\/en\/category\/actualites-fr\/combat-contre-pauvrete\/#listItem","name":"Combat contre la pauvret\u00e9, contre l'exclusion sociale et en faveur de l'inclusion sociale"},"previousItem":{"@type":"ListItem","@id":"https:\/\/europeanobsndfr.org\/en#listItem","name":"Accueil"}},{"@type":"ListItem","@id":"https:\/\/europeanobsndfr.org\/en\/category\/actualites-fr\/combat-contre-pauvrete\/#listItem","position":3,"name":"Combat contre la pauvret\u00e9, contre l'exclusion sociale et en faveur de l'inclusion sociale","item":"https:\/\/europeanobsndfr.org\/en\/category\/actualites-fr\/combat-contre-pauvrete\/","nextItem":{"@type":"ListItem","@id":"https:\/\/europeanobsndfr.org\/en\/actualites-fr\/combat-contre-pauvrete\/vallee-de-la-roya-france-1ere-communaute-emmaus-paysanne-avec-cedric-herrou\/#listItem","name":"Vall\u00e9e de la Roya, FRANCE.  Migrants. 1\u00e8re Communaut\u00e9 Emma\u00fcs paysanne avec C\u00e9dric HERROU."},"previousItem":{"@type":"ListItem","@id":"https:\/\/europeanobsndfr.org\/en\/category\/actualites-fr\/#listItem","name":"Actualit\u00e9"}},{"@type":"ListItem","@id":"https:\/\/europeanobsndfr.org\/en\/actualites-fr\/combat-contre-pauvrete\/vallee-de-la-roya-france-1ere-communaute-emmaus-paysanne-avec-cedric-herrou\/#listItem","position":4,"name":"Vall\u00e9e de la Roya, FRANCE.  Migrants. 1\u00e8re Communaut\u00e9 Emma\u00fcs paysanne avec C\u00e9dric HERROU.","previousItem":{"@type":"ListItem","@id":"https:\/\/europeanobsndfr.org\/en\/category\/actualites-fr\/combat-contre-pauvrete\/#listItem","name":"Combat contre la pauvret\u00e9, contre l'exclusion sociale et en faveur de l'inclusion sociale"}}]},{"@type":"Organization","@id":"https:\/\/europeanobsndfr.org\/en\/#organization","name":"OENDDF","description":"Organisation Internationale Non-Gouvernementale","url":"https:\/\/europeanobsndfr.org\/en\/","logo":{"@type":"ImageObject","url":"https:\/\/europeanobsndfr.org\/wp-content\/uploads\/2016\/11\/cropped-logo-oenddf.jpg","@id":"https:\/\/europeanobsndfr.org\/en\/actualites-fr\/combat-contre-pauvrete\/vallee-de-la-roya-france-1ere-communaute-emmaus-paysanne-avec-cedric-herrou\/#organizationLogo","width":701,"height":600,"caption":"Logo OENDDF"},"image":{"@id":"https:\/\/europeanobsndfr.org\/en\/actualites-fr\/combat-contre-pauvrete\/vallee-de-la-roya-france-1ere-communaute-emmaus-paysanne-avec-cedric-herrou\/#organizationLogo"},"sameAs":["https:\/\/twitter.com\/europeanobs","https:\/\/www.instagram.com\/oenddf_ngo\/","https:\/\/www.youtube.com\/channel\/UCO9vz5fybFw1Q8pvN00CDgA"]},{"@type":"Person","@id":"https:\/\/europeanobsndfr.org\/en\/author\/admin\/#author","url":"https:\/\/europeanobsndfr.org\/en\/author\/admin\/","name":"OENDDF","image":{"@type":"ImageObject","@id":"https:\/\/europeanobsndfr.org\/en\/actualites-fr\/combat-contre-pauvrete\/vallee-de-la-roya-france-1ere-communaute-emmaus-paysanne-avec-cedric-herrou\/#authorImage","url":"https:\/\/secure.gravatar.com\/avatar\/f64bd673bdf1f612f36226606d41703598d9c028a910d72b461acb19a72f63d5?s=96&d=mm&r=g","width":96,"height":96,"caption":"OENDDF"}},{"@type":"WebPage","@id":"https:\/\/europeanobsndfr.org\/en\/actualites-fr\/combat-contre-pauvrete\/vallee-de-la-roya-france-1ere-communaute-emmaus-paysanne-avec-cedric-herrou\/#webpage","url":"https:\/\/europeanobsndfr.org\/en\/actualites-fr\/combat-contre-pauvrete\/vallee-de-la-roya-france-1ere-communaute-emmaus-paysanne-avec-cedric-herrou\/","name":"Vall\u00e9e de la Roya. Roya. Emma\u00fcs. C\u00e9dric Herrou. FRANCE. Migrants. Migrations. 1\u00e8re Communaut\u00e9 Emma\u00fcs paysanne avec C\u00e9dric HERROU. | O.E.N.D.D.F.","description":"Vall\u00e9e de la Roya. Roya. Emma\u00fcs. C\u00e9dric Herrou. FRANCE. Migrants. Migrations. 1\u00e8re Communaut\u00e9 Emma\u00fcs paysanne avec C\u00e9dric HERROU.","inLanguage":"en-GB","isPartOf":{"@id":"https:\/\/europeanobsndfr.org\/en\/#website"},"breadcrumb":{"@id":"https:\/\/europeanobsndfr.org\/en\/actualites-fr\/combat-contre-pauvrete\/vallee-de-la-roya-france-1ere-communaute-emmaus-paysanne-avec-cedric-herrou\/#breadcrumblist"},"author":{"@id":"https:\/\/europeanobsndfr.org\/en\/author\/admin\/#author"},"creator":{"@id":"https:\/\/europeanobsndfr.org\/en\/author\/admin\/#author"},"datePublished":"2019-09-01T08:02:48+01:00","dateModified":"2019-09-01T16:28:08+01:00"},{"@type":"WebSite","@id":"https:\/\/europeanobsndfr.org\/en\/#website","url":"https:\/\/europeanobsndfr.org\/en\/","name":"Observatoire Europ\u00e9en de la Non-Discrimination et des Droits Fondamentaux","description":"Organisation Internationale Non-Gouvernementale","inLanguage":"en-GB","publisher":{"@id":"https:\/\/europeanobsndfr.org\/en\/#organization"}}]},"og:locale":"en_GB","og:site_name":"Observatoire Europ\u00e9en de la Non-Discrimination et des Droits Fondamentaux","og:type":"non_profit","og:title":"Vall\u00e9e de la Roya. Roya. Emma\u00fcs. C\u00e9dric Herrou. FRANCE. Migrants. Migrations. 1\u00e8re Communaut\u00e9 Emma\u00fcs paysanne avec C\u00e9dric HERROU. | O.E.N.D.D.F.","og:description":"Vall\u00e9e de la Roya. Roya. Emma\u00fcs. C\u00e9dric Herrou. FRANCE. Migrants. Migrations. 1\u00e8re Communaut\u00e9 Emma\u00fcs paysanne avec C\u00e9dric HERROU.","og:url":"https:\/\/europeanobsndfr.org\/en\/actualites-fr\/combat-contre-pauvrete\/vallee-de-la-roya-france-1ere-communaute-emmaus-paysanne-avec-cedric-herrou\/","og:image":"https:\/\/europeanobsndfr.org\/wp-content\/uploads\/2016\/11\/logo-oenddf.jpg","og:image:secure_url":"https:\/\/europeanobsndfr.org\/wp-content\/uploads\/2016\/11\/logo-oenddf.jpg","og:image:width":830,"og:image:height":600,"twitter:card":"summary","twitter:site":"@europeanobs","twitter:title":"Vall\u00e9e de la Roya. Roya. Emma\u00fcs. C\u00e9dric Herrou. FRANCE. Migrants. Migrations. 1\u00e8re Communaut\u00e9 Emma\u00fcs paysanne avec C\u00e9dric HERROU. | O.E.N.D.D.F.","twitter:description":"Vall\u00e9e de la Roya. Roya. Emma\u00fcs. C\u00e9dric Herrou. FRANCE. Migrants. Migrations. 1\u00e8re Communaut\u00e9 Emma\u00fcs paysanne avec C\u00e9dric HERROU.","twitter:creator":"@europeanobs","twitter:image":"https:\/\/europeanobsndfr.org\/wp-content\/uploads\/2016\/11\/logo-oenddf.jpg"},"aioseo_meta_data":{"post_id":"15593","title":"Vall\u00e9e de la Roya. Roya. Emma\u00fcs. C\u00e9dric Herrou. FRANCE. Migrants. Migrations. 1\u00e8re Communaut\u00e9 Emma\u00fcs paysanne avec C\u00e9dric HERROU. | O.E.N.D.D.F.","description":"Vall\u00e9e de la Roya. Roya. Emma\u00fcs. C\u00e9dric Herrou. FRANCE. Migrants. Migrations. 1\u00e8re Communaut\u00e9 Emma\u00fcs paysanne avec C\u00e9dric HERROU.","keywords":null,"keyphrases":null,"primary_term":null,"canonical_url":null,"og_title":"","og_description":"","og_object_type":"non_profit","og_image_type":"default","og_image_url":null,"og_image_width":null,"og_image_height":null,"og_image_custom_url":null,"og_image_custom_fields":null,"og_video":"","og_custom_url":null,"og_article_section":"","og_article_tags":"","twitter_use_og":false,"twitter_card":"summary","twitter_image_type":"default","twitter_image_url":null,"twitter_image_custom_url":null,"twitter_image_custom_fields":null,"twitter_title":null,"twitter_description":null,"schema":{"blockGraphs":[],"customGraphs":[],"default":{"data":{"Article":[],"Course":[],"Dataset":[],"FAQPage":[],"Movie":[],"Person":[],"Product":[],"ProductReview":[],"Car":[],"Recipe":[],"Service":[],"SoftwareApplication":[],"WebPage":[]},"graphName":"","isEnabled":true},"graphs":[]},"schema_type":null,"schema_type_options":null,"pillar_content":false,"robots_default":true,"robots_noindex":false,"robots_noarchive":false,"robots_nosnippet":false,"robots_nofollow":false,"robots_noimageindex":false,"robots_noodp":false,"robots_notranslate":false,"robots_max_snippet":null,"robots_max_videopreview":null,"robots_max_imagepreview":"large","priority":null,"frequency":null,"local_seo":null,"breadcrumb_settings":null,"limit_modified_date":false,"ai":null,"created":"2021-01-22 17:46:19","updated":"2025-08-01 18:37:11","focus_keyword":null,"additional_keywords":null,"truseo_locale":null,"seo_analyzer_scan_date":null},"jetpack_featured_media_url":"","jetpack-related-posts":[],"jetpack_sharing_enabled":true,"_links":{"self":[{"href":"https:\/\/europeanobsndfr.org\/en\/wp-json\/wp\/v2\/posts\/15593","targetHints":{"allow":["GET"]}}],"collection":[{"href":"https:\/\/europeanobsndfr.org\/en\/wp-json\/wp\/v2\/posts"}],"about":[{"href":"https:\/\/europeanobsndfr.org\/en\/wp-json\/wp\/v2\/types\/post"}],"author":[{"embeddable":true,"href":"https:\/\/europeanobsndfr.org\/en\/wp-json\/wp\/v2\/users\/1"}],"replies":[{"embeddable":true,"href":"https:\/\/europeanobsndfr.org\/en\/wp-json\/wp\/v2\/comments?post=15593"}],"version-history":[{"count":0,"href":"https:\/\/europeanobsndfr.org\/en\/wp-json\/wp\/v2\/posts\/15593\/revisions"}],"wp:attachment":[{"href":"https:\/\/europeanobsndfr.org\/en\/wp-json\/wp\/v2\/media?parent=15593"}],"wp:term":[{"taxonomy":"category","embeddable":true,"href":"https:\/\/europeanobsndfr.org\/en\/wp-json\/wp\/v2\/categories?post=15593"},{"taxonomy":"post_tag","embeddable":true,"href":"https:\/\/europeanobsndfr.org\/en\/wp-json\/wp\/v2\/tags?post=15593"}],"curies":[{"name":"wp","href":"https:\/\/api.w.org\/{rel}","templated":true}]}}