{"id":15827,"date":"2019-10-14T18:28:26","date_gmt":"2019-10-14T18:28:26","guid":{"rendered":"https:\/\/europeanobsndfr.org\/actualites-fr\/asylum-migration-and-borders\/uganda-persecutions-of-homosexual-persons\/"},"modified":"2019-11-03T18:32:56","modified_gmt":"2019-11-03T18:32:56","slug":"ouganda-persecutions-des-personnes-homosexuelles","status":"publish","type":"post","link":"https:\/\/europeanobsndfr.org\/en\/actualites-fr\/asylum-migration-and-borders\/ouganda-persecutions-des-personnes-homosexuelles\/","title":{"rendered":"OUGANDA. Pers\u00e9cutions des personnes homosexuelles."},"content":{"rendered":"<p><strong>OUGANDA. Pers\u00e9cutions des personnes homosexuelles.<\/strong><\/p>\n<p>&#x2705; Le gouvernent de l\u2019Ouganda\u00a0a annonc\u00e9 son intention d\u2019imposer la peine de mort aux personnes homosexuelles et aux personnes en faveur de la promotion de l\u2019homosexualit\u00e9. \u2063\u2063<\/p>\n<p>&#x2705; Ce type de loi criminalisant l\u2019homosexualit\u00e9 est scandaleux et suscite en pratique des crimes de haine par homophobie.\u2063 \u2063<\/p>\n<p>&#x2705; L\u2019homosexualit\u00e9 reste encore incomprise dans un certain nombre de pays africains. \u2063\u2063<\/p>\n<p>Sources :\u00a0<a href=\"https:\/\/www.komitid.fr\/2019\/10\/11\/ouganda-peine-de-mort-homosexuels\/?fbclid=IwAR33oT7zog_OtHqNpExWLIti1L0IIrT3tYVU8hqhtaTKAKcHgNF-JGLRlQo\">Ouganda-Peine de Mort.<\/a><\/p>","protected":false},"excerpt":{"rendered":"<p>OUGANDA. Pers\u00e9cutions des personnes homosexuelles. &#x2705; Le gouvernent de l\u2019Ouganda\u00a0a annonc\u00e9 son intention d\u2019imposer la peine de mort aux personnes homosexuelles et aux personnes en faveur de la promotion de l\u2019homosexualit\u00e9. \u2063\u2063 &#x2705; Ce type de loi criminalisant l\u2019homosexualit\u00e9 est scandaleux et suscite en pratique des crimes de haine par homophobie.\u2063 \u2063 &#x2705; L\u2019homosexualit\u00e9 reste&#8230;<\/p>","protected":false},"author":1,"featured_media":0,"comment_status":"closed","ping_status":"closed","sticky":false,"template":"","format":"standard","meta":{"give_campaign_id":0,"_kadence_starter_templates_imported_post":false,"_kad_post_transparent":"","_kad_post_title":"","_kad_post_layout":"","_kad_post_sidebar_id":"","_kad_post_content_style":"","_kad_post_vertical_padding":"","_kad_post_feature":"","_kad_post_feature_position":"","_kad_post_header":false,"_kad_post_footer":false,"_kad_post_classname":"","_jetpack_memberships_contains_paid_content":false,"footnotes":""},"categories":[84],"tags":[],"class_list":["post-15827","post","type-post","status-publish","format-standard","hentry","category-asylum-migration-and-borders"],"aioseo_notices":[],"aioseo_head":"\n\t\t<!-- All in One SEO 5.0.1.1 - aioseo.com -->\n\t<meta name=\"description\" content=\"OUGANDA. Pers\u00e9cutions des personnes homosexuelles. LGBT. LGBTQI.\" \/>\n\t<meta name=\"robots\" content=\"max-snippet:-1, max-image-preview:large, max-video-preview:-1\" \/>\n\t<meta name=\"author\" content=\"OENDDF\"\/>\n\t<meta name=\"google-site-verification\" content=\"KZsAbCyd-Ww06m2-MlFPa7EphgzWqs90ra8o0LfM_K8\" \/>\n\t<link rel=\"canonical\" href=\"https:\/\/europeanobsndfr.org\/en\/actualites-fr\/asylum-migration-and-borders\/ouganda-persecutions-des-personnes-homosexuelles\/\" \/>\n\t<meta name=\"generator\" content=\"All in One SEO (AIOSEO) 5.0.1.1\" \/>\n\t\t<meta property=\"og:locale\" content=\"en_GB\" \/>\n\t\t<meta property=\"og:site_name\" content=\"Observatoire Europ\u00e9en de la Non-Discrimination et des Droits Fondamentaux\" \/>\n\t\t<meta property=\"og:type\" content=\"non_profit\" \/>\n\t\t<meta property=\"og:title\" content=\"OUGANDA. Pers\u00e9cutions des personnes homosexuelles. LGBT. LGBTQI. | O.E.N.D.D.F.\" \/>\n\t\t<meta property=\"og:description\" content=\"OUGANDA. Pers\u00e9cutions des personnes homosexuelles. LGBT. LGBTQI.\" \/>\n\t\t<meta property=\"og:url\" content=\"https:\/\/europeanobsndfr.org\/en\/actualites-fr\/asylum-migration-and-borders\/ouganda-persecutions-des-personnes-homosexuelles\/\" \/>\n\t\t<meta property=\"og:image\" content=\"https:\/\/europeanobsndfr.org\/wp-content\/uploads\/2016\/11\/logo-oenddf.jpg\" \/>\n\t\t<meta property=\"og:image:secure_url\" content=\"https:\/\/europeanobsndfr.org\/wp-content\/uploads\/2016\/11\/logo-oenddf.jpg\" \/>\n\t\t<meta property=\"og:image:width\" content=\"830\" \/>\n\t\t<meta property=\"og:image:height\" content=\"600\" \/>\n\t\t<meta name=\"twitter:card\" content=\"summary\" \/>\n\t\t<meta name=\"twitter:site\" content=\"@europeanobs\" \/>\n\t\t<meta name=\"twitter:title\" content=\"OUGANDA. Pers\u00e9cutions des personnes homosexuelles. LGBT. LGBTQI. | O.E.N.D.D.F.\" \/>\n\t\t<meta name=\"twitter:description\" content=\"OUGANDA. Pers\u00e9cutions des personnes homosexuelles. LGBT. LGBTQI.\" \/>\n\t\t<meta name=\"twitter:creator\" content=\"@europeanobs\" \/>\n\t\t<meta name=\"twitter:image\" content=\"https:\/\/europeanobsndfr.org\/wp-content\/uploads\/2016\/11\/logo-oenddf.jpg\" \/>\n\t\t<script type=\"application\/ld+json\" class=\"aioseo-schema\">\n\t\t\t{\"@context\":\"https:\\\/\\\/schema.org\",\"@graph\":[{\"@type\":\"Article\",\"@id\":\"https:\\\/\\\/europeanobsndfr.org\\\/en\\\/actualites-fr\\\/asylum-migration-and-borders\\\/ouganda-persecutions-des-personnes-homosexuelles\\\/#article\",\"name\":\"OUGANDA. Pers\\u00e9cutions des personnes homosexuelles. LGBT. LGBTQI. | O.E.N.D.D.F.\",\"headline\":\"OUGANDA. Pers\\u00e9cutions des personnes homosexuelles.\",\"author\":{\"@id\":\"https:\\\/\\\/europeanobsndfr.org\\\/en\\\/author\\\/admin\\\/#author\"},\"publisher\":{\"@id\":\"https:\\\/\\\/europeanobsndfr.org\\\/en\\\/#organization\"},\"image\":{\"@type\":\"ImageObject\",\"url\":\"https:\\\/\\\/europeanobsndfr.org\\\/wp-content\\\/uploads\\\/2016\\\/11\\\/cropped-logo-oenddf.jpg\",\"@id\":\"https:\\\/\\\/europeanobsndfr.org\\\/en\\\/#articleImage\",\"width\":701,\"height\":600,\"caption\":\"Logo OENDDF\"},\"datePublished\":\"2019-10-14T18:28:26+01:00\",\"dateModified\":\"2019-11-03T18:32:56+01:00\",\"inLanguage\":\"en-GB\",\"mainEntityOfPage\":{\"@id\":\"https:\\\/\\\/europeanobsndfr.org\\\/en\\\/actualites-fr\\\/asylum-migration-and-borders\\\/ouganda-persecutions-des-personnes-homosexuelles\\\/#webpage\"},\"isPartOf\":{\"@id\":\"https:\\\/\\\/europeanobsndfr.org\\\/en\\\/actualites-fr\\\/asylum-migration-and-borders\\\/ouganda-persecutions-des-personnes-homosexuelles\\\/#webpage\"},\"articleSection\":\"Asile, immigration et fronti\\u00e8res\"},{\"@type\":\"BreadcrumbList\",\"@id\":\"https:\\\/\\\/europeanobsndfr.org\\\/en\\\/actualites-fr\\\/asylum-migration-and-borders\\\/ouganda-persecutions-des-personnes-homosexuelles\\\/#breadcrumblist\",\"itemListElement\":[{\"@type\":\"ListItem\",\"@id\":\"https:\\\/\\\/europeanobsndfr.org\\\/en#listItem\",\"position\":1,\"name\":\"Accueil\",\"item\":\"https:\\\/\\\/europeanobsndfr.org\\\/en\",\"nextItem\":{\"@type\":\"ListItem\",\"@id\":\"https:\\\/\\\/europeanobsndfr.org\\\/en\\\/category\\\/actualites-fr\\\/#listItem\",\"name\":\"Actualit\\u00e9\"}},{\"@type\":\"ListItem\",\"@id\":\"https:\\\/\\\/europeanobsndfr.org\\\/en\\\/category\\\/actualites-fr\\\/#listItem\",\"position\":2,\"name\":\"Actualit\\u00e9\",\"item\":\"https:\\\/\\\/europeanobsndfr.org\\\/en\\\/category\\\/actualites-fr\\\/\",\"nextItem\":{\"@type\":\"ListItem\",\"@id\":\"https:\\\/\\\/europeanobsndfr.org\\\/en\\\/category\\\/actualites-fr\\\/asylum-migration-and-borders\\\/#listItem\",\"name\":\"Asile, immigration et fronti\\u00e8res\"},\"previousItem\":{\"@type\":\"ListItem\",\"@id\":\"https:\\\/\\\/europeanobsndfr.org\\\/en#listItem\",\"name\":\"Accueil\"}},{\"@type\":\"ListItem\",\"@id\":\"https:\\\/\\\/europeanobsndfr.org\\\/en\\\/category\\\/actualites-fr\\\/asylum-migration-and-borders\\\/#listItem\",\"position\":3,\"name\":\"Asile, immigration et fronti\\u00e8res\",\"item\":\"https:\\\/\\\/europeanobsndfr.org\\\/en\\\/category\\\/actualites-fr\\\/asylum-migration-and-borders\\\/\",\"nextItem\":{\"@type\":\"ListItem\",\"@id\":\"https:\\\/\\\/europeanobsndfr.org\\\/en\\\/actualites-fr\\\/asylum-migration-and-borders\\\/ouganda-persecutions-des-personnes-homosexuelles\\\/#listItem\",\"name\":\"OUGANDA. Pers\\u00e9cutions des personnes homosexuelles.\"},\"previousItem\":{\"@type\":\"ListItem\",\"@id\":\"https:\\\/\\\/europeanobsndfr.org\\\/en\\\/category\\\/actualites-fr\\\/#listItem\",\"name\":\"Actualit\\u00e9\"}},{\"@type\":\"ListItem\",\"@id\":\"https:\\\/\\\/europeanobsndfr.org\\\/en\\\/actualites-fr\\\/asylum-migration-and-borders\\\/ouganda-persecutions-des-personnes-homosexuelles\\\/#listItem\",\"position\":4,\"name\":\"OUGANDA. Pers\\u00e9cutions des personnes homosexuelles.\",\"previousItem\":{\"@type\":\"ListItem\",\"@id\":\"https:\\\/\\\/europeanobsndfr.org\\\/en\\\/category\\\/actualites-fr\\\/asylum-migration-and-borders\\\/#listItem\",\"name\":\"Asile, immigration et fronti\\u00e8res\"}}]},{\"@type\":\"Organization\",\"@id\":\"https:\\\/\\\/europeanobsndfr.org\\\/en\\\/#organization\",\"name\":\"OENDDF\",\"description\":\"Organisation Internationale Non-Gouvernementale\",\"url\":\"https:\\\/\\\/europeanobsndfr.org\\\/en\\\/\",\"logo\":{\"@type\":\"ImageObject\",\"url\":\"https:\\\/\\\/europeanobsndfr.org\\\/wp-content\\\/uploads\\\/2016\\\/11\\\/cropped-logo-oenddf.jpg\",\"@id\":\"https:\\\/\\\/europeanobsndfr.org\\\/en\\\/actualites-fr\\\/asylum-migration-and-borders\\\/ouganda-persecutions-des-personnes-homosexuelles\\\/#organizationLogo\",\"width\":701,\"height\":600,\"caption\":\"Logo OENDDF\"},\"image\":{\"@id\":\"https:\\\/\\\/europeanobsndfr.org\\\/en\\\/actualites-fr\\\/asylum-migration-and-borders\\\/ouganda-persecutions-des-personnes-homosexuelles\\\/#organizationLogo\"},\"sameAs\":[\"https:\\\/\\\/twitter.com\\\/europeanobs\",\"https:\\\/\\\/www.instagram.com\\\/oenddf_ngo\\\/\",\"https:\\\/\\\/www.youtube.com\\\/channel\\\/UCO9vz5fybFw1Q8pvN00CDgA\"]},{\"@type\":\"Person\",\"@id\":\"https:\\\/\\\/europeanobsndfr.org\\\/en\\\/author\\\/admin\\\/#author\",\"url\":\"https:\\\/\\\/europeanobsndfr.org\\\/en\\\/author\\\/admin\\\/\",\"name\":\"OENDDF\",\"image\":{\"@type\":\"ImageObject\",\"@id\":\"https:\\\/\\\/europeanobsndfr.org\\\/en\\\/actualites-fr\\\/asylum-migration-and-borders\\\/ouganda-persecutions-des-personnes-homosexuelles\\\/#authorImage\",\"url\":\"https:\\\/\\\/secure.gravatar.com\\\/avatar\\\/f64bd673bdf1f612f36226606d41703598d9c028a910d72b461acb19a72f63d5?s=96&d=mm&r=g\",\"width\":96,\"height\":96,\"caption\":\"OENDDF\"}},{\"@type\":\"WebPage\",\"@id\":\"https:\\\/\\\/europeanobsndfr.org\\\/en\\\/actualites-fr\\\/asylum-migration-and-borders\\\/ouganda-persecutions-des-personnes-homosexuelles\\\/#webpage\",\"url\":\"https:\\\/\\\/europeanobsndfr.org\\\/en\\\/actualites-fr\\\/asylum-migration-and-borders\\\/ouganda-persecutions-des-personnes-homosexuelles\\\/\",\"name\":\"OUGANDA. Pers\\u00e9cutions des personnes homosexuelles. LGBT. LGBTQI. | O.E.N.D.D.F.\",\"description\":\"OUGANDA. Pers\\u00e9cutions des personnes homosexuelles. LGBT. LGBTQI.\",\"inLanguage\":\"en-GB\",\"isPartOf\":{\"@id\":\"https:\\\/\\\/europeanobsndfr.org\\\/en\\\/#website\"},\"breadcrumb\":{\"@id\":\"https:\\\/\\\/europeanobsndfr.org\\\/en\\\/actualites-fr\\\/asylum-migration-and-borders\\\/ouganda-persecutions-des-personnes-homosexuelles\\\/#breadcrumblist\"},\"author\":{\"@id\":\"https:\\\/\\\/europeanobsndfr.org\\\/en\\\/author\\\/admin\\\/#author\"},\"creator\":{\"@id\":\"https:\\\/\\\/europeanobsndfr.org\\\/en\\\/author\\\/admin\\\/#author\"},\"datePublished\":\"2019-10-14T18:28:26+01:00\",\"dateModified\":\"2019-11-03T18:32:56+01:00\"},{\"@type\":\"WebSite\",\"@id\":\"https:\\\/\\\/europeanobsndfr.org\\\/en\\\/#website\",\"url\":\"https:\\\/\\\/europeanobsndfr.org\\\/en\\\/\",\"name\":\"Observatoire Europ\\u00e9en de la Non-Discrimination et des Droits Fondamentaux\",\"description\":\"Organisation Internationale Non-Gouvernementale\",\"inLanguage\":\"en-GB\",\"publisher\":{\"@id\":\"https:\\\/\\\/europeanobsndfr.org\\\/en\\\/#organization\"}}]}\n\t\t<\/script>\n\t\t<!-- All in One SEO -->\n\n","aioseo_head_json":{"title":"OUGANDA. Pers\u00e9cutions des personnes homosexuelles. LGBT. LGBTQI. | O.E.N.D.D.F.","description":"OUGANDA. Pers\u00e9cutions des personnes homosexuelles. LGBT. LGBTQI.","canonical_url":"https:\/\/europeanobsndfr.org\/en\/actualites-fr\/asylum-migration-and-borders\/ouganda-persecutions-des-personnes-homosexuelles\/","robots":"max-snippet:-1, max-image-preview:large, max-video-preview:-1","keywords":"","webmasterTools":{"google-site-verification":"KZsAbCyd-Ww06m2-MlFPa7EphgzWqs90ra8o0LfM_K8","miscellaneous":""},"schema":{"@context":"https:\/\/schema.org","@graph":[{"@type":"Article","@id":"https:\/\/europeanobsndfr.org\/en\/actualites-fr\/asylum-migration-and-borders\/ouganda-persecutions-des-personnes-homosexuelles\/#article","name":"OUGANDA. Pers\u00e9cutions des personnes homosexuelles. LGBT. LGBTQI. | O.E.N.D.D.F.","headline":"OUGANDA. Pers\u00e9cutions des personnes homosexuelles.","author":{"@id":"https:\/\/europeanobsndfr.org\/en\/author\/admin\/#author"},"publisher":{"@id":"https:\/\/europeanobsndfr.org\/en\/#organization"},"image":{"@type":"ImageObject","url":"https:\/\/europeanobsndfr.org\/wp-content\/uploads\/2016\/11\/cropped-logo-oenddf.jpg","@id":"https:\/\/europeanobsndfr.org\/en\/#articleImage","width":701,"height":600,"caption":"Logo OENDDF"},"datePublished":"2019-10-14T18:28:26+01:00","dateModified":"2019-11-03T18:32:56+01:00","inLanguage":"en-GB","mainEntityOfPage":{"@id":"https:\/\/europeanobsndfr.org\/en\/actualites-fr\/asylum-migration-and-borders\/ouganda-persecutions-des-personnes-homosexuelles\/#webpage"},"isPartOf":{"@id":"https:\/\/europeanobsndfr.org\/en\/actualites-fr\/asylum-migration-and-borders\/ouganda-persecutions-des-personnes-homosexuelles\/#webpage"},"articleSection":"Asile, immigration et fronti\u00e8res"},{"@type":"BreadcrumbList","@id":"https:\/\/europeanobsndfr.org\/en\/actualites-fr\/asylum-migration-and-borders\/ouganda-persecutions-des-personnes-homosexuelles\/#breadcrumblist","itemListElement":[{"@type":"ListItem","@id":"https:\/\/europeanobsndfr.org\/en#listItem","position":1,"name":"Accueil","item":"https:\/\/europeanobsndfr.org\/en","nextItem":{"@type":"ListItem","@id":"https:\/\/europeanobsndfr.org\/en\/category\/actualites-fr\/#listItem","name":"Actualit\u00e9"}},{"@type":"ListItem","@id":"https:\/\/europeanobsndfr.org\/en\/category\/actualites-fr\/#listItem","position":2,"name":"Actualit\u00e9","item":"https:\/\/europeanobsndfr.org\/en\/category\/actualites-fr\/","nextItem":{"@type":"ListItem","@id":"https:\/\/europeanobsndfr.org\/en\/category\/actualites-fr\/asylum-migration-and-borders\/#listItem","name":"Asile, immigration et fronti\u00e8res"},"previousItem":{"@type":"ListItem","@id":"https:\/\/europeanobsndfr.org\/en#listItem","name":"Accueil"}},{"@type":"ListItem","@id":"https:\/\/europeanobsndfr.org\/en\/category\/actualites-fr\/asylum-migration-and-borders\/#listItem","position":3,"name":"Asile, immigration et fronti\u00e8res","item":"https:\/\/europeanobsndfr.org\/en\/category\/actualites-fr\/asylum-migration-and-borders\/","nextItem":{"@type":"ListItem","@id":"https:\/\/europeanobsndfr.org\/en\/actualites-fr\/asylum-migration-and-borders\/ouganda-persecutions-des-personnes-homosexuelles\/#listItem","name":"OUGANDA. Pers\u00e9cutions des personnes homosexuelles."},"previousItem":{"@type":"ListItem","@id":"https:\/\/europeanobsndfr.org\/en\/category\/actualites-fr\/#listItem","name":"Actualit\u00e9"}},{"@type":"ListItem","@id":"https:\/\/europeanobsndfr.org\/en\/actualites-fr\/asylum-migration-and-borders\/ouganda-persecutions-des-personnes-homosexuelles\/#listItem","position":4,"name":"OUGANDA. Pers\u00e9cutions des personnes homosexuelles.","previousItem":{"@type":"ListItem","@id":"https:\/\/europeanobsndfr.org\/en\/category\/actualites-fr\/asylum-migration-and-borders\/#listItem","name":"Asile, immigration et fronti\u00e8res"}}]},{"@type":"Organization","@id":"https:\/\/europeanobsndfr.org\/en\/#organization","name":"OENDDF","description":"Organisation Internationale Non-Gouvernementale","url":"https:\/\/europeanobsndfr.org\/en\/","logo":{"@type":"ImageObject","url":"https:\/\/europeanobsndfr.org\/wp-content\/uploads\/2016\/11\/cropped-logo-oenddf.jpg","@id":"https:\/\/europeanobsndfr.org\/en\/actualites-fr\/asylum-migration-and-borders\/ouganda-persecutions-des-personnes-homosexuelles\/#organizationLogo","width":701,"height":600,"caption":"Logo OENDDF"},"image":{"@id":"https:\/\/europeanobsndfr.org\/en\/actualites-fr\/asylum-migration-and-borders\/ouganda-persecutions-des-personnes-homosexuelles\/#organizationLogo"},"sameAs":["https:\/\/twitter.com\/europeanobs","https:\/\/www.instagram.com\/oenddf_ngo\/","https:\/\/www.youtube.com\/channel\/UCO9vz5fybFw1Q8pvN00CDgA"]},{"@type":"Person","@id":"https:\/\/europeanobsndfr.org\/en\/author\/admin\/#author","url":"https:\/\/europeanobsndfr.org\/en\/author\/admin\/","name":"OENDDF","image":{"@type":"ImageObject","@id":"https:\/\/europeanobsndfr.org\/en\/actualites-fr\/asylum-migration-and-borders\/ouganda-persecutions-des-personnes-homosexuelles\/#authorImage","url":"https:\/\/secure.gravatar.com\/avatar\/f64bd673bdf1f612f36226606d41703598d9c028a910d72b461acb19a72f63d5?s=96&d=mm&r=g","width":96,"height":96,"caption":"OENDDF"}},{"@type":"WebPage","@id":"https:\/\/europeanobsndfr.org\/en\/actualites-fr\/asylum-migration-and-borders\/ouganda-persecutions-des-personnes-homosexuelles\/#webpage","url":"https:\/\/europeanobsndfr.org\/en\/actualites-fr\/asylum-migration-and-borders\/ouganda-persecutions-des-personnes-homosexuelles\/","name":"OUGANDA. Pers\u00e9cutions des personnes homosexuelles. LGBT. LGBTQI. | O.E.N.D.D.F.","description":"OUGANDA. Pers\u00e9cutions des personnes homosexuelles. LGBT. LGBTQI.","inLanguage":"en-GB","isPartOf":{"@id":"https:\/\/europeanobsndfr.org\/en\/#website"},"breadcrumb":{"@id":"https:\/\/europeanobsndfr.org\/en\/actualites-fr\/asylum-migration-and-borders\/ouganda-persecutions-des-personnes-homosexuelles\/#breadcrumblist"},"author":{"@id":"https:\/\/europeanobsndfr.org\/en\/author\/admin\/#author"},"creator":{"@id":"https:\/\/europeanobsndfr.org\/en\/author\/admin\/#author"},"datePublished":"2019-10-14T18:28:26+01:00","dateModified":"2019-11-03T18:32:56+01:00"},{"@type":"WebSite","@id":"https:\/\/europeanobsndfr.org\/en\/#website","url":"https:\/\/europeanobsndfr.org\/en\/","name":"Observatoire Europ\u00e9en de la Non-Discrimination et des Droits Fondamentaux","description":"Organisation Internationale Non-Gouvernementale","inLanguage":"en-GB","publisher":{"@id":"https:\/\/europeanobsndfr.org\/en\/#organization"}}]},"og:locale":"en_GB","og:site_name":"Observatoire Europ\u00e9en de la Non-Discrimination et des Droits Fondamentaux","og:type":"non_profit","og:title":"OUGANDA. Pers\u00e9cutions des personnes homosexuelles. LGBT. LGBTQI. | O.E.N.D.D.F.","og:description":"OUGANDA. Pers\u00e9cutions des personnes homosexuelles. LGBT. LGBTQI.","og:url":"https:\/\/europeanobsndfr.org\/en\/actualites-fr\/asylum-migration-and-borders\/ouganda-persecutions-des-personnes-homosexuelles\/","og:image":"https:\/\/europeanobsndfr.org\/wp-content\/uploads\/2016\/11\/logo-oenddf.jpg","og:image:secure_url":"https:\/\/europeanobsndfr.org\/wp-content\/uploads\/2016\/11\/logo-oenddf.jpg","og:image:width":830,"og:image:height":600,"twitter:card":"summary","twitter:site":"@europeanobs","twitter:title":"OUGANDA. Pers\u00e9cutions des personnes homosexuelles. LGBT. LGBTQI. | O.E.N.D.D.F.","twitter:description":"OUGANDA. Pers\u00e9cutions des personnes homosexuelles. LGBT. LGBTQI.","twitter:creator":"@europeanobs","twitter:image":"https:\/\/europeanobsndfr.org\/wp-content\/uploads\/2016\/11\/logo-oenddf.jpg"},"aioseo_meta_data":{"post_id":"15827","title":"OUGANDA. Pers\u00e9cutions des personnes homosexuelles. LGBT. LGBTQI.  | O.E.N.D.D.F.","description":"OUGANDA. Pers\u00e9cutions des personnes homosexuelles. LGBT. LGBTQI.","keywords":null,"keyphrases":null,"primary_term":null,"canonical_url":null,"og_title":"","og_description":"","og_object_type":"non_profit","og_image_type":"default","og_image_url":null,"og_image_width":null,"og_image_height":null,"og_image_custom_url":null,"og_image_custom_fields":null,"og_video":"","og_custom_url":null,"og_article_section":"","og_article_tags":"","twitter_use_og":false,"twitter_card":"summary","twitter_image_type":"default","twitter_image_url":null,"twitter_image_custom_url":null,"twitter_image_custom_fields":null,"twitter_title":null,"twitter_description":null,"schema":{"blockGraphs":[],"customGraphs":[],"default":{"data":{"Article":[],"Course":[],"Dataset":[],"FAQPage":[],"Movie":[],"Person":[],"Product":[],"ProductReview":[],"Car":[],"Recipe":[],"Service":[],"SoftwareApplication":[],"WebPage":[]},"graphName":"","isEnabled":true},"graphs":[]},"schema_type":null,"schema_type_options":null,"pillar_content":false,"robots_default":true,"robots_noindex":false,"robots_noarchive":false,"robots_nosnippet":false,"robots_nofollow":false,"robots_noimageindex":false,"robots_noodp":false,"robots_notranslate":false,"robots_max_snippet":null,"robots_max_videopreview":null,"robots_max_imagepreview":"large","priority":null,"frequency":null,"local_seo":null,"breadcrumb_settings":null,"limit_modified_date":false,"ai":null,"created":"2021-01-22 17:45:07","updated":"2025-08-01 18:52:46","focus_keyword":null,"additional_keywords":null,"truseo_locale":null,"seo_analyzer_scan_date":null},"jetpack_featured_media_url":"","jetpack-related-posts":[],"jetpack_sharing_enabled":true,"_links":{"self":[{"href":"https:\/\/europeanobsndfr.org\/en\/wp-json\/wp\/v2\/posts\/15827","targetHints":{"allow":["GET"]}}],"collection":[{"href":"https:\/\/europeanobsndfr.org\/en\/wp-json\/wp\/v2\/posts"}],"about":[{"href":"https:\/\/europeanobsndfr.org\/en\/wp-json\/wp\/v2\/types\/post"}],"author":[{"embeddable":true,"href":"https:\/\/europeanobsndfr.org\/en\/wp-json\/wp\/v2\/users\/1"}],"replies":[{"embeddable":true,"href":"https:\/\/europeanobsndfr.org\/en\/wp-json\/wp\/v2\/comments?post=15827"}],"version-history":[{"count":0,"href":"https:\/\/europeanobsndfr.org\/en\/wp-json\/wp\/v2\/posts\/15827\/revisions"}],"wp:attachment":[{"href":"https:\/\/europeanobsndfr.org\/en\/wp-json\/wp\/v2\/media?parent=15827"}],"wp:term":[{"taxonomy":"category","embeddable":true,"href":"https:\/\/europeanobsndfr.org\/en\/wp-json\/wp\/v2\/categories?post=15827"},{"taxonomy":"post_tag","embeddable":true,"href":"https:\/\/europeanobsndfr.org\/en\/wp-json\/wp\/v2\/tags?post=15827"}],"curies":[{"name":"wp","href":"https:\/\/api.w.org\/{rel}","templated":true}]}}