{"id":16163,"date":"2020-02-26T15:31:06","date_gmt":"2020-02-26T14:31:06","guid":{"rendered":"https:\/\/europeanobsndfr.org\/actualites-fr\/asylum-migration-and-borders\/belgium-%f0%9f%87%a7%f0%9f%87%aa-and-croatia-%f0%9f%87%ad%f0%9f%87%b7-%e2%81%a3-%e2%9c%85-when-carnival-has-become-a-cultural-pretext-to-display-hatred-and-violate-fundamental-rights\/"},"modified":"2021-02-07T19:03:21","modified_gmt":"2021-02-07T18:03:21","slug":"le-carnaval-est-devenu-parfois-un-pretexte-culturel-pour-afficher-de-la-haine-religieuse-et-pour-violer-les-droits-fondamentaux-r","status":"publish","type":"post","link":"https:\/\/europeanobsndfr.org\/en\/actualites-fr\/integration-des-minorites-ethniques-et-nationales\/le-carnaval-est-devenu-parfois-un-pretexte-culturel-pour-afficher-de-la-haine-religieuse-et-pour-violer-les-droits-fondamentaux-r\/","title":{"rendered":"BELGIQUE, ALOST &#x1f1e7;&#x1f1ea; &#8211; CROATIE, RIJEKA &#x1f1ed;&#x1f1f7;. Le Carnaval est devenu parfois un pr\u00e9texte culturel pour afficher de la haine religieuse, ou de la haine contre les personnes homosexuelles, et pour violer les droits fondamentaux."},"content":{"rendered":"<p style=\"text-align: justify;\">BELGIQUE, ALOST &#x1f1e7;&#x1f1ea; &#8211; CROATIE, RIJEKA &#x1f1ed;&#x1f1f7;.<\/p>\n<p style=\"text-align: justify;\">&#x2705; Le Carnaval est devenu parfois un pr\u00e9texte culturel pour afficher de la haine religieuse et pour violer les droits fondamentaux.<\/p>\n<p style=\"text-align: justify;\">&#x2705; L&rsquo;Observatoire Europ\u00e9en de la non-discrimination et des Droits Fondamentaux d\u00e9nonce et condamne fermement : \u2063<\/p>\n<p style=\"text-align: justify;\">&#x1f4cd;cette sc\u00e8ne du carnaval de Rijeka, en Croatie, o\u00f9 l&rsquo;effigie d&rsquo;un couple gay est br\u00fbl\u00e9e ;<\/p>\n<p style=\"text-align: justify;\">&#x1f4cd;cette sc\u00e8ne du Carnaval d&rsquo;Alost, en Belgique, o\u00f9 se d\u00e9roule un d\u00e9fil\u00e9 avec le costume des membres de la SS, dans la joie et dans la bonne humeur.<\/p>\n<p style=\"text-align: justify;\">#SOShomophobie #lemondejuif1fo #Alost #Croatie #Belgiques #Bruxelles #OENDDF #EONDFR #FundamentalRights #nondiscrimination #HumanRights \u2063\u2063\u2063 #dignit\u00e9 #christinemonty #didierboyenval #homophobia #stophomophobia #antisemitism #stopantisemitism<a href=\"https:\/\/europeanobsndfr.org\/wp-content\/uploads\/2020\/02\/IMG_0761.jpg\"><img loading=\"lazy\" decoding=\"async\" class=\"aligncenter size-medium wp-image-16147\" src=\"https:\/\/europeanobsndfr.org\/wp-content\/uploads\/2020\/02\/IMG_0761-300x250.jpg\" alt=\"\" width=\"300\" height=\"250\" srcset=\"https:\/\/europeanobsndfr.org\/wp-content\/uploads\/2020\/02\/IMG_0761-300x250.jpg 300w, https:\/\/europeanobsndfr.org\/wp-content\/uploads\/2020\/02\/IMG_0761-768x639.jpg 768w, https:\/\/europeanobsndfr.org\/wp-content\/uploads\/2020\/02\/IMG_0761-705x587.jpg 705w, https:\/\/europeanobsndfr.org\/wp-content\/uploads\/2020\/02\/IMG_0761.jpg 1024w\" sizes=\"auto, (max-width: 300px) 100vw, 300px\" \/><\/a><br \/>\n<a href=\"https:\/\/europeanobsndfr.org\/wp-content\/uploads\/2020\/02\/IMG_0760.jpg\"><img loading=\"lazy\" decoding=\"async\" class=\"aligncenter size-medium wp-image-16140\" src=\"https:\/\/europeanobsndfr.org\/wp-content\/uploads\/2020\/02\/IMG_0760-300x198.jpg\" alt=\"\" width=\"300\" height=\"198\" srcset=\"https:\/\/europeanobsndfr.org\/wp-content\/uploads\/2020\/02\/IMG_0760-300x198.jpg 300w, https:\/\/europeanobsndfr.org\/wp-content\/uploads\/2020\/02\/IMG_0760-768x508.jpg 768w, https:\/\/europeanobsndfr.org\/wp-content\/uploads\/2020\/02\/IMG_0760-705x466.jpg 705w, https:\/\/europeanobsndfr.org\/wp-content\/uploads\/2020\/02\/IMG_0760.jpg 1024w\" sizes=\"auto, (max-width: 300px) 100vw, 300px\" \/><\/a><\/p>","protected":false},"excerpt":{"rendered":"<p>BELGIQUE, ALOST &#x1f1e7;&#x1f1ea; &#8211; CROATIE, RIJEKA &#x1f1ed;&#x1f1f7;. &#x2705; Le Carnaval est devenu parfois un pr\u00e9texte culturel pour afficher de la haine religieuse et pour violer les droits fondamentaux. &#x2705; L&rsquo;Observatoire Europ\u00e9en de la non-discrimination et des Droits Fondamentaux d\u00e9nonce et condamne fermement : \u2063 &#x1f4cd;cette sc\u00e8ne du carnaval de Rijeka, en Croatie, o\u00f9 l&rsquo;effigie d&rsquo;un&#8230;<\/p>","protected":false},"author":1,"featured_media":0,"comment_status":"closed","ping_status":"closed","sticky":false,"template":"","format":"standard","meta":{"give_campaign_id":0,"_kadence_starter_templates_imported_post":false,"_kad_post_transparent":"","_kad_post_title":"","_kad_post_layout":"","_kad_post_sidebar_id":"","_kad_post_content_style":"","_kad_post_vertical_padding":"","_kad_post_feature":"","_kad_post_feature_position":"","_kad_post_header":false,"_kad_post_footer":false,"_kad_post_classname":"","_jetpack_memberships_contains_paid_content":false,"footnotes":""},"categories":[84,52],"tags":[],"class_list":["post-16163","post","type-post","status-publish","format-standard","hentry","category-asylum-migration-and-borders","category-integration-des-minorites-ethniques-et-nationales"],"aioseo_notices":[],"aioseo_head":"\n\t\t<!-- All in One SEO 5.0.1.1 - aioseo.com -->\n\t<meta name=\"description\" content=\"Antis\u00e9mitisme. Carnaval de Rijeka - Croatie. Carnaval d\u2019Alost - Belgique - SS - nazisme.\" \/>\n\t<meta name=\"robots\" content=\"max-snippet:-1, max-image-preview:large, max-video-preview:-1\" \/>\n\t<meta name=\"author\" content=\"OENDDF\"\/>\n\t<meta name=\"google-site-verification\" content=\"KZsAbCyd-Ww06m2-MlFPa7EphgzWqs90ra8o0LfM_K8\" \/>\n\t<link rel=\"canonical\" href=\"https:\/\/europeanobsndfr.org\/en\/actualites-fr\/integration-des-minorites-ethniques-et-nationales\/le-carnaval-est-devenu-parfois-un-pretexte-culturel-pour-afficher-de-la-haine-religieuse-et-pour-violer-les-droits-fondamentaux-r\/\" \/>\n\t<meta name=\"generator\" content=\"All in One SEO (AIOSEO) 5.0.1.1\" \/>\n\t\t<meta property=\"og:locale\" content=\"en_GB\" \/>\n\t\t<meta property=\"og:site_name\" content=\"Observatoire Europ\u00e9en de la Non-Discrimination et des Droits Fondamentaux\" \/>\n\t\t<meta property=\"og:type\" content=\"non_profit\" \/>\n\t\t<meta property=\"og:title\" content=\"Antis\u00e9mitisme. Carnaval de Rijeka - Croatie. Carnaval d\u2019Alost - Belgique - SS - nazisme. | O.E.N.D.D.F.\" \/>\n\t\t<meta property=\"og:description\" content=\"Antis\u00e9mitisme. Carnaval de Rijeka - Croatie. Carnaval d\u2019Alost - Belgique - SS - nazisme.\" \/>\n\t\t<meta property=\"og:url\" content=\"https:\/\/europeanobsndfr.org\/en\/actualites-fr\/integration-des-minorites-ethniques-et-nationales\/le-carnaval-est-devenu-parfois-un-pretexte-culturel-pour-afficher-de-la-haine-religieuse-et-pour-violer-les-droits-fondamentaux-r\/\" \/>\n\t\t<meta property=\"og:image\" content=\"https:\/\/europeanobsndfr.org\/wp-content\/uploads\/2016\/11\/logo-oenddf.jpg\" \/>\n\t\t<meta property=\"og:image:secure_url\" content=\"https:\/\/europeanobsndfr.org\/wp-content\/uploads\/2016\/11\/logo-oenddf.jpg\" \/>\n\t\t<meta property=\"og:image:width\" content=\"830\" \/>\n\t\t<meta property=\"og:image:height\" content=\"600\" \/>\n\t\t<meta name=\"twitter:card\" content=\"summary\" \/>\n\t\t<meta name=\"twitter:site\" content=\"@europeanobs\" \/>\n\t\t<meta name=\"twitter:title\" content=\"Antis\u00e9mitisme. Carnaval de Rijeka - Croatie. Carnaval d\u2019Alost - Belgique - SS - nazisme. | O.E.N.D.D.F.\" \/>\n\t\t<meta name=\"twitter:description\" content=\"Antis\u00e9mitisme. Carnaval de Rijeka - Croatie. Carnaval d\u2019Alost - Belgique - SS - nazisme.\" \/>\n\t\t<meta name=\"twitter:creator\" content=\"@europeanobs\" \/>\n\t\t<meta name=\"twitter:image\" content=\"https:\/\/europeanobsndfr.org\/wp-content\/uploads\/2016\/11\/logo-oenddf.jpg\" \/>\n\t\t<script type=\"application\/ld+json\" class=\"aioseo-schema\">\n\t\t\t{\"@context\":\"https:\\\/\\\/schema.org\",\"@graph\":[{\"@type\":\"Article\",\"@id\":\"https:\\\/\\\/europeanobsndfr.org\\\/en\\\/actualites-fr\\\/integration-des-minorites-ethniques-et-nationales\\\/le-carnaval-est-devenu-parfois-un-pretexte-culturel-pour-afficher-de-la-haine-religieuse-et-pour-violer-les-droits-fondamentaux-r\\\/#article\",\"name\":\"Antis\\u00e9mitisme. Carnaval de Rijeka - Croatie. Carnaval d\\u2019Alost - Belgique - SS - nazisme. | O.E.N.D.D.F.\",\"headline\":\"BELGIQUE, ALOST &#x1f1e7;&#x1f1ea; &#8211; CROATIE, RIJEKA &#x1f1ed;&#x1f1f7;. Le Carnaval est devenu parfois un pr\\u00e9texte culturel pour afficher de la haine religieuse, ou de la haine contre les personnes homosexuelles, et pour violer les droits fondamentaux.\",\"author\":{\"@id\":\"https:\\\/\\\/europeanobsndfr.org\\\/en\\\/author\\\/admin\\\/#author\"},\"publisher\":{\"@id\":\"https:\\\/\\\/europeanobsndfr.org\\\/en\\\/#organization\"},\"image\":{\"@type\":\"ImageObject\",\"url\":\"https:\\\/\\\/europeanobsndfr.org\\\/wp-content\\\/uploads\\\/2020\\\/02\\\/IMG_0761-300x250.jpg\",\"@id\":\"https:\\\/\\\/europeanobsndfr.org\\\/en\\\/actualites-fr\\\/integration-des-minorites-ethniques-et-nationales\\\/le-carnaval-est-devenu-parfois-un-pretexte-culturel-pour-afficher-de-la-haine-religieuse-et-pour-violer-les-droits-fondamentaux-r\\\/#articleImage\"},\"datePublished\":\"2020-02-26T15:31:06+01:00\",\"dateModified\":\"2021-02-07T19:03:21+01:00\",\"inLanguage\":\"en-GB\",\"mainEntityOfPage\":{\"@id\":\"https:\\\/\\\/europeanobsndfr.org\\\/en\\\/actualites-fr\\\/integration-des-minorites-ethniques-et-nationales\\\/le-carnaval-est-devenu-parfois-un-pretexte-culturel-pour-afficher-de-la-haine-religieuse-et-pour-violer-les-droits-fondamentaux-r\\\/#webpage\"},\"isPartOf\":{\"@id\":\"https:\\\/\\\/europeanobsndfr.org\\\/en\\\/actualites-fr\\\/integration-des-minorites-ethniques-et-nationales\\\/le-carnaval-est-devenu-parfois-un-pretexte-culturel-pour-afficher-de-la-haine-religieuse-et-pour-violer-les-droits-fondamentaux-r\\\/#webpage\"},\"articleSection\":\"Asile, immigration et fronti\\u00e8res, Racisme &amp; et intol\\u00e9rances li\\u00e9es \\\/ Int\\u00e9gration des minorit\\u00e9s ethniques et nationales\"},{\"@type\":\"BreadcrumbList\",\"@id\":\"https:\\\/\\\/europeanobsndfr.org\\\/en\\\/actualites-fr\\\/integration-des-minorites-ethniques-et-nationales\\\/le-carnaval-est-devenu-parfois-un-pretexte-culturel-pour-afficher-de-la-haine-religieuse-et-pour-violer-les-droits-fondamentaux-r\\\/#breadcrumblist\",\"itemListElement\":[{\"@type\":\"ListItem\",\"@id\":\"https:\\\/\\\/europeanobsndfr.org\\\/en#listItem\",\"position\":1,\"name\":\"Accueil\",\"item\":\"https:\\\/\\\/europeanobsndfr.org\\\/en\",\"nextItem\":{\"@type\":\"ListItem\",\"@id\":\"https:\\\/\\\/europeanobsndfr.org\\\/en\\\/category\\\/actualites-fr\\\/#listItem\",\"name\":\"Actualit\\u00e9\"}},{\"@type\":\"ListItem\",\"@id\":\"https:\\\/\\\/europeanobsndfr.org\\\/en\\\/category\\\/actualites-fr\\\/#listItem\",\"position\":2,\"name\":\"Actualit\\u00e9\",\"item\":\"https:\\\/\\\/europeanobsndfr.org\\\/en\\\/category\\\/actualites-fr\\\/\",\"nextItem\":{\"@type\":\"ListItem\",\"@id\":\"https:\\\/\\\/europeanobsndfr.org\\\/en\\\/category\\\/actualites-fr\\\/integration-des-minorites-ethniques-et-nationales\\\/#listItem\",\"name\":\"Racisme &amp; et intol\\u00e9rances li\\u00e9es \\\/ Int\\u00e9gration des minorit\\u00e9s ethniques et nationales\"},\"previousItem\":{\"@type\":\"ListItem\",\"@id\":\"https:\\\/\\\/europeanobsndfr.org\\\/en#listItem\",\"name\":\"Accueil\"}},{\"@type\":\"ListItem\",\"@id\":\"https:\\\/\\\/europeanobsndfr.org\\\/en\\\/category\\\/actualites-fr\\\/integration-des-minorites-ethniques-et-nationales\\\/#listItem\",\"position\":3,\"name\":\"Racisme &amp; et intol\\u00e9rances li\\u00e9es \\\/ Int\\u00e9gration des minorit\\u00e9s ethniques et nationales\",\"item\":\"https:\\\/\\\/europeanobsndfr.org\\\/en\\\/category\\\/actualites-fr\\\/integration-des-minorites-ethniques-et-nationales\\\/\",\"nextItem\":{\"@type\":\"ListItem\",\"@id\":\"https:\\\/\\\/europeanobsndfr.org\\\/en\\\/actualites-fr\\\/integration-des-minorites-ethniques-et-nationales\\\/le-carnaval-est-devenu-parfois-un-pretexte-culturel-pour-afficher-de-la-haine-religieuse-et-pour-violer-les-droits-fondamentaux-r\\\/#listItem\",\"name\":\"BELGIQUE, ALOST &#x1f1e7;&#x1f1ea; &#8211; CROATIE, RIJEKA &#x1f1ed;&#x1f1f7;. Le Carnaval est devenu parfois un pr\\u00e9texte culturel pour afficher de la haine religieuse, ou de la haine contre les personnes homosexuelles, et pour violer les droits fondamentaux.\"},\"previousItem\":{\"@type\":\"ListItem\",\"@id\":\"https:\\\/\\\/europeanobsndfr.org\\\/en\\\/category\\\/actualites-fr\\\/#listItem\",\"name\":\"Actualit\\u00e9\"}},{\"@type\":\"ListItem\",\"@id\":\"https:\\\/\\\/europeanobsndfr.org\\\/en\\\/actualites-fr\\\/integration-des-minorites-ethniques-et-nationales\\\/le-carnaval-est-devenu-parfois-un-pretexte-culturel-pour-afficher-de-la-haine-religieuse-et-pour-violer-les-droits-fondamentaux-r\\\/#listItem\",\"position\":4,\"name\":\"BELGIQUE, ALOST &#x1f1e7;&#x1f1ea; &#8211; CROATIE, RIJEKA &#x1f1ed;&#x1f1f7;. Le Carnaval est devenu parfois un pr\\u00e9texte culturel pour afficher de la haine religieuse, ou de la haine contre les personnes homosexuelles, et pour violer les droits fondamentaux.\",\"previousItem\":{\"@type\":\"ListItem\",\"@id\":\"https:\\\/\\\/europeanobsndfr.org\\\/en\\\/category\\\/actualites-fr\\\/integration-des-minorites-ethniques-et-nationales\\\/#listItem\",\"name\":\"Racisme &amp; et intol\\u00e9rances li\\u00e9es \\\/ Int\\u00e9gration des minorit\\u00e9s ethniques et nationales\"}}]},{\"@type\":\"Organization\",\"@id\":\"https:\\\/\\\/europeanobsndfr.org\\\/en\\\/#organization\",\"name\":\"OENDDF\",\"description\":\"Organisation Internationale Non-Gouvernementale\",\"url\":\"https:\\\/\\\/europeanobsndfr.org\\\/en\\\/\",\"logo\":{\"@type\":\"ImageObject\",\"url\":\"https:\\\/\\\/europeanobsndfr.org\\\/wp-content\\\/uploads\\\/2016\\\/11\\\/cropped-logo-oenddf.jpg\",\"@id\":\"https:\\\/\\\/europeanobsndfr.org\\\/en\\\/actualites-fr\\\/integration-des-minorites-ethniques-et-nationales\\\/le-carnaval-est-devenu-parfois-un-pretexte-culturel-pour-afficher-de-la-haine-religieuse-et-pour-violer-les-droits-fondamentaux-r\\\/#organizationLogo\",\"width\":701,\"height\":600,\"caption\":\"Logo OENDDF\"},\"image\":{\"@id\":\"https:\\\/\\\/europeanobsndfr.org\\\/en\\\/actualites-fr\\\/integration-des-minorites-ethniques-et-nationales\\\/le-carnaval-est-devenu-parfois-un-pretexte-culturel-pour-afficher-de-la-haine-religieuse-et-pour-violer-les-droits-fondamentaux-r\\\/#organizationLogo\"},\"sameAs\":[\"https:\\\/\\\/twitter.com\\\/europeanobs\",\"https:\\\/\\\/www.instagram.com\\\/oenddf_ngo\\\/\",\"https:\\\/\\\/www.youtube.com\\\/channel\\\/UCO9vz5fybFw1Q8pvN00CDgA\"]},{\"@type\":\"Person\",\"@id\":\"https:\\\/\\\/europeanobsndfr.org\\\/en\\\/author\\\/admin\\\/#author\",\"url\":\"https:\\\/\\\/europeanobsndfr.org\\\/en\\\/author\\\/admin\\\/\",\"name\":\"OENDDF\",\"image\":{\"@type\":\"ImageObject\",\"@id\":\"https:\\\/\\\/europeanobsndfr.org\\\/en\\\/actualites-fr\\\/integration-des-minorites-ethniques-et-nationales\\\/le-carnaval-est-devenu-parfois-un-pretexte-culturel-pour-afficher-de-la-haine-religieuse-et-pour-violer-les-droits-fondamentaux-r\\\/#authorImage\",\"url\":\"https:\\\/\\\/secure.gravatar.com\\\/avatar\\\/f64bd673bdf1f612f36226606d41703598d9c028a910d72b461acb19a72f63d5?s=96&d=mm&r=g\",\"width\":96,\"height\":96,\"caption\":\"OENDDF\"}},{\"@type\":\"WebPage\",\"@id\":\"https:\\\/\\\/europeanobsndfr.org\\\/en\\\/actualites-fr\\\/integration-des-minorites-ethniques-et-nationales\\\/le-carnaval-est-devenu-parfois-un-pretexte-culturel-pour-afficher-de-la-haine-religieuse-et-pour-violer-les-droits-fondamentaux-r\\\/#webpage\",\"url\":\"https:\\\/\\\/europeanobsndfr.org\\\/en\\\/actualites-fr\\\/integration-des-minorites-ethniques-et-nationales\\\/le-carnaval-est-devenu-parfois-un-pretexte-culturel-pour-afficher-de-la-haine-religieuse-et-pour-violer-les-droits-fondamentaux-r\\\/\",\"name\":\"Antis\\u00e9mitisme. Carnaval de Rijeka - Croatie. Carnaval d\\u2019Alost - Belgique - SS - nazisme. | O.E.N.D.D.F.\",\"description\":\"Antis\\u00e9mitisme. Carnaval de Rijeka - Croatie. Carnaval d\\u2019Alost - Belgique - SS - nazisme.\",\"inLanguage\":\"en-GB\",\"isPartOf\":{\"@id\":\"https:\\\/\\\/europeanobsndfr.org\\\/en\\\/#website\"},\"breadcrumb\":{\"@id\":\"https:\\\/\\\/europeanobsndfr.org\\\/en\\\/actualites-fr\\\/integration-des-minorites-ethniques-et-nationales\\\/le-carnaval-est-devenu-parfois-un-pretexte-culturel-pour-afficher-de-la-haine-religieuse-et-pour-violer-les-droits-fondamentaux-r\\\/#breadcrumblist\"},\"author\":{\"@id\":\"https:\\\/\\\/europeanobsndfr.org\\\/en\\\/author\\\/admin\\\/#author\"},\"creator\":{\"@id\":\"https:\\\/\\\/europeanobsndfr.org\\\/en\\\/author\\\/admin\\\/#author\"},\"datePublished\":\"2020-02-26T15:31:06+01:00\",\"dateModified\":\"2021-02-07T19:03:21+01:00\"},{\"@type\":\"WebSite\",\"@id\":\"https:\\\/\\\/europeanobsndfr.org\\\/en\\\/#website\",\"url\":\"https:\\\/\\\/europeanobsndfr.org\\\/en\\\/\",\"name\":\"Observatoire Europ\\u00e9en de la Non-Discrimination et des Droits Fondamentaux\",\"description\":\"Organisation Internationale Non-Gouvernementale\",\"inLanguage\":\"en-GB\",\"publisher\":{\"@id\":\"https:\\\/\\\/europeanobsndfr.org\\\/en\\\/#organization\"}}]}\n\t\t<\/script>\n\t\t<!-- All in One SEO -->\n\n","aioseo_head_json":{"title":"Antis\u00e9mitisme. Carnaval de Rijeka - Croatie. Carnaval d\u2019Alost - Belgique - SS - nazisme. | O.E.N.D.D.F.","description":"Antis\u00e9mitisme. Carnaval de Rijeka - Croatie. Carnaval d\u2019Alost - Belgique - SS - nazisme.","canonical_url":"https:\/\/europeanobsndfr.org\/en\/actualites-fr\/integration-des-minorites-ethniques-et-nationales\/le-carnaval-est-devenu-parfois-un-pretexte-culturel-pour-afficher-de-la-haine-religieuse-et-pour-violer-les-droits-fondamentaux-r\/","robots":"max-snippet:-1, max-image-preview:large, max-video-preview:-1","keywords":"","webmasterTools":{"google-site-verification":"KZsAbCyd-Ww06m2-MlFPa7EphgzWqs90ra8o0LfM_K8","miscellaneous":""},"schema":{"@context":"https:\/\/schema.org","@graph":[{"@type":"Article","@id":"https:\/\/europeanobsndfr.org\/en\/actualites-fr\/integration-des-minorites-ethniques-et-nationales\/le-carnaval-est-devenu-parfois-un-pretexte-culturel-pour-afficher-de-la-haine-religieuse-et-pour-violer-les-droits-fondamentaux-r\/#article","name":"Antis\u00e9mitisme. Carnaval de Rijeka - Croatie. Carnaval d\u2019Alost - Belgique - SS - nazisme. | O.E.N.D.D.F.","headline":"BELGIQUE, ALOST &#x1f1e7;&#x1f1ea; &#8211; CROATIE, RIJEKA &#x1f1ed;&#x1f1f7;. Le Carnaval est devenu parfois un pr\u00e9texte culturel pour afficher de la haine religieuse, ou de la haine contre les personnes homosexuelles, et pour violer les droits fondamentaux.","author":{"@id":"https:\/\/europeanobsndfr.org\/en\/author\/admin\/#author"},"publisher":{"@id":"https:\/\/europeanobsndfr.org\/en\/#organization"},"image":{"@type":"ImageObject","url":"https:\/\/europeanobsndfr.org\/wp-content\/uploads\/2020\/02\/IMG_0761-300x250.jpg","@id":"https:\/\/europeanobsndfr.org\/en\/actualites-fr\/integration-des-minorites-ethniques-et-nationales\/le-carnaval-est-devenu-parfois-un-pretexte-culturel-pour-afficher-de-la-haine-religieuse-et-pour-violer-les-droits-fondamentaux-r\/#articleImage"},"datePublished":"2020-02-26T15:31:06+01:00","dateModified":"2021-02-07T19:03:21+01:00","inLanguage":"en-GB","mainEntityOfPage":{"@id":"https:\/\/europeanobsndfr.org\/en\/actualites-fr\/integration-des-minorites-ethniques-et-nationales\/le-carnaval-est-devenu-parfois-un-pretexte-culturel-pour-afficher-de-la-haine-religieuse-et-pour-violer-les-droits-fondamentaux-r\/#webpage"},"isPartOf":{"@id":"https:\/\/europeanobsndfr.org\/en\/actualites-fr\/integration-des-minorites-ethniques-et-nationales\/le-carnaval-est-devenu-parfois-un-pretexte-culturel-pour-afficher-de-la-haine-religieuse-et-pour-violer-les-droits-fondamentaux-r\/#webpage"},"articleSection":"Asile, immigration et fronti\u00e8res, Racisme &amp; et intol\u00e9rances li\u00e9es \/ Int\u00e9gration des minorit\u00e9s ethniques et nationales"},{"@type":"BreadcrumbList","@id":"https:\/\/europeanobsndfr.org\/en\/actualites-fr\/integration-des-minorites-ethniques-et-nationales\/le-carnaval-est-devenu-parfois-un-pretexte-culturel-pour-afficher-de-la-haine-religieuse-et-pour-violer-les-droits-fondamentaux-r\/#breadcrumblist","itemListElement":[{"@type":"ListItem","@id":"https:\/\/europeanobsndfr.org\/en#listItem","position":1,"name":"Accueil","item":"https:\/\/europeanobsndfr.org\/en","nextItem":{"@type":"ListItem","@id":"https:\/\/europeanobsndfr.org\/en\/category\/actualites-fr\/#listItem","name":"Actualit\u00e9"}},{"@type":"ListItem","@id":"https:\/\/europeanobsndfr.org\/en\/category\/actualites-fr\/#listItem","position":2,"name":"Actualit\u00e9","item":"https:\/\/europeanobsndfr.org\/en\/category\/actualites-fr\/","nextItem":{"@type":"ListItem","@id":"https:\/\/europeanobsndfr.org\/en\/category\/actualites-fr\/integration-des-minorites-ethniques-et-nationales\/#listItem","name":"Racisme &amp; et intol\u00e9rances li\u00e9es \/ Int\u00e9gration des minorit\u00e9s ethniques et nationales"},"previousItem":{"@type":"ListItem","@id":"https:\/\/europeanobsndfr.org\/en#listItem","name":"Accueil"}},{"@type":"ListItem","@id":"https:\/\/europeanobsndfr.org\/en\/category\/actualites-fr\/integration-des-minorites-ethniques-et-nationales\/#listItem","position":3,"name":"Racisme &amp; et intol\u00e9rances li\u00e9es \/ Int\u00e9gration des minorit\u00e9s ethniques et nationales","item":"https:\/\/europeanobsndfr.org\/en\/category\/actualites-fr\/integration-des-minorites-ethniques-et-nationales\/","nextItem":{"@type":"ListItem","@id":"https:\/\/europeanobsndfr.org\/en\/actualites-fr\/integration-des-minorites-ethniques-et-nationales\/le-carnaval-est-devenu-parfois-un-pretexte-culturel-pour-afficher-de-la-haine-religieuse-et-pour-violer-les-droits-fondamentaux-r\/#listItem","name":"BELGIQUE, ALOST &#x1f1e7;&#x1f1ea; &#8211; CROATIE, RIJEKA &#x1f1ed;&#x1f1f7;. Le Carnaval est devenu parfois un pr\u00e9texte culturel pour afficher de la haine religieuse, ou de la haine contre les personnes homosexuelles, et pour violer les droits fondamentaux."},"previousItem":{"@type":"ListItem","@id":"https:\/\/europeanobsndfr.org\/en\/category\/actualites-fr\/#listItem","name":"Actualit\u00e9"}},{"@type":"ListItem","@id":"https:\/\/europeanobsndfr.org\/en\/actualites-fr\/integration-des-minorites-ethniques-et-nationales\/le-carnaval-est-devenu-parfois-un-pretexte-culturel-pour-afficher-de-la-haine-religieuse-et-pour-violer-les-droits-fondamentaux-r\/#listItem","position":4,"name":"BELGIQUE, ALOST &#x1f1e7;&#x1f1ea; &#8211; CROATIE, RIJEKA &#x1f1ed;&#x1f1f7;. Le Carnaval est devenu parfois un pr\u00e9texte culturel pour afficher de la haine religieuse, ou de la haine contre les personnes homosexuelles, et pour violer les droits fondamentaux.","previousItem":{"@type":"ListItem","@id":"https:\/\/europeanobsndfr.org\/en\/category\/actualites-fr\/integration-des-minorites-ethniques-et-nationales\/#listItem","name":"Racisme &amp; et intol\u00e9rances li\u00e9es \/ Int\u00e9gration des minorit\u00e9s ethniques et nationales"}}]},{"@type":"Organization","@id":"https:\/\/europeanobsndfr.org\/en\/#organization","name":"OENDDF","description":"Organisation Internationale Non-Gouvernementale","url":"https:\/\/europeanobsndfr.org\/en\/","logo":{"@type":"ImageObject","url":"https:\/\/europeanobsndfr.org\/wp-content\/uploads\/2016\/11\/cropped-logo-oenddf.jpg","@id":"https:\/\/europeanobsndfr.org\/en\/actualites-fr\/integration-des-minorites-ethniques-et-nationales\/le-carnaval-est-devenu-parfois-un-pretexte-culturel-pour-afficher-de-la-haine-religieuse-et-pour-violer-les-droits-fondamentaux-r\/#organizationLogo","width":701,"height":600,"caption":"Logo OENDDF"},"image":{"@id":"https:\/\/europeanobsndfr.org\/en\/actualites-fr\/integration-des-minorites-ethniques-et-nationales\/le-carnaval-est-devenu-parfois-un-pretexte-culturel-pour-afficher-de-la-haine-religieuse-et-pour-violer-les-droits-fondamentaux-r\/#organizationLogo"},"sameAs":["https:\/\/twitter.com\/europeanobs","https:\/\/www.instagram.com\/oenddf_ngo\/","https:\/\/www.youtube.com\/channel\/UCO9vz5fybFw1Q8pvN00CDgA"]},{"@type":"Person","@id":"https:\/\/europeanobsndfr.org\/en\/author\/admin\/#author","url":"https:\/\/europeanobsndfr.org\/en\/author\/admin\/","name":"OENDDF","image":{"@type":"ImageObject","@id":"https:\/\/europeanobsndfr.org\/en\/actualites-fr\/integration-des-minorites-ethniques-et-nationales\/le-carnaval-est-devenu-parfois-un-pretexte-culturel-pour-afficher-de-la-haine-religieuse-et-pour-violer-les-droits-fondamentaux-r\/#authorImage","url":"https:\/\/secure.gravatar.com\/avatar\/f64bd673bdf1f612f36226606d41703598d9c028a910d72b461acb19a72f63d5?s=96&d=mm&r=g","width":96,"height":96,"caption":"OENDDF"}},{"@type":"WebPage","@id":"https:\/\/europeanobsndfr.org\/en\/actualites-fr\/integration-des-minorites-ethniques-et-nationales\/le-carnaval-est-devenu-parfois-un-pretexte-culturel-pour-afficher-de-la-haine-religieuse-et-pour-violer-les-droits-fondamentaux-r\/#webpage","url":"https:\/\/europeanobsndfr.org\/en\/actualites-fr\/integration-des-minorites-ethniques-et-nationales\/le-carnaval-est-devenu-parfois-un-pretexte-culturel-pour-afficher-de-la-haine-religieuse-et-pour-violer-les-droits-fondamentaux-r\/","name":"Antis\u00e9mitisme. Carnaval de Rijeka - Croatie. Carnaval d\u2019Alost - Belgique - SS - nazisme. | O.E.N.D.D.F.","description":"Antis\u00e9mitisme. Carnaval de Rijeka - Croatie. Carnaval d\u2019Alost - Belgique - SS - nazisme.","inLanguage":"en-GB","isPartOf":{"@id":"https:\/\/europeanobsndfr.org\/en\/#website"},"breadcrumb":{"@id":"https:\/\/europeanobsndfr.org\/en\/actualites-fr\/integration-des-minorites-ethniques-et-nationales\/le-carnaval-est-devenu-parfois-un-pretexte-culturel-pour-afficher-de-la-haine-religieuse-et-pour-violer-les-droits-fondamentaux-r\/#breadcrumblist"},"author":{"@id":"https:\/\/europeanobsndfr.org\/en\/author\/admin\/#author"},"creator":{"@id":"https:\/\/europeanobsndfr.org\/en\/author\/admin\/#author"},"datePublished":"2020-02-26T15:31:06+01:00","dateModified":"2021-02-07T19:03:21+01:00"},{"@type":"WebSite","@id":"https:\/\/europeanobsndfr.org\/en\/#website","url":"https:\/\/europeanobsndfr.org\/en\/","name":"Observatoire Europ\u00e9en de la Non-Discrimination et des Droits Fondamentaux","description":"Organisation Internationale Non-Gouvernementale","inLanguage":"en-GB","publisher":{"@id":"https:\/\/europeanobsndfr.org\/en\/#organization"}}]},"og:locale":"en_GB","og:site_name":"Observatoire Europ\u00e9en de la Non-Discrimination et des Droits Fondamentaux","og:type":"non_profit","og:title":"Antis\u00e9mitisme. Carnaval de Rijeka - Croatie. Carnaval d\u2019Alost - Belgique - SS - nazisme. | O.E.N.D.D.F.","og:description":"Antis\u00e9mitisme. Carnaval de Rijeka - Croatie. Carnaval d\u2019Alost - Belgique - SS - nazisme.","og:url":"https:\/\/europeanobsndfr.org\/en\/actualites-fr\/integration-des-minorites-ethniques-et-nationales\/le-carnaval-est-devenu-parfois-un-pretexte-culturel-pour-afficher-de-la-haine-religieuse-et-pour-violer-les-droits-fondamentaux-r\/","og:image":"https:\/\/europeanobsndfr.org\/wp-content\/uploads\/2016\/11\/logo-oenddf.jpg","og:image:secure_url":"https:\/\/europeanobsndfr.org\/wp-content\/uploads\/2016\/11\/logo-oenddf.jpg","og:image:width":830,"og:image:height":600,"twitter:card":"summary","twitter:site":"@europeanobs","twitter:title":"Antis\u00e9mitisme. Carnaval de Rijeka - Croatie. Carnaval d\u2019Alost - Belgique - SS - nazisme. | O.E.N.D.D.F.","twitter:description":"Antis\u00e9mitisme. Carnaval de Rijeka - Croatie. Carnaval d\u2019Alost - Belgique - SS - nazisme.","twitter:creator":"@europeanobs","twitter:image":"https:\/\/europeanobsndfr.org\/wp-content\/uploads\/2016\/11\/logo-oenddf.jpg"},"aioseo_meta_data":{"post_id":"16163","title":"Antis\u00e9mitisme. Carnaval de Rijeka - Croatie. Carnaval d\u2019Alost - Belgique - SS - nazisme. | O.E.N.D.D.F.","description":"Antis\u00e9mitisme. Carnaval de Rijeka - Croatie. Carnaval d\u2019Alost - Belgique - SS - nazisme.","keywords":[],"keyphrases":{"focus":[],"additional":[]},"primary_term":null,"canonical_url":null,"og_title":"","og_description":"","og_object_type":"non_profit","og_image_type":"default","og_image_url":null,"og_image_width":null,"og_image_height":null,"og_image_custom_url":null,"og_image_custom_fields":null,"og_video":"","og_custom_url":null,"og_article_section":"","og_article_tags":"","twitter_use_og":false,"twitter_card":"summary","twitter_image_type":"default","twitter_image_url":null,"twitter_image_custom_url":null,"twitter_image_custom_fields":null,"twitter_title":null,"twitter_description":null,"schema":{"blockGraphs":[],"customGraphs":[],"default":{"data":{"Article":[],"Course":[],"Dataset":[],"FAQPage":[],"Movie":[],"Person":[],"Product":[],"ProductReview":[],"Car":[],"Recipe":[],"Service":[],"SoftwareApplication":[],"WebPage":[]},"graphName":"","isEnabled":true},"graphs":[]},"schema_type":"default","schema_type_options":"{\"article\":{\"articleType\":\"BlogPosting\"},\"course\":{\"name\":\"\",\"description\":\"\",\"provider\":\"\"},\"faq\":{\"pages\":[]},\"product\":{\"reviews\":[]},\"recipe\":{\"ingredients\":[],\"instructions\":[],\"keywords\":[]},\"software\":{\"reviews\":[],\"operatingSystems\":[]},\"webPage\":{\"webPageType\":\"WebPage\"}}","pillar_content":false,"robots_default":true,"robots_noindex":false,"robots_noarchive":false,"robots_nosnippet":false,"robots_nofollow":false,"robots_noimageindex":false,"robots_noodp":false,"robots_notranslate":false,"robots_max_snippet":"-1","robots_max_videopreview":"-1","robots_max_imagepreview":"large","priority":null,"frequency":"default","local_seo":{"businessInfo":{"name":"","urls":{"website":"","aboutPage":"","contactPage":""},"address":{"line1":"","line2":"","zip":"","city":"","state":"","country":""},"contact":{"email":"","phone":"","fax":""},"ids":{"vatID":"","taxID":"","chamberID":""},"payment":{"priceIndication":"","currenciesAccepted":"","methodsAccepted":""},"areaServed":""},"openingHours":{"show":false,"closedLabel":"","open24h":false,"open24hLabel":"","open247":false,"use24hFormat":false,"twoSets":false,"timezone":"","hours":[]}},"breadcrumb_settings":null,"limit_modified_date":false,"ai":null,"created":"2021-01-22 17:41:00","updated":"2025-08-01 19:36:56","focus_keyword":null,"additional_keywords":null,"truseo_locale":null,"seo_analyzer_scan_date":null},"jetpack_featured_media_url":"","jetpack-related-posts":[],"jetpack_sharing_enabled":true,"_links":{"self":[{"href":"https:\/\/europeanobsndfr.org\/en\/wp-json\/wp\/v2\/posts\/16163","targetHints":{"allow":["GET"]}}],"collection":[{"href":"https:\/\/europeanobsndfr.org\/en\/wp-json\/wp\/v2\/posts"}],"about":[{"href":"https:\/\/europeanobsndfr.org\/en\/wp-json\/wp\/v2\/types\/post"}],"author":[{"embeddable":true,"href":"https:\/\/europeanobsndfr.org\/en\/wp-json\/wp\/v2\/users\/1"}],"replies":[{"embeddable":true,"href":"https:\/\/europeanobsndfr.org\/en\/wp-json\/wp\/v2\/comments?post=16163"}],"version-history":[{"count":0,"href":"https:\/\/europeanobsndfr.org\/en\/wp-json\/wp\/v2\/posts\/16163\/revisions"}],"wp:attachment":[{"href":"https:\/\/europeanobsndfr.org\/en\/wp-json\/wp\/v2\/media?parent=16163"}],"wp:term":[{"taxonomy":"category","embeddable":true,"href":"https:\/\/europeanobsndfr.org\/en\/wp-json\/wp\/v2\/categories?post=16163"},{"taxonomy":"post_tag","embeddable":true,"href":"https:\/\/europeanobsndfr.org\/en\/wp-json\/wp\/v2\/tags?post=16163"}],"curies":[{"name":"wp","href":"https:\/\/api.w.org\/{rel}","templated":true}]}}