{"id":16450,"date":"2020-06-14T16:23:24","date_gmt":"2020-06-14T16:23:24","guid":{"rendered":"https:\/\/europeanobsndfr.org\/actualites-fr\/asylum-migration-and-borders\/germany-%f0%9f%87%a9%f0%9f%87%aa-the-city-of-berlin-becomes-a-pioneer-by-enacting-an-anti-discrimination-law-relating-to-public-officials\/"},"modified":"2020-07-16T21:40:29","modified_gmt":"2020-07-16T21:40:29","slug":"allemagne-%f0%9f%87%a9%f0%9f%87%aa-%e2%81%a3-%e2%9c%85-la-ville-de-berlin-devient-precurseur-en-votant-une-loi-anti-discriminations-relative-aux-agents-publics-%e2%81%a3","status":"publish","type":"post","link":"https:\/\/europeanobsndfr.org\/en\/actualites-fr\/actus-personnes-situation-handicap\/allemagne-%f0%9f%87%a9%f0%9f%87%aa-%e2%81%a3-%e2%9c%85-la-ville-de-berlin-devient-precurseur-en-votant-une-loi-anti-discriminations-relative-aux-agents-publics-%e2%81%a3\/","title":{"rendered":"ALLEMAGNE &#x1f1e9;&#x1f1ea;. Juin 2020 : la Ville de BERLIN devient pr\u00e9curseur en votant une loi anti-discriminations relative aux agents publics.\u2063"},"content":{"rendered":"<p id=\"tw-target-text\" class=\"tw-data-text tw-text-large XcVN5d tw-ta\" dir=\"ltr\" data-placeholder=\"Traduction\"><strong>ALLEMAGNE &#x1f1e9;&#x1f1ea;.\u2063<\/strong><\/p>\n<p class=\"tw-data-text tw-text-large XcVN5d tw-ta\" dir=\"ltr\" data-placeholder=\"Traduction\"><strong>&#x2705; La Ville de BERLIN devient pr\u00e9curseur en votant une loi anti-discriminations relative aux agents publics.\u2063<\/strong><\/p>\n<p class=\"tw-data-text tw-text-large XcVN5d tw-ta\" dir=\"ltr\" data-placeholder=\"Traduction\">&#x2705; Les policiers sont directement concern\u00e9s, en mati\u00e8re de lutte contre les discriminations li\u00e9es \u00e0 la race.\u2063<\/p>\n<p class=\"tw-data-text tw-text-large XcVN5d tw-ta\" dir=\"ltr\" data-placeholder=\"Traduction\">&#x2705; Certains Syndicats de police s\u2019indignent d\u2019une \u00ab suspicion g\u00e9n\u00e9ralis\u00e9e \u00bb contre les policiers. \u2063<\/p>\n<p style=\"text-align: justify;\"><strong>Une disposition irrite particuli\u00e8rement les opposants au nouveau dispositif : en cas d&rsquo;accusation de discrimination, les policiers devront d\u00e9sormais prouver qu&rsquo;ils ne se sont pas rendus coupables de tels agissements.<\/strong><\/p>\n<p style=\"text-align: justify;\">Jusqu&rsquo;\u00e0 pr\u00e9sent, c&rsquo;\u00e9tait \u00e0 la victime pr\u00e9sum\u00e9e de d\u00e9montrer qu&rsquo;elle avait \u00e9t\u00e9 discrimin\u00e9e.<\/p>\n<p style=\"text-align: justify;\">Les syndicats de policiers sont particuli\u00e8rement virulents, accusant la nouvelle loi de jeter la suspicion sur l&rsquo;ensemble des fonctionnaires de police et d&rsquo;exiger d&rsquo;un suspect \u00e9ventuel de prouver qu&rsquo;il \/ elle n&rsquo;est pas coupable.<\/p>\n<p class=\"tw-data-text tw-text-large XcVN5d tw-ta\" dir=\"ltr\" style=\"text-align: justify;\" data-placeholder=\"Traduction\">&#x2705; Cette loi concerne aussi :\u2063<\/p>\n<p class=\"tw-data-text tw-text-large XcVN5d tw-ta\" dir=\"ltr\" data-placeholder=\"Traduction\">&#x1f4cd;la discrimination par \u00ab<strong><em> blagues mysogines \u00bb<\/em><\/strong> devant un tiers par des fonctionnaires ;<\/p>\n<p class=\"tw-data-text tw-text-large XcVN5d tw-ta\" dir=\"ltr\" data-placeholder=\"Traduction\">&#x1f4cd; les interdictions d\u2019entrer <strong>rencontr\u00e9es par les aveugles ayant un chien qui les guide ;<\/strong>\u2063<\/p>\n<p class=\"tw-data-text tw-text-large XcVN5d tw-ta\" dir=\"ltr\" data-placeholder=\"Traduction\">&#x1f4cd; <strong>les \u00e9ventuels contr\u00f4les de police au faci\u00e8s. \u2063<\/strong><\/p>\n<p class=\"tw-data-text tw-text-large XcVN5d tw-ta\" dir=\"ltr\" data-placeholder=\"Traduction\">&#x2705; Les victimes de discriminations raciales, bas\u00e9es sur la religion, le genre ou le handicap, <strong>pourront d\u00e9sormais demander des dommages et int\u00e9r\u00eats.<\/strong><\/p>\n<p class=\"tw-data-text tw-text-large XcVN5d tw-ta\" dir=\"ltr\" data-placeholder=\"Traduction\">#OENDDF #EONDFR #discriminations #fundamentalrights #humanrights #droitsfondamentaux \u2063\u2063\u2063\u2063#poverty #dignity #Berlin #Berliner #Allemagne #Deutschland<\/p>\n<p dir=\"ltr\" data-placeholder=\"Traduction\"><span style=\"text-decoration: underline;\"><strong>Sources :<\/strong><\/span> <a href=\"https:\/\/www.voaafrique.com\/a\/la-ville-de-berlin-vote-une-loi-anti-discriminations\/5451044.html?fbclid=IwAR2VUhdnUeMB6VAYsLAGzs5gL5pu47wVe-pnGC0qMbYDP44mj96zTrb5TL0\"><strong><span lang=\"en\">La Ville de BERLIN devient pr\u00e9curseur en votant une loi anti-discriminations relative aux agents publics.\u2063 Les Syndicats de Police sont indign\u00e9s.<\/span><\/strong><\/a><\/p>\n<p dir=\"ltr\" data-placeholder=\"Traduction\">","protected":false},"excerpt":{"rendered":"<p>ALLEMAGNE &#x1f1e9;&#x1f1ea;.\u2063 &#x2705; La Ville de BERLIN devient pr\u00e9curseur en votant une loi anti-discriminations relative aux agents publics.\u2063 &#x2705; Les policiers sont directement concern\u00e9s, en mati\u00e8re de lutte contre les discriminations li\u00e9es \u00e0 la race.\u2063 &#x2705; Certains Syndicats de police s\u2019indignent d\u2019une \u00ab suspicion g\u00e9n\u00e9ralis\u00e9e \u00bb contre les policiers. \u2063 Une disposition irrite particuli\u00e8rement les&#8230;<\/p>","protected":false},"author":1,"featured_media":0,"comment_status":"closed","ping_status":"closed","sticky":false,"template":"","format":"standard","meta":{"give_campaign_id":0,"_kadence_starter_templates_imported_post":false,"_kad_post_transparent":"","_kad_post_title":"","_kad_post_layout":"","_kad_post_sidebar_id":"","_kad_post_content_style":"","_kad_post_vertical_padding":"","_kad_post_feature":"","_kad_post_feature_position":"","_kad_post_header":false,"_kad_post_footer":false,"_kad_post_classname":"","_jetpack_memberships_contains_paid_content":false,"footnotes":""},"categories":[201,156,43,52],"tags":[],"class_list":["post-16450","post","type-post","status-publish","format-standard","hentry","category-acces-a-la-justice","category-egalite-hommes-femmes","category-actus-personnes-situation-handicap","category-integration-des-minorites-ethniques-et-nationales"],"aioseo_notices":[],"aioseo_head":"\n\t\t<!-- All in One SEO 5.0.1.1 - aioseo.com -->\n\t<meta name=\"description\" content=\"#OENDDF #EONDFR #discriminations #fundamentalrights #humanrights #droitsfondamentaux \u2063\u2063\u2063\u2063#poverty #dignity #Berlin #Berliner #Allemagne #Deutschland\" \/>\n\t<meta name=\"robots\" content=\"max-snippet:-1, max-image-preview:large, max-video-preview:-1\" \/>\n\t<meta name=\"author\" content=\"OENDDF\"\/>\n\t<meta name=\"google-site-verification\" content=\"KZsAbCyd-Ww06m2-MlFPa7EphgzWqs90ra8o0LfM_K8\" \/>\n\t<link rel=\"canonical\" href=\"https:\/\/europeanobsndfr.org\/en\/actualites-fr\/actus-personnes-situation-handicap\/allemagne-%f0%9f%87%a9%f0%9f%87%aa-%e2%81%a3-%e2%9c%85-la-ville-de-berlin-devient-precurseur-en-votant-une-loi-anti-discriminations-relative-aux-agents-publics-%e2%81%a3\/\" \/>\n\t<meta name=\"generator\" content=\"All in One SEO (AIOSEO) 5.0.1.1\" \/>\n\t\t<meta property=\"og:locale\" content=\"en_GB\" \/>\n\t\t<meta property=\"og:site_name\" content=\"Observatoire Europ\u00e9en de la Non-Discrimination et des Droits Fondamentaux\" \/>\n\t\t<meta property=\"og:type\" content=\"non_profit\" \/>\n\t\t<meta property=\"og:title\" content=\"#OENDDF #EONDFR #discriminations #fundamentalrights #humanrights #droitsfondamentaux \u2063\u2063\u2063\u2063#poverty #dignity #Berlin #Berliner #Allemagne #Deutschland | O.E.N.D.D.F.\" \/>\n\t\t<meta property=\"og:description\" content=\"#OENDDF #EONDFR #discriminations #fundamentalrights #humanrights #droitsfondamentaux \u2063\u2063\u2063\u2063#poverty #dignity #Berlin #Berliner #Allemagne #Deutschland\" \/>\n\t\t<meta property=\"og:url\" content=\"https:\/\/europeanobsndfr.org\/en\/actualites-fr\/actus-personnes-situation-handicap\/allemagne-%f0%9f%87%a9%f0%9f%87%aa-%e2%81%a3-%e2%9c%85-la-ville-de-berlin-devient-precurseur-en-votant-une-loi-anti-discriminations-relative-aux-agents-publics-%e2%81%a3\/\" \/>\n\t\t<meta property=\"og:image\" content=\"https:\/\/europeanobsndfr.org\/wp-content\/uploads\/2016\/11\/logo-oenddf.jpg\" \/>\n\t\t<meta property=\"og:image:secure_url\" content=\"https:\/\/europeanobsndfr.org\/wp-content\/uploads\/2016\/11\/logo-oenddf.jpg\" \/>\n\t\t<meta property=\"og:image:width\" content=\"830\" \/>\n\t\t<meta property=\"og:image:height\" content=\"600\" \/>\n\t\t<meta name=\"twitter:card\" content=\"summary\" \/>\n\t\t<meta name=\"twitter:site\" content=\"@europeanobs\" \/>\n\t\t<meta name=\"twitter:title\" content=\"#OENDDF #EONDFR #discriminations #fundamentalrights #humanrights #droitsfondamentaux \u2063\u2063\u2063\u2063#poverty #dignity #Berlin #Berliner #Allemagne #Deutschland | O.E.N.D.D.F.\" \/>\n\t\t<meta name=\"twitter:description\" content=\"#OENDDF #EONDFR #discriminations #fundamentalrights #humanrights #droitsfondamentaux \u2063\u2063\u2063\u2063#poverty #dignity #Berlin #Berliner #Allemagne #Deutschland\" \/>\n\t\t<meta name=\"twitter:creator\" content=\"@europeanobs\" \/>\n\t\t<meta name=\"twitter:image\" content=\"https:\/\/europeanobsndfr.org\/wp-content\/uploads\/2016\/11\/logo-oenddf.jpg\" \/>\n\t\t<script type=\"application\/ld+json\" class=\"aioseo-schema\">\n\t\t\t{\"@context\":\"https:\\\/\\\/schema.org\",\"@graph\":[{\"@type\":\"Article\",\"@id\":\"https:\\\/\\\/europeanobsndfr.org\\\/en\\\/actualites-fr\\\/actus-personnes-situation-handicap\\\/allemagne-%f0%9f%87%a9%f0%9f%87%aa-%e2%81%a3-%e2%9c%85-la-ville-de-berlin-devient-precurseur-en-votant-une-loi-anti-discriminations-relative-aux-agents-publics-%e2%81%a3\\\/#article\",\"name\":\"#OENDDF #EONDFR #discriminations #fundamentalrights #humanrights #droitsfondamentaux \\u2063\\u2063\\u2063\\u2063#poverty #dignity #Berlin #Berliner #Allemagne #Deutschland | O.E.N.D.D.F.\",\"headline\":\"ALLEMAGNE &#x1f1e9;&#x1f1ea;. Juin 2020 : la Ville de BERLIN devient pr\\u00e9curseur en votant une loi anti-discriminations relative aux agents publics.\\u2063\",\"author\":{\"@id\":\"https:\\\/\\\/europeanobsndfr.org\\\/en\\\/author\\\/admin\\\/#author\"},\"publisher\":{\"@id\":\"https:\\\/\\\/europeanobsndfr.org\\\/en\\\/#organization\"},\"image\":{\"@type\":\"ImageObject\",\"url\":\"https:\\\/\\\/europeanobsndfr.org\\\/wp-content\\\/uploads\\\/2016\\\/11\\\/cropped-logo-oenddf.jpg\",\"@id\":\"https:\\\/\\\/europeanobsndfr.org\\\/en\\\/#articleImage\",\"width\":701,\"height\":600,\"caption\":\"Logo OENDDF\"},\"datePublished\":\"2020-06-14T16:23:24+01:00\",\"dateModified\":\"2020-07-16T21:40:29+01:00\",\"inLanguage\":\"en-GB\",\"mainEntityOfPage\":{\"@id\":\"https:\\\/\\\/europeanobsndfr.org\\\/en\\\/actualites-fr\\\/actus-personnes-situation-handicap\\\/allemagne-%f0%9f%87%a9%f0%9f%87%aa-%e2%81%a3-%e2%9c%85-la-ville-de-berlin-devient-precurseur-en-votant-une-loi-anti-discriminations-relative-aux-agents-publics-%e2%81%a3\\\/#webpage\"},\"isPartOf\":{\"@id\":\"https:\\\/\\\/europeanobsndfr.org\\\/en\\\/actualites-fr\\\/actus-personnes-situation-handicap\\\/allemagne-%f0%9f%87%a9%f0%9f%87%aa-%e2%81%a3-%e2%9c%85-la-ville-de-berlin-devient-precurseur-en-votant-une-loi-anti-discriminations-relative-aux-agents-publics-%e2%81%a3\\\/#webpage\"},\"articleSection\":\"Acc\\u00e8s \\u00e0 la justice, Egalit\\u00e9 hommes-Femmes, Personnes en situation de handicap &amp; inclusion, Racisme &amp; et intol\\u00e9rances li\\u00e9es \\\/ Int\\u00e9gration des minorit\\u00e9s ethniques et nationales\"},{\"@type\":\"BreadcrumbList\",\"@id\":\"https:\\\/\\\/europeanobsndfr.org\\\/en\\\/actualites-fr\\\/actus-personnes-situation-handicap\\\/allemagne-%f0%9f%87%a9%f0%9f%87%aa-%e2%81%a3-%e2%9c%85-la-ville-de-berlin-devient-precurseur-en-votant-une-loi-anti-discriminations-relative-aux-agents-publics-%e2%81%a3\\\/#breadcrumblist\",\"itemListElement\":[{\"@type\":\"ListItem\",\"@id\":\"https:\\\/\\\/europeanobsndfr.org\\\/en#listItem\",\"position\":1,\"name\":\"Accueil\",\"item\":\"https:\\\/\\\/europeanobsndfr.org\\\/en\",\"nextItem\":{\"@type\":\"ListItem\",\"@id\":\"https:\\\/\\\/europeanobsndfr.org\\\/en\\\/category\\\/actualites-fr\\\/#listItem\",\"name\":\"Actualit\\u00e9\"}},{\"@type\":\"ListItem\",\"@id\":\"https:\\\/\\\/europeanobsndfr.org\\\/en\\\/category\\\/actualites-fr\\\/#listItem\",\"position\":2,\"name\":\"Actualit\\u00e9\",\"item\":\"https:\\\/\\\/europeanobsndfr.org\\\/en\\\/category\\\/actualites-fr\\\/\",\"nextItem\":{\"@type\":\"ListItem\",\"@id\":\"https:\\\/\\\/europeanobsndfr.org\\\/en\\\/category\\\/actualites-fr\\\/actus-personnes-situation-handicap\\\/#listItem\",\"name\":\"Personnes en situation de handicap &amp; inclusion\"},\"previousItem\":{\"@type\":\"ListItem\",\"@id\":\"https:\\\/\\\/europeanobsndfr.org\\\/en#listItem\",\"name\":\"Accueil\"}},{\"@type\":\"ListItem\",\"@id\":\"https:\\\/\\\/europeanobsndfr.org\\\/en\\\/category\\\/actualites-fr\\\/actus-personnes-situation-handicap\\\/#listItem\",\"position\":3,\"name\":\"Personnes en situation de handicap &amp; inclusion\",\"item\":\"https:\\\/\\\/europeanobsndfr.org\\\/en\\\/category\\\/actualites-fr\\\/actus-personnes-situation-handicap\\\/\",\"nextItem\":{\"@type\":\"ListItem\",\"@id\":\"https:\\\/\\\/europeanobsndfr.org\\\/en\\\/actualites-fr\\\/actus-personnes-situation-handicap\\\/allemagne-%f0%9f%87%a9%f0%9f%87%aa-%e2%81%a3-%e2%9c%85-la-ville-de-berlin-devient-precurseur-en-votant-une-loi-anti-discriminations-relative-aux-agents-publics-%e2%81%a3\\\/#listItem\",\"name\":\"ALLEMAGNE &#x1f1e9;&#x1f1ea;. Juin 2020 : la Ville de BERLIN devient pr\\u00e9curseur en votant une loi anti-discriminations relative aux agents publics.\\u2063\"},\"previousItem\":{\"@type\":\"ListItem\",\"@id\":\"https:\\\/\\\/europeanobsndfr.org\\\/en\\\/category\\\/actualites-fr\\\/#listItem\",\"name\":\"Actualit\\u00e9\"}},{\"@type\":\"ListItem\",\"@id\":\"https:\\\/\\\/europeanobsndfr.org\\\/en\\\/actualites-fr\\\/actus-personnes-situation-handicap\\\/allemagne-%f0%9f%87%a9%f0%9f%87%aa-%e2%81%a3-%e2%9c%85-la-ville-de-berlin-devient-precurseur-en-votant-une-loi-anti-discriminations-relative-aux-agents-publics-%e2%81%a3\\\/#listItem\",\"position\":4,\"name\":\"ALLEMAGNE &#x1f1e9;&#x1f1ea;. Juin 2020 : la Ville de BERLIN devient pr\\u00e9curseur en votant une loi anti-discriminations relative aux agents publics.\\u2063\",\"previousItem\":{\"@type\":\"ListItem\",\"@id\":\"https:\\\/\\\/europeanobsndfr.org\\\/en\\\/category\\\/actualites-fr\\\/actus-personnes-situation-handicap\\\/#listItem\",\"name\":\"Personnes en situation de handicap &amp; inclusion\"}}]},{\"@type\":\"Organization\",\"@id\":\"https:\\\/\\\/europeanobsndfr.org\\\/en\\\/#organization\",\"name\":\"OENDDF\",\"description\":\"Organisation Internationale Non-Gouvernementale\",\"url\":\"https:\\\/\\\/europeanobsndfr.org\\\/en\\\/\",\"logo\":{\"@type\":\"ImageObject\",\"url\":\"https:\\\/\\\/europeanobsndfr.org\\\/wp-content\\\/uploads\\\/2016\\\/11\\\/cropped-logo-oenddf.jpg\",\"@id\":\"https:\\\/\\\/europeanobsndfr.org\\\/en\\\/actualites-fr\\\/actus-personnes-situation-handicap\\\/allemagne-%f0%9f%87%a9%f0%9f%87%aa-%e2%81%a3-%e2%9c%85-la-ville-de-berlin-devient-precurseur-en-votant-une-loi-anti-discriminations-relative-aux-agents-publics-%e2%81%a3\\\/#organizationLogo\",\"width\":701,\"height\":600,\"caption\":\"Logo OENDDF\"},\"image\":{\"@id\":\"https:\\\/\\\/europeanobsndfr.org\\\/en\\\/actualites-fr\\\/actus-personnes-situation-handicap\\\/allemagne-%f0%9f%87%a9%f0%9f%87%aa-%e2%81%a3-%e2%9c%85-la-ville-de-berlin-devient-precurseur-en-votant-une-loi-anti-discriminations-relative-aux-agents-publics-%e2%81%a3\\\/#organizationLogo\"},\"sameAs\":[\"https:\\\/\\\/twitter.com\\\/europeanobs\",\"https:\\\/\\\/www.instagram.com\\\/oenddf_ngo\\\/\",\"https:\\\/\\\/www.youtube.com\\\/channel\\\/UCO9vz5fybFw1Q8pvN00CDgA\"]},{\"@type\":\"Person\",\"@id\":\"https:\\\/\\\/europeanobsndfr.org\\\/en\\\/author\\\/admin\\\/#author\",\"url\":\"https:\\\/\\\/europeanobsndfr.org\\\/en\\\/author\\\/admin\\\/\",\"name\":\"OENDDF\",\"image\":{\"@type\":\"ImageObject\",\"@id\":\"https:\\\/\\\/europeanobsndfr.org\\\/en\\\/actualites-fr\\\/actus-personnes-situation-handicap\\\/allemagne-%f0%9f%87%a9%f0%9f%87%aa-%e2%81%a3-%e2%9c%85-la-ville-de-berlin-devient-precurseur-en-votant-une-loi-anti-discriminations-relative-aux-agents-publics-%e2%81%a3\\\/#authorImage\",\"url\":\"https:\\\/\\\/secure.gravatar.com\\\/avatar\\\/f64bd673bdf1f612f36226606d41703598d9c028a910d72b461acb19a72f63d5?s=96&d=mm&r=g\",\"width\":96,\"height\":96,\"caption\":\"OENDDF\"}},{\"@type\":\"WebPage\",\"@id\":\"https:\\\/\\\/europeanobsndfr.org\\\/en\\\/actualites-fr\\\/actus-personnes-situation-handicap\\\/allemagne-%f0%9f%87%a9%f0%9f%87%aa-%e2%81%a3-%e2%9c%85-la-ville-de-berlin-devient-precurseur-en-votant-une-loi-anti-discriminations-relative-aux-agents-publics-%e2%81%a3\\\/#webpage\",\"url\":\"https:\\\/\\\/europeanobsndfr.org\\\/en\\\/actualites-fr\\\/actus-personnes-situation-handicap\\\/allemagne-%f0%9f%87%a9%f0%9f%87%aa-%e2%81%a3-%e2%9c%85-la-ville-de-berlin-devient-precurseur-en-votant-une-loi-anti-discriminations-relative-aux-agents-publics-%e2%81%a3\\\/\",\"name\":\"#OENDDF #EONDFR #discriminations #fundamentalrights #humanrights #droitsfondamentaux \\u2063\\u2063\\u2063\\u2063#poverty #dignity #Berlin #Berliner #Allemagne #Deutschland | O.E.N.D.D.F.\",\"description\":\"#OENDDF #EONDFR #discriminations #fundamentalrights #humanrights #droitsfondamentaux \\u2063\\u2063\\u2063\\u2063#poverty #dignity #Berlin #Berliner #Allemagne #Deutschland\",\"inLanguage\":\"en-GB\",\"isPartOf\":{\"@id\":\"https:\\\/\\\/europeanobsndfr.org\\\/en\\\/#website\"},\"breadcrumb\":{\"@id\":\"https:\\\/\\\/europeanobsndfr.org\\\/en\\\/actualites-fr\\\/actus-personnes-situation-handicap\\\/allemagne-%f0%9f%87%a9%f0%9f%87%aa-%e2%81%a3-%e2%9c%85-la-ville-de-berlin-devient-precurseur-en-votant-une-loi-anti-discriminations-relative-aux-agents-publics-%e2%81%a3\\\/#breadcrumblist\"},\"author\":{\"@id\":\"https:\\\/\\\/europeanobsndfr.org\\\/en\\\/author\\\/admin\\\/#author\"},\"creator\":{\"@id\":\"https:\\\/\\\/europeanobsndfr.org\\\/en\\\/author\\\/admin\\\/#author\"},\"datePublished\":\"2020-06-14T16:23:24+01:00\",\"dateModified\":\"2020-07-16T21:40:29+01:00\"},{\"@type\":\"WebSite\",\"@id\":\"https:\\\/\\\/europeanobsndfr.org\\\/en\\\/#website\",\"url\":\"https:\\\/\\\/europeanobsndfr.org\\\/en\\\/\",\"name\":\"Observatoire Europ\\u00e9en de la Non-Discrimination et des Droits Fondamentaux\",\"description\":\"Organisation Internationale Non-Gouvernementale\",\"inLanguage\":\"en-GB\",\"publisher\":{\"@id\":\"https:\\\/\\\/europeanobsndfr.org\\\/en\\\/#organization\"}}]}\n\t\t<\/script>\n\t\t<!-- All in One SEO -->\n\n","aioseo_head_json":{"title":"#OENDDF #EONDFR #discriminations #fundamentalrights #humanrights #droitsfondamentaux \u2063\u2063\u2063\u2063#poverty #dignity #Berlin #Berliner #Allemagne #Deutschland | O.E.N.D.D.F.","description":"#OENDDF #EONDFR #discriminations #fundamentalrights #humanrights #droitsfondamentaux \u2063\u2063\u2063\u2063#poverty #dignity #Berlin #Berliner #Allemagne #Deutschland","canonical_url":"https:\/\/europeanobsndfr.org\/en\/actualites-fr\/actus-personnes-situation-handicap\/allemagne-%f0%9f%87%a9%f0%9f%87%aa-%e2%81%a3-%e2%9c%85-la-ville-de-berlin-devient-precurseur-en-votant-une-loi-anti-discriminations-relative-aux-agents-publics-%e2%81%a3\/","robots":"max-snippet:-1, max-image-preview:large, max-video-preview:-1","keywords":"","webmasterTools":{"google-site-verification":"KZsAbCyd-Ww06m2-MlFPa7EphgzWqs90ra8o0LfM_K8","miscellaneous":""},"schema":{"@context":"https:\/\/schema.org","@graph":[{"@type":"Article","@id":"https:\/\/europeanobsndfr.org\/en\/actualites-fr\/actus-personnes-situation-handicap\/allemagne-%f0%9f%87%a9%f0%9f%87%aa-%e2%81%a3-%e2%9c%85-la-ville-de-berlin-devient-precurseur-en-votant-une-loi-anti-discriminations-relative-aux-agents-publics-%e2%81%a3\/#article","name":"#OENDDF #EONDFR #discriminations #fundamentalrights #humanrights #droitsfondamentaux \u2063\u2063\u2063\u2063#poverty #dignity #Berlin #Berliner #Allemagne #Deutschland | O.E.N.D.D.F.","headline":"ALLEMAGNE &#x1f1e9;&#x1f1ea;. Juin 2020 : la Ville de BERLIN devient pr\u00e9curseur en votant une loi anti-discriminations relative aux agents publics.\u2063","author":{"@id":"https:\/\/europeanobsndfr.org\/en\/author\/admin\/#author"},"publisher":{"@id":"https:\/\/europeanobsndfr.org\/en\/#organization"},"image":{"@type":"ImageObject","url":"https:\/\/europeanobsndfr.org\/wp-content\/uploads\/2016\/11\/cropped-logo-oenddf.jpg","@id":"https:\/\/europeanobsndfr.org\/en\/#articleImage","width":701,"height":600,"caption":"Logo OENDDF"},"datePublished":"2020-06-14T16:23:24+01:00","dateModified":"2020-07-16T21:40:29+01:00","inLanguage":"en-GB","mainEntityOfPage":{"@id":"https:\/\/europeanobsndfr.org\/en\/actualites-fr\/actus-personnes-situation-handicap\/allemagne-%f0%9f%87%a9%f0%9f%87%aa-%e2%81%a3-%e2%9c%85-la-ville-de-berlin-devient-precurseur-en-votant-une-loi-anti-discriminations-relative-aux-agents-publics-%e2%81%a3\/#webpage"},"isPartOf":{"@id":"https:\/\/europeanobsndfr.org\/en\/actualites-fr\/actus-personnes-situation-handicap\/allemagne-%f0%9f%87%a9%f0%9f%87%aa-%e2%81%a3-%e2%9c%85-la-ville-de-berlin-devient-precurseur-en-votant-une-loi-anti-discriminations-relative-aux-agents-publics-%e2%81%a3\/#webpage"},"articleSection":"Acc\u00e8s \u00e0 la justice, Egalit\u00e9 hommes-Femmes, Personnes en situation de handicap &amp; inclusion, Racisme &amp; et intol\u00e9rances li\u00e9es \/ Int\u00e9gration des minorit\u00e9s ethniques et nationales"},{"@type":"BreadcrumbList","@id":"https:\/\/europeanobsndfr.org\/en\/actualites-fr\/actus-personnes-situation-handicap\/allemagne-%f0%9f%87%a9%f0%9f%87%aa-%e2%81%a3-%e2%9c%85-la-ville-de-berlin-devient-precurseur-en-votant-une-loi-anti-discriminations-relative-aux-agents-publics-%e2%81%a3\/#breadcrumblist","itemListElement":[{"@type":"ListItem","@id":"https:\/\/europeanobsndfr.org\/en#listItem","position":1,"name":"Accueil","item":"https:\/\/europeanobsndfr.org\/en","nextItem":{"@type":"ListItem","@id":"https:\/\/europeanobsndfr.org\/en\/category\/actualites-fr\/#listItem","name":"Actualit\u00e9"}},{"@type":"ListItem","@id":"https:\/\/europeanobsndfr.org\/en\/category\/actualites-fr\/#listItem","position":2,"name":"Actualit\u00e9","item":"https:\/\/europeanobsndfr.org\/en\/category\/actualites-fr\/","nextItem":{"@type":"ListItem","@id":"https:\/\/europeanobsndfr.org\/en\/category\/actualites-fr\/actus-personnes-situation-handicap\/#listItem","name":"Personnes en situation de handicap &amp; inclusion"},"previousItem":{"@type":"ListItem","@id":"https:\/\/europeanobsndfr.org\/en#listItem","name":"Accueil"}},{"@type":"ListItem","@id":"https:\/\/europeanobsndfr.org\/en\/category\/actualites-fr\/actus-personnes-situation-handicap\/#listItem","position":3,"name":"Personnes en situation de handicap &amp; inclusion","item":"https:\/\/europeanobsndfr.org\/en\/category\/actualites-fr\/actus-personnes-situation-handicap\/","nextItem":{"@type":"ListItem","@id":"https:\/\/europeanobsndfr.org\/en\/actualites-fr\/actus-personnes-situation-handicap\/allemagne-%f0%9f%87%a9%f0%9f%87%aa-%e2%81%a3-%e2%9c%85-la-ville-de-berlin-devient-precurseur-en-votant-une-loi-anti-discriminations-relative-aux-agents-publics-%e2%81%a3\/#listItem","name":"ALLEMAGNE &#x1f1e9;&#x1f1ea;. Juin 2020 : la Ville de BERLIN devient pr\u00e9curseur en votant une loi anti-discriminations relative aux agents publics.\u2063"},"previousItem":{"@type":"ListItem","@id":"https:\/\/europeanobsndfr.org\/en\/category\/actualites-fr\/#listItem","name":"Actualit\u00e9"}},{"@type":"ListItem","@id":"https:\/\/europeanobsndfr.org\/en\/actualites-fr\/actus-personnes-situation-handicap\/allemagne-%f0%9f%87%a9%f0%9f%87%aa-%e2%81%a3-%e2%9c%85-la-ville-de-berlin-devient-precurseur-en-votant-une-loi-anti-discriminations-relative-aux-agents-publics-%e2%81%a3\/#listItem","position":4,"name":"ALLEMAGNE &#x1f1e9;&#x1f1ea;. Juin 2020 : la Ville de BERLIN devient pr\u00e9curseur en votant une loi anti-discriminations relative aux agents publics.\u2063","previousItem":{"@type":"ListItem","@id":"https:\/\/europeanobsndfr.org\/en\/category\/actualites-fr\/actus-personnes-situation-handicap\/#listItem","name":"Personnes en situation de handicap &amp; inclusion"}}]},{"@type":"Organization","@id":"https:\/\/europeanobsndfr.org\/en\/#organization","name":"OENDDF","description":"Organisation Internationale Non-Gouvernementale","url":"https:\/\/europeanobsndfr.org\/en\/","logo":{"@type":"ImageObject","url":"https:\/\/europeanobsndfr.org\/wp-content\/uploads\/2016\/11\/cropped-logo-oenddf.jpg","@id":"https:\/\/europeanobsndfr.org\/en\/actualites-fr\/actus-personnes-situation-handicap\/allemagne-%f0%9f%87%a9%f0%9f%87%aa-%e2%81%a3-%e2%9c%85-la-ville-de-berlin-devient-precurseur-en-votant-une-loi-anti-discriminations-relative-aux-agents-publics-%e2%81%a3\/#organizationLogo","width":701,"height":600,"caption":"Logo OENDDF"},"image":{"@id":"https:\/\/europeanobsndfr.org\/en\/actualites-fr\/actus-personnes-situation-handicap\/allemagne-%f0%9f%87%a9%f0%9f%87%aa-%e2%81%a3-%e2%9c%85-la-ville-de-berlin-devient-precurseur-en-votant-une-loi-anti-discriminations-relative-aux-agents-publics-%e2%81%a3\/#organizationLogo"},"sameAs":["https:\/\/twitter.com\/europeanobs","https:\/\/www.instagram.com\/oenddf_ngo\/","https:\/\/www.youtube.com\/channel\/UCO9vz5fybFw1Q8pvN00CDgA"]},{"@type":"Person","@id":"https:\/\/europeanobsndfr.org\/en\/author\/admin\/#author","url":"https:\/\/europeanobsndfr.org\/en\/author\/admin\/","name":"OENDDF","image":{"@type":"ImageObject","@id":"https:\/\/europeanobsndfr.org\/en\/actualites-fr\/actus-personnes-situation-handicap\/allemagne-%f0%9f%87%a9%f0%9f%87%aa-%e2%81%a3-%e2%9c%85-la-ville-de-berlin-devient-precurseur-en-votant-une-loi-anti-discriminations-relative-aux-agents-publics-%e2%81%a3\/#authorImage","url":"https:\/\/secure.gravatar.com\/avatar\/f64bd673bdf1f612f36226606d41703598d9c028a910d72b461acb19a72f63d5?s=96&d=mm&r=g","width":96,"height":96,"caption":"OENDDF"}},{"@type":"WebPage","@id":"https:\/\/europeanobsndfr.org\/en\/actualites-fr\/actus-personnes-situation-handicap\/allemagne-%f0%9f%87%a9%f0%9f%87%aa-%e2%81%a3-%e2%9c%85-la-ville-de-berlin-devient-precurseur-en-votant-une-loi-anti-discriminations-relative-aux-agents-publics-%e2%81%a3\/#webpage","url":"https:\/\/europeanobsndfr.org\/en\/actualites-fr\/actus-personnes-situation-handicap\/allemagne-%f0%9f%87%a9%f0%9f%87%aa-%e2%81%a3-%e2%9c%85-la-ville-de-berlin-devient-precurseur-en-votant-une-loi-anti-discriminations-relative-aux-agents-publics-%e2%81%a3\/","name":"#OENDDF #EONDFR #discriminations #fundamentalrights #humanrights #droitsfondamentaux \u2063\u2063\u2063\u2063#poverty #dignity #Berlin #Berliner #Allemagne #Deutschland | O.E.N.D.D.F.","description":"#OENDDF #EONDFR #discriminations #fundamentalrights #humanrights #droitsfondamentaux \u2063\u2063\u2063\u2063#poverty #dignity #Berlin #Berliner #Allemagne #Deutschland","inLanguage":"en-GB","isPartOf":{"@id":"https:\/\/europeanobsndfr.org\/en\/#website"},"breadcrumb":{"@id":"https:\/\/europeanobsndfr.org\/en\/actualites-fr\/actus-personnes-situation-handicap\/allemagne-%f0%9f%87%a9%f0%9f%87%aa-%e2%81%a3-%e2%9c%85-la-ville-de-berlin-devient-precurseur-en-votant-une-loi-anti-discriminations-relative-aux-agents-publics-%e2%81%a3\/#breadcrumblist"},"author":{"@id":"https:\/\/europeanobsndfr.org\/en\/author\/admin\/#author"},"creator":{"@id":"https:\/\/europeanobsndfr.org\/en\/author\/admin\/#author"},"datePublished":"2020-06-14T16:23:24+01:00","dateModified":"2020-07-16T21:40:29+01:00"},{"@type":"WebSite","@id":"https:\/\/europeanobsndfr.org\/en\/#website","url":"https:\/\/europeanobsndfr.org\/en\/","name":"Observatoire Europ\u00e9en de la Non-Discrimination et des Droits Fondamentaux","description":"Organisation Internationale Non-Gouvernementale","inLanguage":"en-GB","publisher":{"@id":"https:\/\/europeanobsndfr.org\/en\/#organization"}}]},"og:locale":"en_GB","og:site_name":"Observatoire Europ\u00e9en de la Non-Discrimination et des Droits Fondamentaux","og:type":"non_profit","og:title":"#OENDDF #EONDFR #discriminations #fundamentalrights #humanrights #droitsfondamentaux \u2063\u2063\u2063\u2063#poverty #dignity #Berlin #Berliner #Allemagne #Deutschland | O.E.N.D.D.F.","og:description":"#OENDDF #EONDFR #discriminations #fundamentalrights #humanrights #droitsfondamentaux \u2063\u2063\u2063\u2063#poverty #dignity #Berlin #Berliner #Allemagne #Deutschland","og:url":"https:\/\/europeanobsndfr.org\/en\/actualites-fr\/actus-personnes-situation-handicap\/allemagne-%f0%9f%87%a9%f0%9f%87%aa-%e2%81%a3-%e2%9c%85-la-ville-de-berlin-devient-precurseur-en-votant-une-loi-anti-discriminations-relative-aux-agents-publics-%e2%81%a3\/","og:image":"https:\/\/europeanobsndfr.org\/wp-content\/uploads\/2016\/11\/logo-oenddf.jpg","og:image:secure_url":"https:\/\/europeanobsndfr.org\/wp-content\/uploads\/2016\/11\/logo-oenddf.jpg","og:image:width":830,"og:image:height":600,"twitter:card":"summary","twitter:site":"@europeanobs","twitter:title":"#OENDDF #EONDFR #discriminations #fundamentalrights #humanrights #droitsfondamentaux \u2063\u2063\u2063\u2063#poverty #dignity #Berlin #Berliner #Allemagne #Deutschland | O.E.N.D.D.F.","twitter:description":"#OENDDF #EONDFR #discriminations #fundamentalrights #humanrights #droitsfondamentaux \u2063\u2063\u2063\u2063#poverty #dignity #Berlin #Berliner #Allemagne #Deutschland","twitter:creator":"@europeanobs","twitter:image":"https:\/\/europeanobsndfr.org\/wp-content\/uploads\/2016\/11\/logo-oenddf.jpg"},"aioseo_meta_data":{"post_id":"16450","title":"#OENDDF #EONDFR #discriminations #fundamentalrights #humanrights #droitsfondamentaux \u2063\u2063\u2063\u2063#poverty #dignity #Berlin #Berliner #Allemagne #Deutschland | O.E.N.D.D.F.","description":"#OENDDF #EONDFR #discriminations #fundamentalrights #humanrights #droitsfondamentaux \u2063\u2063\u2063\u2063#poverty #dignity #Berlin #Berliner #Allemagne #Deutschland","keywords":null,"keyphrases":null,"primary_term":null,"canonical_url":null,"og_title":"","og_description":"","og_object_type":"non_profit","og_image_type":"default","og_image_url":null,"og_image_width":null,"og_image_height":null,"og_image_custom_url":null,"og_image_custom_fields":null,"og_video":"","og_custom_url":null,"og_article_section":"","og_article_tags":"","twitter_use_og":false,"twitter_card":"summary","twitter_image_type":"default","twitter_image_url":null,"twitter_image_custom_url":null,"twitter_image_custom_fields":null,"twitter_title":null,"twitter_description":null,"schema":{"blockGraphs":[],"customGraphs":[],"default":{"data":{"Article":[],"Course":[],"Dataset":[],"FAQPage":[],"Movie":[],"Person":[],"Product":[],"ProductReview":[],"Car":[],"Recipe":[],"Service":[],"SoftwareApplication":[],"WebPage":[]},"graphName":"","isEnabled":true},"graphs":[]},"schema_type":null,"schema_type_options":null,"pillar_content":false,"robots_default":true,"robots_noindex":false,"robots_noarchive":false,"robots_nosnippet":false,"robots_nofollow":false,"robots_noimageindex":false,"robots_noodp":false,"robots_notranslate":false,"robots_max_snippet":null,"robots_max_videopreview":null,"robots_max_imagepreview":"large","priority":null,"frequency":null,"local_seo":null,"breadcrumb_settings":null,"limit_modified_date":false,"ai":null,"created":"2021-01-22 17:40:09","updated":"2025-08-01 20:36:42","focus_keyword":null,"additional_keywords":null,"truseo_locale":null,"seo_analyzer_scan_date":null},"jetpack_featured_media_url":"","jetpack-related-posts":[],"jetpack_sharing_enabled":true,"_links":{"self":[{"href":"https:\/\/europeanobsndfr.org\/en\/wp-json\/wp\/v2\/posts\/16450","targetHints":{"allow":["GET"]}}],"collection":[{"href":"https:\/\/europeanobsndfr.org\/en\/wp-json\/wp\/v2\/posts"}],"about":[{"href":"https:\/\/europeanobsndfr.org\/en\/wp-json\/wp\/v2\/types\/post"}],"author":[{"embeddable":true,"href":"https:\/\/europeanobsndfr.org\/en\/wp-json\/wp\/v2\/users\/1"}],"replies":[{"embeddable":true,"href":"https:\/\/europeanobsndfr.org\/en\/wp-json\/wp\/v2\/comments?post=16450"}],"version-history":[{"count":0,"href":"https:\/\/europeanobsndfr.org\/en\/wp-json\/wp\/v2\/posts\/16450\/revisions"}],"wp:attachment":[{"href":"https:\/\/europeanobsndfr.org\/en\/wp-json\/wp\/v2\/media?parent=16450"}],"wp:term":[{"taxonomy":"category","embeddable":true,"href":"https:\/\/europeanobsndfr.org\/en\/wp-json\/wp\/v2\/categories?post=16450"},{"taxonomy":"post_tag","embeddable":true,"href":"https:\/\/europeanobsndfr.org\/en\/wp-json\/wp\/v2\/tags?post=16450"}],"curies":[{"name":"wp","href":"https:\/\/api.w.org\/{rel}","templated":true}]}}