{"id":16480,"date":"2020-05-17T16:41:51","date_gmt":"2020-05-17T16:41:51","guid":{"rendered":"https:\/\/europeanobsndfr.org\/?p=16480"},"modified":"2020-07-14T17:15:33","modified_gmt":"2020-07-14T17:15:33","slug":"union-europeenne-%f0%9f%87%aa%f0%9f%87%ba-17-mai-2020-journee-internationale-contre-lhomophobie-et-la-transphobie","status":"publish","type":"post","link":"https:\/\/europeanobsndfr.org\/en\/actualites-fr\/asylum-migration-and-borders\/union-europeenne-%f0%9f%87%aa%f0%9f%87%ba-17-mai-2020-journee-internationale-contre-lhomophobie-et-la-transphobie\/","title":{"rendered":"UNION EUROPEENNE &#x1f1ea;&#x1f1fa;. 17 mai 2020 : Journ\u00e9e internationale contre l&rsquo;homophobie et la transphobie."},"content":{"rendered":"<h4><strong>UNION EUROPEENNE &#x1f1ea;&#x1f1fa;.<\/strong><\/h4>\n<p id=\"tw-target-text\" class=\"tw-data-text tw-text-large XcVN5d tw-ta\" dir=\"ltr\" data-placeholder=\"Traduction\"><span lang=\"fr\"><strong>&#x2705; 17 mai 2020 :<\/strong> la Journ\u00e9e internationale contre l&rsquo;homophobie et la transphobie vise \u00e0 promouvoir des actions de sensibilisation et de pr\u00e9vention pour lutter contre la lesbophobie, la gayphobie, la biphobie et la transphobie.<\/span><\/p>\n<p><span lang=\"fr\">&#x2705; Le si\u00e8ge de Bruxelles de l&rsquo;Union Europ\u00e9enne s&rsquo;est illumin\u00e9 pour c\u00e9l\u00e9brer notre diversit\u00e9 et nos valeurs. <\/span><\/p>\n<p class=\"tw-data-text tw-text-large XcVN5d tw-ta\" dir=\"ltr\" data-placeholder=\"Traduction\"><span lang=\"fr\">&#x2705; L&rsquo;Union Europ\u00e9enne d\u00e9fendra toujours les droits fondamentaux et les libert\u00e9s fondamentales.<\/span><\/p>\n<h4><\/h4>","protected":false},"excerpt":{"rendered":"<p>UNION EUROPEENNE &#x1f1ea;&#x1f1fa;. &#x2705; 17 mai 2020 : la Journ\u00e9e internationale contre l&rsquo;homophobie et la transphobie vise \u00e0 promouvoir des actions de sensibilisation et de pr\u00e9vention pour lutter contre la lesbophobie, la gayphobie, la biphobie et la transphobie. &#x2705; Le si\u00e8ge de Bruxelles de l&rsquo;Union Europ\u00e9enne s&rsquo;est illumin\u00e9 pour c\u00e9l\u00e9brer notre diversit\u00e9 et nos valeurs&#8230;.<\/p>","protected":false},"author":1,"featured_media":0,"comment_status":"closed","ping_status":"closed","sticky":false,"template":"","format":"standard","meta":{"give_campaign_id":0,"_kadence_starter_templates_imported_post":false,"_kad_post_transparent":"","_kad_post_title":"","_kad_post_layout":"","_kad_post_sidebar_id":"","_kad_post_content_style":"","_kad_post_vertical_padding":"","_kad_post_feature":"","_kad_post_feature_position":"","_kad_post_header":false,"_kad_post_footer":false,"_kad_post_classname":"","_jetpack_memberships_contains_paid_content":false,"footnotes":""},"categories":[84],"tags":[],"class_list":["post-16480","post","type-post","status-publish","format-standard","hentry","category-asylum-migration-and-borders"],"aioseo_notices":[],"aioseo_head":"\n\t\t<!-- All in One SEO 5.0.1.1 - aioseo.com -->\n\t<meta name=\"description\" content=\"#SOShomophobie #lemondejuif1fo #Alost #Croatie #Belgiques #Bruxelles #OENDDF #EONDFR #FundamentalRights #nondiscrimination #HumanRights \u2063\u2063\u2063 #dignit\u00e9 #christinemonty #didierboyenval #homophobia #stophomophobia\" \/>\n\t<meta name=\"robots\" content=\"max-snippet:-1, max-image-preview:large, max-video-preview:-1\" \/>\n\t<meta name=\"author\" content=\"OENDDF\"\/>\n\t<meta name=\"google-site-verification\" content=\"KZsAbCyd-Ww06m2-MlFPa7EphgzWqs90ra8o0LfM_K8\" \/>\n\t<link rel=\"canonical\" href=\"https:\/\/europeanobsndfr.org\/en\/actualites-fr\/asylum-migration-and-borders\/union-europeenne-%f0%9f%87%aa%f0%9f%87%ba-17-mai-2020-journee-internationale-contre-lhomophobie-et-la-transphobie\/\" \/>\n\t<meta name=\"generator\" content=\"All in One SEO (AIOSEO) 5.0.1.1\" \/>\n\t\t<meta property=\"og:locale\" content=\"en_GB\" \/>\n\t\t<meta property=\"og:site_name\" content=\"Observatoire Europ\u00e9en de la Non-Discrimination et des Droits Fondamentaux\" \/>\n\t\t<meta property=\"og:type\" content=\"non_profit\" \/>\n\t\t<meta property=\"og:title\" content=\"#SOShomophobie #lemondejuif1fo #Alost #Croatie #Belgiques #Bruxelles #OENDDF #EONDFR #FundamentalRights #nondiscrimination #HumanRights \u2063\u2063\u2063 #dignit\u00e9 #christinemonty #didierboyenval #homophobia #stophomophobia | O.E.N.D.D.F.\" \/>\n\t\t<meta property=\"og:description\" content=\"#SOShomophobie #lemondejuif1fo #Alost #Croatie #Belgiques #Bruxelles #OENDDF #EONDFR #FundamentalRights #nondiscrimination #HumanRights \u2063\u2063\u2063 #dignit\u00e9 #christinemonty #didierboyenval #homophobia #stophomophobia\" \/>\n\t\t<meta property=\"og:url\" content=\"https:\/\/europeanobsndfr.org\/en\/actualites-fr\/asylum-migration-and-borders\/union-europeenne-%f0%9f%87%aa%f0%9f%87%ba-17-mai-2020-journee-internationale-contre-lhomophobie-et-la-transphobie\/\" \/>\n\t\t<meta property=\"og:image\" content=\"https:\/\/europeanobsndfr.org\/wp-content\/uploads\/2016\/11\/logo-oenddf.jpg\" \/>\n\t\t<meta property=\"og:image:secure_url\" content=\"https:\/\/europeanobsndfr.org\/wp-content\/uploads\/2016\/11\/logo-oenddf.jpg\" \/>\n\t\t<meta property=\"og:image:width\" content=\"830\" \/>\n\t\t<meta property=\"og:image:height\" content=\"600\" \/>\n\t\t<meta name=\"twitter:card\" content=\"summary\" \/>\n\t\t<meta name=\"twitter:site\" content=\"@europeanobs\" \/>\n\t\t<meta name=\"twitter:title\" content=\"#SOShomophobie #lemondejuif1fo #Alost #Croatie #Belgiques #Bruxelles #OENDDF #EONDFR #FundamentalRights #nondiscrimination #HumanRights \u2063\u2063\u2063 #dignit\u00e9 #christinemonty #didierboyenval #homophobia #stophomophobia | O.E.N.D.D.F.\" \/>\n\t\t<meta name=\"twitter:description\" content=\"#SOShomophobie #lemondejuif1fo #Alost #Croatie #Belgiques #Bruxelles #OENDDF #EONDFR #FundamentalRights #nondiscrimination #HumanRights \u2063\u2063\u2063 #dignit\u00e9 #christinemonty #didierboyenval #homophobia #stophomophobia\" \/>\n\t\t<meta name=\"twitter:creator\" content=\"@europeanobs\" \/>\n\t\t<meta name=\"twitter:image\" content=\"https:\/\/europeanobsndfr.org\/wp-content\/uploads\/2016\/11\/logo-oenddf.jpg\" \/>\n\t\t<script type=\"application\/ld+json\" class=\"aioseo-schema\">\n\t\t\t{\"@context\":\"https:\\\/\\\/schema.org\",\"@graph\":[{\"@type\":\"Article\",\"@id\":\"https:\\\/\\\/europeanobsndfr.org\\\/en\\\/actualites-fr\\\/asylum-migration-and-borders\\\/union-europeenne-%f0%9f%87%aa%f0%9f%87%ba-17-mai-2020-journee-internationale-contre-lhomophobie-et-la-transphobie\\\/#article\",\"name\":\"#SOShomophobie #lemondejuif1fo #Alost #Croatie #Belgiques #Bruxelles #OENDDF #EONDFR #FundamentalRights #nondiscrimination #HumanRights \\u2063\\u2063\\u2063 #dignit\\u00e9 #christinemonty #didierboyenval #homophobia #stophomophobia | O.E.N.D.D.F.\",\"headline\":\"UNION EUROPEENNE &#x1f1ea;&#x1f1fa;. 17 mai 2020 : Journ\\u00e9e internationale contre l&rsquo;homophobie et la transphobie.\",\"author\":{\"@id\":\"https:\\\/\\\/europeanobsndfr.org\\\/en\\\/author\\\/admin\\\/#author\"},\"publisher\":{\"@id\":\"https:\\\/\\\/europeanobsndfr.org\\\/en\\\/#organization\"},\"image\":{\"@type\":\"ImageObject\",\"url\":\"https:\\\/\\\/europeanobsndfr.org\\\/wp-content\\\/uploads\\\/2016\\\/11\\\/cropped-logo-oenddf.jpg\",\"@id\":\"https:\\\/\\\/europeanobsndfr.org\\\/en\\\/#articleImage\",\"width\":701,\"height\":600,\"caption\":\"Logo OENDDF\"},\"datePublished\":\"2020-05-17T16:41:51+01:00\",\"dateModified\":\"2020-07-14T17:15:33+01:00\",\"inLanguage\":\"en-GB\",\"mainEntityOfPage\":{\"@id\":\"https:\\\/\\\/europeanobsndfr.org\\\/en\\\/actualites-fr\\\/asylum-migration-and-borders\\\/union-europeenne-%f0%9f%87%aa%f0%9f%87%ba-17-mai-2020-journee-internationale-contre-lhomophobie-et-la-transphobie\\\/#webpage\"},\"isPartOf\":{\"@id\":\"https:\\\/\\\/europeanobsndfr.org\\\/en\\\/actualites-fr\\\/asylum-migration-and-borders\\\/union-europeenne-%f0%9f%87%aa%f0%9f%87%ba-17-mai-2020-journee-internationale-contre-lhomophobie-et-la-transphobie\\\/#webpage\"},\"articleSection\":\"Asile, immigration et fronti\\u00e8res\"},{\"@type\":\"BreadcrumbList\",\"@id\":\"https:\\\/\\\/europeanobsndfr.org\\\/en\\\/actualites-fr\\\/asylum-migration-and-borders\\\/union-europeenne-%f0%9f%87%aa%f0%9f%87%ba-17-mai-2020-journee-internationale-contre-lhomophobie-et-la-transphobie\\\/#breadcrumblist\",\"itemListElement\":[{\"@type\":\"ListItem\",\"@id\":\"https:\\\/\\\/europeanobsndfr.org\\\/en#listItem\",\"position\":1,\"name\":\"Accueil\",\"item\":\"https:\\\/\\\/europeanobsndfr.org\\\/en\",\"nextItem\":{\"@type\":\"ListItem\",\"@id\":\"https:\\\/\\\/europeanobsndfr.org\\\/en\\\/category\\\/actualites-fr\\\/#listItem\",\"name\":\"Actualit\\u00e9\"}},{\"@type\":\"ListItem\",\"@id\":\"https:\\\/\\\/europeanobsndfr.org\\\/en\\\/category\\\/actualites-fr\\\/#listItem\",\"position\":2,\"name\":\"Actualit\\u00e9\",\"item\":\"https:\\\/\\\/europeanobsndfr.org\\\/en\\\/category\\\/actualites-fr\\\/\",\"nextItem\":{\"@type\":\"ListItem\",\"@id\":\"https:\\\/\\\/europeanobsndfr.org\\\/en\\\/category\\\/actualites-fr\\\/asylum-migration-and-borders\\\/#listItem\",\"name\":\"Asile, immigration et fronti\\u00e8res\"},\"previousItem\":{\"@type\":\"ListItem\",\"@id\":\"https:\\\/\\\/europeanobsndfr.org\\\/en#listItem\",\"name\":\"Accueil\"}},{\"@type\":\"ListItem\",\"@id\":\"https:\\\/\\\/europeanobsndfr.org\\\/en\\\/category\\\/actualites-fr\\\/asylum-migration-and-borders\\\/#listItem\",\"position\":3,\"name\":\"Asile, immigration et fronti\\u00e8res\",\"item\":\"https:\\\/\\\/europeanobsndfr.org\\\/en\\\/category\\\/actualites-fr\\\/asylum-migration-and-borders\\\/\",\"nextItem\":{\"@type\":\"ListItem\",\"@id\":\"https:\\\/\\\/europeanobsndfr.org\\\/en\\\/actualites-fr\\\/asylum-migration-and-borders\\\/union-europeenne-%f0%9f%87%aa%f0%9f%87%ba-17-mai-2020-journee-internationale-contre-lhomophobie-et-la-transphobie\\\/#listItem\",\"name\":\"UNION EUROPEENNE &#x1f1ea;&#x1f1fa;. 17 mai 2020 : Journ\\u00e9e internationale contre l&rsquo;homophobie et la transphobie.\"},\"previousItem\":{\"@type\":\"ListItem\",\"@id\":\"https:\\\/\\\/europeanobsndfr.org\\\/en\\\/category\\\/actualites-fr\\\/#listItem\",\"name\":\"Actualit\\u00e9\"}},{\"@type\":\"ListItem\",\"@id\":\"https:\\\/\\\/europeanobsndfr.org\\\/en\\\/actualites-fr\\\/asylum-migration-and-borders\\\/union-europeenne-%f0%9f%87%aa%f0%9f%87%ba-17-mai-2020-journee-internationale-contre-lhomophobie-et-la-transphobie\\\/#listItem\",\"position\":4,\"name\":\"UNION EUROPEENNE &#x1f1ea;&#x1f1fa;. 17 mai 2020 : Journ\\u00e9e internationale contre l&rsquo;homophobie et la transphobie.\",\"previousItem\":{\"@type\":\"ListItem\",\"@id\":\"https:\\\/\\\/europeanobsndfr.org\\\/en\\\/category\\\/actualites-fr\\\/asylum-migration-and-borders\\\/#listItem\",\"name\":\"Asile, immigration et fronti\\u00e8res\"}}]},{\"@type\":\"Organization\",\"@id\":\"https:\\\/\\\/europeanobsndfr.org\\\/en\\\/#organization\",\"name\":\"OENDDF\",\"description\":\"Organisation Internationale Non-Gouvernementale\",\"url\":\"https:\\\/\\\/europeanobsndfr.org\\\/en\\\/\",\"logo\":{\"@type\":\"ImageObject\",\"url\":\"https:\\\/\\\/europeanobsndfr.org\\\/wp-content\\\/uploads\\\/2016\\\/11\\\/cropped-logo-oenddf.jpg\",\"@id\":\"https:\\\/\\\/europeanobsndfr.org\\\/en\\\/actualites-fr\\\/asylum-migration-and-borders\\\/union-europeenne-%f0%9f%87%aa%f0%9f%87%ba-17-mai-2020-journee-internationale-contre-lhomophobie-et-la-transphobie\\\/#organizationLogo\",\"width\":701,\"height\":600,\"caption\":\"Logo OENDDF\"},\"image\":{\"@id\":\"https:\\\/\\\/europeanobsndfr.org\\\/en\\\/actualites-fr\\\/asylum-migration-and-borders\\\/union-europeenne-%f0%9f%87%aa%f0%9f%87%ba-17-mai-2020-journee-internationale-contre-lhomophobie-et-la-transphobie\\\/#organizationLogo\"},\"sameAs\":[\"https:\\\/\\\/twitter.com\\\/europeanobs\",\"https:\\\/\\\/www.instagram.com\\\/oenddf_ngo\\\/\",\"https:\\\/\\\/www.youtube.com\\\/channel\\\/UCO9vz5fybFw1Q8pvN00CDgA\"]},{\"@type\":\"Person\",\"@id\":\"https:\\\/\\\/europeanobsndfr.org\\\/en\\\/author\\\/admin\\\/#author\",\"url\":\"https:\\\/\\\/europeanobsndfr.org\\\/en\\\/author\\\/admin\\\/\",\"name\":\"OENDDF\",\"image\":{\"@type\":\"ImageObject\",\"@id\":\"https:\\\/\\\/europeanobsndfr.org\\\/en\\\/actualites-fr\\\/asylum-migration-and-borders\\\/union-europeenne-%f0%9f%87%aa%f0%9f%87%ba-17-mai-2020-journee-internationale-contre-lhomophobie-et-la-transphobie\\\/#authorImage\",\"url\":\"https:\\\/\\\/secure.gravatar.com\\\/avatar\\\/f64bd673bdf1f612f36226606d41703598d9c028a910d72b461acb19a72f63d5?s=96&d=mm&r=g\",\"width\":96,\"height\":96,\"caption\":\"OENDDF\"}},{\"@type\":\"WebPage\",\"@id\":\"https:\\\/\\\/europeanobsndfr.org\\\/en\\\/actualites-fr\\\/asylum-migration-and-borders\\\/union-europeenne-%f0%9f%87%aa%f0%9f%87%ba-17-mai-2020-journee-internationale-contre-lhomophobie-et-la-transphobie\\\/#webpage\",\"url\":\"https:\\\/\\\/europeanobsndfr.org\\\/en\\\/actualites-fr\\\/asylum-migration-and-borders\\\/union-europeenne-%f0%9f%87%aa%f0%9f%87%ba-17-mai-2020-journee-internationale-contre-lhomophobie-et-la-transphobie\\\/\",\"name\":\"#SOShomophobie #lemondejuif1fo #Alost #Croatie #Belgiques #Bruxelles #OENDDF #EONDFR #FundamentalRights #nondiscrimination #HumanRights \\u2063\\u2063\\u2063 #dignit\\u00e9 #christinemonty #didierboyenval #homophobia #stophomophobia | O.E.N.D.D.F.\",\"description\":\"#SOShomophobie #lemondejuif1fo #Alost #Croatie #Belgiques #Bruxelles #OENDDF #EONDFR #FundamentalRights #nondiscrimination #HumanRights \\u2063\\u2063\\u2063 #dignit\\u00e9 #christinemonty #didierboyenval #homophobia #stophomophobia\",\"inLanguage\":\"en-GB\",\"isPartOf\":{\"@id\":\"https:\\\/\\\/europeanobsndfr.org\\\/en\\\/#website\"},\"breadcrumb\":{\"@id\":\"https:\\\/\\\/europeanobsndfr.org\\\/en\\\/actualites-fr\\\/asylum-migration-and-borders\\\/union-europeenne-%f0%9f%87%aa%f0%9f%87%ba-17-mai-2020-journee-internationale-contre-lhomophobie-et-la-transphobie\\\/#breadcrumblist\"},\"author\":{\"@id\":\"https:\\\/\\\/europeanobsndfr.org\\\/en\\\/author\\\/admin\\\/#author\"},\"creator\":{\"@id\":\"https:\\\/\\\/europeanobsndfr.org\\\/en\\\/author\\\/admin\\\/#author\"},\"datePublished\":\"2020-05-17T16:41:51+01:00\",\"dateModified\":\"2020-07-14T17:15:33+01:00\"},{\"@type\":\"WebSite\",\"@id\":\"https:\\\/\\\/europeanobsndfr.org\\\/en\\\/#website\",\"url\":\"https:\\\/\\\/europeanobsndfr.org\\\/en\\\/\",\"name\":\"Observatoire Europ\\u00e9en de la Non-Discrimination et des Droits Fondamentaux\",\"description\":\"Organisation Internationale Non-Gouvernementale\",\"inLanguage\":\"en-GB\",\"publisher\":{\"@id\":\"https:\\\/\\\/europeanobsndfr.org\\\/en\\\/#organization\"}}]}\n\t\t<\/script>\n\t\t<!-- All in One SEO -->\n\n","aioseo_head_json":{"title":"#SOShomophobie #lemondejuif1fo #Alost #Croatie #Belgiques #Bruxelles #OENDDF #EONDFR #FundamentalRights #nondiscrimination #HumanRights \u2063\u2063\u2063 #dignit\u00e9 #christinemonty #didierboyenval #homophobia #stophomophobia | O.E.N.D.D.F.","description":"#SOShomophobie #lemondejuif1fo #Alost #Croatie #Belgiques #Bruxelles #OENDDF #EONDFR #FundamentalRights #nondiscrimination #HumanRights \u2063\u2063\u2063 #dignit\u00e9 #christinemonty #didierboyenval #homophobia #stophomophobia","canonical_url":"https:\/\/europeanobsndfr.org\/en\/actualites-fr\/asylum-migration-and-borders\/union-europeenne-%f0%9f%87%aa%f0%9f%87%ba-17-mai-2020-journee-internationale-contre-lhomophobie-et-la-transphobie\/","robots":"max-snippet:-1, max-image-preview:large, max-video-preview:-1","keywords":"","webmasterTools":{"google-site-verification":"KZsAbCyd-Ww06m2-MlFPa7EphgzWqs90ra8o0LfM_K8","miscellaneous":""},"schema":{"@context":"https:\/\/schema.org","@graph":[{"@type":"Article","@id":"https:\/\/europeanobsndfr.org\/en\/actualites-fr\/asylum-migration-and-borders\/union-europeenne-%f0%9f%87%aa%f0%9f%87%ba-17-mai-2020-journee-internationale-contre-lhomophobie-et-la-transphobie\/#article","name":"#SOShomophobie #lemondejuif1fo #Alost #Croatie #Belgiques #Bruxelles #OENDDF #EONDFR #FundamentalRights #nondiscrimination #HumanRights \u2063\u2063\u2063 #dignit\u00e9 #christinemonty #didierboyenval #homophobia #stophomophobia | O.E.N.D.D.F.","headline":"UNION EUROPEENNE &#x1f1ea;&#x1f1fa;. 17 mai 2020 : Journ\u00e9e internationale contre l&rsquo;homophobie et la transphobie.","author":{"@id":"https:\/\/europeanobsndfr.org\/en\/author\/admin\/#author"},"publisher":{"@id":"https:\/\/europeanobsndfr.org\/en\/#organization"},"image":{"@type":"ImageObject","url":"https:\/\/europeanobsndfr.org\/wp-content\/uploads\/2016\/11\/cropped-logo-oenddf.jpg","@id":"https:\/\/europeanobsndfr.org\/en\/#articleImage","width":701,"height":600,"caption":"Logo OENDDF"},"datePublished":"2020-05-17T16:41:51+01:00","dateModified":"2020-07-14T17:15:33+01:00","inLanguage":"en-GB","mainEntityOfPage":{"@id":"https:\/\/europeanobsndfr.org\/en\/actualites-fr\/asylum-migration-and-borders\/union-europeenne-%f0%9f%87%aa%f0%9f%87%ba-17-mai-2020-journee-internationale-contre-lhomophobie-et-la-transphobie\/#webpage"},"isPartOf":{"@id":"https:\/\/europeanobsndfr.org\/en\/actualites-fr\/asylum-migration-and-borders\/union-europeenne-%f0%9f%87%aa%f0%9f%87%ba-17-mai-2020-journee-internationale-contre-lhomophobie-et-la-transphobie\/#webpage"},"articleSection":"Asile, immigration et fronti\u00e8res"},{"@type":"BreadcrumbList","@id":"https:\/\/europeanobsndfr.org\/en\/actualites-fr\/asylum-migration-and-borders\/union-europeenne-%f0%9f%87%aa%f0%9f%87%ba-17-mai-2020-journee-internationale-contre-lhomophobie-et-la-transphobie\/#breadcrumblist","itemListElement":[{"@type":"ListItem","@id":"https:\/\/europeanobsndfr.org\/en#listItem","position":1,"name":"Accueil","item":"https:\/\/europeanobsndfr.org\/en","nextItem":{"@type":"ListItem","@id":"https:\/\/europeanobsndfr.org\/en\/category\/actualites-fr\/#listItem","name":"Actualit\u00e9"}},{"@type":"ListItem","@id":"https:\/\/europeanobsndfr.org\/en\/category\/actualites-fr\/#listItem","position":2,"name":"Actualit\u00e9","item":"https:\/\/europeanobsndfr.org\/en\/category\/actualites-fr\/","nextItem":{"@type":"ListItem","@id":"https:\/\/europeanobsndfr.org\/en\/category\/actualites-fr\/asylum-migration-and-borders\/#listItem","name":"Asile, immigration et fronti\u00e8res"},"previousItem":{"@type":"ListItem","@id":"https:\/\/europeanobsndfr.org\/en#listItem","name":"Accueil"}},{"@type":"ListItem","@id":"https:\/\/europeanobsndfr.org\/en\/category\/actualites-fr\/asylum-migration-and-borders\/#listItem","position":3,"name":"Asile, immigration et fronti\u00e8res","item":"https:\/\/europeanobsndfr.org\/en\/category\/actualites-fr\/asylum-migration-and-borders\/","nextItem":{"@type":"ListItem","@id":"https:\/\/europeanobsndfr.org\/en\/actualites-fr\/asylum-migration-and-borders\/union-europeenne-%f0%9f%87%aa%f0%9f%87%ba-17-mai-2020-journee-internationale-contre-lhomophobie-et-la-transphobie\/#listItem","name":"UNION EUROPEENNE &#x1f1ea;&#x1f1fa;. 17 mai 2020 : Journ\u00e9e internationale contre l&rsquo;homophobie et la transphobie."},"previousItem":{"@type":"ListItem","@id":"https:\/\/europeanobsndfr.org\/en\/category\/actualites-fr\/#listItem","name":"Actualit\u00e9"}},{"@type":"ListItem","@id":"https:\/\/europeanobsndfr.org\/en\/actualites-fr\/asylum-migration-and-borders\/union-europeenne-%f0%9f%87%aa%f0%9f%87%ba-17-mai-2020-journee-internationale-contre-lhomophobie-et-la-transphobie\/#listItem","position":4,"name":"UNION EUROPEENNE &#x1f1ea;&#x1f1fa;. 17 mai 2020 : Journ\u00e9e internationale contre l&rsquo;homophobie et la transphobie.","previousItem":{"@type":"ListItem","@id":"https:\/\/europeanobsndfr.org\/en\/category\/actualites-fr\/asylum-migration-and-borders\/#listItem","name":"Asile, immigration et fronti\u00e8res"}}]},{"@type":"Organization","@id":"https:\/\/europeanobsndfr.org\/en\/#organization","name":"OENDDF","description":"Organisation Internationale Non-Gouvernementale","url":"https:\/\/europeanobsndfr.org\/en\/","logo":{"@type":"ImageObject","url":"https:\/\/europeanobsndfr.org\/wp-content\/uploads\/2016\/11\/cropped-logo-oenddf.jpg","@id":"https:\/\/europeanobsndfr.org\/en\/actualites-fr\/asylum-migration-and-borders\/union-europeenne-%f0%9f%87%aa%f0%9f%87%ba-17-mai-2020-journee-internationale-contre-lhomophobie-et-la-transphobie\/#organizationLogo","width":701,"height":600,"caption":"Logo OENDDF"},"image":{"@id":"https:\/\/europeanobsndfr.org\/en\/actualites-fr\/asylum-migration-and-borders\/union-europeenne-%f0%9f%87%aa%f0%9f%87%ba-17-mai-2020-journee-internationale-contre-lhomophobie-et-la-transphobie\/#organizationLogo"},"sameAs":["https:\/\/twitter.com\/europeanobs","https:\/\/www.instagram.com\/oenddf_ngo\/","https:\/\/www.youtube.com\/channel\/UCO9vz5fybFw1Q8pvN00CDgA"]},{"@type":"Person","@id":"https:\/\/europeanobsndfr.org\/en\/author\/admin\/#author","url":"https:\/\/europeanobsndfr.org\/en\/author\/admin\/","name":"OENDDF","image":{"@type":"ImageObject","@id":"https:\/\/europeanobsndfr.org\/en\/actualites-fr\/asylum-migration-and-borders\/union-europeenne-%f0%9f%87%aa%f0%9f%87%ba-17-mai-2020-journee-internationale-contre-lhomophobie-et-la-transphobie\/#authorImage","url":"https:\/\/secure.gravatar.com\/avatar\/f64bd673bdf1f612f36226606d41703598d9c028a910d72b461acb19a72f63d5?s=96&d=mm&r=g","width":96,"height":96,"caption":"OENDDF"}},{"@type":"WebPage","@id":"https:\/\/europeanobsndfr.org\/en\/actualites-fr\/asylum-migration-and-borders\/union-europeenne-%f0%9f%87%aa%f0%9f%87%ba-17-mai-2020-journee-internationale-contre-lhomophobie-et-la-transphobie\/#webpage","url":"https:\/\/europeanobsndfr.org\/en\/actualites-fr\/asylum-migration-and-borders\/union-europeenne-%f0%9f%87%aa%f0%9f%87%ba-17-mai-2020-journee-internationale-contre-lhomophobie-et-la-transphobie\/","name":"#SOShomophobie #lemondejuif1fo #Alost #Croatie #Belgiques #Bruxelles #OENDDF #EONDFR #FundamentalRights #nondiscrimination #HumanRights \u2063\u2063\u2063 #dignit\u00e9 #christinemonty #didierboyenval #homophobia #stophomophobia | O.E.N.D.D.F.","description":"#SOShomophobie #lemondejuif1fo #Alost #Croatie #Belgiques #Bruxelles #OENDDF #EONDFR #FundamentalRights #nondiscrimination #HumanRights \u2063\u2063\u2063 #dignit\u00e9 #christinemonty #didierboyenval #homophobia #stophomophobia","inLanguage":"en-GB","isPartOf":{"@id":"https:\/\/europeanobsndfr.org\/en\/#website"},"breadcrumb":{"@id":"https:\/\/europeanobsndfr.org\/en\/actualites-fr\/asylum-migration-and-borders\/union-europeenne-%f0%9f%87%aa%f0%9f%87%ba-17-mai-2020-journee-internationale-contre-lhomophobie-et-la-transphobie\/#breadcrumblist"},"author":{"@id":"https:\/\/europeanobsndfr.org\/en\/author\/admin\/#author"},"creator":{"@id":"https:\/\/europeanobsndfr.org\/en\/author\/admin\/#author"},"datePublished":"2020-05-17T16:41:51+01:00","dateModified":"2020-07-14T17:15:33+01:00"},{"@type":"WebSite","@id":"https:\/\/europeanobsndfr.org\/en\/#website","url":"https:\/\/europeanobsndfr.org\/en\/","name":"Observatoire Europ\u00e9en de la Non-Discrimination et des Droits Fondamentaux","description":"Organisation Internationale Non-Gouvernementale","inLanguage":"en-GB","publisher":{"@id":"https:\/\/europeanobsndfr.org\/en\/#organization"}}]},"og:locale":"en_GB","og:site_name":"Observatoire Europ\u00e9en de la Non-Discrimination et des Droits Fondamentaux","og:type":"non_profit","og:title":"#SOShomophobie #lemondejuif1fo #Alost #Croatie #Belgiques #Bruxelles #OENDDF #EONDFR #FundamentalRights #nondiscrimination #HumanRights \u2063\u2063\u2063 #dignit\u00e9 #christinemonty #didierboyenval #homophobia #stophomophobia | O.E.N.D.D.F.","og:description":"#SOShomophobie #lemondejuif1fo #Alost #Croatie #Belgiques #Bruxelles #OENDDF #EONDFR #FundamentalRights #nondiscrimination #HumanRights \u2063\u2063\u2063 #dignit\u00e9 #christinemonty #didierboyenval #homophobia #stophomophobia","og:url":"https:\/\/europeanobsndfr.org\/en\/actualites-fr\/asylum-migration-and-borders\/union-europeenne-%f0%9f%87%aa%f0%9f%87%ba-17-mai-2020-journee-internationale-contre-lhomophobie-et-la-transphobie\/","og:image":"https:\/\/europeanobsndfr.org\/wp-content\/uploads\/2016\/11\/logo-oenddf.jpg","og:image:secure_url":"https:\/\/europeanobsndfr.org\/wp-content\/uploads\/2016\/11\/logo-oenddf.jpg","og:image:width":830,"og:image:height":600,"twitter:card":"summary","twitter:site":"@europeanobs","twitter:title":"#SOShomophobie #lemondejuif1fo #Alost #Croatie #Belgiques #Bruxelles #OENDDF #EONDFR #FundamentalRights #nondiscrimination #HumanRights \u2063\u2063\u2063 #dignit\u00e9 #christinemonty #didierboyenval #homophobia #stophomophobia | O.E.N.D.D.F.","twitter:description":"#SOShomophobie #lemondejuif1fo #Alost #Croatie #Belgiques #Bruxelles #OENDDF #EONDFR #FundamentalRights #nondiscrimination #HumanRights \u2063\u2063\u2063 #dignit\u00e9 #christinemonty #didierboyenval #homophobia #stophomophobia","twitter:creator":"@europeanobs","twitter:image":"https:\/\/europeanobsndfr.org\/wp-content\/uploads\/2016\/11\/logo-oenddf.jpg"},"aioseo_meta_data":{"post_id":"16480","title":"#SOShomophobie #lemondejuif1fo #Alost #Croatie #Belgiques #Bruxelles #OENDDF #EONDFR #FundamentalRights #nondiscrimination #HumanRights \u2063\u2063\u2063 #dignit\u00e9 #christinemonty #didierboyenval #homophobia #stophomophobia | O.E.N.D.D.F.","description":"#SOShomophobie #lemondejuif1fo #Alost #Croatie #Belgiques #Bruxelles #OENDDF #EONDFR #FundamentalRights #nondiscrimination #HumanRights \u2063\u2063\u2063 #dignit\u00e9 #christinemonty #didierboyenval #homophobia #stophomophobia","keywords":null,"keyphrases":null,"primary_term":null,"canonical_url":null,"og_title":"","og_description":"","og_object_type":"non_profit","og_image_type":"default","og_image_url":null,"og_image_width":null,"og_image_height":null,"og_image_custom_url":null,"og_image_custom_fields":null,"og_video":"","og_custom_url":null,"og_article_section":"","og_article_tags":"","twitter_use_og":false,"twitter_card":"summary","twitter_image_type":"default","twitter_image_url":null,"twitter_image_custom_url":null,"twitter_image_custom_fields":null,"twitter_title":null,"twitter_description":null,"schema":{"blockGraphs":[],"customGraphs":[],"default":{"data":{"Article":[],"Course":[],"Dataset":[],"FAQPage":[],"Movie":[],"Person":[],"Product":[],"ProductReview":[],"Car":[],"Recipe":[],"Service":[],"SoftwareApplication":[],"WebPage":[]},"graphName":"","isEnabled":true},"graphs":[]},"schema_type":null,"schema_type_options":null,"pillar_content":false,"robots_default":true,"robots_noindex":false,"robots_noarchive":false,"robots_nosnippet":false,"robots_nofollow":false,"robots_noimageindex":false,"robots_noodp":false,"robots_notranslate":false,"robots_max_snippet":null,"robots_max_videopreview":null,"robots_max_imagepreview":"large","priority":null,"frequency":null,"local_seo":null,"breadcrumb_settings":null,"limit_modified_date":false,"ai":null,"created":"2021-01-22 17:40:09","updated":"2025-08-01 20:22:59","focus_keyword":null,"additional_keywords":null,"truseo_locale":null,"seo_analyzer_scan_date":null},"jetpack_featured_media_url":"","jetpack-related-posts":[],"jetpack_sharing_enabled":true,"_links":{"self":[{"href":"https:\/\/europeanobsndfr.org\/en\/wp-json\/wp\/v2\/posts\/16480","targetHints":{"allow":["GET"]}}],"collection":[{"href":"https:\/\/europeanobsndfr.org\/en\/wp-json\/wp\/v2\/posts"}],"about":[{"href":"https:\/\/europeanobsndfr.org\/en\/wp-json\/wp\/v2\/types\/post"}],"author":[{"embeddable":true,"href":"https:\/\/europeanobsndfr.org\/en\/wp-json\/wp\/v2\/users\/1"}],"replies":[{"embeddable":true,"href":"https:\/\/europeanobsndfr.org\/en\/wp-json\/wp\/v2\/comments?post=16480"}],"version-history":[{"count":0,"href":"https:\/\/europeanobsndfr.org\/en\/wp-json\/wp\/v2\/posts\/16480\/revisions"}],"wp:attachment":[{"href":"https:\/\/europeanobsndfr.org\/en\/wp-json\/wp\/v2\/media?parent=16480"}],"wp:term":[{"taxonomy":"category","embeddable":true,"href":"https:\/\/europeanobsndfr.org\/en\/wp-json\/wp\/v2\/categories?post=16480"},{"taxonomy":"post_tag","embeddable":true,"href":"https:\/\/europeanobsndfr.org\/en\/wp-json\/wp\/v2\/tags?post=16480"}],"curies":[{"name":"wp","href":"https:\/\/api.w.org\/{rel}","templated":true}]}}