{"id":16853,"date":"2021-08-01T09:31:04","date_gmt":"2021-08-01T08:31:04","guid":{"rendered":"https:\/\/europeanobsndfr.org\/actualites-fr\/asylum-migration-and-borders\/spain-%f0%9f%87%aa%f0%9f%87%b8-the-coronavirus-covid-19-reveals-the-inhuman-living-conditions-of-courageous-migrant-workers\/"},"modified":"2021-06-13T14:04:37","modified_gmt":"2021-06-13T13:04:37","slug":"espagne-%f0%9f%87%aa%f0%9f%87%b8-le-coronavirus-covid-19-revele-les-conditions-de-vie-inhumaines-des-travailleurs-migrants-courageux","status":"publish","type":"post","link":"https:\/\/europeanobsndfr.org\/en\/actualites-fr\/combat-contre-pauvrete\/espagne-%f0%9f%87%aa%f0%9f%87%b8-le-coronavirus-covid-19-revele-les-conditions-de-vie-inhumaines-des-travailleurs-migrants-courageux\/","title":{"rendered":"ESPAGNE &#x1f1ea;&#x1f1f8;. La crise du Coronavirus Covid-19 a r\u00e9v\u00e9l\u00e9 les conditions de vie inhumaines des travailleurs migrants, courageux."},"content":{"rendered":"<p id=\"tw-target-text\" class=\"tw-data-text tw-text-large XcVN5d tw-ta\" dir=\"ltr\" style=\"text-align: justify;\" data-placeholder=\"Traduction\"><strong><span lang=\"en\">ESPAGNE &#x1f1ea;&#x1f1f8;.<br \/>\n<\/span><\/strong><\/p>\n<p class=\"tw-data-text tw-text-large XcVN5d tw-ta\" dir=\"ltr\" style=\"text-align: justify;\" data-placeholder=\"Traduction\"><strong><span lang=\"en\">&#x2705; La crise du Coronavirus Covid-19 a r\u00e9v\u00e9l\u00e9 les conditions de vie inhumaines des travailleurs migrants, courageux.<br \/>\n<\/span><\/strong><\/p>\n<p class=\"tw-data-text tw-text-large XcVN5d tw-ta\" dir=\"ltr\" style=\"text-align: justify;\" data-placeholder=\"Traduction\"><span lang=\"en\">&#x2705; Parce que ces personnes saisonni\u00e8res pr\u00e9caires se sont retrouv\u00e9es \u00e0 l\u2019origine de dizaines de clusters, l\u2019administration espagnole a pris au s\u00e9rieux cette crise humanitaire.<br \/>\n<\/span><\/p>\n<p class=\"tw-data-text tw-text-large XcVN5d tw-ta\" dir=\"ltr\" style=\"text-align: justify;\" data-placeholder=\"Traduction\"><span lang=\"en\">&#x2705; La crise sanitaire \u00ab<em> a mis en \u00e9vidence avec toute sa brutalit\u00e9 des probl\u00e8mes qui demeuraient plus ou moins ignor\u00e9s depuis longtemps et a fait sauter les coutures du syst\u00e8me<\/em> \u00bb, a reconnu le D\u00e9fenseur du Peuple, Francisco Fernandez Marugan, exigeant de la part des administrations et des entreprises agricoles qu\u2019elles pr\u00e9servent \u00ab<em> le droit du travail et des conditions de logement dignes \u00bb.<\/em><\/span><\/p>\n<p>#OENDDF #EONDFR #migrants #Refugees #exil\u00e9s #refugi\u00e9s #migrations #fundamentalrights #humanrights #droitsfondamentaux<\/p>\n<p class=\"tw-data-text tw-text-large XcVN5d tw-ta\" dir=\"ltr\" style=\"text-align: justify;\" data-placeholder=\"Traduction\"><strong><span style=\"text-decoration: underline;\">Sources :<\/span> <\/strong><span style=\"text-decoration: underline;\"><a href=\"https:\/\/www.lemonde.fr\/international\/article\/2020\/08\/13\/en-espagne-le-covid-19-met-en-lumiere-les-conditions-de-vie-inhumaines-des-travailleurs-agricoles-migrants_6048835_3210.html?fbclid=IwAR22pcN64sGWnrGCwkTzz5qMX6AIpS9T69Xsnu9VJPXTxzg5XiSR1MfyFM8\"><span lang=\"en\"><strong>En\u00a0Espagne, la crise du Coronavirus Covid-19 a r\u00e9v\u00e9l\u00e9 les conditions de vie inhumaines des travailleurs migrants, courageux.<\/strong><\/span><\/a><\/span><\/p>","protected":false},"excerpt":{"rendered":"<p>ESPAGNE &#x1f1ea;&#x1f1f8;. &#x2705; La crise du Coronavirus Covid-19 a r\u00e9v\u00e9l\u00e9 les conditions de vie inhumaines des travailleurs migrants, courageux. &#x2705; Parce que ces personnes saisonni\u00e8res pr\u00e9caires se sont retrouv\u00e9es \u00e0 l\u2019origine de dizaines de clusters, l\u2019administration espagnole a pris au s\u00e9rieux cette crise humanitaire. &#x2705; La crise sanitaire \u00ab a mis en \u00e9vidence avec toute&#8230;<\/p>","protected":false},"author":1,"featured_media":0,"comment_status":"closed","ping_status":"closed","sticky":false,"template":"","format":"standard","meta":{"give_campaign_id":0,"_kadence_starter_templates_imported_post":false,"_kad_post_transparent":"","_kad_post_title":"","_kad_post_layout":"","_kad_post_sidebar_id":"","_kad_post_content_style":"","_kad_post_vertical_padding":"","_kad_post_feature":"","_kad_post_feature_position":"","_kad_post_header":false,"_kad_post_footer":false,"_kad_post_classname":"","_jetpack_memberships_contains_paid_content":false,"footnotes":""},"categories":[84,44],"tags":[],"class_list":["post-16853","post","type-post","status-publish","format-standard","hentry","category-asylum-migration-and-borders","category-combat-contre-pauvrete"],"aioseo_notices":[],"aioseo_head":"\n\t\t<!-- All in One SEO 5.0.1.1 - aioseo.com -->\n\t<meta name=\"description\" content=\"#OENDDF #EONDFR #migrants #Refugees # exiles #refugi\u00e9s #migrations #fundamentalrights #humanrights #droitsfondamentaux \u2063\u2063\u2063\u2063\u2063\u2063\u2063 #poverty #dignity #christinemonty #didierboyenval\" \/>\n\t<meta name=\"robots\" content=\"max-snippet:-1, max-image-preview:large, max-video-preview:-1\" \/>\n\t<meta name=\"author\" content=\"OENDDF\"\/>\n\t<meta name=\"google-site-verification\" content=\"KZsAbCyd-Ww06m2-MlFPa7EphgzWqs90ra8o0LfM_K8\" \/>\n\t<link rel=\"canonical\" href=\"https:\/\/europeanobsndfr.org\/en\/actualites-fr\/combat-contre-pauvrete\/espagne-%f0%9f%87%aa%f0%9f%87%b8-le-coronavirus-covid-19-revele-les-conditions-de-vie-inhumaines-des-travailleurs-migrants-courageux\/\" \/>\n\t<meta name=\"generator\" content=\"All in One SEO (AIOSEO) 5.0.1.1\" \/>\n\t\t<meta property=\"og:locale\" content=\"en_GB\" \/>\n\t\t<meta property=\"og:site_name\" content=\"Observatoire Europ\u00e9en de la Non-Discrimination et des Droits Fondamentaux\" \/>\n\t\t<meta property=\"og:type\" content=\"non_profit\" \/>\n\t\t<meta property=\"og:title\" content=\"#OENDDF #EONDFR #migrants #Refugees # exiles #refugi\u00e9s #migrations #fundamentalrights #humanrights #droitsfondamentaux \u2063\u2063\u2063\u2063\u2063\u2063\u2063 #poverty #dignity #christinemonty #didierboyenval | O.E.N.D.D.F.\" \/>\n\t\t<meta property=\"og:description\" content=\"#OENDDF #EONDFR #migrants #Refugees # exiles #refugi\u00e9s #migrations #fundamentalrights #humanrights #droitsfondamentaux \u2063\u2063\u2063\u2063\u2063\u2063\u2063 #poverty #dignity #christinemonty #didierboyenval\" \/>\n\t\t<meta property=\"og:url\" content=\"https:\/\/europeanobsndfr.org\/en\/actualites-fr\/combat-contre-pauvrete\/espagne-%f0%9f%87%aa%f0%9f%87%b8-le-coronavirus-covid-19-revele-les-conditions-de-vie-inhumaines-des-travailleurs-migrants-courageux\/\" \/>\n\t\t<meta property=\"og:image\" content=\"https:\/\/europeanobsndfr.org\/wp-content\/uploads\/2016\/11\/logo-oenddf.jpg\" \/>\n\t\t<meta property=\"og:image:secure_url\" content=\"https:\/\/europeanobsndfr.org\/wp-content\/uploads\/2016\/11\/logo-oenddf.jpg\" \/>\n\t\t<meta property=\"og:image:width\" content=\"830\" \/>\n\t\t<meta property=\"og:image:height\" content=\"600\" \/>\n\t\t<meta name=\"twitter:card\" content=\"summary\" \/>\n\t\t<meta name=\"twitter:site\" content=\"@europeanobs\" \/>\n\t\t<meta name=\"twitter:title\" content=\"#OENDDF #EONDFR #migrants #Refugees # exiles #refugi\u00e9s #migrations #fundamentalrights #humanrights #droitsfondamentaux \u2063\u2063\u2063\u2063\u2063\u2063\u2063 #poverty #dignity #christinemonty #didierboyenval | O.E.N.D.D.F.\" \/>\n\t\t<meta name=\"twitter:description\" content=\"#OENDDF #EONDFR #migrants #Refugees # exiles #refugi\u00e9s #migrations #fundamentalrights #humanrights #droitsfondamentaux \u2063\u2063\u2063\u2063\u2063\u2063\u2063 #poverty #dignity #christinemonty #didierboyenval\" \/>\n\t\t<meta name=\"twitter:creator\" content=\"@europeanobs\" \/>\n\t\t<meta name=\"twitter:image\" content=\"https:\/\/europeanobsndfr.org\/wp-content\/uploads\/2016\/11\/logo-oenddf.jpg\" \/>\n\t\t<script type=\"application\/ld+json\" class=\"aioseo-schema\">\n\t\t\t{\"@context\":\"https:\\\/\\\/schema.org\",\"@graph\":[{\"@type\":\"Article\",\"@id\":\"https:\\\/\\\/europeanobsndfr.org\\\/en\\\/actualites-fr\\\/combat-contre-pauvrete\\\/espagne-%f0%9f%87%aa%f0%9f%87%b8-le-coronavirus-covid-19-revele-les-conditions-de-vie-inhumaines-des-travailleurs-migrants-courageux\\\/#article\",\"name\":\"#OENDDF #EONDFR #migrants #Refugees # exiles #refugi\\u00e9s #migrations #fundamentalrights #humanrights #droitsfondamentaux \\u2063\\u2063\\u2063\\u2063\\u2063\\u2063\\u2063 #poverty #dignity #christinemonty #didierboyenval | O.E.N.D.D.F.\",\"headline\":\"ESPAGNE &#x1f1ea;&#x1f1f8;. La crise du Coronavirus Covid-19 a r\\u00e9v\\u00e9l\\u00e9 les conditions de vie inhumaines des travailleurs migrants, courageux.\",\"author\":{\"@id\":\"https:\\\/\\\/europeanobsndfr.org\\\/en\\\/author\\\/admin\\\/#author\"},\"publisher\":{\"@id\":\"https:\\\/\\\/europeanobsndfr.org\\\/en\\\/#organization\"},\"image\":{\"@type\":\"ImageObject\",\"url\":\"https:\\\/\\\/europeanobsndfr.org\\\/wp-content\\\/uploads\\\/2016\\\/11\\\/cropped-logo-oenddf.jpg\",\"@id\":\"https:\\\/\\\/europeanobsndfr.org\\\/en\\\/#articleImage\",\"width\":701,\"height\":600,\"caption\":\"Logo OENDDF\"},\"datePublished\":\"2021-08-01T09:31:04+01:00\",\"dateModified\":\"2021-06-13T14:04:37+01:00\",\"inLanguage\":\"en-GB\",\"mainEntityOfPage\":{\"@id\":\"https:\\\/\\\/europeanobsndfr.org\\\/en\\\/actualites-fr\\\/combat-contre-pauvrete\\\/espagne-%f0%9f%87%aa%f0%9f%87%b8-le-coronavirus-covid-19-revele-les-conditions-de-vie-inhumaines-des-travailleurs-migrants-courageux\\\/#webpage\"},\"isPartOf\":{\"@id\":\"https:\\\/\\\/europeanobsndfr.org\\\/en\\\/actualites-fr\\\/combat-contre-pauvrete\\\/espagne-%f0%9f%87%aa%f0%9f%87%b8-le-coronavirus-covid-19-revele-les-conditions-de-vie-inhumaines-des-travailleurs-migrants-courageux\\\/#webpage\"},\"articleSection\":\"Asile, immigration et fronti\\u00e8res, Combat contre la pauvret\\u00e9, contre l'exclusion sociale et en faveur de l'inclusion sociale\"},{\"@type\":\"BreadcrumbList\",\"@id\":\"https:\\\/\\\/europeanobsndfr.org\\\/en\\\/actualites-fr\\\/combat-contre-pauvrete\\\/espagne-%f0%9f%87%aa%f0%9f%87%b8-le-coronavirus-covid-19-revele-les-conditions-de-vie-inhumaines-des-travailleurs-migrants-courageux\\\/#breadcrumblist\",\"itemListElement\":[{\"@type\":\"ListItem\",\"@id\":\"https:\\\/\\\/europeanobsndfr.org\\\/en#listItem\",\"position\":1,\"name\":\"Accueil\",\"item\":\"https:\\\/\\\/europeanobsndfr.org\\\/en\",\"nextItem\":{\"@type\":\"ListItem\",\"@id\":\"https:\\\/\\\/europeanobsndfr.org\\\/en\\\/category\\\/actualites-fr\\\/#listItem\",\"name\":\"Actualit\\u00e9\"}},{\"@type\":\"ListItem\",\"@id\":\"https:\\\/\\\/europeanobsndfr.org\\\/en\\\/category\\\/actualites-fr\\\/#listItem\",\"position\":2,\"name\":\"Actualit\\u00e9\",\"item\":\"https:\\\/\\\/europeanobsndfr.org\\\/en\\\/category\\\/actualites-fr\\\/\",\"nextItem\":{\"@type\":\"ListItem\",\"@id\":\"https:\\\/\\\/europeanobsndfr.org\\\/en\\\/category\\\/actualites-fr\\\/combat-contre-pauvrete\\\/#listItem\",\"name\":\"Combat contre la pauvret\\u00e9, contre l'exclusion sociale et en faveur de l'inclusion sociale\"},\"previousItem\":{\"@type\":\"ListItem\",\"@id\":\"https:\\\/\\\/europeanobsndfr.org\\\/en#listItem\",\"name\":\"Accueil\"}},{\"@type\":\"ListItem\",\"@id\":\"https:\\\/\\\/europeanobsndfr.org\\\/en\\\/category\\\/actualites-fr\\\/combat-contre-pauvrete\\\/#listItem\",\"position\":3,\"name\":\"Combat contre la pauvret\\u00e9, contre l'exclusion sociale et en faveur de l'inclusion sociale\",\"item\":\"https:\\\/\\\/europeanobsndfr.org\\\/en\\\/category\\\/actualites-fr\\\/combat-contre-pauvrete\\\/\",\"nextItem\":{\"@type\":\"ListItem\",\"@id\":\"https:\\\/\\\/europeanobsndfr.org\\\/en\\\/actualites-fr\\\/combat-contre-pauvrete\\\/espagne-%f0%9f%87%aa%f0%9f%87%b8-le-coronavirus-covid-19-revele-les-conditions-de-vie-inhumaines-des-travailleurs-migrants-courageux\\\/#listItem\",\"name\":\"ESPAGNE &#x1f1ea;&#x1f1f8;. La crise du Coronavirus Covid-19 a r\\u00e9v\\u00e9l\\u00e9 les conditions de vie inhumaines des travailleurs migrants, courageux.\"},\"previousItem\":{\"@type\":\"ListItem\",\"@id\":\"https:\\\/\\\/europeanobsndfr.org\\\/en\\\/category\\\/actualites-fr\\\/#listItem\",\"name\":\"Actualit\\u00e9\"}},{\"@type\":\"ListItem\",\"@id\":\"https:\\\/\\\/europeanobsndfr.org\\\/en\\\/actualites-fr\\\/combat-contre-pauvrete\\\/espagne-%f0%9f%87%aa%f0%9f%87%b8-le-coronavirus-covid-19-revele-les-conditions-de-vie-inhumaines-des-travailleurs-migrants-courageux\\\/#listItem\",\"position\":4,\"name\":\"ESPAGNE &#x1f1ea;&#x1f1f8;. La crise du Coronavirus Covid-19 a r\\u00e9v\\u00e9l\\u00e9 les conditions de vie inhumaines des travailleurs migrants, courageux.\",\"previousItem\":{\"@type\":\"ListItem\",\"@id\":\"https:\\\/\\\/europeanobsndfr.org\\\/en\\\/category\\\/actualites-fr\\\/combat-contre-pauvrete\\\/#listItem\",\"name\":\"Combat contre la pauvret\\u00e9, contre l'exclusion sociale et en faveur de l'inclusion sociale\"}}]},{\"@type\":\"Organization\",\"@id\":\"https:\\\/\\\/europeanobsndfr.org\\\/en\\\/#organization\",\"name\":\"OENDDF\",\"description\":\"Organisation Internationale Non-Gouvernementale\",\"url\":\"https:\\\/\\\/europeanobsndfr.org\\\/en\\\/\",\"logo\":{\"@type\":\"ImageObject\",\"url\":\"https:\\\/\\\/europeanobsndfr.org\\\/wp-content\\\/uploads\\\/2016\\\/11\\\/cropped-logo-oenddf.jpg\",\"@id\":\"https:\\\/\\\/europeanobsndfr.org\\\/en\\\/actualites-fr\\\/combat-contre-pauvrete\\\/espagne-%f0%9f%87%aa%f0%9f%87%b8-le-coronavirus-covid-19-revele-les-conditions-de-vie-inhumaines-des-travailleurs-migrants-courageux\\\/#organizationLogo\",\"width\":701,\"height\":600,\"caption\":\"Logo OENDDF\"},\"image\":{\"@id\":\"https:\\\/\\\/europeanobsndfr.org\\\/en\\\/actualites-fr\\\/combat-contre-pauvrete\\\/espagne-%f0%9f%87%aa%f0%9f%87%b8-le-coronavirus-covid-19-revele-les-conditions-de-vie-inhumaines-des-travailleurs-migrants-courageux\\\/#organizationLogo\"},\"sameAs\":[\"https:\\\/\\\/twitter.com\\\/europeanobs\",\"https:\\\/\\\/www.instagram.com\\\/oenddf_ngo\\\/\",\"https:\\\/\\\/www.youtube.com\\\/channel\\\/UCO9vz5fybFw1Q8pvN00CDgA\"]},{\"@type\":\"Person\",\"@id\":\"https:\\\/\\\/europeanobsndfr.org\\\/en\\\/author\\\/admin\\\/#author\",\"url\":\"https:\\\/\\\/europeanobsndfr.org\\\/en\\\/author\\\/admin\\\/\",\"name\":\"OENDDF\",\"image\":{\"@type\":\"ImageObject\",\"@id\":\"https:\\\/\\\/europeanobsndfr.org\\\/en\\\/actualites-fr\\\/combat-contre-pauvrete\\\/espagne-%f0%9f%87%aa%f0%9f%87%b8-le-coronavirus-covid-19-revele-les-conditions-de-vie-inhumaines-des-travailleurs-migrants-courageux\\\/#authorImage\",\"url\":\"https:\\\/\\\/secure.gravatar.com\\\/avatar\\\/f64bd673bdf1f612f36226606d41703598d9c028a910d72b461acb19a72f63d5?s=96&d=mm&r=g\",\"width\":96,\"height\":96,\"caption\":\"OENDDF\"}},{\"@type\":\"WebPage\",\"@id\":\"https:\\\/\\\/europeanobsndfr.org\\\/en\\\/actualites-fr\\\/combat-contre-pauvrete\\\/espagne-%f0%9f%87%aa%f0%9f%87%b8-le-coronavirus-covid-19-revele-les-conditions-de-vie-inhumaines-des-travailleurs-migrants-courageux\\\/#webpage\",\"url\":\"https:\\\/\\\/europeanobsndfr.org\\\/en\\\/actualites-fr\\\/combat-contre-pauvrete\\\/espagne-%f0%9f%87%aa%f0%9f%87%b8-le-coronavirus-covid-19-revele-les-conditions-de-vie-inhumaines-des-travailleurs-migrants-courageux\\\/\",\"name\":\"#OENDDF #EONDFR #migrants #Refugees # exiles #refugi\\u00e9s #migrations #fundamentalrights #humanrights #droitsfondamentaux \\u2063\\u2063\\u2063\\u2063\\u2063\\u2063\\u2063 #poverty #dignity #christinemonty #didierboyenval | O.E.N.D.D.F.\",\"description\":\"#OENDDF #EONDFR #migrants #Refugees # exiles #refugi\\u00e9s #migrations #fundamentalrights #humanrights #droitsfondamentaux \\u2063\\u2063\\u2063\\u2063\\u2063\\u2063\\u2063 #poverty #dignity #christinemonty #didierboyenval\",\"inLanguage\":\"en-GB\",\"isPartOf\":{\"@id\":\"https:\\\/\\\/europeanobsndfr.org\\\/en\\\/#website\"},\"breadcrumb\":{\"@id\":\"https:\\\/\\\/europeanobsndfr.org\\\/en\\\/actualites-fr\\\/combat-contre-pauvrete\\\/espagne-%f0%9f%87%aa%f0%9f%87%b8-le-coronavirus-covid-19-revele-les-conditions-de-vie-inhumaines-des-travailleurs-migrants-courageux\\\/#breadcrumblist\"},\"author\":{\"@id\":\"https:\\\/\\\/europeanobsndfr.org\\\/en\\\/author\\\/admin\\\/#author\"},\"creator\":{\"@id\":\"https:\\\/\\\/europeanobsndfr.org\\\/en\\\/author\\\/admin\\\/#author\"},\"datePublished\":\"2021-08-01T09:31:04+01:00\",\"dateModified\":\"2021-06-13T14:04:37+01:00\"},{\"@type\":\"WebSite\",\"@id\":\"https:\\\/\\\/europeanobsndfr.org\\\/en\\\/#website\",\"url\":\"https:\\\/\\\/europeanobsndfr.org\\\/en\\\/\",\"name\":\"Observatoire Europ\\u00e9en de la Non-Discrimination et des Droits Fondamentaux\",\"description\":\"Organisation Internationale Non-Gouvernementale\",\"inLanguage\":\"en-GB\",\"publisher\":{\"@id\":\"https:\\\/\\\/europeanobsndfr.org\\\/en\\\/#organization\"}}]}\n\t\t<\/script>\n\t\t<!-- All in One SEO -->\n\n","aioseo_head_json":{"title":"#OENDDF #EONDFR #migrants #Refugees # exiles #refugi\u00e9s #migrations #fundamentalrights #humanrights #droitsfondamentaux \u2063\u2063\u2063\u2063\u2063\u2063\u2063 #poverty #dignity #christinemonty #didierboyenval | O.E.N.D.D.F.","description":"#OENDDF #EONDFR #migrants #Refugees # exiles #refugi\u00e9s #migrations #fundamentalrights #humanrights #droitsfondamentaux \u2063\u2063\u2063\u2063\u2063\u2063\u2063 #poverty #dignity #christinemonty #didierboyenval","canonical_url":"https:\/\/europeanobsndfr.org\/en\/actualites-fr\/combat-contre-pauvrete\/espagne-%f0%9f%87%aa%f0%9f%87%b8-le-coronavirus-covid-19-revele-les-conditions-de-vie-inhumaines-des-travailleurs-migrants-courageux\/","robots":"max-snippet:-1, max-image-preview:large, max-video-preview:-1","keywords":"","webmasterTools":{"google-site-verification":"KZsAbCyd-Ww06m2-MlFPa7EphgzWqs90ra8o0LfM_K8","miscellaneous":""},"schema":{"@context":"https:\/\/schema.org","@graph":[{"@type":"Article","@id":"https:\/\/europeanobsndfr.org\/en\/actualites-fr\/combat-contre-pauvrete\/espagne-%f0%9f%87%aa%f0%9f%87%b8-le-coronavirus-covid-19-revele-les-conditions-de-vie-inhumaines-des-travailleurs-migrants-courageux\/#article","name":"#OENDDF #EONDFR #migrants #Refugees # exiles #refugi\u00e9s #migrations #fundamentalrights #humanrights #droitsfondamentaux \u2063\u2063\u2063\u2063\u2063\u2063\u2063 #poverty #dignity #christinemonty #didierboyenval | O.E.N.D.D.F.","headline":"ESPAGNE &#x1f1ea;&#x1f1f8;. La crise du Coronavirus Covid-19 a r\u00e9v\u00e9l\u00e9 les conditions de vie inhumaines des travailleurs migrants, courageux.","author":{"@id":"https:\/\/europeanobsndfr.org\/en\/author\/admin\/#author"},"publisher":{"@id":"https:\/\/europeanobsndfr.org\/en\/#organization"},"image":{"@type":"ImageObject","url":"https:\/\/europeanobsndfr.org\/wp-content\/uploads\/2016\/11\/cropped-logo-oenddf.jpg","@id":"https:\/\/europeanobsndfr.org\/en\/#articleImage","width":701,"height":600,"caption":"Logo OENDDF"},"datePublished":"2021-08-01T09:31:04+01:00","dateModified":"2021-06-13T14:04:37+01:00","inLanguage":"en-GB","mainEntityOfPage":{"@id":"https:\/\/europeanobsndfr.org\/en\/actualites-fr\/combat-contre-pauvrete\/espagne-%f0%9f%87%aa%f0%9f%87%b8-le-coronavirus-covid-19-revele-les-conditions-de-vie-inhumaines-des-travailleurs-migrants-courageux\/#webpage"},"isPartOf":{"@id":"https:\/\/europeanobsndfr.org\/en\/actualites-fr\/combat-contre-pauvrete\/espagne-%f0%9f%87%aa%f0%9f%87%b8-le-coronavirus-covid-19-revele-les-conditions-de-vie-inhumaines-des-travailleurs-migrants-courageux\/#webpage"},"articleSection":"Asile, immigration et fronti\u00e8res, Combat contre la pauvret\u00e9, contre l'exclusion sociale et en faveur de l'inclusion sociale"},{"@type":"BreadcrumbList","@id":"https:\/\/europeanobsndfr.org\/en\/actualites-fr\/combat-contre-pauvrete\/espagne-%f0%9f%87%aa%f0%9f%87%b8-le-coronavirus-covid-19-revele-les-conditions-de-vie-inhumaines-des-travailleurs-migrants-courageux\/#breadcrumblist","itemListElement":[{"@type":"ListItem","@id":"https:\/\/europeanobsndfr.org\/en#listItem","position":1,"name":"Accueil","item":"https:\/\/europeanobsndfr.org\/en","nextItem":{"@type":"ListItem","@id":"https:\/\/europeanobsndfr.org\/en\/category\/actualites-fr\/#listItem","name":"Actualit\u00e9"}},{"@type":"ListItem","@id":"https:\/\/europeanobsndfr.org\/en\/category\/actualites-fr\/#listItem","position":2,"name":"Actualit\u00e9","item":"https:\/\/europeanobsndfr.org\/en\/category\/actualites-fr\/","nextItem":{"@type":"ListItem","@id":"https:\/\/europeanobsndfr.org\/en\/category\/actualites-fr\/combat-contre-pauvrete\/#listItem","name":"Combat contre la pauvret\u00e9, contre l'exclusion sociale et en faveur de l'inclusion sociale"},"previousItem":{"@type":"ListItem","@id":"https:\/\/europeanobsndfr.org\/en#listItem","name":"Accueil"}},{"@type":"ListItem","@id":"https:\/\/europeanobsndfr.org\/en\/category\/actualites-fr\/combat-contre-pauvrete\/#listItem","position":3,"name":"Combat contre la pauvret\u00e9, contre l'exclusion sociale et en faveur de l'inclusion sociale","item":"https:\/\/europeanobsndfr.org\/en\/category\/actualites-fr\/combat-contre-pauvrete\/","nextItem":{"@type":"ListItem","@id":"https:\/\/europeanobsndfr.org\/en\/actualites-fr\/combat-contre-pauvrete\/espagne-%f0%9f%87%aa%f0%9f%87%b8-le-coronavirus-covid-19-revele-les-conditions-de-vie-inhumaines-des-travailleurs-migrants-courageux\/#listItem","name":"ESPAGNE &#x1f1ea;&#x1f1f8;. La crise du Coronavirus Covid-19 a r\u00e9v\u00e9l\u00e9 les conditions de vie inhumaines des travailleurs migrants, courageux."},"previousItem":{"@type":"ListItem","@id":"https:\/\/europeanobsndfr.org\/en\/category\/actualites-fr\/#listItem","name":"Actualit\u00e9"}},{"@type":"ListItem","@id":"https:\/\/europeanobsndfr.org\/en\/actualites-fr\/combat-contre-pauvrete\/espagne-%f0%9f%87%aa%f0%9f%87%b8-le-coronavirus-covid-19-revele-les-conditions-de-vie-inhumaines-des-travailleurs-migrants-courageux\/#listItem","position":4,"name":"ESPAGNE &#x1f1ea;&#x1f1f8;. La crise du Coronavirus Covid-19 a r\u00e9v\u00e9l\u00e9 les conditions de vie inhumaines des travailleurs migrants, courageux.","previousItem":{"@type":"ListItem","@id":"https:\/\/europeanobsndfr.org\/en\/category\/actualites-fr\/combat-contre-pauvrete\/#listItem","name":"Combat contre la pauvret\u00e9, contre l'exclusion sociale et en faveur de l'inclusion sociale"}}]},{"@type":"Organization","@id":"https:\/\/europeanobsndfr.org\/en\/#organization","name":"OENDDF","description":"Organisation Internationale Non-Gouvernementale","url":"https:\/\/europeanobsndfr.org\/en\/","logo":{"@type":"ImageObject","url":"https:\/\/europeanobsndfr.org\/wp-content\/uploads\/2016\/11\/cropped-logo-oenddf.jpg","@id":"https:\/\/europeanobsndfr.org\/en\/actualites-fr\/combat-contre-pauvrete\/espagne-%f0%9f%87%aa%f0%9f%87%b8-le-coronavirus-covid-19-revele-les-conditions-de-vie-inhumaines-des-travailleurs-migrants-courageux\/#organizationLogo","width":701,"height":600,"caption":"Logo OENDDF"},"image":{"@id":"https:\/\/europeanobsndfr.org\/en\/actualites-fr\/combat-contre-pauvrete\/espagne-%f0%9f%87%aa%f0%9f%87%b8-le-coronavirus-covid-19-revele-les-conditions-de-vie-inhumaines-des-travailleurs-migrants-courageux\/#organizationLogo"},"sameAs":["https:\/\/twitter.com\/europeanobs","https:\/\/www.instagram.com\/oenddf_ngo\/","https:\/\/www.youtube.com\/channel\/UCO9vz5fybFw1Q8pvN00CDgA"]},{"@type":"Person","@id":"https:\/\/europeanobsndfr.org\/en\/author\/admin\/#author","url":"https:\/\/europeanobsndfr.org\/en\/author\/admin\/","name":"OENDDF","image":{"@type":"ImageObject","@id":"https:\/\/europeanobsndfr.org\/en\/actualites-fr\/combat-contre-pauvrete\/espagne-%f0%9f%87%aa%f0%9f%87%b8-le-coronavirus-covid-19-revele-les-conditions-de-vie-inhumaines-des-travailleurs-migrants-courageux\/#authorImage","url":"https:\/\/secure.gravatar.com\/avatar\/f64bd673bdf1f612f36226606d41703598d9c028a910d72b461acb19a72f63d5?s=96&d=mm&r=g","width":96,"height":96,"caption":"OENDDF"}},{"@type":"WebPage","@id":"https:\/\/europeanobsndfr.org\/en\/actualites-fr\/combat-contre-pauvrete\/espagne-%f0%9f%87%aa%f0%9f%87%b8-le-coronavirus-covid-19-revele-les-conditions-de-vie-inhumaines-des-travailleurs-migrants-courageux\/#webpage","url":"https:\/\/europeanobsndfr.org\/en\/actualites-fr\/combat-contre-pauvrete\/espagne-%f0%9f%87%aa%f0%9f%87%b8-le-coronavirus-covid-19-revele-les-conditions-de-vie-inhumaines-des-travailleurs-migrants-courageux\/","name":"#OENDDF #EONDFR #migrants #Refugees # exiles #refugi\u00e9s #migrations #fundamentalrights #humanrights #droitsfondamentaux \u2063\u2063\u2063\u2063\u2063\u2063\u2063 #poverty #dignity #christinemonty #didierboyenval | O.E.N.D.D.F.","description":"#OENDDF #EONDFR #migrants #Refugees # exiles #refugi\u00e9s #migrations #fundamentalrights #humanrights #droitsfondamentaux \u2063\u2063\u2063\u2063\u2063\u2063\u2063 #poverty #dignity #christinemonty #didierboyenval","inLanguage":"en-GB","isPartOf":{"@id":"https:\/\/europeanobsndfr.org\/en\/#website"},"breadcrumb":{"@id":"https:\/\/europeanobsndfr.org\/en\/actualites-fr\/combat-contre-pauvrete\/espagne-%f0%9f%87%aa%f0%9f%87%b8-le-coronavirus-covid-19-revele-les-conditions-de-vie-inhumaines-des-travailleurs-migrants-courageux\/#breadcrumblist"},"author":{"@id":"https:\/\/europeanobsndfr.org\/en\/author\/admin\/#author"},"creator":{"@id":"https:\/\/europeanobsndfr.org\/en\/author\/admin\/#author"},"datePublished":"2021-08-01T09:31:04+01:00","dateModified":"2021-06-13T14:04:37+01:00"},{"@type":"WebSite","@id":"https:\/\/europeanobsndfr.org\/en\/#website","url":"https:\/\/europeanobsndfr.org\/en\/","name":"Observatoire Europ\u00e9en de la Non-Discrimination et des Droits Fondamentaux","description":"Organisation Internationale Non-Gouvernementale","inLanguage":"en-GB","publisher":{"@id":"https:\/\/europeanobsndfr.org\/en\/#organization"}}]},"og:locale":"en_GB","og:site_name":"Observatoire Europ\u00e9en de la Non-Discrimination et des Droits Fondamentaux","og:type":"non_profit","og:title":"#OENDDF #EONDFR #migrants #Refugees # exiles #refugi\u00e9s #migrations #fundamentalrights #humanrights #droitsfondamentaux \u2063\u2063\u2063\u2063\u2063\u2063\u2063 #poverty #dignity #christinemonty #didierboyenval | O.E.N.D.D.F.","og:description":"#OENDDF #EONDFR #migrants #Refugees # exiles #refugi\u00e9s #migrations #fundamentalrights #humanrights #droitsfondamentaux \u2063\u2063\u2063\u2063\u2063\u2063\u2063 #poverty #dignity #christinemonty #didierboyenval","og:url":"https:\/\/europeanobsndfr.org\/en\/actualites-fr\/combat-contre-pauvrete\/espagne-%f0%9f%87%aa%f0%9f%87%b8-le-coronavirus-covid-19-revele-les-conditions-de-vie-inhumaines-des-travailleurs-migrants-courageux\/","og:image":"https:\/\/europeanobsndfr.org\/wp-content\/uploads\/2016\/11\/logo-oenddf.jpg","og:image:secure_url":"https:\/\/europeanobsndfr.org\/wp-content\/uploads\/2016\/11\/logo-oenddf.jpg","og:image:width":830,"og:image:height":600,"twitter:card":"summary","twitter:site":"@europeanobs","twitter:title":"#OENDDF #EONDFR #migrants #Refugees # exiles #refugi\u00e9s #migrations #fundamentalrights #humanrights #droitsfondamentaux \u2063\u2063\u2063\u2063\u2063\u2063\u2063 #poverty #dignity #christinemonty #didierboyenval | O.E.N.D.D.F.","twitter:description":"#OENDDF #EONDFR #migrants #Refugees # exiles #refugi\u00e9s #migrations #fundamentalrights #humanrights #droitsfondamentaux \u2063\u2063\u2063\u2063\u2063\u2063\u2063 #poverty #dignity #christinemonty #didierboyenval","twitter:creator":"@europeanobs","twitter:image":"https:\/\/europeanobsndfr.org\/wp-content\/uploads\/2016\/11\/logo-oenddf.jpg"},"aioseo_meta_data":{"post_id":"16853","title":"#OENDDF #EONDFR #migrants #Refugees # exiles #refugi\u00e9s #migrations #fundamentalrights #humanrights #droitsfondamentaux \u2063\u2063\u2063\u2063\u2063\u2063\u2063 #poverty #dignity #christinemonty #didierboyenval | O.E.N.D.D.F.","description":"#OENDDF #EONDFR #migrants #Refugees # exiles #refugi\u00e9s #migrations #fundamentalrights #humanrights #droitsfondamentaux \u2063\u2063\u2063\u2063\u2063\u2063\u2063 #poverty #dignity #christinemonty #didierboyenval","keywords":[],"keyphrases":{"focus":[],"additional":[]},"primary_term":null,"canonical_url":null,"og_title":null,"og_description":null,"og_object_type":"non_profit","og_image_type":"default","og_image_url":null,"og_image_width":null,"og_image_height":null,"og_image_custom_url":null,"og_image_custom_fields":null,"og_video":"","og_custom_url":null,"og_article_section":null,"og_article_tags":[],"twitter_use_og":false,"twitter_card":"summary","twitter_image_type":"default","twitter_image_url":null,"twitter_image_custom_url":null,"twitter_image_custom_fields":null,"twitter_title":null,"twitter_description":null,"schema":{"blockGraphs":[],"customGraphs":[],"default":{"data":{"Article":[],"Course":[],"Dataset":[],"FAQPage":[],"Movie":[],"Person":[],"Product":[],"ProductReview":[],"Car":[],"Recipe":[],"Service":[],"SoftwareApplication":[],"WebPage":[]},"graphName":"","isEnabled":true},"graphs":[]},"schema_type":"default","schema_type_options":"{\"article\":{\"articleType\":\"BlogPosting\"},\"course\":{\"name\":\"\",\"description\":\"\",\"provider\":\"\"},\"faq\":{\"pages\":[]},\"product\":{\"reviews\":[]},\"recipe\":{\"ingredients\":[],\"instructions\":[],\"keywords\":[]},\"software\":{\"reviews\":[],\"operatingSystems\":[]},\"webPage\":{\"webPageType\":\"WebPage\"}}","pillar_content":false,"robots_default":true,"robots_noindex":false,"robots_noarchive":false,"robots_nosnippet":false,"robots_nofollow":false,"robots_noimageindex":false,"robots_noodp":false,"robots_notranslate":false,"robots_max_snippet":"-1","robots_max_videopreview":"-1","robots_max_imagepreview":"large","priority":null,"frequency":"default","local_seo":{"businessInfo":{"name":"","urls":{"website":"","aboutPage":"","contactPage":""},"address":{"line1":"","line2":"","zip":"","city":"","state":"","country":""},"contact":{"email":"","phone":"","fax":""},"ids":{"vatID":"","taxID":"","chamberID":""},"payment":{"priceIndication":"","currenciesAccepted":"","methodsAccepted":""},"areaServed":""},"openingHours":{"show":false,"closedLabel":"","open24h":false,"open24hLabel":"","open247":false,"use24hFormat":false,"twoSets":false,"timezone":"","hours":[]}},"breadcrumb_settings":null,"limit_modified_date":false,"ai":null,"created":"2021-01-22 17:38:48","updated":"2025-08-01 22:36:36","focus_keyword":null,"additional_keywords":null,"truseo_locale":null,"seo_analyzer_scan_date":null},"jetpack_featured_media_url":"","jetpack-related-posts":[],"jetpack_sharing_enabled":true,"_links":{"self":[{"href":"https:\/\/europeanobsndfr.org\/en\/wp-json\/wp\/v2\/posts\/16853","targetHints":{"allow":["GET"]}}],"collection":[{"href":"https:\/\/europeanobsndfr.org\/en\/wp-json\/wp\/v2\/posts"}],"about":[{"href":"https:\/\/europeanobsndfr.org\/en\/wp-json\/wp\/v2\/types\/post"}],"author":[{"embeddable":true,"href":"https:\/\/europeanobsndfr.org\/en\/wp-json\/wp\/v2\/users\/1"}],"replies":[{"embeddable":true,"href":"https:\/\/europeanobsndfr.org\/en\/wp-json\/wp\/v2\/comments?post=16853"}],"version-history":[{"count":0,"href":"https:\/\/europeanobsndfr.org\/en\/wp-json\/wp\/v2\/posts\/16853\/revisions"}],"wp:attachment":[{"href":"https:\/\/europeanobsndfr.org\/en\/wp-json\/wp\/v2\/media?parent=16853"}],"wp:term":[{"taxonomy":"category","embeddable":true,"href":"https:\/\/europeanobsndfr.org\/en\/wp-json\/wp\/v2\/categories?post=16853"},{"taxonomy":"post_tag","embeddable":true,"href":"https:\/\/europeanobsndfr.org\/en\/wp-json\/wp\/v2\/tags?post=16853"}],"curies":[{"name":"wp","href":"https:\/\/api.w.org\/{rel}","templated":true}]}}