{"id":16922,"date":"2021-01-02T06:00:13","date_gmt":"2021-01-02T06:00:13","guid":{"rendered":"https:\/\/europeanobsndfr.org\/actualites-fr\/combat-contre-pauvrete\/la-crise-sanitaire-liee-au-covid-19-pourrait-entrainer-100-millions-de-personnes-supplementaires-dans-lextreme-pauvrete-a-travers-le-monde-plus-encore-que-precedemment-estime-a-cause-du-cov\/"},"modified":"2020-12-14T21:19:11","modified_gmt":"2020-12-14T21:19:11","slug":"la-crise-sanitaire-liee-au-covid-19-pourrait-entrainer-100-millions-de-personnes-supplementaires-dans-lextreme-pauvrete-a-travers-le-monde-plus-encore-que-precedemment-estime-a-cause-du-cov","status":"publish","type":"post","link":"https:\/\/europeanobsndfr.org\/en\/actualites-fr\/combat-contre-pauvrete\/la-crise-sanitaire-liee-au-covid-19-pourrait-entrainer-100-millions-de-personnes-supplementaires-dans-lextreme-pauvrete-a-travers-le-monde-plus-encore-que-precedemment-estime-a-cause-du-cov\/","title":{"rendered":"Monde &#x1f30d;.La crise sanitaire \u00e0 cause du Covid-19 pourrait entra\u00eener 100 millions de personnes suppl\u00e9mentaires dans l\u2019extr\u00eame pauvret\u00e9 \u00e0 travers le monde, a alert\u00e9 le pr\u00e9sident de la Banque mondiale."},"content":{"rendered":"<p dir=\"auto\"><strong>Monde &#x1f30d;.<\/strong><\/p>\n<p dir=\"auto\" style=\"text-align: justify;\"><strong><span class=\"q9uorilb tbxw36s4 knj5qynh kvgmc6g5 ditlmg2l oygrvhab nvdbi5me fgm26odu gl3lb2sf hhz5lgdu\"><img loading=\"lazy\" decoding=\"async\" src=\"https:\/\/static.xx.fbcdn.net\/images\/emoji.php\/v9\/tb4\/2\/16\/2705.png\" alt=\"&#x2705;\" width=\"16\" height=\"16\" \/><\/span> CORONAVIRUS &#8211; COVID 19.\u00a0<\/strong><strong>La crise sanitaire pourrait entra\u00eener 100 millions de personnes suppl\u00e9mentaires dans l\u2019extr\u00eame pauvret\u00e9 \u00e0 travers le monde, plus encore que le nombre pr\u00e9c\u00e9demment estim\u00e9, \u00e0 cause du Covid-19, a alert\u00e9 le Pr\u00e9sident de la Banque Mondiale, David MALPASS.<\/strong><\/p>\n<p dir=\"auto\" style=\"text-align: justify;\"><span class=\"q9uorilb tbxw36s4 knj5qynh kvgmc6g5 ditlmg2l oygrvhab nvdbi5me fgm26odu gl3lb2sf hhz5lgdu\"><img loading=\"lazy\" decoding=\"async\" src=\"https:\/\/static.xx.fbcdn.net\/images\/emoji.php\/v9\/tb4\/2\/16\/2705.png\" alt=\"&#x2705;\" width=\"16\" height=\"16\" \/><\/span> Cela rend \u00ab imp\u00e9ratif \u00bb, pour les cr\u00e9anciers, de r\u00e9duire la dette des pays pauvres, a d\u00e9clar\u00e9 David MALPASS, allant ainsi plus loin que les appels \u00e0 prolonger le moratoire sur la dette des pays les plus pauvres.<\/p>\n<p dir=\"auto\" style=\"text-align: justify;\"><span class=\"q9uorilb tbxw36s4 knj5qynh kvgmc6g5 ditlmg2l oygrvhab nvdbi5me fgm26odu gl3lb2sf hhz5lgdu\"><img loading=\"lazy\" decoding=\"async\" src=\"https:\/\/static.xx.fbcdn.net\/images\/emoji.php\/v9\/tb4\/2\/16\/2705.png\" alt=\"&#x2705;\" width=\"16\" height=\"16\" \/><\/span> Les pays du G20 ont d\u00e9cid\u00e9 en avril 2020 de suspendre jusqu\u2019\u00e0 la fin 2020 les remboursements de la dette des pays les plus pauvres.<\/p>\n<p dir=\"auto\" style=\"text-align: justify;\"><span class=\"q9uorilb tbxw36s4 knj5qynh kvgmc6g5 ditlmg2l oygrvhab nvdbi5me fgm26odu gl3lb2sf hhz5lgdu\"><img loading=\"lazy\" decoding=\"async\" src=\"https:\/\/static.xx.fbcdn.net\/images\/emoji.php\/v9\/tb4\/2\/16\/2705.png\" alt=\"&#x2705;\" width=\"16\" height=\"16\" \/><\/span> Des ONG mais aussi la Banque Mondiale appellent \u00e0 prolonger jusqu\u2019en 2021 ce moratoire, <strong>qui concerne 76 pays.<\/strong><\/p>\n<p style=\"text-align: justify;\"><span class=\"q9uorilb tbxw36s4 knj5qynh kvgmc6g5 ditlmg2l oygrvhab nvdbi5me fgm26odu gl3lb2sf hhz5lgdu\"><img loading=\"lazy\" decoding=\"async\" src=\"https:\/\/static.xx.fbcdn.net\/images\/emoji.php\/v9\/tb4\/2\/16\/2705.png\" alt=\"&#x2705;\" width=\"16\" height=\"16\" \/><\/span> En 2015, estimation la plus r\u00e9cente donn\u00e9e sur le site de la Banque mondiale, <strong>environ 734 millions d\u2019habitants vivaient d\u00e9j\u00e0 dans l\u2019extr\u00eame pauvret\u00e9, soit environ 10% de la population mondiale.<\/strong><\/p>\n<p style=\"text-align: justify;\"><strong>Mais l\u2019extr\u00eame pauvret\u00e9, c\u2019est-\u00e0-dire vivre avec moins de 1,90 dollar par jour<\/strong>, continue d\u2019augmenter depuis le d\u00e9but de la pand\u00e9mie.<\/p>\n<p style=\"text-align: justify;\">Cette d\u00e9t\u00e9rioration est due \u00e0 la combinaison des destructions d\u2019emplois pendant la pand\u00e9mie ainsi qu\u2019\u00e0 des difficult\u00e9s approvisionnement, qui complique l\u2019acc\u00e8s \u00e0 la nourriture.<\/p>\n<p style=\"text-align: justify;\"><em>\u201cTout cela contribue \u00e0 jeter les gens dans une extr\u00eame pauvret\u00e9\u201d<\/em>, tant que la crise persistera, a averti David Malpass.<\/p>\n<p dir=\"auto\" style=\"text-align: justify;\"><strong><span style=\"text-decoration: underline;\">Sources<\/span> :\u00a0<span style=\"text-decoration: underline;\"><a href=\"https:\/\/www.huffingtonpost.fr\/entry\/le-coronavirus-risque-de-pousser-100-millions-de-personnes-dans-lextreme-pauvrete_fr_5f3f00c3c5b697824f966566?fbclid=IwAR1fcCiqFjlJX_GJhFhxqT6HiHL-kDBlHRV13ux5s28p07iaGXZ004bUv6c\">Le Ccoronavirus &#8211; Covid 19 risque de pousser 100 Millions de personnes dans l&rsquo;extreme pauvret\u00e9 dans le monde.\u00a0<\/a><\/span><\/strong><\/p>\n<p dir=\"auto\" style=\"text-align: justify;\"><span style=\"color: #0000ff;\"><a class=\"oajrlxb2 g5ia77u1 qu0x051f esr5mh6w e9989ue4 r7d6kgcz rq0escxv nhd2j8a9 nc684nl6 p7hjln8o kvgmc6g5 cxmmr5t8 oygrvhab hcukyx3x jb3vyjys rz4wbd8a qt6c0cv9 a8nywdso i1ao9s8h esuyzwwr f1sip0of lzcic4wl q66pz984 gpro0wi8 b1v8xokw\" style=\"color: #0000ff;\" tabindex=\"0\" role=\"link\" href=\"https:\/\/www.facebook.com\/hashtag\/oenddf?__eep__=6&amp;__cft__[0]=AZXjVkokmYsuYkfCNLi38phEln-WlFIAT_1MNoxitbtl0LJkeQbFKs2Foe0bpXBe2mN7olF3j7AZe1ZDb4dWpg98HZMjqmY-WCKcYBzJKrZ3TArpM5ZUAMGVG_61WSIWezXEIAas-rYFfWXoumdw17FW4rjeCaBNBRQt3VitnaUONQ&amp;__tn__=*NK-R\">#OENDDF<\/a> <a class=\"oajrlxb2 g5ia77u1 qu0x051f esr5mh6w e9989ue4 r7d6kgcz rq0escxv nhd2j8a9 nc684nl6 p7hjln8o kvgmc6g5 cxmmr5t8 oygrvhab hcukyx3x jb3vyjys rz4wbd8a qt6c0cv9 a8nywdso i1ao9s8h esuyzwwr f1sip0of lzcic4wl q66pz984 gpro0wi8 b1v8xokw\" style=\"color: #0000ff;\" tabindex=\"0\" role=\"link\" href=\"https:\/\/www.facebook.com\/hashtag\/eondfr?__eep__=6&amp;__cft__[0]=AZXjVkokmYsuYkfCNLi38phEln-WlFIAT_1MNoxitbtl0LJkeQbFKs2Foe0bpXBe2mN7olF3j7AZe1ZDb4dWpg98HZMjqmY-WCKcYBzJKrZ3TArpM5ZUAMGVG_61WSIWezXEIAas-rYFfWXoumdw17FW4rjeCaBNBRQt3VitnaUONQ&amp;__tn__=*NK-R\">#EONDFR<\/a> <a class=\"oajrlxb2 g5ia77u1 qu0x051f esr5mh6w e9989ue4 r7d6kgcz rq0escxv nhd2j8a9 nc684nl6 p7hjln8o kvgmc6g5 cxmmr5t8 oygrvhab hcukyx3x jb3vyjys rz4wbd8a qt6c0cv9 a8nywdso i1ao9s8h esuyzwwr f1sip0of lzcic4wl q66pz984 gpro0wi8 b1v8xokw\" style=\"color: #0000ff;\" tabindex=\"0\" role=\"link\" href=\"https:\/\/www.facebook.com\/hashtag\/sansabri?__eep__=6&amp;__cft__[0]=AZXjVkokmYsuYkfCNLi38phEln-WlFIAT_1MNoxitbtl0LJkeQbFKs2Foe0bpXBe2mN7olF3j7AZe1ZDb4dWpg98HZMjqmY-WCKcYBzJKrZ3TArpM5ZUAMGVG_61WSIWezXEIAas-rYFfWXoumdw17FW4rjeCaBNBRQt3VitnaUONQ&amp;__tn__=*NK-R\">#sansabri<\/a> <a class=\"oajrlxb2 g5ia77u1 qu0x051f esr5mh6w e9989ue4 r7d6kgcz rq0escxv nhd2j8a9 nc684nl6 p7hjln8o kvgmc6g5 cxmmr5t8 oygrvhab hcukyx3x jb3vyjys rz4wbd8a qt6c0cv9 a8nywdso i1ao9s8h esuyzwwr f1sip0of lzcic4wl q66pz984 gpro0wi8 b1v8xokw\" style=\"color: #0000ff;\" tabindex=\"0\" role=\"link\" href=\"https:\/\/www.facebook.com\/hashtag\/sdf?__eep__=6&amp;__cft__[0]=AZXjVkokmYsuYkfCNLi38phEln-WlFIAT_1MNoxitbtl0LJkeQbFKs2Foe0bpXBe2mN7olF3j7AZe1ZDb4dWpg98HZMjqmY-WCKcYBzJKrZ3TArpM5ZUAMGVG_61WSIWezXEIAas-rYFfWXoumdw17FW4rjeCaBNBRQt3VitnaUONQ&amp;__tn__=*NK-R\">#sdf<\/a> <a class=\"oajrlxb2 g5ia77u1 qu0x051f esr5mh6w e9989ue4 r7d6kgcz rq0escxv nhd2j8a9 nc684nl6 p7hjln8o kvgmc6g5 cxmmr5t8 oygrvhab hcukyx3x jb3vyjys rz4wbd8a qt6c0cv9 a8nywdso i1ao9s8h esuyzwwr f1sip0of lzcic4wl q66pz984 gpro0wi8 b1v8xokw\" style=\"color: #0000ff;\" tabindex=\"0\" role=\"link\" href=\"https:\/\/www.facebook.com\/hashtag\/extremepoverty?__eep__=6&amp;__cft__[0]=AZXjVkokmYsuYkfCNLi38phEln-WlFIAT_1MNoxitbtl0LJkeQbFKs2Foe0bpXBe2mN7olF3j7AZe1ZDb4dWpg98HZMjqmY-WCKcYBzJKrZ3TArpM5ZUAMGVG_61WSIWezXEIAas-rYFfWXoumdw17FW4rjeCaBNBRQt3VitnaUONQ&amp;__tn__=*NK-R\">#<\/a><a class=\"oajrlxb2 g5ia77u1 qu0x051f esr5mh6w e9989ue4 r7d6kgcz rq0escxv nhd2j8a9 nc684nl6 p7hjln8o kvgmc6g5 cxmmr5t8 oygrvhab hcukyx3x jb3vyjys rz4wbd8a qt6c0cv9 a8nywdso i1ao9s8h esuyzwwr f1sip0of lzcic4wl q66pz984 gpro0wi8 b1v8xokw\" style=\"color: #0000ff;\" tabindex=\"0\" role=\"link\" href=\"https:\/\/www.facebook.com\/hashtag\/droitsfondamentaux?__eep__=6&amp;__cft__[0]=AZXjVkokmYsuYkfCNLi38phEln-WlFIAT_1MNoxitbtl0LJkeQbFKs2Foe0bpXBe2mN7olF3j7AZe1ZDb4dWpg98HZMjqmY-WCKcYBzJKrZ3TArpM5ZUAMGVG_61WSIWezXEIAas-rYFfWXoumdw17FW4rjeCaBNBRQt3VitnaUONQ&amp;__tn__=*NK-R\">droitsfondamentaux<\/a> <a class=\"oajrlxb2 g5ia77u1 qu0x051f esr5mh6w e9989ue4 r7d6kgcz rq0escxv nhd2j8a9 nc684nl6 p7hjln8o kvgmc6g5 cxmmr5t8 oygrvhab hcukyx3x jb3vyjys rz4wbd8a qt6c0cv9 a8nywdso i1ao9s8h esuyzwwr f1sip0of lzcic4wl q66pz984 gpro0wi8 b1v8xokw\" style=\"color: #0000ff;\" tabindex=\"0\" role=\"link\" href=\"https:\/\/www.facebook.com\/hashtag\/extremepoverty?__eep__=6&amp;__cft__[0]=AZXjVkokmYsuYkfCNLi38phEln-WlFIAT_1MNoxitbtl0LJkeQbFKs2Foe0bpXBe2mN7olF3j7AZe1ZDb4dWpg98HZMjqmY-WCKcYBzJKrZ3TArpM5ZUAMGVG_61WSIWezXEIAas-rYFfWXoumdw17FW4rjeCaBNBRQt3VitnaUONQ&amp;__tn__=*NK-R\">#pauvret\u00e9 <\/a> <a class=\"oajrlxb2 g5ia77u1 qu0x051f esr5mh6w e9989ue4 r7d6kgcz rq0escxv nhd2j8a9 nc684nl6 p7hjln8o kvgmc6g5 cxmmr5t8 oygrvhab hcukyx3x jb3vyjys rz4wbd8a qt6c0cv9 a8nywdso i1ao9s8h esuyzwwr f1sip0of lzcic4wl q66pz984 gpro0wi8 b1v8xokw\" style=\"color: #0000ff;\" tabindex=\"0\" role=\"link\" href=\"https:\/\/www.facebook.com\/hashtag\/dignity?__eep__=6&amp;__cft__[0]=AZXjVkokmYsuYkfCNLi38phEln-WlFIAT_1MNoxitbtl0LJkeQbFKs2Foe0bpXBe2mN7olF3j7AZe1ZDb4dWpg98HZMjqmY-WCKcYBzJKrZ3TArpM5ZUAMGVG_61WSIWezXEIAas-rYFfWXoumdw17FW4rjeCaBNBRQt3VitnaUONQ&amp;__tn__=*NK-R\">#dignit\u00e9 <\/a><a class=\"oajrlxb2 g5ia77u1 qu0x051f esr5mh6w e9989ue4 r7d6kgcz rq0escxv nhd2j8a9 nc684nl6 p7hjln8o kvgmc6g5 cxmmr5t8 oygrvhab hcukyx3x jb3vyjys rz4wbd8a qt6c0cv9 a8nywdso i1ao9s8h esuyzwwr f1sip0of lzcic4wl q66pz984 gpro0wi8 b1v8xokw\" style=\"color: #0000ff;\" tabindex=\"0\" role=\"link\" href=\"https:\/\/www.facebook.com\/hashtag\/extremepoverty?__eep__=6&amp;__cft__[0]=AZXjVkokmYsuYkfCNLi38phEln-WlFIAT_1MNoxitbtl0LJkeQbFKs2Foe0bpXBe2mN7olF3j7AZe1ZDb4dWpg98HZMjqmY-WCKcYBzJKrZ3TArpM5ZUAMGVG_61WSIWezXEIAas-rYFfWXoumdw17FW4rjeCaBNBRQt3VitnaUONQ&amp;__tn__=*NK-R\">#<\/a>crisesanitaire <a class=\"oajrlxb2 g5ia77u1 qu0x051f esr5mh6w e9989ue4 r7d6kgcz rq0escxv nhd2j8a9 nc684nl6 p7hjln8o kvgmc6g5 cxmmr5t8 oygrvhab hcukyx3x jb3vyjys rz4wbd8a qt6c0cv9 a8nywdso i1ao9s8h esuyzwwr f1sip0of lzcic4wl q66pz984 gpro0wi8 b1v8xokw\" style=\"color: #0000ff;\" tabindex=\"0\" role=\"link\" href=\"https:\/\/www.facebook.com\/hashtag\/extremepoverty?__eep__=6&amp;__cft__[0]=AZXjVkokmYsuYkfCNLi38phEln-WlFIAT_1MNoxitbtl0LJkeQbFKs2Foe0bpXBe2mN7olF3j7AZe1ZDb4dWpg98HZMjqmY-WCKcYBzJKrZ3TArpM5ZUAMGVG_61WSIWezXEIAas-rYFfWXoumdw17FW4rjeCaBNBRQt3VitnaUONQ&amp;__tn__=*NK-R\">#<\/a>Covid19<\/span><\/p>\n","protected":false},"excerpt":{"rendered":"<p>Monde &#x1f30d;. CORONAVIRUS &#8211; COVID 19.\u00a0La crise sanitaire pourrait entra\u00eener 100 millions de personnes suppl\u00e9mentaires dans l\u2019extr\u00eame pauvret\u00e9 \u00e0 travers le monde, plus encore que le nombre pr\u00e9c\u00e9demment estim\u00e9, \u00e0 cause du Covid-19, a alert\u00e9 le Pr\u00e9sident de la Banque Mondiale, David MALPASS. Cela rend \u00ab imp\u00e9ratif \u00bb, pour les cr\u00e9anciers, de r\u00e9duire la dette&#8230;<\/p>","protected":false},"author":1,"featured_media":0,"comment_status":"closed","ping_status":"closed","sticky":false,"template":"","format":"standard","meta":{"give_campaign_id":0,"_kadence_starter_templates_imported_post":false,"_kad_post_transparent":"","_kad_post_title":"","_kad_post_layout":"","_kad_post_sidebar_id":"","_kad_post_content_style":"","_kad_post_vertical_padding":"","_kad_post_feature":"","_kad_post_feature_position":"","_kad_post_header":false,"_kad_post_footer":false,"_kad_post_classname":"","_jetpack_memberships_contains_paid_content":false,"footnotes":""},"categories":[84,44],"tags":[],"class_list":["post-16922","post","type-post","status-publish","format-standard","hentry","category-asylum-migration-and-borders","category-combat-contre-pauvrete"],"aioseo_notices":[],"aioseo_head":"\n\t\t<!-- All in One SEO 5.0.1.1 - aioseo.com -->\n\t<meta name=\"description\" content=\"#OENDDF #EONDFR #homeless #endhomelessness #fundamentalrights #humanrights #extremepoverty #poverty #dignity #christinemonty #didierboyenval Covid 19. Crise sanitaire. Pand\u00e9mie.\" \/>\n\t<meta name=\"robots\" content=\"max-snippet:-1, max-image-preview:large, max-video-preview:-1\" \/>\n\t<meta name=\"author\" content=\"OENDDF\"\/>\n\t<meta name=\"google-site-verification\" content=\"KZsAbCyd-Ww06m2-MlFPa7EphgzWqs90ra8o0LfM_K8\" \/>\n\t<link rel=\"canonical\" href=\"https:\/\/europeanobsndfr.org\/en\/actualites-fr\/combat-contre-pauvrete\/la-crise-sanitaire-liee-au-covid-19-pourrait-entrainer-100-millions-de-personnes-supplementaires-dans-lextreme-pauvrete-a-travers-le-monde-plus-encore-que-precedemment-estime-a-cause-du-cov\/\" \/>\n\t<meta name=\"generator\" content=\"All in One SEO (AIOSEO) 5.0.1.1\" \/>\n\t\t<meta property=\"og:locale\" content=\"en_GB\" \/>\n\t\t<meta property=\"og:site_name\" content=\"Observatoire Europ\u00e9en de la Non-Discrimination et des Droits Fondamentaux\" \/>\n\t\t<meta property=\"og:type\" content=\"non_profit\" \/>\n\t\t<meta property=\"og:title\" content=\"#OENDDF #EONDFR #homeless #endhomelessness #fundamentalrights #humanrights #extremepoverty #poverty #dignity #christinemonty #didierboyenval Covid 19. Crise sanitaire. Pand\u00e9mie. | O.E.N.D.D.F.\" \/>\n\t\t<meta property=\"og:description\" content=\"#OENDDF #EONDFR #homeless #endhomelessness #fundamentalrights #humanrights #extremepoverty #poverty #dignity #christinemonty #didierboyenval Covid 19. Crise sanitaire. Pand\u00e9mie.\" \/>\n\t\t<meta property=\"og:url\" content=\"https:\/\/europeanobsndfr.org\/en\/actualites-fr\/combat-contre-pauvrete\/la-crise-sanitaire-liee-au-covid-19-pourrait-entrainer-100-millions-de-personnes-supplementaires-dans-lextreme-pauvrete-a-travers-le-monde-plus-encore-que-precedemment-estime-a-cause-du-cov\/\" \/>\n\t\t<meta property=\"og:image\" content=\"https:\/\/europeanobsndfr.org\/wp-content\/uploads\/2016\/11\/logo-oenddf.jpg\" \/>\n\t\t<meta property=\"og:image:secure_url\" content=\"https:\/\/europeanobsndfr.org\/wp-content\/uploads\/2016\/11\/logo-oenddf.jpg\" \/>\n\t\t<meta property=\"og:image:width\" content=\"830\" \/>\n\t\t<meta property=\"og:image:height\" content=\"600\" \/>\n\t\t<meta name=\"twitter:card\" content=\"summary\" \/>\n\t\t<meta name=\"twitter:site\" content=\"@europeanobs\" \/>\n\t\t<meta name=\"twitter:title\" content=\"#OENDDF #EONDFR #homeless #endhomelessness #fundamentalrights #humanrights #extremepoverty #poverty #dignity #christinemonty #didierboyenval Covid 19. Crise sanitaire. Pand\u00e9mie. | O.E.N.D.D.F.\" \/>\n\t\t<meta name=\"twitter:description\" content=\"#OENDDF #EONDFR #homeless #endhomelessness #fundamentalrights #humanrights #extremepoverty #poverty #dignity #christinemonty #didierboyenval Covid 19. Crise sanitaire. Pand\u00e9mie.\" \/>\n\t\t<meta name=\"twitter:creator\" content=\"@europeanobs\" \/>\n\t\t<meta name=\"twitter:image\" content=\"https:\/\/europeanobsndfr.org\/wp-content\/uploads\/2016\/11\/logo-oenddf.jpg\" \/>\n\t\t<script type=\"application\/ld+json\" class=\"aioseo-schema\">\n\t\t\t{\"@context\":\"https:\\\/\\\/schema.org\",\"@graph\":[{\"@type\":\"Article\",\"@id\":\"https:\\\/\\\/europeanobsndfr.org\\\/en\\\/actualites-fr\\\/combat-contre-pauvrete\\\/la-crise-sanitaire-liee-au-covid-19-pourrait-entrainer-100-millions-de-personnes-supplementaires-dans-lextreme-pauvrete-a-travers-le-monde-plus-encore-que-precedemment-estime-a-cause-du-cov\\\/#article\",\"name\":\"#OENDDF #EONDFR #homeless #endhomelessness #fundamentalrights #humanrights #extremepoverty #poverty #dignity #christinemonty #didierboyenval Covid 19. Crise sanitaire. Pand\\u00e9mie. | O.E.N.D.D.F.\",\"headline\":\"Monde &#x1f30d;.La crise sanitaire \\u00e0 cause du Covid-19 pourrait entra\\u00eener 100 millions de personnes suppl\\u00e9mentaires dans l\\u2019extr\\u00eame pauvret\\u00e9 \\u00e0 travers le monde, a alert\\u00e9 le pr\\u00e9sident de la Banque mondiale.\",\"author\":{\"@id\":\"https:\\\/\\\/europeanobsndfr.org\\\/en\\\/author\\\/admin\\\/#author\"},\"publisher\":{\"@id\":\"https:\\\/\\\/europeanobsndfr.org\\\/en\\\/#organization\"},\"image\":{\"@type\":\"ImageObject\",\"url\":\"https:\\\/\\\/static.xx.fbcdn.net\\\/images\\\/emoji.php\\\/v9\\\/tb4\\\/2\\\/16\\\/2705.png\",\"@id\":\"https:\\\/\\\/europeanobsndfr.org\\\/en\\\/actualites-fr\\\/combat-contre-pauvrete\\\/la-crise-sanitaire-liee-au-covid-19-pourrait-entrainer-100-millions-de-personnes-supplementaires-dans-lextreme-pauvrete-a-travers-le-monde-plus-encore-que-precedemment-estime-a-cause-du-cov\\\/#articleImage\"},\"datePublished\":\"2021-01-02T06:00:13+01:00\",\"dateModified\":\"2020-12-14T21:19:11+01:00\",\"inLanguage\":\"en-GB\",\"mainEntityOfPage\":{\"@id\":\"https:\\\/\\\/europeanobsndfr.org\\\/en\\\/actualites-fr\\\/combat-contre-pauvrete\\\/la-crise-sanitaire-liee-au-covid-19-pourrait-entrainer-100-millions-de-personnes-supplementaires-dans-lextreme-pauvrete-a-travers-le-monde-plus-encore-que-precedemment-estime-a-cause-du-cov\\\/#webpage\"},\"isPartOf\":{\"@id\":\"https:\\\/\\\/europeanobsndfr.org\\\/en\\\/actualites-fr\\\/combat-contre-pauvrete\\\/la-crise-sanitaire-liee-au-covid-19-pourrait-entrainer-100-millions-de-personnes-supplementaires-dans-lextreme-pauvrete-a-travers-le-monde-plus-encore-que-precedemment-estime-a-cause-du-cov\\\/#webpage\"},\"articleSection\":\"Asile, immigration et fronti\\u00e8res, Combat contre la pauvret\\u00e9, contre l'exclusion sociale et en faveur de l'inclusion sociale\"},{\"@type\":\"BreadcrumbList\",\"@id\":\"https:\\\/\\\/europeanobsndfr.org\\\/en\\\/actualites-fr\\\/combat-contre-pauvrete\\\/la-crise-sanitaire-liee-au-covid-19-pourrait-entrainer-100-millions-de-personnes-supplementaires-dans-lextreme-pauvrete-a-travers-le-monde-plus-encore-que-precedemment-estime-a-cause-du-cov\\\/#breadcrumblist\",\"itemListElement\":[{\"@type\":\"ListItem\",\"@id\":\"https:\\\/\\\/europeanobsndfr.org\\\/en#listItem\",\"position\":1,\"name\":\"Accueil\",\"item\":\"https:\\\/\\\/europeanobsndfr.org\\\/en\",\"nextItem\":{\"@type\":\"ListItem\",\"@id\":\"https:\\\/\\\/europeanobsndfr.org\\\/en\\\/category\\\/actualites-fr\\\/#listItem\",\"name\":\"Actualit\\u00e9\"}},{\"@type\":\"ListItem\",\"@id\":\"https:\\\/\\\/europeanobsndfr.org\\\/en\\\/category\\\/actualites-fr\\\/#listItem\",\"position\":2,\"name\":\"Actualit\\u00e9\",\"item\":\"https:\\\/\\\/europeanobsndfr.org\\\/en\\\/category\\\/actualites-fr\\\/\",\"nextItem\":{\"@type\":\"ListItem\",\"@id\":\"https:\\\/\\\/europeanobsndfr.org\\\/en\\\/category\\\/actualites-fr\\\/combat-contre-pauvrete\\\/#listItem\",\"name\":\"Combat contre la pauvret\\u00e9, contre l'exclusion sociale et en faveur de l'inclusion sociale\"},\"previousItem\":{\"@type\":\"ListItem\",\"@id\":\"https:\\\/\\\/europeanobsndfr.org\\\/en#listItem\",\"name\":\"Accueil\"}},{\"@type\":\"ListItem\",\"@id\":\"https:\\\/\\\/europeanobsndfr.org\\\/en\\\/category\\\/actualites-fr\\\/combat-contre-pauvrete\\\/#listItem\",\"position\":3,\"name\":\"Combat contre la pauvret\\u00e9, contre l'exclusion sociale et en faveur de l'inclusion sociale\",\"item\":\"https:\\\/\\\/europeanobsndfr.org\\\/en\\\/category\\\/actualites-fr\\\/combat-contre-pauvrete\\\/\",\"nextItem\":{\"@type\":\"ListItem\",\"@id\":\"https:\\\/\\\/europeanobsndfr.org\\\/en\\\/actualites-fr\\\/combat-contre-pauvrete\\\/la-crise-sanitaire-liee-au-covid-19-pourrait-entrainer-100-millions-de-personnes-supplementaires-dans-lextreme-pauvrete-a-travers-le-monde-plus-encore-que-precedemment-estime-a-cause-du-cov\\\/#listItem\",\"name\":\"Monde &#x1f30d;.La crise sanitaire \\u00e0 cause du Covid-19 pourrait entra\\u00eener 100 millions de personnes suppl\\u00e9mentaires dans l\\u2019extr\\u00eame pauvret\\u00e9 \\u00e0 travers le monde, a alert\\u00e9 le pr\\u00e9sident de la Banque mondiale.\"},\"previousItem\":{\"@type\":\"ListItem\",\"@id\":\"https:\\\/\\\/europeanobsndfr.org\\\/en\\\/category\\\/actualites-fr\\\/#listItem\",\"name\":\"Actualit\\u00e9\"}},{\"@type\":\"ListItem\",\"@id\":\"https:\\\/\\\/europeanobsndfr.org\\\/en\\\/actualites-fr\\\/combat-contre-pauvrete\\\/la-crise-sanitaire-liee-au-covid-19-pourrait-entrainer-100-millions-de-personnes-supplementaires-dans-lextreme-pauvrete-a-travers-le-monde-plus-encore-que-precedemment-estime-a-cause-du-cov\\\/#listItem\",\"position\":4,\"name\":\"Monde &#x1f30d;.La crise sanitaire \\u00e0 cause du Covid-19 pourrait entra\\u00eener 100 millions de personnes suppl\\u00e9mentaires dans l\\u2019extr\\u00eame pauvret\\u00e9 \\u00e0 travers le monde, a alert\\u00e9 le pr\\u00e9sident de la Banque mondiale.\",\"previousItem\":{\"@type\":\"ListItem\",\"@id\":\"https:\\\/\\\/europeanobsndfr.org\\\/en\\\/category\\\/actualites-fr\\\/combat-contre-pauvrete\\\/#listItem\",\"name\":\"Combat contre la pauvret\\u00e9, contre l'exclusion sociale et en faveur de l'inclusion sociale\"}}]},{\"@type\":\"Organization\",\"@id\":\"https:\\\/\\\/europeanobsndfr.org\\\/en\\\/#organization\",\"name\":\"OENDDF\",\"description\":\"Organisation Internationale Non-Gouvernementale\",\"url\":\"https:\\\/\\\/europeanobsndfr.org\\\/en\\\/\",\"logo\":{\"@type\":\"ImageObject\",\"url\":\"https:\\\/\\\/europeanobsndfr.org\\\/wp-content\\\/uploads\\\/2016\\\/11\\\/cropped-logo-oenddf.jpg\",\"@id\":\"https:\\\/\\\/europeanobsndfr.org\\\/en\\\/actualites-fr\\\/combat-contre-pauvrete\\\/la-crise-sanitaire-liee-au-covid-19-pourrait-entrainer-100-millions-de-personnes-supplementaires-dans-lextreme-pauvrete-a-travers-le-monde-plus-encore-que-precedemment-estime-a-cause-du-cov\\\/#organizationLogo\",\"width\":701,\"height\":600,\"caption\":\"Logo OENDDF\"},\"image\":{\"@id\":\"https:\\\/\\\/europeanobsndfr.org\\\/en\\\/actualites-fr\\\/combat-contre-pauvrete\\\/la-crise-sanitaire-liee-au-covid-19-pourrait-entrainer-100-millions-de-personnes-supplementaires-dans-lextreme-pauvrete-a-travers-le-monde-plus-encore-que-precedemment-estime-a-cause-du-cov\\\/#organizationLogo\"},\"sameAs\":[\"https:\\\/\\\/twitter.com\\\/europeanobs\",\"https:\\\/\\\/www.instagram.com\\\/oenddf_ngo\\\/\",\"https:\\\/\\\/www.youtube.com\\\/channel\\\/UCO9vz5fybFw1Q8pvN00CDgA\"]},{\"@type\":\"Person\",\"@id\":\"https:\\\/\\\/europeanobsndfr.org\\\/en\\\/author\\\/admin\\\/#author\",\"url\":\"https:\\\/\\\/europeanobsndfr.org\\\/en\\\/author\\\/admin\\\/\",\"name\":\"OENDDF\",\"image\":{\"@type\":\"ImageObject\",\"@id\":\"https:\\\/\\\/europeanobsndfr.org\\\/en\\\/actualites-fr\\\/combat-contre-pauvrete\\\/la-crise-sanitaire-liee-au-covid-19-pourrait-entrainer-100-millions-de-personnes-supplementaires-dans-lextreme-pauvrete-a-travers-le-monde-plus-encore-que-precedemment-estime-a-cause-du-cov\\\/#authorImage\",\"url\":\"https:\\\/\\\/secure.gravatar.com\\\/avatar\\\/f64bd673bdf1f612f36226606d41703598d9c028a910d72b461acb19a72f63d5?s=96&d=mm&r=g\",\"width\":96,\"height\":96,\"caption\":\"OENDDF\"}},{\"@type\":\"WebPage\",\"@id\":\"https:\\\/\\\/europeanobsndfr.org\\\/en\\\/actualites-fr\\\/combat-contre-pauvrete\\\/la-crise-sanitaire-liee-au-covid-19-pourrait-entrainer-100-millions-de-personnes-supplementaires-dans-lextreme-pauvrete-a-travers-le-monde-plus-encore-que-precedemment-estime-a-cause-du-cov\\\/#webpage\",\"url\":\"https:\\\/\\\/europeanobsndfr.org\\\/en\\\/actualites-fr\\\/combat-contre-pauvrete\\\/la-crise-sanitaire-liee-au-covid-19-pourrait-entrainer-100-millions-de-personnes-supplementaires-dans-lextreme-pauvrete-a-travers-le-monde-plus-encore-que-precedemment-estime-a-cause-du-cov\\\/\",\"name\":\"#OENDDF #EONDFR #homeless #endhomelessness #fundamentalrights #humanrights #extremepoverty #poverty #dignity #christinemonty #didierboyenval Covid 19. Crise sanitaire. Pand\\u00e9mie. | O.E.N.D.D.F.\",\"description\":\"#OENDDF #EONDFR #homeless #endhomelessness #fundamentalrights #humanrights #extremepoverty #poverty #dignity #christinemonty #didierboyenval Covid 19. Crise sanitaire. Pand\\u00e9mie.\",\"inLanguage\":\"en-GB\",\"isPartOf\":{\"@id\":\"https:\\\/\\\/europeanobsndfr.org\\\/en\\\/#website\"},\"breadcrumb\":{\"@id\":\"https:\\\/\\\/europeanobsndfr.org\\\/en\\\/actualites-fr\\\/combat-contre-pauvrete\\\/la-crise-sanitaire-liee-au-covid-19-pourrait-entrainer-100-millions-de-personnes-supplementaires-dans-lextreme-pauvrete-a-travers-le-monde-plus-encore-que-precedemment-estime-a-cause-du-cov\\\/#breadcrumblist\"},\"author\":{\"@id\":\"https:\\\/\\\/europeanobsndfr.org\\\/en\\\/author\\\/admin\\\/#author\"},\"creator\":{\"@id\":\"https:\\\/\\\/europeanobsndfr.org\\\/en\\\/author\\\/admin\\\/#author\"},\"datePublished\":\"2021-01-02T06:00:13+01:00\",\"dateModified\":\"2020-12-14T21:19:11+01:00\"},{\"@type\":\"WebSite\",\"@id\":\"https:\\\/\\\/europeanobsndfr.org\\\/en\\\/#website\",\"url\":\"https:\\\/\\\/europeanobsndfr.org\\\/en\\\/\",\"name\":\"Observatoire Europ\\u00e9en de la Non-Discrimination et des Droits Fondamentaux\",\"description\":\"Organisation Internationale Non-Gouvernementale\",\"inLanguage\":\"en-GB\",\"publisher\":{\"@id\":\"https:\\\/\\\/europeanobsndfr.org\\\/en\\\/#organization\"}}]}\n\t\t<\/script>\n\t\t<!-- All in One SEO -->\n\n","aioseo_head_json":{"title":"#OENDDF #EONDFR #homeless #endhomelessness #fundamentalrights #humanrights #extremepoverty #poverty #dignity #christinemonty #didierboyenval Covid 19. Crise sanitaire. Pand\u00e9mie. | O.E.N.D.D.F.","description":"#OENDDF #EONDFR #homeless #endhomelessness #fundamentalrights #humanrights #extremepoverty #poverty #dignity #christinemonty #didierboyenval Covid 19. Crise sanitaire. Pand\u00e9mie.","canonical_url":"https:\/\/europeanobsndfr.org\/en\/actualites-fr\/combat-contre-pauvrete\/la-crise-sanitaire-liee-au-covid-19-pourrait-entrainer-100-millions-de-personnes-supplementaires-dans-lextreme-pauvrete-a-travers-le-monde-plus-encore-que-precedemment-estime-a-cause-du-cov\/","robots":"max-snippet:-1, max-image-preview:large, max-video-preview:-1","keywords":"","webmasterTools":{"google-site-verification":"KZsAbCyd-Ww06m2-MlFPa7EphgzWqs90ra8o0LfM_K8","miscellaneous":""},"schema":{"@context":"https:\/\/schema.org","@graph":[{"@type":"Article","@id":"https:\/\/europeanobsndfr.org\/en\/actualites-fr\/combat-contre-pauvrete\/la-crise-sanitaire-liee-au-covid-19-pourrait-entrainer-100-millions-de-personnes-supplementaires-dans-lextreme-pauvrete-a-travers-le-monde-plus-encore-que-precedemment-estime-a-cause-du-cov\/#article","name":"#OENDDF #EONDFR #homeless #endhomelessness #fundamentalrights #humanrights #extremepoverty #poverty #dignity #christinemonty #didierboyenval Covid 19. Crise sanitaire. Pand\u00e9mie. | O.E.N.D.D.F.","headline":"Monde &#x1f30d;.La crise sanitaire \u00e0 cause du Covid-19 pourrait entra\u00eener 100 millions de personnes suppl\u00e9mentaires dans l\u2019extr\u00eame pauvret\u00e9 \u00e0 travers le monde, a alert\u00e9 le pr\u00e9sident de la Banque mondiale.","author":{"@id":"https:\/\/europeanobsndfr.org\/en\/author\/admin\/#author"},"publisher":{"@id":"https:\/\/europeanobsndfr.org\/en\/#organization"},"image":{"@type":"ImageObject","url":"https:\/\/static.xx.fbcdn.net\/images\/emoji.php\/v9\/tb4\/2\/16\/2705.png","@id":"https:\/\/europeanobsndfr.org\/en\/actualites-fr\/combat-contre-pauvrete\/la-crise-sanitaire-liee-au-covid-19-pourrait-entrainer-100-millions-de-personnes-supplementaires-dans-lextreme-pauvrete-a-travers-le-monde-plus-encore-que-precedemment-estime-a-cause-du-cov\/#articleImage"},"datePublished":"2021-01-02T06:00:13+01:00","dateModified":"2020-12-14T21:19:11+01:00","inLanguage":"en-GB","mainEntityOfPage":{"@id":"https:\/\/europeanobsndfr.org\/en\/actualites-fr\/combat-contre-pauvrete\/la-crise-sanitaire-liee-au-covid-19-pourrait-entrainer-100-millions-de-personnes-supplementaires-dans-lextreme-pauvrete-a-travers-le-monde-plus-encore-que-precedemment-estime-a-cause-du-cov\/#webpage"},"isPartOf":{"@id":"https:\/\/europeanobsndfr.org\/en\/actualites-fr\/combat-contre-pauvrete\/la-crise-sanitaire-liee-au-covid-19-pourrait-entrainer-100-millions-de-personnes-supplementaires-dans-lextreme-pauvrete-a-travers-le-monde-plus-encore-que-precedemment-estime-a-cause-du-cov\/#webpage"},"articleSection":"Asile, immigration et fronti\u00e8res, Combat contre la pauvret\u00e9, contre l'exclusion sociale et en faveur de l'inclusion sociale"},{"@type":"BreadcrumbList","@id":"https:\/\/europeanobsndfr.org\/en\/actualites-fr\/combat-contre-pauvrete\/la-crise-sanitaire-liee-au-covid-19-pourrait-entrainer-100-millions-de-personnes-supplementaires-dans-lextreme-pauvrete-a-travers-le-monde-plus-encore-que-precedemment-estime-a-cause-du-cov\/#breadcrumblist","itemListElement":[{"@type":"ListItem","@id":"https:\/\/europeanobsndfr.org\/en#listItem","position":1,"name":"Accueil","item":"https:\/\/europeanobsndfr.org\/en","nextItem":{"@type":"ListItem","@id":"https:\/\/europeanobsndfr.org\/en\/category\/actualites-fr\/#listItem","name":"Actualit\u00e9"}},{"@type":"ListItem","@id":"https:\/\/europeanobsndfr.org\/en\/category\/actualites-fr\/#listItem","position":2,"name":"Actualit\u00e9","item":"https:\/\/europeanobsndfr.org\/en\/category\/actualites-fr\/","nextItem":{"@type":"ListItem","@id":"https:\/\/europeanobsndfr.org\/en\/category\/actualites-fr\/combat-contre-pauvrete\/#listItem","name":"Combat contre la pauvret\u00e9, contre l'exclusion sociale et en faveur de l'inclusion sociale"},"previousItem":{"@type":"ListItem","@id":"https:\/\/europeanobsndfr.org\/en#listItem","name":"Accueil"}},{"@type":"ListItem","@id":"https:\/\/europeanobsndfr.org\/en\/category\/actualites-fr\/combat-contre-pauvrete\/#listItem","position":3,"name":"Combat contre la pauvret\u00e9, contre l'exclusion sociale et en faveur de l'inclusion sociale","item":"https:\/\/europeanobsndfr.org\/en\/category\/actualites-fr\/combat-contre-pauvrete\/","nextItem":{"@type":"ListItem","@id":"https:\/\/europeanobsndfr.org\/en\/actualites-fr\/combat-contre-pauvrete\/la-crise-sanitaire-liee-au-covid-19-pourrait-entrainer-100-millions-de-personnes-supplementaires-dans-lextreme-pauvrete-a-travers-le-monde-plus-encore-que-precedemment-estime-a-cause-du-cov\/#listItem","name":"Monde &#x1f30d;.La crise sanitaire \u00e0 cause du Covid-19 pourrait entra\u00eener 100 millions de personnes suppl\u00e9mentaires dans l\u2019extr\u00eame pauvret\u00e9 \u00e0 travers le monde, a alert\u00e9 le pr\u00e9sident de la Banque mondiale."},"previousItem":{"@type":"ListItem","@id":"https:\/\/europeanobsndfr.org\/en\/category\/actualites-fr\/#listItem","name":"Actualit\u00e9"}},{"@type":"ListItem","@id":"https:\/\/europeanobsndfr.org\/en\/actualites-fr\/combat-contre-pauvrete\/la-crise-sanitaire-liee-au-covid-19-pourrait-entrainer-100-millions-de-personnes-supplementaires-dans-lextreme-pauvrete-a-travers-le-monde-plus-encore-que-precedemment-estime-a-cause-du-cov\/#listItem","position":4,"name":"Monde &#x1f30d;.La crise sanitaire \u00e0 cause du Covid-19 pourrait entra\u00eener 100 millions de personnes suppl\u00e9mentaires dans l\u2019extr\u00eame pauvret\u00e9 \u00e0 travers le monde, a alert\u00e9 le pr\u00e9sident de la Banque mondiale.","previousItem":{"@type":"ListItem","@id":"https:\/\/europeanobsndfr.org\/en\/category\/actualites-fr\/combat-contre-pauvrete\/#listItem","name":"Combat contre la pauvret\u00e9, contre l'exclusion sociale et en faveur de l'inclusion sociale"}}]},{"@type":"Organization","@id":"https:\/\/europeanobsndfr.org\/en\/#organization","name":"OENDDF","description":"Organisation Internationale Non-Gouvernementale","url":"https:\/\/europeanobsndfr.org\/en\/","logo":{"@type":"ImageObject","url":"https:\/\/europeanobsndfr.org\/wp-content\/uploads\/2016\/11\/cropped-logo-oenddf.jpg","@id":"https:\/\/europeanobsndfr.org\/en\/actualites-fr\/combat-contre-pauvrete\/la-crise-sanitaire-liee-au-covid-19-pourrait-entrainer-100-millions-de-personnes-supplementaires-dans-lextreme-pauvrete-a-travers-le-monde-plus-encore-que-precedemment-estime-a-cause-du-cov\/#organizationLogo","width":701,"height":600,"caption":"Logo OENDDF"},"image":{"@id":"https:\/\/europeanobsndfr.org\/en\/actualites-fr\/combat-contre-pauvrete\/la-crise-sanitaire-liee-au-covid-19-pourrait-entrainer-100-millions-de-personnes-supplementaires-dans-lextreme-pauvrete-a-travers-le-monde-plus-encore-que-precedemment-estime-a-cause-du-cov\/#organizationLogo"},"sameAs":["https:\/\/twitter.com\/europeanobs","https:\/\/www.instagram.com\/oenddf_ngo\/","https:\/\/www.youtube.com\/channel\/UCO9vz5fybFw1Q8pvN00CDgA"]},{"@type":"Person","@id":"https:\/\/europeanobsndfr.org\/en\/author\/admin\/#author","url":"https:\/\/europeanobsndfr.org\/en\/author\/admin\/","name":"OENDDF","image":{"@type":"ImageObject","@id":"https:\/\/europeanobsndfr.org\/en\/actualites-fr\/combat-contre-pauvrete\/la-crise-sanitaire-liee-au-covid-19-pourrait-entrainer-100-millions-de-personnes-supplementaires-dans-lextreme-pauvrete-a-travers-le-monde-plus-encore-que-precedemment-estime-a-cause-du-cov\/#authorImage","url":"https:\/\/secure.gravatar.com\/avatar\/f64bd673bdf1f612f36226606d41703598d9c028a910d72b461acb19a72f63d5?s=96&d=mm&r=g","width":96,"height":96,"caption":"OENDDF"}},{"@type":"WebPage","@id":"https:\/\/europeanobsndfr.org\/en\/actualites-fr\/combat-contre-pauvrete\/la-crise-sanitaire-liee-au-covid-19-pourrait-entrainer-100-millions-de-personnes-supplementaires-dans-lextreme-pauvrete-a-travers-le-monde-plus-encore-que-precedemment-estime-a-cause-du-cov\/#webpage","url":"https:\/\/europeanobsndfr.org\/en\/actualites-fr\/combat-contre-pauvrete\/la-crise-sanitaire-liee-au-covid-19-pourrait-entrainer-100-millions-de-personnes-supplementaires-dans-lextreme-pauvrete-a-travers-le-monde-plus-encore-que-precedemment-estime-a-cause-du-cov\/","name":"#OENDDF #EONDFR #homeless #endhomelessness #fundamentalrights #humanrights #extremepoverty #poverty #dignity #christinemonty #didierboyenval Covid 19. Crise sanitaire. Pand\u00e9mie. | O.E.N.D.D.F.","description":"#OENDDF #EONDFR #homeless #endhomelessness #fundamentalrights #humanrights #extremepoverty #poverty #dignity #christinemonty #didierboyenval Covid 19. Crise sanitaire. Pand\u00e9mie.","inLanguage":"en-GB","isPartOf":{"@id":"https:\/\/europeanobsndfr.org\/en\/#website"},"breadcrumb":{"@id":"https:\/\/europeanobsndfr.org\/en\/actualites-fr\/combat-contre-pauvrete\/la-crise-sanitaire-liee-au-covid-19-pourrait-entrainer-100-millions-de-personnes-supplementaires-dans-lextreme-pauvrete-a-travers-le-monde-plus-encore-que-precedemment-estime-a-cause-du-cov\/#breadcrumblist"},"author":{"@id":"https:\/\/europeanobsndfr.org\/en\/author\/admin\/#author"},"creator":{"@id":"https:\/\/europeanobsndfr.org\/en\/author\/admin\/#author"},"datePublished":"2021-01-02T06:00:13+01:00","dateModified":"2020-12-14T21:19:11+01:00"},{"@type":"WebSite","@id":"https:\/\/europeanobsndfr.org\/en\/#website","url":"https:\/\/europeanobsndfr.org\/en\/","name":"Observatoire Europ\u00e9en de la Non-Discrimination et des Droits Fondamentaux","description":"Organisation Internationale Non-Gouvernementale","inLanguage":"en-GB","publisher":{"@id":"https:\/\/europeanobsndfr.org\/en\/#organization"}}]},"og:locale":"en_GB","og:site_name":"Observatoire Europ\u00e9en de la Non-Discrimination et des Droits Fondamentaux","og:type":"non_profit","og:title":"#OENDDF #EONDFR #homeless #endhomelessness #fundamentalrights #humanrights #extremepoverty #poverty #dignity #christinemonty #didierboyenval Covid 19. Crise sanitaire. Pand\u00e9mie. | O.E.N.D.D.F.","og:description":"#OENDDF #EONDFR #homeless #endhomelessness #fundamentalrights #humanrights #extremepoverty #poverty #dignity #christinemonty #didierboyenval Covid 19. Crise sanitaire. Pand\u00e9mie.","og:url":"https:\/\/europeanobsndfr.org\/en\/actualites-fr\/combat-contre-pauvrete\/la-crise-sanitaire-liee-au-covid-19-pourrait-entrainer-100-millions-de-personnes-supplementaires-dans-lextreme-pauvrete-a-travers-le-monde-plus-encore-que-precedemment-estime-a-cause-du-cov\/","og:image":"https:\/\/europeanobsndfr.org\/wp-content\/uploads\/2016\/11\/logo-oenddf.jpg","og:image:secure_url":"https:\/\/europeanobsndfr.org\/wp-content\/uploads\/2016\/11\/logo-oenddf.jpg","og:image:width":830,"og:image:height":600,"twitter:card":"summary","twitter:site":"@europeanobs","twitter:title":"#OENDDF #EONDFR #homeless #endhomelessness #fundamentalrights #humanrights #extremepoverty #poverty #dignity #christinemonty #didierboyenval Covid 19. Crise sanitaire. Pand\u00e9mie. | O.E.N.D.D.F.","twitter:description":"#OENDDF #EONDFR #homeless #endhomelessness #fundamentalrights #humanrights #extremepoverty #poverty #dignity #christinemonty #didierboyenval Covid 19. Crise sanitaire. Pand\u00e9mie.","twitter:creator":"@europeanobs","twitter:image":"https:\/\/europeanobsndfr.org\/wp-content\/uploads\/2016\/11\/logo-oenddf.jpg"},"aioseo_meta_data":{"post_id":"16922","title":"#OENDDF #EONDFR #homeless #endhomelessness #fundamentalrights #humanrights #extremepoverty #poverty #dignity #christinemonty #didierboyenval Covid 19. Crise sanitaire. Pand\u00e9mie. | O.E.N.D.D.F.","description":"#OENDDF #EONDFR #homeless #endhomelessness #fundamentalrights #humanrights #extremepoverty #poverty #dignity #christinemonty #didierboyenval Covid 19. Crise sanitaire. Pand\u00e9mie.","keywords":null,"keyphrases":null,"primary_term":null,"canonical_url":null,"og_title":"","og_description":"","og_object_type":"non_profit","og_image_type":"default","og_image_url":null,"og_image_width":null,"og_image_height":null,"og_image_custom_url":null,"og_image_custom_fields":null,"og_video":"","og_custom_url":null,"og_article_section":"","og_article_tags":"","twitter_use_og":false,"twitter_card":"summary","twitter_image_type":"default","twitter_image_url":null,"twitter_image_custom_url":null,"twitter_image_custom_fields":null,"twitter_title":null,"twitter_description":null,"schema":{"blockGraphs":[],"customGraphs":[],"default":{"data":{"Article":[],"Course":[],"Dataset":[],"FAQPage":[],"Movie":[],"Person":[],"Product":[],"ProductReview":[],"Car":[],"Recipe":[],"Service":[],"SoftwareApplication":[],"WebPage":[]},"graphName":"","isEnabled":true},"graphs":[],"defaultGraph":"","defaultPostTypeGraph":""},"schema_type":null,"schema_type_options":null,"pillar_content":false,"robots_default":true,"robots_noindex":false,"robots_noarchive":false,"robots_nosnippet":false,"robots_nofollow":false,"robots_noimageindex":false,"robots_noodp":false,"robots_notranslate":false,"robots_max_snippet":null,"robots_max_videopreview":null,"robots_max_imagepreview":"large","priority":null,"frequency":null,"local_seo":null,"breadcrumb_settings":null,"limit_modified_date":false,"ai":null,"created":"2021-01-22 17:38:47","updated":"2025-08-01 21:43:19","focus_keyword":null,"additional_keywords":null,"truseo_locale":null,"seo_analyzer_scan_date":null},"jetpack_featured_media_url":"","jetpack-related-posts":[],"jetpack_sharing_enabled":true,"_links":{"self":[{"href":"https:\/\/europeanobsndfr.org\/en\/wp-json\/wp\/v2\/posts\/16922","targetHints":{"allow":["GET"]}}],"collection":[{"href":"https:\/\/europeanobsndfr.org\/en\/wp-json\/wp\/v2\/posts"}],"about":[{"href":"https:\/\/europeanobsndfr.org\/en\/wp-json\/wp\/v2\/types\/post"}],"author":[{"embeddable":true,"href":"https:\/\/europeanobsndfr.org\/en\/wp-json\/wp\/v2\/users\/1"}],"replies":[{"embeddable":true,"href":"https:\/\/europeanobsndfr.org\/en\/wp-json\/wp\/v2\/comments?post=16922"}],"version-history":[{"count":0,"href":"https:\/\/europeanobsndfr.org\/en\/wp-json\/wp\/v2\/posts\/16922\/revisions"}],"wp:attachment":[{"href":"https:\/\/europeanobsndfr.org\/en\/wp-json\/wp\/v2\/media?parent=16922"}],"wp:term":[{"taxonomy":"category","embeddable":true,"href":"https:\/\/europeanobsndfr.org\/en\/wp-json\/wp\/v2\/categories?post=16922"},{"taxonomy":"post_tag","embeddable":true,"href":"https:\/\/europeanobsndfr.org\/en\/wp-json\/wp\/v2\/tags?post=16922"}],"curies":[{"name":"wp","href":"https:\/\/api.w.org\/{rel}","templated":true}]}}