{"id":17093,"date":"2021-02-01T21:41:56","date_gmt":"2021-02-01T20:41:56","guid":{"rendered":"https:\/\/europeanobsndfr.org\/actualites-fr\/asylum-migration-and-borders\/17088\/"},"modified":"2021-02-25T11:42:48","modified_gmt":"2021-02-25T10:42:48","slug":"le-bangladesh-isole-les-musulmans-rohingyas-apatrides-sur-une-ile-du-golfe-du-bengale-balayee-par-des-cyclones-qui-prendra-leur-defense","status":"publish","type":"post","link":"https:\/\/europeanobsndfr.org\/en\/actualites-fr\/combat-contre-pauvrete\/le-bangladesh-isole-les-musulmans-rohingyas-apatrides-sur-une-ile-du-golfe-du-bengale-balayee-par-des-cyclones-qui-prendra-leur-defense\/","title":{"rendered":"Le Bangladesh isole les musulmans Rohingyas apatrides sur une \u00eele du Golfe du Bengale \u00ab balay\u00e9e par des cyclones \u00bb. Qui prendra leur d\u00e9fense ?"},"content":{"rendered":"<p style=\"text-align: justify;\"><strong>BANGLADESH &#x1f1e7;&#x1f1e9;.<\/strong><\/p>\n<p style=\"text-align: justify;\">&#x2705; Le Bangladesh isole les musulmans Rohingyas apatrides sur une \u00eele du Golfe du Bengale \u00ab balay\u00e9e par des cyclones \u00bb.<\/p>\n<p style=\"text-align: justify;\">&#x2705; Cette \u00eele submersible du golfe du Bengale a surgi des eaux en 2012 \u00e0 la faveur des mar\u00e9es et des changements de courants.<\/p>\n<p style=\"text-align: justify;\">&#x2705; Victimes depuis des ann\u00e9es d\u2019exactions de la part de l\u2019arm\u00e9e birmane, ces r\u00e9fugi\u00e9s musulmans tr\u00e8s pauvres forment l\u2019un des plus grands peuples apatrides au monde.<\/p>\n<p style=\"text-align: justify;\"><strong>Qui prendra leur d\u00e9fense ?<\/strong><\/p>\n<p style=\"text-align: justify;\">#OENDDF #EONDFR #musulmans #Rohingyas #discriminations #droitsfondamentaux \u2063\u2063\u2063\u2063\u2063\u2063\u2063\u2063\u2063#dignity #Birmanie #Bangladesh<\/p>\n<p style=\"text-align: justify;\"><strong>Sources :\u00a0<a href=\"https:\/\/www.courrierinternational.com\/une\/apatrides-le-bangladesh-isole-les-rohingyas-sur-une-ile-balayee-par-des-cyclones?fbclid=IwAR0m1-1Q5QmMJlXqSQN_iFzeedYK49jw1PBLhTNR1qyWQLkl7msFTJhCFeg\"><span class=\"JLqJ4b\" data-language-for-alternatives=\"en\" data-language-to-translate-into=\"fr\" data-phrase-index=\"1\"><span class=\"JLqJ4b ChMk0b\" data-language-for-alternatives=\"en\" data-language-to-translate-into=\"fr\" data-phrase-index=\"2\">Le Bangladesh isole les musulmans Rohingyas apatrides sur une \u00eele du Golfe du Bengale \u00ab balay\u00e9e par des cyclones \u00bb.<\/span><\/span><\/a><\/strong><\/p>\n<p style=\"text-align: justify;\"><span class=\"JLqJ4b\" data-language-for-alternatives=\"en\" data-language-to-translate-into=\"fr\" data-phrase-index=\"1\"><span class=\"JLqJ4b ChMk0b\" data-language-for-alternatives=\"en\" data-language-to-translate-into=\"fr\" data-phrase-index=\"2\">#OENDDF #EONDFR #Muslims #Rohingyas #discriminations #fundamentalrights #humanrights \u2063\u2063\u2063\u2063\u2063\u2063\u2063#dignity #Birmania #Bangladesh<\/span><\/span><\/p>","protected":false},"excerpt":{"rendered":"<p>BANGLADESH &#x1f1e7;&#x1f1e9;. &#x2705; Le Bangladesh isole les musulmans Rohingyas apatrides sur une \u00eele du Golfe du Bengale \u00ab balay\u00e9e par des cyclones \u00bb. &#x2705; Cette \u00eele submersible du golfe du Bengale a surgi des eaux en 2012 \u00e0 la faveur des mar\u00e9es et des changements de courants. &#x2705; Victimes depuis des ann\u00e9es d\u2019exactions de la&#8230;<\/p>","protected":false},"author":1,"featured_media":0,"comment_status":"closed","ping_status":"closed","sticky":false,"template":"","format":"standard","meta":{"give_campaign_id":0,"_kadence_starter_templates_imported_post":false,"_kad_post_transparent":"","_kad_post_title":"","_kad_post_layout":"","_kad_post_sidebar_id":"","_kad_post_content_style":"","_kad_post_vertical_padding":"","_kad_post_feature":"","_kad_post_feature_position":"","_kad_post_header":false,"_kad_post_footer":false,"_kad_post_classname":"","_jetpack_memberships_contains_paid_content":false,"footnotes":""},"categories":[84,44,52],"tags":[],"class_list":["post-17093","post","type-post","status-publish","format-standard","hentry","category-asylum-migration-and-borders","category-combat-contre-pauvrete","category-integration-des-minorites-ethniques-et-nationales"],"aioseo_notices":[],"aioseo_head":"\n\t\t<!-- All in One SEO 5.0.1.1 - aioseo.com -->\n\t<meta name=\"description\" content=\"Le Bangladesh isole les musulmans Rohingyas apatrides sur une \u00eele du Golfe du Bengale \u00ab balay\u00e9e par des cyclones\" \/>\n\t<meta name=\"robots\" content=\"max-snippet:-1, max-image-preview:large, max-video-preview:-1\" \/>\n\t<meta name=\"author\" content=\"OENDDF\"\/>\n\t<meta name=\"google-site-verification\" content=\"KZsAbCyd-Ww06m2-MlFPa7EphgzWqs90ra8o0LfM_K8\" \/>\n\t<link rel=\"canonical\" href=\"https:\/\/europeanobsndfr.org\/en\/actualites-fr\/combat-contre-pauvrete\/le-bangladesh-isole-les-musulmans-rohingyas-apatrides-sur-une-ile-du-golfe-du-bengale-balayee-par-des-cyclones-qui-prendra-leur-defense\/\" \/>\n\t<meta name=\"generator\" content=\"All in One SEO (AIOSEO) 5.0.1.1\" \/>\n\t\t<meta property=\"og:locale\" content=\"en_GB\" \/>\n\t\t<meta property=\"og:site_name\" content=\"Observatoire Europ\u00e9en de la Non-Discrimination et des Droits Fondamentaux\" \/>\n\t\t<meta property=\"og:type\" content=\"non_profit\" \/>\n\t\t<meta property=\"og:title\" content=\"Le Bangladesh isole les musulmans Rohingyas apatrides sur une \u00eele du Golfe du Bengale \u00ab balay\u00e9e par des cyclones | O.E.N.D.D.F.\" \/>\n\t\t<meta property=\"og:description\" content=\"Le Bangladesh isole les musulmans Rohingyas apatrides sur une \u00eele du Golfe du Bengale \u00ab balay\u00e9e par des cyclones\" \/>\n\t\t<meta property=\"og:url\" content=\"https:\/\/europeanobsndfr.org\/en\/actualites-fr\/combat-contre-pauvrete\/le-bangladesh-isole-les-musulmans-rohingyas-apatrides-sur-une-ile-du-golfe-du-bengale-balayee-par-des-cyclones-qui-prendra-leur-defense\/\" \/>\n\t\t<meta property=\"og:image\" content=\"https:\/\/europeanobsndfr.org\/wp-content\/uploads\/2016\/11\/logo-oenddf.jpg\" \/>\n\t\t<meta property=\"og:image:secure_url\" content=\"https:\/\/europeanobsndfr.org\/wp-content\/uploads\/2016\/11\/logo-oenddf.jpg\" \/>\n\t\t<meta property=\"og:image:width\" content=\"830\" \/>\n\t\t<meta property=\"og:image:height\" content=\"600\" \/>\n\t\t<meta name=\"twitter:card\" content=\"summary\" \/>\n\t\t<meta name=\"twitter:site\" content=\"@europeanobs\" \/>\n\t\t<meta name=\"twitter:title\" content=\"Le Bangladesh isole les musulmans Rohingyas apatrides sur une \u00eele du Golfe du Bengale \u00ab balay\u00e9e par des cyclones | O.E.N.D.D.F.\" \/>\n\t\t<meta name=\"twitter:description\" content=\"Le Bangladesh isole les musulmans Rohingyas apatrides sur une \u00eele du Golfe du Bengale \u00ab balay\u00e9e par des cyclones\" \/>\n\t\t<meta name=\"twitter:creator\" content=\"@europeanobs\" \/>\n\t\t<meta name=\"twitter:image\" content=\"https:\/\/europeanobsndfr.org\/wp-content\/uploads\/2016\/11\/logo-oenddf.jpg\" \/>\n\t\t<script type=\"application\/ld+json\" class=\"aioseo-schema\">\n\t\t\t{\"@context\":\"https:\\\/\\\/schema.org\",\"@graph\":[{\"@type\":\"Article\",\"@id\":\"https:\\\/\\\/europeanobsndfr.org\\\/en\\\/actualites-fr\\\/combat-contre-pauvrete\\\/le-bangladesh-isole-les-musulmans-rohingyas-apatrides-sur-une-ile-du-golfe-du-bengale-balayee-par-des-cyclones-qui-prendra-leur-defense\\\/#article\",\"name\":\"Le Bangladesh isole les musulmans Rohingyas apatrides sur une \\u00eele du Golfe du Bengale \\u00ab balay\\u00e9e par des cyclones | O.E.N.D.D.F.\",\"headline\":\"Le Bangladesh isole les musulmans Rohingyas apatrides sur une \\u00eele du Golfe du Bengale \\u00ab balay\\u00e9e par des cyclones \\u00bb. Qui prendra leur d\\u00e9fense ?\",\"author\":{\"@id\":\"https:\\\/\\\/europeanobsndfr.org\\\/en\\\/author\\\/admin\\\/#author\"},\"publisher\":{\"@id\":\"https:\\\/\\\/europeanobsndfr.org\\\/en\\\/#organization\"},\"image\":{\"@type\":\"ImageObject\",\"url\":\"https:\\\/\\\/europeanobsndfr.org\\\/wp-content\\\/uploads\\\/2016\\\/11\\\/cropped-logo-oenddf.jpg\",\"@id\":\"https:\\\/\\\/europeanobsndfr.org\\\/en\\\/#articleImage\",\"width\":701,\"height\":600,\"caption\":\"Logo OENDDF\"},\"datePublished\":\"2021-02-01T21:41:56+01:00\",\"dateModified\":\"2021-02-25T11:42:48+01:00\",\"inLanguage\":\"en-GB\",\"mainEntityOfPage\":{\"@id\":\"https:\\\/\\\/europeanobsndfr.org\\\/en\\\/actualites-fr\\\/combat-contre-pauvrete\\\/le-bangladesh-isole-les-musulmans-rohingyas-apatrides-sur-une-ile-du-golfe-du-bengale-balayee-par-des-cyclones-qui-prendra-leur-defense\\\/#webpage\"},\"isPartOf\":{\"@id\":\"https:\\\/\\\/europeanobsndfr.org\\\/en\\\/actualites-fr\\\/combat-contre-pauvrete\\\/le-bangladesh-isole-les-musulmans-rohingyas-apatrides-sur-une-ile-du-golfe-du-bengale-balayee-par-des-cyclones-qui-prendra-leur-defense\\\/#webpage\"},\"articleSection\":\"Asile, immigration et fronti\\u00e8res, Combat contre la pauvret\\u00e9, contre l'exclusion sociale et en faveur de l'inclusion sociale, Racisme &amp; et intol\\u00e9rances li\\u00e9es \\\/ Int\\u00e9gration des minorit\\u00e9s ethniques et nationales\"},{\"@type\":\"BreadcrumbList\",\"@id\":\"https:\\\/\\\/europeanobsndfr.org\\\/en\\\/actualites-fr\\\/combat-contre-pauvrete\\\/le-bangladesh-isole-les-musulmans-rohingyas-apatrides-sur-une-ile-du-golfe-du-bengale-balayee-par-des-cyclones-qui-prendra-leur-defense\\\/#breadcrumblist\",\"itemListElement\":[{\"@type\":\"ListItem\",\"@id\":\"https:\\\/\\\/europeanobsndfr.org\\\/en#listItem\",\"position\":1,\"name\":\"Accueil\",\"item\":\"https:\\\/\\\/europeanobsndfr.org\\\/en\",\"nextItem\":{\"@type\":\"ListItem\",\"@id\":\"https:\\\/\\\/europeanobsndfr.org\\\/en\\\/category\\\/actualites-fr\\\/#listItem\",\"name\":\"Actualit\\u00e9\"}},{\"@type\":\"ListItem\",\"@id\":\"https:\\\/\\\/europeanobsndfr.org\\\/en\\\/category\\\/actualites-fr\\\/#listItem\",\"position\":2,\"name\":\"Actualit\\u00e9\",\"item\":\"https:\\\/\\\/europeanobsndfr.org\\\/en\\\/category\\\/actualites-fr\\\/\",\"nextItem\":{\"@type\":\"ListItem\",\"@id\":\"https:\\\/\\\/europeanobsndfr.org\\\/en\\\/category\\\/actualites-fr\\\/combat-contre-pauvrete\\\/#listItem\",\"name\":\"Combat contre la pauvret\\u00e9, contre l'exclusion sociale et en faveur de l'inclusion sociale\"},\"previousItem\":{\"@type\":\"ListItem\",\"@id\":\"https:\\\/\\\/europeanobsndfr.org\\\/en#listItem\",\"name\":\"Accueil\"}},{\"@type\":\"ListItem\",\"@id\":\"https:\\\/\\\/europeanobsndfr.org\\\/en\\\/category\\\/actualites-fr\\\/combat-contre-pauvrete\\\/#listItem\",\"position\":3,\"name\":\"Combat contre la pauvret\\u00e9, contre l'exclusion sociale et en faveur de l'inclusion sociale\",\"item\":\"https:\\\/\\\/europeanobsndfr.org\\\/en\\\/category\\\/actualites-fr\\\/combat-contre-pauvrete\\\/\",\"nextItem\":{\"@type\":\"ListItem\",\"@id\":\"https:\\\/\\\/europeanobsndfr.org\\\/en\\\/actualites-fr\\\/combat-contre-pauvrete\\\/le-bangladesh-isole-les-musulmans-rohingyas-apatrides-sur-une-ile-du-golfe-du-bengale-balayee-par-des-cyclones-qui-prendra-leur-defense\\\/#listItem\",\"name\":\"Le Bangladesh isole les musulmans Rohingyas apatrides sur une \\u00eele du Golfe du Bengale \\u00ab balay\\u00e9e par des cyclones \\u00bb. Qui prendra leur d\\u00e9fense ?\"},\"previousItem\":{\"@type\":\"ListItem\",\"@id\":\"https:\\\/\\\/europeanobsndfr.org\\\/en\\\/category\\\/actualites-fr\\\/#listItem\",\"name\":\"Actualit\\u00e9\"}},{\"@type\":\"ListItem\",\"@id\":\"https:\\\/\\\/europeanobsndfr.org\\\/en\\\/actualites-fr\\\/combat-contre-pauvrete\\\/le-bangladesh-isole-les-musulmans-rohingyas-apatrides-sur-une-ile-du-golfe-du-bengale-balayee-par-des-cyclones-qui-prendra-leur-defense\\\/#listItem\",\"position\":4,\"name\":\"Le Bangladesh isole les musulmans Rohingyas apatrides sur une \\u00eele du Golfe du Bengale \\u00ab balay\\u00e9e par des cyclones \\u00bb. Qui prendra leur d\\u00e9fense ?\",\"previousItem\":{\"@type\":\"ListItem\",\"@id\":\"https:\\\/\\\/europeanobsndfr.org\\\/en\\\/category\\\/actualites-fr\\\/combat-contre-pauvrete\\\/#listItem\",\"name\":\"Combat contre la pauvret\\u00e9, contre l'exclusion sociale et en faveur de l'inclusion sociale\"}}]},{\"@type\":\"Organization\",\"@id\":\"https:\\\/\\\/europeanobsndfr.org\\\/en\\\/#organization\",\"name\":\"OENDDF\",\"description\":\"Organisation Internationale Non-Gouvernementale\",\"url\":\"https:\\\/\\\/europeanobsndfr.org\\\/en\\\/\",\"logo\":{\"@type\":\"ImageObject\",\"url\":\"https:\\\/\\\/europeanobsndfr.org\\\/wp-content\\\/uploads\\\/2016\\\/11\\\/cropped-logo-oenddf.jpg\",\"@id\":\"https:\\\/\\\/europeanobsndfr.org\\\/en\\\/actualites-fr\\\/combat-contre-pauvrete\\\/le-bangladesh-isole-les-musulmans-rohingyas-apatrides-sur-une-ile-du-golfe-du-bengale-balayee-par-des-cyclones-qui-prendra-leur-defense\\\/#organizationLogo\",\"width\":701,\"height\":600,\"caption\":\"Logo OENDDF\"},\"image\":{\"@id\":\"https:\\\/\\\/europeanobsndfr.org\\\/en\\\/actualites-fr\\\/combat-contre-pauvrete\\\/le-bangladesh-isole-les-musulmans-rohingyas-apatrides-sur-une-ile-du-golfe-du-bengale-balayee-par-des-cyclones-qui-prendra-leur-defense\\\/#organizationLogo\"},\"sameAs\":[\"https:\\\/\\\/twitter.com\\\/europeanobs\",\"https:\\\/\\\/www.instagram.com\\\/oenddf_ngo\\\/\",\"https:\\\/\\\/www.youtube.com\\\/channel\\\/UCO9vz5fybFw1Q8pvN00CDgA\"]},{\"@type\":\"Person\",\"@id\":\"https:\\\/\\\/europeanobsndfr.org\\\/en\\\/author\\\/admin\\\/#author\",\"url\":\"https:\\\/\\\/europeanobsndfr.org\\\/en\\\/author\\\/admin\\\/\",\"name\":\"OENDDF\",\"image\":{\"@type\":\"ImageObject\",\"@id\":\"https:\\\/\\\/europeanobsndfr.org\\\/en\\\/actualites-fr\\\/combat-contre-pauvrete\\\/le-bangladesh-isole-les-musulmans-rohingyas-apatrides-sur-une-ile-du-golfe-du-bengale-balayee-par-des-cyclones-qui-prendra-leur-defense\\\/#authorImage\",\"url\":\"https:\\\/\\\/secure.gravatar.com\\\/avatar\\\/f64bd673bdf1f612f36226606d41703598d9c028a910d72b461acb19a72f63d5?s=96&d=mm&r=g\",\"width\":96,\"height\":96,\"caption\":\"OENDDF\"}},{\"@type\":\"WebPage\",\"@id\":\"https:\\\/\\\/europeanobsndfr.org\\\/en\\\/actualites-fr\\\/combat-contre-pauvrete\\\/le-bangladesh-isole-les-musulmans-rohingyas-apatrides-sur-une-ile-du-golfe-du-bengale-balayee-par-des-cyclones-qui-prendra-leur-defense\\\/#webpage\",\"url\":\"https:\\\/\\\/europeanobsndfr.org\\\/en\\\/actualites-fr\\\/combat-contre-pauvrete\\\/le-bangladesh-isole-les-musulmans-rohingyas-apatrides-sur-une-ile-du-golfe-du-bengale-balayee-par-des-cyclones-qui-prendra-leur-defense\\\/\",\"name\":\"Le Bangladesh isole les musulmans Rohingyas apatrides sur une \\u00eele du Golfe du Bengale \\u00ab balay\\u00e9e par des cyclones | O.E.N.D.D.F.\",\"description\":\"Le Bangladesh isole les musulmans Rohingyas apatrides sur une \\u00eele du Golfe du Bengale \\u00ab balay\\u00e9e par des cyclones\",\"inLanguage\":\"en-GB\",\"isPartOf\":{\"@id\":\"https:\\\/\\\/europeanobsndfr.org\\\/en\\\/#website\"},\"breadcrumb\":{\"@id\":\"https:\\\/\\\/europeanobsndfr.org\\\/en\\\/actualites-fr\\\/combat-contre-pauvrete\\\/le-bangladesh-isole-les-musulmans-rohingyas-apatrides-sur-une-ile-du-golfe-du-bengale-balayee-par-des-cyclones-qui-prendra-leur-defense\\\/#breadcrumblist\"},\"author\":{\"@id\":\"https:\\\/\\\/europeanobsndfr.org\\\/en\\\/author\\\/admin\\\/#author\"},\"creator\":{\"@id\":\"https:\\\/\\\/europeanobsndfr.org\\\/en\\\/author\\\/admin\\\/#author\"},\"datePublished\":\"2021-02-01T21:41:56+01:00\",\"dateModified\":\"2021-02-25T11:42:48+01:00\"},{\"@type\":\"WebSite\",\"@id\":\"https:\\\/\\\/europeanobsndfr.org\\\/en\\\/#website\",\"url\":\"https:\\\/\\\/europeanobsndfr.org\\\/en\\\/\",\"name\":\"Observatoire Europ\\u00e9en de la Non-Discrimination et des Droits Fondamentaux\",\"description\":\"Organisation Internationale Non-Gouvernementale\",\"inLanguage\":\"en-GB\",\"publisher\":{\"@id\":\"https:\\\/\\\/europeanobsndfr.org\\\/en\\\/#organization\"}}]}\n\t\t<\/script>\n\t\t<!-- All in One SEO -->\n\n","aioseo_head_json":{"title":"Le Bangladesh isole les musulmans Rohingyas apatrides sur une \u00eele du Golfe du Bengale \u00ab balay\u00e9e par des cyclones | O.E.N.D.D.F.","description":"Le Bangladesh isole les musulmans Rohingyas apatrides sur une \u00eele du Golfe du Bengale \u00ab balay\u00e9e par des cyclones","canonical_url":"https:\/\/europeanobsndfr.org\/en\/actualites-fr\/combat-contre-pauvrete\/le-bangladesh-isole-les-musulmans-rohingyas-apatrides-sur-une-ile-du-golfe-du-bengale-balayee-par-des-cyclones-qui-prendra-leur-defense\/","robots":"max-snippet:-1, max-image-preview:large, max-video-preview:-1","keywords":"","webmasterTools":{"google-site-verification":"KZsAbCyd-Ww06m2-MlFPa7EphgzWqs90ra8o0LfM_K8","miscellaneous":""},"schema":{"@context":"https:\/\/schema.org","@graph":[{"@type":"Article","@id":"https:\/\/europeanobsndfr.org\/en\/actualites-fr\/combat-contre-pauvrete\/le-bangladesh-isole-les-musulmans-rohingyas-apatrides-sur-une-ile-du-golfe-du-bengale-balayee-par-des-cyclones-qui-prendra-leur-defense\/#article","name":"Le Bangladesh isole les musulmans Rohingyas apatrides sur une \u00eele du Golfe du Bengale \u00ab balay\u00e9e par des cyclones | O.E.N.D.D.F.","headline":"Le Bangladesh isole les musulmans Rohingyas apatrides sur une \u00eele du Golfe du Bengale \u00ab balay\u00e9e par des cyclones \u00bb. Qui prendra leur d\u00e9fense ?","author":{"@id":"https:\/\/europeanobsndfr.org\/en\/author\/admin\/#author"},"publisher":{"@id":"https:\/\/europeanobsndfr.org\/en\/#organization"},"image":{"@type":"ImageObject","url":"https:\/\/europeanobsndfr.org\/wp-content\/uploads\/2016\/11\/cropped-logo-oenddf.jpg","@id":"https:\/\/europeanobsndfr.org\/en\/#articleImage","width":701,"height":600,"caption":"Logo OENDDF"},"datePublished":"2021-02-01T21:41:56+01:00","dateModified":"2021-02-25T11:42:48+01:00","inLanguage":"en-GB","mainEntityOfPage":{"@id":"https:\/\/europeanobsndfr.org\/en\/actualites-fr\/combat-contre-pauvrete\/le-bangladesh-isole-les-musulmans-rohingyas-apatrides-sur-une-ile-du-golfe-du-bengale-balayee-par-des-cyclones-qui-prendra-leur-defense\/#webpage"},"isPartOf":{"@id":"https:\/\/europeanobsndfr.org\/en\/actualites-fr\/combat-contre-pauvrete\/le-bangladesh-isole-les-musulmans-rohingyas-apatrides-sur-une-ile-du-golfe-du-bengale-balayee-par-des-cyclones-qui-prendra-leur-defense\/#webpage"},"articleSection":"Asile, immigration et fronti\u00e8res, Combat contre la pauvret\u00e9, contre l'exclusion sociale et en faveur de l'inclusion sociale, Racisme &amp; et intol\u00e9rances li\u00e9es \/ Int\u00e9gration des minorit\u00e9s ethniques et nationales"},{"@type":"BreadcrumbList","@id":"https:\/\/europeanobsndfr.org\/en\/actualites-fr\/combat-contre-pauvrete\/le-bangladesh-isole-les-musulmans-rohingyas-apatrides-sur-une-ile-du-golfe-du-bengale-balayee-par-des-cyclones-qui-prendra-leur-defense\/#breadcrumblist","itemListElement":[{"@type":"ListItem","@id":"https:\/\/europeanobsndfr.org\/en#listItem","position":1,"name":"Accueil","item":"https:\/\/europeanobsndfr.org\/en","nextItem":{"@type":"ListItem","@id":"https:\/\/europeanobsndfr.org\/en\/category\/actualites-fr\/#listItem","name":"Actualit\u00e9"}},{"@type":"ListItem","@id":"https:\/\/europeanobsndfr.org\/en\/category\/actualites-fr\/#listItem","position":2,"name":"Actualit\u00e9","item":"https:\/\/europeanobsndfr.org\/en\/category\/actualites-fr\/","nextItem":{"@type":"ListItem","@id":"https:\/\/europeanobsndfr.org\/en\/category\/actualites-fr\/combat-contre-pauvrete\/#listItem","name":"Combat contre la pauvret\u00e9, contre l'exclusion sociale et en faveur de l'inclusion sociale"},"previousItem":{"@type":"ListItem","@id":"https:\/\/europeanobsndfr.org\/en#listItem","name":"Accueil"}},{"@type":"ListItem","@id":"https:\/\/europeanobsndfr.org\/en\/category\/actualites-fr\/combat-contre-pauvrete\/#listItem","position":3,"name":"Combat contre la pauvret\u00e9, contre l'exclusion sociale et en faveur de l'inclusion sociale","item":"https:\/\/europeanobsndfr.org\/en\/category\/actualites-fr\/combat-contre-pauvrete\/","nextItem":{"@type":"ListItem","@id":"https:\/\/europeanobsndfr.org\/en\/actualites-fr\/combat-contre-pauvrete\/le-bangladesh-isole-les-musulmans-rohingyas-apatrides-sur-une-ile-du-golfe-du-bengale-balayee-par-des-cyclones-qui-prendra-leur-defense\/#listItem","name":"Le Bangladesh isole les musulmans Rohingyas apatrides sur une \u00eele du Golfe du Bengale \u00ab balay\u00e9e par des cyclones \u00bb. Qui prendra leur d\u00e9fense ?"},"previousItem":{"@type":"ListItem","@id":"https:\/\/europeanobsndfr.org\/en\/category\/actualites-fr\/#listItem","name":"Actualit\u00e9"}},{"@type":"ListItem","@id":"https:\/\/europeanobsndfr.org\/en\/actualites-fr\/combat-contre-pauvrete\/le-bangladesh-isole-les-musulmans-rohingyas-apatrides-sur-une-ile-du-golfe-du-bengale-balayee-par-des-cyclones-qui-prendra-leur-defense\/#listItem","position":4,"name":"Le Bangladesh isole les musulmans Rohingyas apatrides sur une \u00eele du Golfe du Bengale \u00ab balay\u00e9e par des cyclones \u00bb. Qui prendra leur d\u00e9fense ?","previousItem":{"@type":"ListItem","@id":"https:\/\/europeanobsndfr.org\/en\/category\/actualites-fr\/combat-contre-pauvrete\/#listItem","name":"Combat contre la pauvret\u00e9, contre l'exclusion sociale et en faveur de l'inclusion sociale"}}]},{"@type":"Organization","@id":"https:\/\/europeanobsndfr.org\/en\/#organization","name":"OENDDF","description":"Organisation Internationale Non-Gouvernementale","url":"https:\/\/europeanobsndfr.org\/en\/","logo":{"@type":"ImageObject","url":"https:\/\/europeanobsndfr.org\/wp-content\/uploads\/2016\/11\/cropped-logo-oenddf.jpg","@id":"https:\/\/europeanobsndfr.org\/en\/actualites-fr\/combat-contre-pauvrete\/le-bangladesh-isole-les-musulmans-rohingyas-apatrides-sur-une-ile-du-golfe-du-bengale-balayee-par-des-cyclones-qui-prendra-leur-defense\/#organizationLogo","width":701,"height":600,"caption":"Logo OENDDF"},"image":{"@id":"https:\/\/europeanobsndfr.org\/en\/actualites-fr\/combat-contre-pauvrete\/le-bangladesh-isole-les-musulmans-rohingyas-apatrides-sur-une-ile-du-golfe-du-bengale-balayee-par-des-cyclones-qui-prendra-leur-defense\/#organizationLogo"},"sameAs":["https:\/\/twitter.com\/europeanobs","https:\/\/www.instagram.com\/oenddf_ngo\/","https:\/\/www.youtube.com\/channel\/UCO9vz5fybFw1Q8pvN00CDgA"]},{"@type":"Person","@id":"https:\/\/europeanobsndfr.org\/en\/author\/admin\/#author","url":"https:\/\/europeanobsndfr.org\/en\/author\/admin\/","name":"OENDDF","image":{"@type":"ImageObject","@id":"https:\/\/europeanobsndfr.org\/en\/actualites-fr\/combat-contre-pauvrete\/le-bangladesh-isole-les-musulmans-rohingyas-apatrides-sur-une-ile-du-golfe-du-bengale-balayee-par-des-cyclones-qui-prendra-leur-defense\/#authorImage","url":"https:\/\/secure.gravatar.com\/avatar\/f64bd673bdf1f612f36226606d41703598d9c028a910d72b461acb19a72f63d5?s=96&d=mm&r=g","width":96,"height":96,"caption":"OENDDF"}},{"@type":"WebPage","@id":"https:\/\/europeanobsndfr.org\/en\/actualites-fr\/combat-contre-pauvrete\/le-bangladesh-isole-les-musulmans-rohingyas-apatrides-sur-une-ile-du-golfe-du-bengale-balayee-par-des-cyclones-qui-prendra-leur-defense\/#webpage","url":"https:\/\/europeanobsndfr.org\/en\/actualites-fr\/combat-contre-pauvrete\/le-bangladesh-isole-les-musulmans-rohingyas-apatrides-sur-une-ile-du-golfe-du-bengale-balayee-par-des-cyclones-qui-prendra-leur-defense\/","name":"Le Bangladesh isole les musulmans Rohingyas apatrides sur une \u00eele du Golfe du Bengale \u00ab balay\u00e9e par des cyclones | O.E.N.D.D.F.","description":"Le Bangladesh isole les musulmans Rohingyas apatrides sur une \u00eele du Golfe du Bengale \u00ab balay\u00e9e par des cyclones","inLanguage":"en-GB","isPartOf":{"@id":"https:\/\/europeanobsndfr.org\/en\/#website"},"breadcrumb":{"@id":"https:\/\/europeanobsndfr.org\/en\/actualites-fr\/combat-contre-pauvrete\/le-bangladesh-isole-les-musulmans-rohingyas-apatrides-sur-une-ile-du-golfe-du-bengale-balayee-par-des-cyclones-qui-prendra-leur-defense\/#breadcrumblist"},"author":{"@id":"https:\/\/europeanobsndfr.org\/en\/author\/admin\/#author"},"creator":{"@id":"https:\/\/europeanobsndfr.org\/en\/author\/admin\/#author"},"datePublished":"2021-02-01T21:41:56+01:00","dateModified":"2021-02-25T11:42:48+01:00"},{"@type":"WebSite","@id":"https:\/\/europeanobsndfr.org\/en\/#website","url":"https:\/\/europeanobsndfr.org\/en\/","name":"Observatoire Europ\u00e9en de la Non-Discrimination et des Droits Fondamentaux","description":"Organisation Internationale Non-Gouvernementale","inLanguage":"en-GB","publisher":{"@id":"https:\/\/europeanobsndfr.org\/en\/#organization"}}]},"og:locale":"en_GB","og:site_name":"Observatoire Europ\u00e9en de la Non-Discrimination et des Droits Fondamentaux","og:type":"non_profit","og:title":"Le Bangladesh isole les musulmans Rohingyas apatrides sur une \u00eele du Golfe du Bengale \u00ab balay\u00e9e par des cyclones | O.E.N.D.D.F.","og:description":"Le Bangladesh isole les musulmans Rohingyas apatrides sur une \u00eele du Golfe du Bengale \u00ab balay\u00e9e par des cyclones","og:url":"https:\/\/europeanobsndfr.org\/en\/actualites-fr\/combat-contre-pauvrete\/le-bangladesh-isole-les-musulmans-rohingyas-apatrides-sur-une-ile-du-golfe-du-bengale-balayee-par-des-cyclones-qui-prendra-leur-defense\/","og:image":"https:\/\/europeanobsndfr.org\/wp-content\/uploads\/2016\/11\/logo-oenddf.jpg","og:image:secure_url":"https:\/\/europeanobsndfr.org\/wp-content\/uploads\/2016\/11\/logo-oenddf.jpg","og:image:width":830,"og:image:height":600,"twitter:card":"summary","twitter:site":"@europeanobs","twitter:title":"Le Bangladesh isole les musulmans Rohingyas apatrides sur une \u00eele du Golfe du Bengale \u00ab balay\u00e9e par des cyclones | O.E.N.D.D.F.","twitter:description":"Le Bangladesh isole les musulmans Rohingyas apatrides sur une \u00eele du Golfe du Bengale \u00ab balay\u00e9e par des cyclones","twitter:creator":"@europeanobs","twitter:image":"https:\/\/europeanobsndfr.org\/wp-content\/uploads\/2016\/11\/logo-oenddf.jpg"},"aioseo_meta_data":{"post_id":"17093","title":"Le Bangladesh isole les musulmans Rohingyas apatrides sur une \u00eele du Golfe du Bengale \u00ab balay\u00e9e par des cyclones | O.E.N.D.D.F.","description":"Le Bangladesh isole les musulmans Rohingyas apatrides sur une \u00eele du Golfe du Bengale \u00ab balay\u00e9e par des cyclones","keywords":"","keyphrases":{"focus":[],"additional":[]},"primary_term":null,"canonical_url":"","og_title":"","og_description":"","og_object_type":"non_profit","og_image_type":"default","og_image_url":null,"og_image_width":null,"og_image_height":null,"og_image_custom_url":null,"og_image_custom_fields":null,"og_video":"","og_custom_url":null,"og_article_section":"","og_article_tags":"","twitter_use_og":false,"twitter_card":"summary","twitter_image_type":"default","twitter_image_url":null,"twitter_image_custom_url":null,"twitter_image_custom_fields":null,"twitter_title":null,"twitter_description":null,"schema":{"blockGraphs":[],"customGraphs":[],"default":{"data":{"Article":[],"Course":[],"Dataset":[],"FAQPage":[],"Movie":[],"Person":[],"Product":[],"ProductReview":[],"Car":[],"Recipe":[],"Service":[],"SoftwareApplication":[],"WebPage":[]},"graphName":"","isEnabled":true},"graphs":[],"defaultGraph":"Article","defaultPostTypeGraph":""},"schema_type":"default","schema_type_options":"{\"article\":{\"articleType\":\"BlogPosting\"},\"course\":{\"name\":\"\",\"description\":\"\",\"provider\":\"\"},\"faq\":{\"pages\":[]},\"product\":{\"reviews\":[]},\"recipe\":{\"ingredients\":[],\"instructions\":[],\"keywords\":[]},\"software\":{\"reviews\":[],\"operatingSystems\":[]},\"webPage\":{\"webPageType\":\"WebPage\"}}","pillar_content":false,"robots_default":true,"robots_noindex":false,"robots_noarchive":false,"robots_nosnippet":false,"robots_nofollow":false,"robots_noimageindex":false,"robots_noodp":false,"robots_notranslate":false,"robots_max_snippet":"-1","robots_max_videopreview":"-1","robots_max_imagepreview":"large","priority":null,"frequency":"default","local_seo":{"businessInfo":{"name":"","urls":{"website":"","aboutPage":"","contactPage":""},"address":{"line1":"","line2":"","zip":"","city":"","state":"","country":""},"contact":{"email":"","phone":"","fax":""},"ids":{"vatID":"","taxID":"","chamberID":""},"payment":{"priceIndication":"","currenciesAccepted":"","methodsAccepted":""},"areaServed":""},"openingHours":{"show":false,"closedLabel":"","open24h":false,"open24hLabel":"","open247":false,"use24hFormat":false,"twoSets":false,"timezone":"","hours":[]}},"breadcrumb_settings":null,"limit_modified_date":false,"ai":null,"created":"2021-01-22 17:38:46","updated":"2025-08-01 22:23:01","focus_keyword":null,"additional_keywords":null,"truseo_locale":null,"seo_analyzer_scan_date":null},"jetpack_featured_media_url":"","jetpack-related-posts":[],"jetpack_sharing_enabled":true,"_links":{"self":[{"href":"https:\/\/europeanobsndfr.org\/en\/wp-json\/wp\/v2\/posts\/17093","targetHints":{"allow":["GET"]}}],"collection":[{"href":"https:\/\/europeanobsndfr.org\/en\/wp-json\/wp\/v2\/posts"}],"about":[{"href":"https:\/\/europeanobsndfr.org\/en\/wp-json\/wp\/v2\/types\/post"}],"author":[{"embeddable":true,"href":"https:\/\/europeanobsndfr.org\/en\/wp-json\/wp\/v2\/users\/1"}],"replies":[{"embeddable":true,"href":"https:\/\/europeanobsndfr.org\/en\/wp-json\/wp\/v2\/comments?post=17093"}],"version-history":[{"count":0,"href":"https:\/\/europeanobsndfr.org\/en\/wp-json\/wp\/v2\/posts\/17093\/revisions"}],"wp:attachment":[{"href":"https:\/\/europeanobsndfr.org\/en\/wp-json\/wp\/v2\/media?parent=17093"}],"wp:term":[{"taxonomy":"category","embeddable":true,"href":"https:\/\/europeanobsndfr.org\/en\/wp-json\/wp\/v2\/categories?post=17093"},{"taxonomy":"post_tag","embeddable":true,"href":"https:\/\/europeanobsndfr.org\/en\/wp-json\/wp\/v2\/tags?post=17093"}],"curies":[{"name":"wp","href":"https:\/\/api.w.org\/{rel}","templated":true}]}}