{"id":17822,"date":"2020-01-12T16:29:57","date_gmt":"2020-01-12T15:29:57","guid":{"rendered":"https:\/\/europeanobsndfr.org\/?p=17822"},"modified":"2021-02-08T22:48:39","modified_gmt":"2021-02-08T21:48:39","slug":"saint-ouen-paris-nord-france-aide-humanitaire-durgence-a-des-personnes-migrantes-de-colombie","status":"publish","type":"post","link":"https:\/\/europeanobsndfr.org\/en\/actualites-fr\/combat-contre-pauvrete\/saint-ouen-paris-nord-france-aide-humanitaire-durgence-a-des-personnes-migrantes-de-colombie\/","title":{"rendered":"SAINT-OUEN, PARIS-NORD, FRANCE. Aide humanitaire d&rsquo;urgence \u00e0 des personnes migrantes de Colombie."},"content":{"rendered":"<p style=\"text-align: justify;\"><strong><span style=\"text-decoration: underline;\">Objectif :<\/span> Aide humanitaire d&rsquo;urgence \u00e0 SAINT-OUEN &#8211; PARIS-NORD, FRANCE.<\/strong><\/p>\n<p style=\"text-align: justify;\"><strong><span style=\"text-decoration: underline;\">Lieu de l\u2019action :<\/span> SAINT-OUEN &#8211; PARIS-NORD, FRANCE.<\/strong><\/p>\n<p><span style=\"text-decoration: underline;\"><strong>Date :<\/strong><\/span> <strong>D\u00e9cembre 2019<\/strong><\/p>\n<p style=\"text-align: justify;\"><span style=\"text-decoration: underline;\"><strong>Moyens mis en oeuvre : <\/strong><\/span><\/p>\n<p style=\"text-align: justify;\">&#x2705; Une Equipe Mobile de l\u2019OENDDF a effectu\u00e9 une mission humanitaire \u00e0 SAINT OUEN-PARIS NORD, pour rencontrer des familles de migrants sans-abri, de confession chr\u00e9tienne, issues de Colombie et de pays d&rsquo;Am\u00e9rique du Sud, <strong>pers\u00e9cut\u00e9s pour leur foi dans leur pays et ayant le statut de demandeur d&rsquo;asile<\/strong>, aux fins de discuter et de leur apporter une aide alimentaire d&rsquo;urgence.<\/p>\n<p style=\"text-align: justify;\">&#x2705; Nous avons rencontr\u00e9 notamment des jeunes familles avec des enfants et leur Pasteur, Mauricio, qui vit courageusement avec eux sur place. La temp\u00e9rature de ce b\u00e2timent d\u00e9saffect\u00e9 \u00e9tait glaciale. L&rsquo;obtention du statut de demandeur d&rsquo;asile ne garantit pas en France l&rsquo;acc\u00e8s \u00e0 un logement, ce qui cause une violation de droits fondamentaux. Le \u00ab\u00a0<i data-reader-unique-id=\"13\">droit au logement<\/i>\u00a0\u00bb (= le droit \u00e0 disposer d&rsquo;un logement pour vivre dans des conditions dignes) <strong>est un droit fondamental <\/strong>inscrit dans la Constitution Belge (art.23), Espagnole (art.47), Finlandaise (art.15a), Grecque (art.21), N\u00e9erlandaise (art.22-2), Portugaise (art.65), Su\u00e9doise (art. 2).<\/p>\n<p style=\"text-align: justify;\">&#x2705; Notre ONG a organis\u00e9 une aide alimentaire d&rsquo;urgence pour ces familles en attente de logement, r\u00e9sidant sous des tentes de fortune, pour leur redonner confiance et pour recr\u00e9er un dialogue en vue de d\u00e9marches administratives ou juridiques.\u2063\u2063\u2063<\/p>\n<p style=\"text-align: justify;\"><strong>+ de nouvelles ?<\/strong> Suivez notre O.I.N.G sur les r\u00e9seaux sociaux <strong>: <\/strong><\/p>\n<ul>\n<li><a href=\"https:\/\/www.facebook.com\/European-Observatory-for-Non-Discrimination-and-Fundamental-Rights-1103291363129845\/?fref=ts\">Facebook<\/a><\/li>\n<li><a href=\"https:\/\/twitter.com\/europeanobs\">Twitter<\/a><\/li>\n<li><a href=\"https:\/\/www.youtube.com\/channel\/UCO9vz5fybFw1Q8pvN00CDgA\">YouTube<\/a><\/li>\n<li><a href=\"https:\/\/www.instagram.com\/oenddf\/\">Instagram<\/a><\/li>\n<\/ul>\n<p><a href=\"https:\/\/europeanobsndfr.org\/wp-content\/uploads\/2020\/01\/Photo-Saint-Ouen-10.jpg\"><img loading=\"lazy\" decoding=\"async\" class=\"aligncenter size-medium wp-image-15967\" src=\"https:\/\/europeanobsndfr.org\/wp-content\/uploads\/2020\/01\/Photo-Saint-Ouen-10-300x300.jpg\" alt=\"\" width=\"300\" height=\"300\" srcset=\"https:\/\/europeanobsndfr.org\/wp-content\/uploads\/2020\/01\/Photo-Saint-Ouen-10-300x300.jpg 300w, https:\/\/europeanobsndfr.org\/wp-content\/uploads\/2020\/01\/Photo-Saint-Ouen-10-80x80.jpg 80w, https:\/\/europeanobsndfr.org\/wp-content\/uploads\/2020\/01\/Photo-Saint-Ouen-10-768x768.jpg 768w, https:\/\/europeanobsndfr.org\/wp-content\/uploads\/2020\/01\/Photo-Saint-Ouen-10-36x36.jpg 36w, https:\/\/europeanobsndfr.org\/wp-content\/uploads\/2020\/01\/Photo-Saint-Ouen-10-180x180.jpg 180w, https:\/\/europeanobsndfr.org\/wp-content\/uploads\/2020\/01\/Photo-Saint-Ouen-10-705x705.jpg 705w, https:\/\/europeanobsndfr.org\/wp-content\/uploads\/2020\/01\/Photo-Saint-Ouen-10.jpg 1024w\" sizes=\"auto, (max-width: 300px) 100vw, 300px\" \/><\/a><br \/>\n<a href=\"https:\/\/europeanobsndfr.org\/wp-content\/uploads\/2020\/01\/Photo-Saint-Ouen-3.jpg\"><img loading=\"lazy\" decoding=\"async\" class=\"aligncenter size-medium wp-image-15903\" src=\"https:\/\/europeanobsndfr.org\/wp-content\/uploads\/2020\/01\/Photo-Saint-Ouen-3-225x300.jpg\" alt=\"\" width=\"225\" height=\"300\" srcset=\"https:\/\/europeanobsndfr.org\/wp-content\/uploads\/2020\/01\/Photo-Saint-Ouen-3-225x300.jpg 225w, https:\/\/europeanobsndfr.org\/wp-content\/uploads\/2020\/01\/Photo-Saint-Ouen-3-529x705.jpg 529w, https:\/\/europeanobsndfr.org\/wp-content\/uploads\/2020\/01\/Photo-Saint-Ouen-3.jpg 768w\" sizes=\"auto, (max-width: 225px) 100vw, 225px\" \/><\/a><br \/>\n<a href=\"https:\/\/europeanobsndfr.org\/wp-content\/uploads\/2020\/01\/Photo-Saint-Ouen-9.jpg\"><img loading=\"lazy\" decoding=\"async\" class=\"aligncenter size-medium wp-image-15931\" src=\"https:\/\/europeanobsndfr.org\/wp-content\/uploads\/2020\/01\/Photo-Saint-Ouen-9-300x225.jpg\" alt=\"\" width=\"300\" height=\"225\" srcset=\"https:\/\/europeanobsndfr.org\/wp-content\/uploads\/2020\/01\/Photo-Saint-Ouen-9-300x225.jpg 300w, https:\/\/europeanobsndfr.org\/wp-content\/uploads\/2020\/01\/Photo-Saint-Ouen-9-768x576.jpg 768w, https:\/\/europeanobsndfr.org\/wp-content\/uploads\/2020\/01\/Photo-Saint-Ouen-9-705x529.jpg 705w, https:\/\/europeanobsndfr.org\/wp-content\/uploads\/2020\/01\/Photo-Saint-Ouen-9.jpg 1024w\" sizes=\"auto, (max-width: 300px) 100vw, 300px\" \/><\/a><br \/>\n<a href=\"https:\/\/europeanobsndfr.org\/wp-content\/uploads\/2020\/01\/Photo-Saint-Ouen-7-.jpg\"><img loading=\"lazy\" decoding=\"async\" class=\"aligncenter size-medium wp-image-15924\" src=\"https:\/\/europeanobsndfr.org\/wp-content\/uploads\/2020\/01\/Photo-Saint-Ouen-7--225x300.jpg\" alt=\"\" width=\"225\" height=\"300\" srcset=\"https:\/\/europeanobsndfr.org\/wp-content\/uploads\/2020\/01\/Photo-Saint-Ouen-7--225x300.jpg 225w, https:\/\/europeanobsndfr.org\/wp-content\/uploads\/2020\/01\/Photo-Saint-Ouen-7--529x705.jpg 529w, https:\/\/europeanobsndfr.org\/wp-content\/uploads\/2020\/01\/Photo-Saint-Ouen-7-.jpg 768w\" sizes=\"auto, (max-width: 225px) 100vw, 225px\" \/><\/a><br \/>\n<a href=\"https:\/\/europeanobsndfr.org\/wp-content\/uploads\/2020\/01\/Photio-saint-Ouen-4.jpg\"><img loading=\"lazy\" decoding=\"async\" class=\"aligncenter size-medium wp-image-15854\" src=\"https:\/\/europeanobsndfr.org\/wp-content\/uploads\/2020\/01\/Photio-saint-Ouen-4-225x300.jpg\" alt=\"\" width=\"225\" height=\"300\" srcset=\"https:\/\/europeanobsndfr.org\/wp-content\/uploads\/2020\/01\/Photio-saint-Ouen-4-225x300.jpg 225w, https:\/\/europeanobsndfr.org\/wp-content\/uploads\/2020\/01\/Photio-saint-Ouen-4-529x705.jpg 529w, https:\/\/europeanobsndfr.org\/wp-content\/uploads\/2020\/01\/Photio-saint-Ouen-4.jpg 768w\" sizes=\"auto, (max-width: 225px) 100vw, 225px\" \/><\/a><br \/>\n<a href=\"https:\/\/europeanobsndfr.org\/wp-content\/uploads\/2020\/01\/Photo-saint-Ouen-6.jpg\"><img loading=\"lazy\" decoding=\"async\" class=\"aligncenter size-medium wp-image-15917\" src=\"https:\/\/europeanobsndfr.org\/wp-content\/uploads\/2020\/01\/Photo-saint-Ouen-6-300x225.jpg\" alt=\"\" width=\"300\" height=\"225\" srcset=\"https:\/\/europeanobsndfr.org\/wp-content\/uploads\/2020\/01\/Photo-saint-Ouen-6-300x225.jpg 300w, https:\/\/europeanobsndfr.org\/wp-content\/uploads\/2020\/01\/Photo-saint-Ouen-6-768x576.jpg 768w, https:\/\/europeanobsndfr.org\/wp-content\/uploads\/2020\/01\/Photo-saint-Ouen-6-705x529.jpg 705w, https:\/\/europeanobsndfr.org\/wp-content\/uploads\/2020\/01\/Photo-saint-Ouen-6.jpg 1024w\" sizes=\"auto, (max-width: 300px) 100vw, 300px\" \/><\/a><br \/>\n<a href=\"https:\/\/europeanobsndfr.org\/wp-content\/uploads\/2020\/01\/Photi-Saint-Ouen-8.jpg\"><img loading=\"lazy\" decoding=\"async\" class=\"aligncenter size-medium wp-image-15847\" src=\"https:\/\/europeanobsndfr.org\/wp-content\/uploads\/2020\/01\/Photi-Saint-Ouen-8-225x300.jpg\" alt=\"\" width=\"225\" height=\"300\" srcset=\"https:\/\/europeanobsndfr.org\/wp-content\/uploads\/2020\/01\/Photi-Saint-Ouen-8-225x300.jpg 225w, https:\/\/europeanobsndfr.org\/wp-content\/uploads\/2020\/01\/Photi-Saint-Ouen-8-529x705.jpg 529w, https:\/\/europeanobsndfr.org\/wp-content\/uploads\/2020\/01\/Photi-Saint-Ouen-8.jpg 768w\" sizes=\"auto, (max-width: 225px) 100vw, 225px\" \/><\/a><br \/>\n<a href=\"https:\/\/europeanobsndfr.org\/wp-content\/uploads\/2020\/01\/Photo-Saint-Ouen-1.jpg\"><img loading=\"lazy\" decoding=\"async\" class=\"aligncenter size-medium wp-image-15889\" src=\"https:\/\/europeanobsndfr.org\/wp-content\/uploads\/2020\/01\/Photo-Saint-Ouen-1-225x300.jpg\" alt=\"\" width=\"225\" height=\"300\" srcset=\"https:\/\/europeanobsndfr.org\/wp-content\/uploads\/2020\/01\/Photo-Saint-Ouen-1-225x300.jpg 225w, https:\/\/europeanobsndfr.org\/wp-content\/uploads\/2020\/01\/Photo-Saint-Ouen-1-529x705.jpg 529w, https:\/\/europeanobsndfr.org\/wp-content\/uploads\/2020\/01\/Photo-Saint-Ouen-1.jpg 768w\" sizes=\"auto, (max-width: 225px) 100vw, 225px\" \/><\/a><\/p>","protected":false},"excerpt":{"rendered":"<p>Objectif : Aide humanitaire d&rsquo;urgence \u00e0 SAINT-OUEN &#8211; PARIS-NORD, FRANCE. Lieu de l\u2019action : SAINT-OUEN &#8211; PARIS-NORD, FRANCE. Date : D\u00e9cembre 2019 Moyens mis en oeuvre : &#x2705; Une Equipe Mobile de l\u2019OENDDF a effectu\u00e9 une mission humanitaire \u00e0 SAINT OUEN-PARIS NORD, pour rencontrer des familles de migrants sans-abri, de confession chr\u00e9tienne, issues de Colombie&#8230;<\/p>","protected":false},"author":1,"featured_media":0,"comment_status":"closed","ping_status":"closed","sticky":false,"template":"","format":"standard","meta":{"give_campaign_id":0,"_kadence_starter_templates_imported_post":false,"_kad_post_transparent":"","_kad_post_title":"","_kad_post_layout":"","_kad_post_sidebar_id":"","_kad_post_content_style":"","_kad_post_vertical_padding":"","_kad_post_feature":"","_kad_post_feature_position":"","_kad_post_header":false,"_kad_post_footer":false,"_kad_post_classname":"","_jetpack_memberships_contains_paid_content":false,"footnotes":""},"categories":[84,44],"tags":[],"class_list":["post-17822","post","type-post","status-publish","format-standard","hentry","category-asylum-migration-and-borders","category-combat-contre-pauvrete"],"aioseo_notices":[],"jetpack_featured_media_url":"","jetpack-related-posts":[],"jetpack_sharing_enabled":true,"_links":{"self":[{"href":"https:\/\/europeanobsndfr.org\/en\/wp-json\/wp\/v2\/posts\/17822","targetHints":{"allow":["GET"]}}],"collection":[{"href":"https:\/\/europeanobsndfr.org\/en\/wp-json\/wp\/v2\/posts"}],"about":[{"href":"https:\/\/europeanobsndfr.org\/en\/wp-json\/wp\/v2\/types\/post"}],"author":[{"embeddable":true,"href":"https:\/\/europeanobsndfr.org\/en\/wp-json\/wp\/v2\/users\/1"}],"replies":[{"embeddable":true,"href":"https:\/\/europeanobsndfr.org\/en\/wp-json\/wp\/v2\/comments?post=17822"}],"version-history":[{"count":0,"href":"https:\/\/europeanobsndfr.org\/en\/wp-json\/wp\/v2\/posts\/17822\/revisions"}],"wp:attachment":[{"href":"https:\/\/europeanobsndfr.org\/en\/wp-json\/wp\/v2\/media?parent=17822"}],"wp:term":[{"taxonomy":"category","embeddable":true,"href":"https:\/\/europeanobsndfr.org\/en\/wp-json\/wp\/v2\/categories?post=17822"},{"taxonomy":"post_tag","embeddable":true,"href":"https:\/\/europeanobsndfr.org\/en\/wp-json\/wp\/v2\/tags?post=17822"}],"curies":[{"name":"wp","href":"https:\/\/api.w.org\/{rel}","templated":true}]}}