{"id":2025,"date":"2015-05-21T11:04:32","date_gmt":"2015-05-21T11:04:32","guid":{"rendered":"https:\/\/europeanobsndfr.org\/?p=2025"},"modified":"2015-06-06T20:50:21","modified_gmt":"2015-06-06T20:50:21","slug":"adequate-housing-for-homeless-persons-in-paris","status":"publish","type":"post","link":"https:\/\/europeanobsndfr.org\/en\/actualites-fr\/combat-contre-pauvrete\/adequate-housing-for-homeless-persons-in-paris\/","title":{"rendered":"Soutenir un projet de logement d\u00e9cent pour les personnes sans-abri, \u00e0 PARIS (14\u00b0), FRANCE"},"content":{"rendered":"<p style=\"text-align: justify;\"><strong><span style=\"text-decoration: underline;\">Objectif :\u00a0\u00a0<\/span><\/strong>Favoriser l\u2019int\u00e9gration de<strong>\u00a0personnes, en situation de difficult\u00e9 mat\u00e9rielle et morale, par\u00a0la fourniture gratuite de repas et une aide au logement, en vue de leur insertion professionnelle et de leur promotion sociale.\u00a0<\/strong>Combat contre\u00a0la grande pauvret\u00e9, contre\u00a0l\u2019exclusion sociale, et en faveur de\u00a0l\u2019inclusion sociale.<\/p>\n<p style=\"text-align: justify;\"><strong><span style=\"text-decoration: underline;\">Lieu de l&rsquo;action<\/span><\/strong> : PARIS, 14\u00e8me arrondissement, FRANCE.<\/p>\n<p style=\"text-align: justify;\"><strong><span style=\"text-decoration: underline;\">Moyens mis en oeuvre :<\/span><\/strong><\/p>\n<p style=\"text-align: justify;\"><strong><span style=\"text-decoration: underline;\">11\/12 Mai 2015 :<\/span><\/strong> Nous avons rencontr\u00e9 Didier, qui est une personne sans-abri.<\/p>\n<p style=\"text-align: justify;\">Il dormait dans la rue, allong\u00e9 sur le boulevard du Montparnasse, 75014 PARIS, FRANCE, \u00e0 minuit. C\u2019est un ancien salari\u00e9 du Groupe DASSAULT (DASSAUT AVIATION). Il peignait des avions pour cette soci\u00e9t\u00e9.<\/p>\n<p style=\"text-align: justify;\">L\u2019Observatoire Europ\u00e9en de la Non-Discrimination et des Droits Fondamentaux recherche des donateurs pour lui trouver un logement d\u00e9cent.<\/p>\n<p style=\"text-align: justify;\">L\u2019Observatoire Europ\u00e9en de la Non-Discrimination et des Droits Fondamentaux a \u00e9t\u00e9 \u00e0 m\u00eame de l\u2019aider ponctuellement par une distribution de repas gratuits. Ce n\u2019est pas une solution \u00e0 long-terme. Nous avons le devoir de lui redonner sa dignit\u00e9.<\/p>\n<p style=\"text-align: justify;\"><strong><span style=\"text-decoration: underline;\">Domaine d\u2019intervention vis\u00e9 par la Commission Europ\u00e9enne<\/span><\/strong><strong> :\u00a0 protection sociale et inclusion sociale. Strat\u00e9gie Europe 2020. Plateforme europ\u00e9enne contre la pauvret\u00e9 et l\u2019exclusion sociale.<\/strong><\/p>\n<p>[av_content_slider heading=\u00a0\u00bb columns=&rsquo;1&prime; animation=&rsquo;slide&rsquo; navigation=&rsquo;arrows&rsquo; autoplay=&rsquo;true&rsquo; interval=&rsquo;4&prime; font_color=\u00a0\u00bb color=\u00a0\u00bb]<br \/>\n[av_content_slide title=&rsquo;Didier est une personne sans-abri, qui vit la journ\u00e9e sur le Boulevard du Montparnasse, 75014 PARIS&rsquo; link=\u00a0\u00bb linktarget=\u00a0\u00bb]<br \/>\n<a href=\"https:\/\/europeanobsndfr.org\/wp-content\/uploads\/2015\/05\/Didier-SDF-Paris-12-mai-2015.jpg\"><img loading=\"lazy\" decoding=\"async\" class=\"aligncenter size-medium wp-image-1867\" src=\"https:\/\/europeanobsndfr.org\/wp-content\/uploads\/2015\/05\/Didier-SDF-Paris-12-mai-2015-225x300.jpg\" alt=\"Didier SDF Paris 12 mai 2015\" width=\"225\" height=\"300\" srcset=\"https:\/\/europeanobsndfr.org\/wp-content\/uploads\/2015\/05\/Didier-SDF-Paris-12-mai-2015-225x300.jpg 225w, https:\/\/europeanobsndfr.org\/wp-content\/uploads\/2015\/05\/Didier-SDF-Paris-12-mai-2015-773x1030.jpg 773w, https:\/\/europeanobsndfr.org\/wp-content\/uploads\/2015\/05\/Didier-SDF-Paris-12-mai-2015-1125x1500.jpg 1125w, https:\/\/europeanobsndfr.org\/wp-content\/uploads\/2015\/05\/Didier-SDF-Paris-12-mai-2015-529x705.jpg 529w, https:\/\/europeanobsndfr.org\/wp-content\/uploads\/2015\/05\/Didier-SDF-Paris-12-mai-2015-450x600.jpg 450w, https:\/\/europeanobsndfr.org\/wp-content\/uploads\/2015\/05\/Didier-SDF-Paris-12-mai-2015.jpg 768w\" sizes=\"auto, (max-width: 225px) 100vw, 225px\" \/><\/a><br \/>\n[\/av_content_slide]<br \/>\n[av_content_slide title=&rsquo;A minuit, Didier dort \u00e0 m\u00eame le sol, Boulevard du Montparnasse, 75014 PARIS&rsquo; link=\u00a0\u00bb linktarget=\u00a0\u00bb]<br \/>\n<a href=\"https:\/\/europeanobsndfr.org\/wp-content\/uploads\/2015\/05\/Photo-Didier-SDF-Paris-Montparnasse.jpg\"><img loading=\"lazy\" decoding=\"async\" class=\"aligncenter size-medium wp-image-2024\" src=\"https:\/\/europeanobsndfr.org\/wp-content\/uploads\/2015\/05\/Photo-Didier-SDF-Paris-Montparnasse-225x300.jpg\" alt=\"Photo Didier SDF Paris Montparnasse\" width=\"225\" height=\"300\" srcset=\"https:\/\/europeanobsndfr.org\/wp-content\/uploads\/2015\/05\/Photo-Didier-SDF-Paris-Montparnasse-225x300.jpg 225w, https:\/\/europeanobsndfr.org\/wp-content\/uploads\/2015\/05\/Photo-Didier-SDF-Paris-Montparnasse-773x1030.jpg 773w, https:\/\/europeanobsndfr.org\/wp-content\/uploads\/2015\/05\/Photo-Didier-SDF-Paris-Montparnasse-1125x1500.jpg 1125w, https:\/\/europeanobsndfr.org\/wp-content\/uploads\/2015\/05\/Photo-Didier-SDF-Paris-Montparnasse-529x705.jpg 529w, https:\/\/europeanobsndfr.org\/wp-content\/uploads\/2015\/05\/Photo-Didier-SDF-Paris-Montparnasse-450x600.jpg 450w, https:\/\/europeanobsndfr.org\/wp-content\/uploads\/2015\/05\/Photo-Didier-SDF-Paris-Montparnasse.jpg 768w\" sizes=\"auto, (max-width: 225px) 100vw, 225px\" \/><\/a><br \/>\n[\/av_content_slide]<br \/>\n[\/av_content_slider]<\/p>\n","protected":false},"excerpt":{"rendered":"<p>Objectif :\u00a0\u00a0Favoriser l\u2019int\u00e9gration de\u00a0personnes, en situation de difficult\u00e9 mat\u00e9rielle et morale, par\u00a0la fourniture gratuite de repas et une aide au logement, en vue de leur insertion professionnelle et de leur promotion sociale.\u00a0Combat contre\u00a0la grande pauvret\u00e9, contre\u00a0l\u2019exclusion sociale, et en faveur de\u00a0l\u2019inclusion sociale. Lieu de l&rsquo;action : PARIS, 14\u00e8me arrondissement, FRANCE. Moyens mis en oeuvre :&#8230;<\/p>","protected":false},"author":1,"featured_media":0,"comment_status":"closed","ping_status":"closed","sticky":false,"template":"","format":"standard","meta":{"give_campaign_id":0,"_kadence_starter_templates_imported_post":false,"_kad_post_transparent":"","_kad_post_title":"","_kad_post_layout":"","_kad_post_sidebar_id":"","_kad_post_content_style":"","_kad_post_vertical_padding":"","_kad_post_feature":"","_kad_post_feature_position":"","_kad_post_header":false,"_kad_post_footer":false,"_kad_post_classname":"","_jetpack_memberships_contains_paid_content":false,"footnotes":""},"categories":[44],"tags":[],"class_list":["post-2025","post","type-post","status-publish","format-standard","hentry","category-combat-contre-pauvrete"],"aioseo_notices":[],"aioseo_head":"\n\t\t<!-- All in One SEO 5.0.1.1 - aioseo.com -->\n\t<meta name=\"robots\" content=\"max-snippet:-1, max-image-preview:large, max-video-preview:-1\" \/>\n\t<meta name=\"author\" content=\"OENDDF\"\/>\n\t<meta name=\"google-site-verification\" content=\"KZsAbCyd-Ww06m2-MlFPa7EphgzWqs90ra8o0LfM_K8\" \/>\n\t<link rel=\"canonical\" href=\"https:\/\/europeanobsndfr.org\/en\/actualites-fr\/combat-contre-pauvrete\/adequate-housing-for-homeless-persons-in-paris\/\" \/>\n\t<meta name=\"generator\" content=\"All in One SEO (AIOSEO) 5.0.1.1\" \/>\n\t\t<meta property=\"og:locale\" content=\"en_GB\" \/>\n\t\t<meta property=\"og:site_name\" content=\"Observatoire Europ\u00e9en de la Non-Discrimination et des Droits Fondamentaux\" \/>\n\t\t<meta property=\"og:type\" content=\"non_profit\" \/>\n\t\t<meta property=\"og:title\" content=\"Soutenir un projet de logement d\u00e9cent pour les personnes sans-abri, \u00e0 PARIS (14\u00b0), FRANCE | O.E.N.D.D.F.\" \/>\n\t\t<meta property=\"og:url\" content=\"https:\/\/europeanobsndfr.org\/en\/actualites-fr\/combat-contre-pauvrete\/adequate-housing-for-homeless-persons-in-paris\/\" \/>\n\t\t<meta property=\"og:image\" content=\"https:\/\/europeanobsndfr.org\/wp-content\/uploads\/2016\/11\/logo-oenddf.jpg\" \/>\n\t\t<meta property=\"og:image:secure_url\" content=\"https:\/\/europeanobsndfr.org\/wp-content\/uploads\/2016\/11\/logo-oenddf.jpg\" \/>\n\t\t<meta property=\"og:image:width\" content=\"830\" \/>\n\t\t<meta property=\"og:image:height\" content=\"600\" \/>\n\t\t<meta name=\"twitter:card\" content=\"summary\" \/>\n\t\t<meta name=\"twitter:site\" content=\"@europeanobs\" \/>\n\t\t<meta name=\"twitter:title\" content=\"Soutenir un projet de logement d\u00e9cent pour les personnes sans-abri, \u00e0 PARIS (14\u00b0), FRANCE | O.E.N.D.D.F.\" \/>\n\t\t<meta name=\"twitter:creator\" content=\"@europeanobs\" \/>\n\t\t<meta name=\"twitter:image\" content=\"https:\/\/europeanobsndfr.org\/wp-content\/uploads\/2016\/11\/logo-oenddf.jpg\" \/>\n\t\t<script type=\"application\/ld+json\" class=\"aioseo-schema\">\n\t\t\t{\"@context\":\"https:\\\/\\\/schema.org\",\"@graph\":[{\"@type\":\"Article\",\"@id\":\"https:\\\/\\\/europeanobsndfr.org\\\/en\\\/actualites-fr\\\/combat-contre-pauvrete\\\/adequate-housing-for-homeless-persons-in-paris\\\/#article\",\"name\":\"Soutenir un projet de logement d\\u00e9cent pour les personnes sans-abri, \\u00e0 PARIS (14\\u00b0), FRANCE | O.E.N.D.D.F.\",\"headline\":\"Soutenir un projet de logement d\\u00e9cent pour les personnes sans-abri, \\u00e0 PARIS (14\\u00b0), FRANCE\",\"author\":{\"@id\":\"https:\\\/\\\/europeanobsndfr.org\\\/en\\\/author\\\/admin\\\/#author\"},\"publisher\":{\"@id\":\"https:\\\/\\\/europeanobsndfr.org\\\/en\\\/#organization\"},\"image\":{\"@type\":\"ImageObject\",\"url\":\"https:\\\/\\\/europeanobsndfr.org\\\/wp-content\\\/uploads\\\/2015\\\/05\\\/Didier-SDF-Paris-12-mai-2015-225x300.jpg\",\"@id\":\"https:\\\/\\\/europeanobsndfr.org\\\/en\\\/actualites-fr\\\/combat-contre-pauvrete\\\/adequate-housing-for-homeless-persons-in-paris\\\/#articleImage\"},\"datePublished\":\"2015-05-21T11:04:32+01:00\",\"dateModified\":\"2015-06-06T20:50:21+01:00\",\"inLanguage\":\"en-GB\",\"mainEntityOfPage\":{\"@id\":\"https:\\\/\\\/europeanobsndfr.org\\\/en\\\/actualites-fr\\\/combat-contre-pauvrete\\\/adequate-housing-for-homeless-persons-in-paris\\\/#webpage\"},\"isPartOf\":{\"@id\":\"https:\\\/\\\/europeanobsndfr.org\\\/en\\\/actualites-fr\\\/combat-contre-pauvrete\\\/adequate-housing-for-homeless-persons-in-paris\\\/#webpage\"},\"articleSection\":\"Combat contre la pauvret\\u00e9, contre l'exclusion sociale et en faveur de l'inclusion sociale\"},{\"@type\":\"BreadcrumbList\",\"@id\":\"https:\\\/\\\/europeanobsndfr.org\\\/en\\\/actualites-fr\\\/combat-contre-pauvrete\\\/adequate-housing-for-homeless-persons-in-paris\\\/#breadcrumblist\",\"itemListElement\":[{\"@type\":\"ListItem\",\"@id\":\"https:\\\/\\\/europeanobsndfr.org\\\/en#listItem\",\"position\":1,\"name\":\"Accueil\",\"item\":\"https:\\\/\\\/europeanobsndfr.org\\\/en\",\"nextItem\":{\"@type\":\"ListItem\",\"@id\":\"https:\\\/\\\/europeanobsndfr.org\\\/en\\\/category\\\/actualites-fr\\\/#listItem\",\"name\":\"Actualit\\u00e9\"}},{\"@type\":\"ListItem\",\"@id\":\"https:\\\/\\\/europeanobsndfr.org\\\/en\\\/category\\\/actualites-fr\\\/#listItem\",\"position\":2,\"name\":\"Actualit\\u00e9\",\"item\":\"https:\\\/\\\/europeanobsndfr.org\\\/en\\\/category\\\/actualites-fr\\\/\",\"nextItem\":{\"@type\":\"ListItem\",\"@id\":\"https:\\\/\\\/europeanobsndfr.org\\\/en\\\/category\\\/actualites-fr\\\/combat-contre-pauvrete\\\/#listItem\",\"name\":\"Combat contre la pauvret\\u00e9, contre l'exclusion sociale et en faveur de l'inclusion sociale\"},\"previousItem\":{\"@type\":\"ListItem\",\"@id\":\"https:\\\/\\\/europeanobsndfr.org\\\/en#listItem\",\"name\":\"Accueil\"}},{\"@type\":\"ListItem\",\"@id\":\"https:\\\/\\\/europeanobsndfr.org\\\/en\\\/category\\\/actualites-fr\\\/combat-contre-pauvrete\\\/#listItem\",\"position\":3,\"name\":\"Combat contre la pauvret\\u00e9, contre l'exclusion sociale et en faveur de l'inclusion sociale\",\"item\":\"https:\\\/\\\/europeanobsndfr.org\\\/en\\\/category\\\/actualites-fr\\\/combat-contre-pauvrete\\\/\",\"nextItem\":{\"@type\":\"ListItem\",\"@id\":\"https:\\\/\\\/europeanobsndfr.org\\\/en\\\/actualites-fr\\\/combat-contre-pauvrete\\\/adequate-housing-for-homeless-persons-in-paris\\\/#listItem\",\"name\":\"Soutenir un projet de logement d\\u00e9cent pour les personnes sans-abri, \\u00e0 PARIS (14\\u00b0), FRANCE\"},\"previousItem\":{\"@type\":\"ListItem\",\"@id\":\"https:\\\/\\\/europeanobsndfr.org\\\/en\\\/category\\\/actualites-fr\\\/#listItem\",\"name\":\"Actualit\\u00e9\"}},{\"@type\":\"ListItem\",\"@id\":\"https:\\\/\\\/europeanobsndfr.org\\\/en\\\/actualites-fr\\\/combat-contre-pauvrete\\\/adequate-housing-for-homeless-persons-in-paris\\\/#listItem\",\"position\":4,\"name\":\"Soutenir un projet de logement d\\u00e9cent pour les personnes sans-abri, \\u00e0 PARIS (14\\u00b0), FRANCE\",\"previousItem\":{\"@type\":\"ListItem\",\"@id\":\"https:\\\/\\\/europeanobsndfr.org\\\/en\\\/category\\\/actualites-fr\\\/combat-contre-pauvrete\\\/#listItem\",\"name\":\"Combat contre la pauvret\\u00e9, contre l'exclusion sociale et en faveur de l'inclusion sociale\"}}]},{\"@type\":\"Organization\",\"@id\":\"https:\\\/\\\/europeanobsndfr.org\\\/en\\\/#organization\",\"name\":\"OENDDF\",\"description\":\"Organisation Internationale Non-Gouvernementale\",\"url\":\"https:\\\/\\\/europeanobsndfr.org\\\/en\\\/\",\"logo\":{\"@type\":\"ImageObject\",\"url\":\"https:\\\/\\\/europeanobsndfr.org\\\/wp-content\\\/uploads\\\/2016\\\/11\\\/cropped-logo-oenddf.jpg\",\"@id\":\"https:\\\/\\\/europeanobsndfr.org\\\/en\\\/actualites-fr\\\/combat-contre-pauvrete\\\/adequate-housing-for-homeless-persons-in-paris\\\/#organizationLogo\",\"width\":701,\"height\":600,\"caption\":\"Logo OENDDF\"},\"image\":{\"@id\":\"https:\\\/\\\/europeanobsndfr.org\\\/en\\\/actualites-fr\\\/combat-contre-pauvrete\\\/adequate-housing-for-homeless-persons-in-paris\\\/#organizationLogo\"},\"sameAs\":[\"https:\\\/\\\/twitter.com\\\/europeanobs\",\"https:\\\/\\\/www.instagram.com\\\/oenddf_ngo\\\/\",\"https:\\\/\\\/www.youtube.com\\\/channel\\\/UCO9vz5fybFw1Q8pvN00CDgA\"]},{\"@type\":\"Person\",\"@id\":\"https:\\\/\\\/europeanobsndfr.org\\\/en\\\/author\\\/admin\\\/#author\",\"url\":\"https:\\\/\\\/europeanobsndfr.org\\\/en\\\/author\\\/admin\\\/\",\"name\":\"OENDDF\",\"image\":{\"@type\":\"ImageObject\",\"@id\":\"https:\\\/\\\/europeanobsndfr.org\\\/en\\\/actualites-fr\\\/combat-contre-pauvrete\\\/adequate-housing-for-homeless-persons-in-paris\\\/#authorImage\",\"url\":\"https:\\\/\\\/secure.gravatar.com\\\/avatar\\\/f64bd673bdf1f612f36226606d41703598d9c028a910d72b461acb19a72f63d5?s=96&d=mm&r=g\",\"width\":96,\"height\":96,\"caption\":\"OENDDF\"}},{\"@type\":\"WebPage\",\"@id\":\"https:\\\/\\\/europeanobsndfr.org\\\/en\\\/actualites-fr\\\/combat-contre-pauvrete\\\/adequate-housing-for-homeless-persons-in-paris\\\/#webpage\",\"url\":\"https:\\\/\\\/europeanobsndfr.org\\\/en\\\/actualites-fr\\\/combat-contre-pauvrete\\\/adequate-housing-for-homeless-persons-in-paris\\\/\",\"name\":\"Soutenir un projet de logement d\\u00e9cent pour les personnes sans-abri, \\u00e0 PARIS (14\\u00b0), FRANCE | O.E.N.D.D.F.\",\"inLanguage\":\"en-GB\",\"isPartOf\":{\"@id\":\"https:\\\/\\\/europeanobsndfr.org\\\/en\\\/#website\"},\"breadcrumb\":{\"@id\":\"https:\\\/\\\/europeanobsndfr.org\\\/en\\\/actualites-fr\\\/combat-contre-pauvrete\\\/adequate-housing-for-homeless-persons-in-paris\\\/#breadcrumblist\"},\"author\":{\"@id\":\"https:\\\/\\\/europeanobsndfr.org\\\/en\\\/author\\\/admin\\\/#author\"},\"creator\":{\"@id\":\"https:\\\/\\\/europeanobsndfr.org\\\/en\\\/author\\\/admin\\\/#author\"},\"datePublished\":\"2015-05-21T11:04:32+01:00\",\"dateModified\":\"2015-06-06T20:50:21+01:00\"},{\"@type\":\"WebSite\",\"@id\":\"https:\\\/\\\/europeanobsndfr.org\\\/en\\\/#website\",\"url\":\"https:\\\/\\\/europeanobsndfr.org\\\/en\\\/\",\"name\":\"Observatoire Europ\\u00e9en de la Non-Discrimination et des Droits Fondamentaux\",\"description\":\"Organisation Internationale Non-Gouvernementale\",\"inLanguage\":\"en-GB\",\"publisher\":{\"@id\":\"https:\\\/\\\/europeanobsndfr.org\\\/en\\\/#organization\"}}]}\n\t\t<\/script>\n\t\t<!-- All in One SEO -->\n\n","aioseo_head_json":{"title":"Soutenir un projet de logement d\u00e9cent pour les personnes sans-abri, \u00e0 PARIS (14\u00b0), FRANCE | O.E.N.D.D.F.","description":"","canonical_url":"https:\/\/europeanobsndfr.org\/en\/actualites-fr\/combat-contre-pauvrete\/adequate-housing-for-homeless-persons-in-paris\/","robots":"max-snippet:-1, max-image-preview:large, max-video-preview:-1","keywords":"","webmasterTools":{"google-site-verification":"KZsAbCyd-Ww06m2-MlFPa7EphgzWqs90ra8o0LfM_K8","miscellaneous":""},"schema":{"@context":"https:\/\/schema.org","@graph":[{"@type":"Article","@id":"https:\/\/europeanobsndfr.org\/en\/actualites-fr\/combat-contre-pauvrete\/adequate-housing-for-homeless-persons-in-paris\/#article","name":"Soutenir un projet de logement d\u00e9cent pour les personnes sans-abri, \u00e0 PARIS (14\u00b0), FRANCE | O.E.N.D.D.F.","headline":"Soutenir un projet de logement d\u00e9cent pour les personnes sans-abri, \u00e0 PARIS (14\u00b0), FRANCE","author":{"@id":"https:\/\/europeanobsndfr.org\/en\/author\/admin\/#author"},"publisher":{"@id":"https:\/\/europeanobsndfr.org\/en\/#organization"},"image":{"@type":"ImageObject","url":"https:\/\/europeanobsndfr.org\/wp-content\/uploads\/2015\/05\/Didier-SDF-Paris-12-mai-2015-225x300.jpg","@id":"https:\/\/europeanobsndfr.org\/en\/actualites-fr\/combat-contre-pauvrete\/adequate-housing-for-homeless-persons-in-paris\/#articleImage"},"datePublished":"2015-05-21T11:04:32+01:00","dateModified":"2015-06-06T20:50:21+01:00","inLanguage":"en-GB","mainEntityOfPage":{"@id":"https:\/\/europeanobsndfr.org\/en\/actualites-fr\/combat-contre-pauvrete\/adequate-housing-for-homeless-persons-in-paris\/#webpage"},"isPartOf":{"@id":"https:\/\/europeanobsndfr.org\/en\/actualites-fr\/combat-contre-pauvrete\/adequate-housing-for-homeless-persons-in-paris\/#webpage"},"articleSection":"Combat contre la pauvret\u00e9, contre l'exclusion sociale et en faveur de l'inclusion sociale"},{"@type":"BreadcrumbList","@id":"https:\/\/europeanobsndfr.org\/en\/actualites-fr\/combat-contre-pauvrete\/adequate-housing-for-homeless-persons-in-paris\/#breadcrumblist","itemListElement":[{"@type":"ListItem","@id":"https:\/\/europeanobsndfr.org\/en#listItem","position":1,"name":"Accueil","item":"https:\/\/europeanobsndfr.org\/en","nextItem":{"@type":"ListItem","@id":"https:\/\/europeanobsndfr.org\/en\/category\/actualites-fr\/#listItem","name":"Actualit\u00e9"}},{"@type":"ListItem","@id":"https:\/\/europeanobsndfr.org\/en\/category\/actualites-fr\/#listItem","position":2,"name":"Actualit\u00e9","item":"https:\/\/europeanobsndfr.org\/en\/category\/actualites-fr\/","nextItem":{"@type":"ListItem","@id":"https:\/\/europeanobsndfr.org\/en\/category\/actualites-fr\/combat-contre-pauvrete\/#listItem","name":"Combat contre la pauvret\u00e9, contre l'exclusion sociale et en faveur de l'inclusion sociale"},"previousItem":{"@type":"ListItem","@id":"https:\/\/europeanobsndfr.org\/en#listItem","name":"Accueil"}},{"@type":"ListItem","@id":"https:\/\/europeanobsndfr.org\/en\/category\/actualites-fr\/combat-contre-pauvrete\/#listItem","position":3,"name":"Combat contre la pauvret\u00e9, contre l'exclusion sociale et en faveur de l'inclusion sociale","item":"https:\/\/europeanobsndfr.org\/en\/category\/actualites-fr\/combat-contre-pauvrete\/","nextItem":{"@type":"ListItem","@id":"https:\/\/europeanobsndfr.org\/en\/actualites-fr\/combat-contre-pauvrete\/adequate-housing-for-homeless-persons-in-paris\/#listItem","name":"Soutenir un projet de logement d\u00e9cent pour les personnes sans-abri, \u00e0 PARIS (14\u00b0), FRANCE"},"previousItem":{"@type":"ListItem","@id":"https:\/\/europeanobsndfr.org\/en\/category\/actualites-fr\/#listItem","name":"Actualit\u00e9"}},{"@type":"ListItem","@id":"https:\/\/europeanobsndfr.org\/en\/actualites-fr\/combat-contre-pauvrete\/adequate-housing-for-homeless-persons-in-paris\/#listItem","position":4,"name":"Soutenir un projet de logement d\u00e9cent pour les personnes sans-abri, \u00e0 PARIS (14\u00b0), FRANCE","previousItem":{"@type":"ListItem","@id":"https:\/\/europeanobsndfr.org\/en\/category\/actualites-fr\/combat-contre-pauvrete\/#listItem","name":"Combat contre la pauvret\u00e9, contre l'exclusion sociale et en faveur de l'inclusion sociale"}}]},{"@type":"Organization","@id":"https:\/\/europeanobsndfr.org\/en\/#organization","name":"OENDDF","description":"Organisation Internationale Non-Gouvernementale","url":"https:\/\/europeanobsndfr.org\/en\/","logo":{"@type":"ImageObject","url":"https:\/\/europeanobsndfr.org\/wp-content\/uploads\/2016\/11\/cropped-logo-oenddf.jpg","@id":"https:\/\/europeanobsndfr.org\/en\/actualites-fr\/combat-contre-pauvrete\/adequate-housing-for-homeless-persons-in-paris\/#organizationLogo","width":701,"height":600,"caption":"Logo OENDDF"},"image":{"@id":"https:\/\/europeanobsndfr.org\/en\/actualites-fr\/combat-contre-pauvrete\/adequate-housing-for-homeless-persons-in-paris\/#organizationLogo"},"sameAs":["https:\/\/twitter.com\/europeanobs","https:\/\/www.instagram.com\/oenddf_ngo\/","https:\/\/www.youtube.com\/channel\/UCO9vz5fybFw1Q8pvN00CDgA"]},{"@type":"Person","@id":"https:\/\/europeanobsndfr.org\/en\/author\/admin\/#author","url":"https:\/\/europeanobsndfr.org\/en\/author\/admin\/","name":"OENDDF","image":{"@type":"ImageObject","@id":"https:\/\/europeanobsndfr.org\/en\/actualites-fr\/combat-contre-pauvrete\/adequate-housing-for-homeless-persons-in-paris\/#authorImage","url":"https:\/\/secure.gravatar.com\/avatar\/f64bd673bdf1f612f36226606d41703598d9c028a910d72b461acb19a72f63d5?s=96&d=mm&r=g","width":96,"height":96,"caption":"OENDDF"}},{"@type":"WebPage","@id":"https:\/\/europeanobsndfr.org\/en\/actualites-fr\/combat-contre-pauvrete\/adequate-housing-for-homeless-persons-in-paris\/#webpage","url":"https:\/\/europeanobsndfr.org\/en\/actualites-fr\/combat-contre-pauvrete\/adequate-housing-for-homeless-persons-in-paris\/","name":"Soutenir un projet de logement d\u00e9cent pour les personnes sans-abri, \u00e0 PARIS (14\u00b0), FRANCE | O.E.N.D.D.F.","inLanguage":"en-GB","isPartOf":{"@id":"https:\/\/europeanobsndfr.org\/en\/#website"},"breadcrumb":{"@id":"https:\/\/europeanobsndfr.org\/en\/actualites-fr\/combat-contre-pauvrete\/adequate-housing-for-homeless-persons-in-paris\/#breadcrumblist"},"author":{"@id":"https:\/\/europeanobsndfr.org\/en\/author\/admin\/#author"},"creator":{"@id":"https:\/\/europeanobsndfr.org\/en\/author\/admin\/#author"},"datePublished":"2015-05-21T11:04:32+01:00","dateModified":"2015-06-06T20:50:21+01:00"},{"@type":"WebSite","@id":"https:\/\/europeanobsndfr.org\/en\/#website","url":"https:\/\/europeanobsndfr.org\/en\/","name":"Observatoire Europ\u00e9en de la Non-Discrimination et des Droits Fondamentaux","description":"Organisation Internationale Non-Gouvernementale","inLanguage":"en-GB","publisher":{"@id":"https:\/\/europeanobsndfr.org\/en\/#organization"}}]},"og:locale":"en_GB","og:site_name":"Observatoire Europ\u00e9en de la Non-Discrimination et des Droits Fondamentaux","og:type":"non_profit","og:title":"Soutenir un projet de logement d\u00e9cent pour les personnes sans-abri, \u00e0 PARIS (14\u00b0), FRANCE | O.E.N.D.D.F.","og:url":"https:\/\/europeanobsndfr.org\/en\/actualites-fr\/combat-contre-pauvrete\/adequate-housing-for-homeless-persons-in-paris\/","og:image":"https:\/\/europeanobsndfr.org\/wp-content\/uploads\/2016\/11\/logo-oenddf.jpg","og:image:secure_url":"https:\/\/europeanobsndfr.org\/wp-content\/uploads\/2016\/11\/logo-oenddf.jpg","og:image:width":830,"og:image:height":600,"twitter:card":"summary","twitter:site":"@europeanobs","twitter:title":"Soutenir un projet de logement d\u00e9cent pour les personnes sans-abri, \u00e0 PARIS (14\u00b0), FRANCE | O.E.N.D.D.F.","twitter:creator":"@europeanobs","twitter:image":"https:\/\/europeanobsndfr.org\/wp-content\/uploads\/2016\/11\/logo-oenddf.jpg"},"aioseo_meta_data":{"post_id":"2025","title":null,"description":null,"keywords":null,"keyphrases":null,"primary_term":null,"canonical_url":null,"og_title":null,"og_description":null,"og_object_type":"default","og_image_type":"default","og_image_url":null,"og_image_width":null,"og_image_height":null,"og_image_custom_url":null,"og_image_custom_fields":null,"og_video":null,"og_custom_url":null,"og_article_section":null,"og_article_tags":null,"twitter_use_og":false,"twitter_card":"default","twitter_image_type":"default","twitter_image_url":null,"twitter_image_custom_url":null,"twitter_image_custom_fields":null,"twitter_title":null,"twitter_description":null,"schema":{"blockGraphs":[],"customGraphs":[],"default":{"data":{"Article":[],"Course":[],"Dataset":[],"FAQPage":[],"Movie":[],"Person":[],"Product":[],"ProductReview":[],"Car":[],"Recipe":[],"Service":[],"SoftwareApplication":[],"WebPage":[]},"graphName":"","isEnabled":true},"graphs":[]},"schema_type":null,"schema_type_options":null,"pillar_content":false,"robots_default":true,"robots_noindex":false,"robots_noarchive":false,"robots_nosnippet":false,"robots_nofollow":false,"robots_noimageindex":false,"robots_noodp":false,"robots_notranslate":false,"robots_max_snippet":null,"robots_max_videopreview":null,"robots_max_imagepreview":"large","priority":null,"frequency":null,"local_seo":null,"breadcrumb_settings":null,"limit_modified_date":false,"ai":null,"created":"2021-01-22 17:44:03","updated":"2025-08-01 06:34:48","focus_keyword":null,"additional_keywords":null,"truseo_locale":null,"seo_analyzer_scan_date":null},"jetpack_featured_media_url":"","jetpack-related-posts":[],"jetpack_sharing_enabled":true,"_links":{"self":[{"href":"https:\/\/europeanobsndfr.org\/en\/wp-json\/wp\/v2\/posts\/2025","targetHints":{"allow":["GET"]}}],"collection":[{"href":"https:\/\/europeanobsndfr.org\/en\/wp-json\/wp\/v2\/posts"}],"about":[{"href":"https:\/\/europeanobsndfr.org\/en\/wp-json\/wp\/v2\/types\/post"}],"author":[{"embeddable":true,"href":"https:\/\/europeanobsndfr.org\/en\/wp-json\/wp\/v2\/users\/1"}],"replies":[{"embeddable":true,"href":"https:\/\/europeanobsndfr.org\/en\/wp-json\/wp\/v2\/comments?post=2025"}],"version-history":[{"count":0,"href":"https:\/\/europeanobsndfr.org\/en\/wp-json\/wp\/v2\/posts\/2025\/revisions"}],"wp:attachment":[{"href":"https:\/\/europeanobsndfr.org\/en\/wp-json\/wp\/v2\/media?parent=2025"}],"wp:term":[{"taxonomy":"category","embeddable":true,"href":"https:\/\/europeanobsndfr.org\/en\/wp-json\/wp\/v2\/categories?post=2025"},{"taxonomy":"post_tag","embeddable":true,"href":"https:\/\/europeanobsndfr.org\/en\/wp-json\/wp\/v2\/tags?post=2025"}],"curies":[{"name":"wp","href":"https:\/\/api.w.org\/{rel}","templated":true}]}}