{"id":2369,"date":"2015-05-27T16:32:24","date_gmt":"2015-05-27T16:32:24","guid":{"rendered":"https:\/\/europeanobsndfr.org\/?p=2369"},"modified":"2015-06-06T18:12:07","modified_gmt":"2015-06-06T18:12:07","slug":"activite-dhebergement-durgence-personnes-sans-abri-au-mans-72-france","status":"publish","type":"post","link":"https:\/\/europeanobsndfr.org\/en\/actualites-fr\/combat-contre-pauvrete\/activite-dhebergement-durgence-personnes-sans-abri-au-mans-72-france\/","title":{"rendered":"Activit\u00e9 d\u2019h\u00e9bergement d\u2019urgence \u2013 Personnes sans-abri au MANS (72), FRANCE."},"content":{"rendered":"<p style=\"text-align: justify;\"><span style=\"text-decoration: underline;\"><strong>Objectif<\/strong> : <\/span>Favoriser l\u2019int\u00e9gration de jeunes personnes en situation de difficult\u00e9 mat\u00e9rielle et morale, en particulier les jeunes personnes sans-abri, par<strong> une activit\u00e9 d\u2019h\u00e9bergement d\u2019urgence, en vue de leur acc\u00e8s \u00e0 un logement.<\/strong><\/p>\n<p style=\"text-align: justify;\"><span style=\"text-decoration: underline;\"><strong>Moyens mis en oeuvre : <\/strong><\/span> partenariats avec des H\u00f4tels en vue d\u2019<strong>une activit\u00e9 d\u2019h\u00e9bergement d\u2019urgence,<\/strong> financ\u00e9e par l\u2019Association.<\/p>\n<p style=\"text-align: justify;\"><span style=\"text-decoration: underline;\"><strong>Lieu de l\u2019action :<\/strong><\/span> LE MANS (SARTHE, 72), FRANCE.<\/p>\n<p style=\"text-align: justify;\"><strong><span style=\"text-decoration: underline;\">27 Mai 2015 :<\/span> <\/strong>mise en place d\u2019un <strong>h\u00e9bergement d\u2019urgence<\/strong> en structure h\u00f4teli\u00e8re de Mallaury, jeune personne sans-abri, \u00e2g\u00e9e de 21 ans, dans la ville du MANS, FRANCE.<\/p>\n<p style=\"text-align: justify;\"><strong><span style=\"text-decoration: underline;\">Domaine d\u2019intervention vis\u00e9 par la Commission Europ\u00e9enne<\/span> : Protection sociale et inclusion sociale. Strat\u00e9gie Europe 2020. <span class=\"Apple-style-span\"><a href=\"http:\/\/ec.europa.eu\/social\/main.jsp?catId=961&amp;langId=en\">Plateforme europ\u00e9enne contre la Pauvret\u00e9 et l\u2019Exclusion sociale<\/a>.<\/span><\/strong><\/p>\n<p>[av_content_slider heading=\u00a0\u00bb columns=&rsquo;1&prime; animation=&rsquo;slide&rsquo; navigation=&rsquo;arrows&rsquo; autoplay=&rsquo;false&rsquo; interval=&rsquo;5&prime; font_color=\u00a0\u00bb color=\u00a0\u00bb]<br \/>\n[av_content_slide title=&rsquo;Mallaury, jeune personne sans-abri de 21 ans, rencontr\u00e9 \u00e0 la gare du Mans, accepte un h\u00e9bergement d\u2018urgence en structure d\u2019h\u00f4tel.&rsquo; link=\u00a0\u00bb linktarget=\u00a0\u00bb]<br \/>\n<a href=\"https:\/\/europeanobsndfr.org\/wp-content\/uploads\/2015\/05\/Photo-Mallaury-e1432758572808.jpg\"><img loading=\"lazy\" decoding=\"async\" class=\"aligncenter size-medium wp-image-2229\" src=\"https:\/\/europeanobsndfr.org\/wp-content\/uploads\/2015\/05\/Photo-Mallaury-e1432758572808-225x300.jpg\" alt=\"Photo Mallaury\" width=\"225\" height=\"300\" \/><\/a><br \/>\n[\/av_content_slide]<br \/>\n[\/av_content_slider]<\/p>\n<p style=\"text-align: justify;\">\n","protected":false},"excerpt":{"rendered":"<p>Objectif : Favoriser l\u2019int\u00e9gration de jeunes personnes en situation de difficult\u00e9 mat\u00e9rielle et morale, en particulier les jeunes personnes sans-abri, par une activit\u00e9 d\u2019h\u00e9bergement d\u2019urgence, en vue de leur acc\u00e8s \u00e0 un logement. Moyens mis en oeuvre : partenariats avec des H\u00f4tels en vue d\u2019une activit\u00e9 d\u2019h\u00e9bergement d\u2019urgence, financ\u00e9e par l\u2019Association. Lieu de l\u2019action :&#8230;<\/p>","protected":false},"author":1,"featured_media":0,"comment_status":"closed","ping_status":"closed","sticky":false,"template":"","format":"standard","meta":{"give_campaign_id":0,"_kadence_starter_templates_imported_post":false,"_kad_post_transparent":"","_kad_post_title":"","_kad_post_layout":"","_kad_post_sidebar_id":"","_kad_post_content_style":"","_kad_post_vertical_padding":"","_kad_post_feature":"","_kad_post_feature_position":"","_kad_post_header":false,"_kad_post_footer":false,"_kad_post_classname":"","_jetpack_memberships_contains_paid_content":false,"footnotes":""},"categories":[44],"tags":[],"class_list":["post-2369","post","type-post","status-publish","format-standard","hentry","category-combat-contre-pauvrete"],"aioseo_notices":[],"aioseo_head":"\n\t\t<!-- All in One SEO 5.0.1.1 - aioseo.com -->\n\t<meta name=\"robots\" content=\"max-snippet:-1, max-image-preview:large, max-video-preview:-1\" \/>\n\t<meta name=\"author\" content=\"OENDDF\"\/>\n\t<meta name=\"google-site-verification\" content=\"KZsAbCyd-Ww06m2-MlFPa7EphgzWqs90ra8o0LfM_K8\" \/>\n\t<link rel=\"canonical\" href=\"https:\/\/europeanobsndfr.org\/en\/actualites-fr\/combat-contre-pauvrete\/activite-dhebergement-durgence-personnes-sans-abri-au-mans-72-france\/\" \/>\n\t<meta name=\"generator\" content=\"All in One SEO (AIOSEO) 5.0.1.1\" \/>\n\t\t<meta property=\"og:locale\" content=\"en_GB\" \/>\n\t\t<meta property=\"og:site_name\" content=\"Observatoire Europ\u00e9en de la Non-Discrimination et des Droits Fondamentaux\" \/>\n\t\t<meta property=\"og:type\" content=\"non_profit\" \/>\n\t\t<meta property=\"og:title\" content=\"Activit\u00e9 d\u2019h\u00e9bergement d\u2019urgence \u2013 Personnes sans-abri au MANS (72), FRANCE. | O.E.N.D.D.F.\" \/>\n\t\t<meta property=\"og:url\" content=\"https:\/\/europeanobsndfr.org\/en\/actualites-fr\/combat-contre-pauvrete\/activite-dhebergement-durgence-personnes-sans-abri-au-mans-72-france\/\" \/>\n\t\t<meta property=\"og:image\" content=\"https:\/\/europeanobsndfr.org\/wp-content\/uploads\/2016\/11\/logo-oenddf.jpg\" \/>\n\t\t<meta property=\"og:image:secure_url\" content=\"https:\/\/europeanobsndfr.org\/wp-content\/uploads\/2016\/11\/logo-oenddf.jpg\" \/>\n\t\t<meta property=\"og:image:width\" content=\"830\" \/>\n\t\t<meta property=\"og:image:height\" content=\"600\" \/>\n\t\t<meta name=\"twitter:card\" content=\"summary\" \/>\n\t\t<meta name=\"twitter:site\" content=\"@europeanobs\" \/>\n\t\t<meta name=\"twitter:title\" content=\"Activit\u00e9 d\u2019h\u00e9bergement d\u2019urgence \u2013 Personnes sans-abri au MANS (72), FRANCE. | O.E.N.D.D.F.\" \/>\n\t\t<meta name=\"twitter:creator\" content=\"@europeanobs\" \/>\n\t\t<meta name=\"twitter:image\" content=\"https:\/\/europeanobsndfr.org\/wp-content\/uploads\/2016\/11\/logo-oenddf.jpg\" \/>\n\t\t<script type=\"application\/ld+json\" class=\"aioseo-schema\">\n\t\t\t{\"@context\":\"https:\\\/\\\/schema.org\",\"@graph\":[{\"@type\":\"Article\",\"@id\":\"https:\\\/\\\/europeanobsndfr.org\\\/en\\\/actualites-fr\\\/combat-contre-pauvrete\\\/activite-dhebergement-durgence-personnes-sans-abri-au-mans-72-france\\\/#article\",\"name\":\"Activit\\u00e9 d\\u2019h\\u00e9bergement d\\u2019urgence \\u2013 Personnes sans-abri au MANS (72), FRANCE. | O.E.N.D.D.F.\",\"headline\":\"Activit\\u00e9 d\\u2019h\\u00e9bergement d\\u2019urgence \\u2013 Personnes sans-abri au MANS (72), FRANCE.\",\"author\":{\"@id\":\"https:\\\/\\\/europeanobsndfr.org\\\/en\\\/author\\\/admin\\\/#author\"},\"publisher\":{\"@id\":\"https:\\\/\\\/europeanobsndfr.org\\\/en\\\/#organization\"},\"image\":{\"@type\":\"ImageObject\",\"url\":\"https:\\\/\\\/europeanobsndfr.org\\\/wp-content\\\/uploads\\\/2015\\\/05\\\/Photo-Mallaury-e1432758572808-225x300.jpg\",\"@id\":\"https:\\\/\\\/europeanobsndfr.org\\\/en\\\/actualites-fr\\\/combat-contre-pauvrete\\\/activite-dhebergement-durgence-personnes-sans-abri-au-mans-72-france\\\/#articleImage\"},\"datePublished\":\"2015-05-27T16:32:24+01:00\",\"dateModified\":\"2015-06-06T18:12:07+01:00\",\"inLanguage\":\"en-GB\",\"mainEntityOfPage\":{\"@id\":\"https:\\\/\\\/europeanobsndfr.org\\\/en\\\/actualites-fr\\\/combat-contre-pauvrete\\\/activite-dhebergement-durgence-personnes-sans-abri-au-mans-72-france\\\/#webpage\"},\"isPartOf\":{\"@id\":\"https:\\\/\\\/europeanobsndfr.org\\\/en\\\/actualites-fr\\\/combat-contre-pauvrete\\\/activite-dhebergement-durgence-personnes-sans-abri-au-mans-72-france\\\/#webpage\"},\"articleSection\":\"Combat contre la pauvret\\u00e9, contre l'exclusion sociale et en faveur de l'inclusion sociale\"},{\"@type\":\"BreadcrumbList\",\"@id\":\"https:\\\/\\\/europeanobsndfr.org\\\/en\\\/actualites-fr\\\/combat-contre-pauvrete\\\/activite-dhebergement-durgence-personnes-sans-abri-au-mans-72-france\\\/#breadcrumblist\",\"itemListElement\":[{\"@type\":\"ListItem\",\"@id\":\"https:\\\/\\\/europeanobsndfr.org\\\/en#listItem\",\"position\":1,\"name\":\"Accueil\",\"item\":\"https:\\\/\\\/europeanobsndfr.org\\\/en\",\"nextItem\":{\"@type\":\"ListItem\",\"@id\":\"https:\\\/\\\/europeanobsndfr.org\\\/en\\\/category\\\/actualites-fr\\\/#listItem\",\"name\":\"Actualit\\u00e9\"}},{\"@type\":\"ListItem\",\"@id\":\"https:\\\/\\\/europeanobsndfr.org\\\/en\\\/category\\\/actualites-fr\\\/#listItem\",\"position\":2,\"name\":\"Actualit\\u00e9\",\"item\":\"https:\\\/\\\/europeanobsndfr.org\\\/en\\\/category\\\/actualites-fr\\\/\",\"nextItem\":{\"@type\":\"ListItem\",\"@id\":\"https:\\\/\\\/europeanobsndfr.org\\\/en\\\/category\\\/actualites-fr\\\/combat-contre-pauvrete\\\/#listItem\",\"name\":\"Combat contre la pauvret\\u00e9, contre l'exclusion sociale et en faveur de l'inclusion sociale\"},\"previousItem\":{\"@type\":\"ListItem\",\"@id\":\"https:\\\/\\\/europeanobsndfr.org\\\/en#listItem\",\"name\":\"Accueil\"}},{\"@type\":\"ListItem\",\"@id\":\"https:\\\/\\\/europeanobsndfr.org\\\/en\\\/category\\\/actualites-fr\\\/combat-contre-pauvrete\\\/#listItem\",\"position\":3,\"name\":\"Combat contre la pauvret\\u00e9, contre l'exclusion sociale et en faveur de l'inclusion sociale\",\"item\":\"https:\\\/\\\/europeanobsndfr.org\\\/en\\\/category\\\/actualites-fr\\\/combat-contre-pauvrete\\\/\",\"nextItem\":{\"@type\":\"ListItem\",\"@id\":\"https:\\\/\\\/europeanobsndfr.org\\\/en\\\/actualites-fr\\\/combat-contre-pauvrete\\\/activite-dhebergement-durgence-personnes-sans-abri-au-mans-72-france\\\/#listItem\",\"name\":\"Activit\\u00e9 d\\u2019h\\u00e9bergement d\\u2019urgence \\u2013 Personnes sans-abri au MANS (72), FRANCE.\"},\"previousItem\":{\"@type\":\"ListItem\",\"@id\":\"https:\\\/\\\/europeanobsndfr.org\\\/en\\\/category\\\/actualites-fr\\\/#listItem\",\"name\":\"Actualit\\u00e9\"}},{\"@type\":\"ListItem\",\"@id\":\"https:\\\/\\\/europeanobsndfr.org\\\/en\\\/actualites-fr\\\/combat-contre-pauvrete\\\/activite-dhebergement-durgence-personnes-sans-abri-au-mans-72-france\\\/#listItem\",\"position\":4,\"name\":\"Activit\\u00e9 d\\u2019h\\u00e9bergement d\\u2019urgence \\u2013 Personnes sans-abri au MANS (72), FRANCE.\",\"previousItem\":{\"@type\":\"ListItem\",\"@id\":\"https:\\\/\\\/europeanobsndfr.org\\\/en\\\/category\\\/actualites-fr\\\/combat-contre-pauvrete\\\/#listItem\",\"name\":\"Combat contre la pauvret\\u00e9, contre l'exclusion sociale et en faveur de l'inclusion sociale\"}}]},{\"@type\":\"Organization\",\"@id\":\"https:\\\/\\\/europeanobsndfr.org\\\/en\\\/#organization\",\"name\":\"OENDDF\",\"description\":\"Organisation Internationale Non-Gouvernementale\",\"url\":\"https:\\\/\\\/europeanobsndfr.org\\\/en\\\/\",\"logo\":{\"@type\":\"ImageObject\",\"url\":\"https:\\\/\\\/europeanobsndfr.org\\\/wp-content\\\/uploads\\\/2016\\\/11\\\/cropped-logo-oenddf.jpg\",\"@id\":\"https:\\\/\\\/europeanobsndfr.org\\\/en\\\/actualites-fr\\\/combat-contre-pauvrete\\\/activite-dhebergement-durgence-personnes-sans-abri-au-mans-72-france\\\/#organizationLogo\",\"width\":701,\"height\":600,\"caption\":\"Logo OENDDF\"},\"image\":{\"@id\":\"https:\\\/\\\/europeanobsndfr.org\\\/en\\\/actualites-fr\\\/combat-contre-pauvrete\\\/activite-dhebergement-durgence-personnes-sans-abri-au-mans-72-france\\\/#organizationLogo\"},\"sameAs\":[\"https:\\\/\\\/twitter.com\\\/europeanobs\",\"https:\\\/\\\/www.instagram.com\\\/oenddf_ngo\\\/\",\"https:\\\/\\\/www.youtube.com\\\/channel\\\/UCO9vz5fybFw1Q8pvN00CDgA\"]},{\"@type\":\"Person\",\"@id\":\"https:\\\/\\\/europeanobsndfr.org\\\/en\\\/author\\\/admin\\\/#author\",\"url\":\"https:\\\/\\\/europeanobsndfr.org\\\/en\\\/author\\\/admin\\\/\",\"name\":\"OENDDF\",\"image\":{\"@type\":\"ImageObject\",\"@id\":\"https:\\\/\\\/europeanobsndfr.org\\\/en\\\/actualites-fr\\\/combat-contre-pauvrete\\\/activite-dhebergement-durgence-personnes-sans-abri-au-mans-72-france\\\/#authorImage\",\"url\":\"https:\\\/\\\/secure.gravatar.com\\\/avatar\\\/f64bd673bdf1f612f36226606d41703598d9c028a910d72b461acb19a72f63d5?s=96&d=mm&r=g\",\"width\":96,\"height\":96,\"caption\":\"OENDDF\"}},{\"@type\":\"WebPage\",\"@id\":\"https:\\\/\\\/europeanobsndfr.org\\\/en\\\/actualites-fr\\\/combat-contre-pauvrete\\\/activite-dhebergement-durgence-personnes-sans-abri-au-mans-72-france\\\/#webpage\",\"url\":\"https:\\\/\\\/europeanobsndfr.org\\\/en\\\/actualites-fr\\\/combat-contre-pauvrete\\\/activite-dhebergement-durgence-personnes-sans-abri-au-mans-72-france\\\/\",\"name\":\"Activit\\u00e9 d\\u2019h\\u00e9bergement d\\u2019urgence \\u2013 Personnes sans-abri au MANS (72), FRANCE. | O.E.N.D.D.F.\",\"inLanguage\":\"en-GB\",\"isPartOf\":{\"@id\":\"https:\\\/\\\/europeanobsndfr.org\\\/en\\\/#website\"},\"breadcrumb\":{\"@id\":\"https:\\\/\\\/europeanobsndfr.org\\\/en\\\/actualites-fr\\\/combat-contre-pauvrete\\\/activite-dhebergement-durgence-personnes-sans-abri-au-mans-72-france\\\/#breadcrumblist\"},\"author\":{\"@id\":\"https:\\\/\\\/europeanobsndfr.org\\\/en\\\/author\\\/admin\\\/#author\"},\"creator\":{\"@id\":\"https:\\\/\\\/europeanobsndfr.org\\\/en\\\/author\\\/admin\\\/#author\"},\"datePublished\":\"2015-05-27T16:32:24+01:00\",\"dateModified\":\"2015-06-06T18:12:07+01:00\"},{\"@type\":\"WebSite\",\"@id\":\"https:\\\/\\\/europeanobsndfr.org\\\/en\\\/#website\",\"url\":\"https:\\\/\\\/europeanobsndfr.org\\\/en\\\/\",\"name\":\"Observatoire Europ\\u00e9en de la Non-Discrimination et des Droits Fondamentaux\",\"description\":\"Organisation Internationale Non-Gouvernementale\",\"inLanguage\":\"en-GB\",\"publisher\":{\"@id\":\"https:\\\/\\\/europeanobsndfr.org\\\/en\\\/#organization\"}}]}\n\t\t<\/script>\n\t\t<!-- All in One SEO -->\n\n","aioseo_head_json":{"title":"Activit\u00e9 d\u2019h\u00e9bergement d\u2019urgence \u2013 Personnes sans-abri au MANS (72), FRANCE. | O.E.N.D.D.F.","description":"","canonical_url":"https:\/\/europeanobsndfr.org\/en\/actualites-fr\/combat-contre-pauvrete\/activite-dhebergement-durgence-personnes-sans-abri-au-mans-72-france\/","robots":"max-snippet:-1, max-image-preview:large, max-video-preview:-1","keywords":"","webmasterTools":{"google-site-verification":"KZsAbCyd-Ww06m2-MlFPa7EphgzWqs90ra8o0LfM_K8","miscellaneous":""},"schema":{"@context":"https:\/\/schema.org","@graph":[{"@type":"Article","@id":"https:\/\/europeanobsndfr.org\/en\/actualites-fr\/combat-contre-pauvrete\/activite-dhebergement-durgence-personnes-sans-abri-au-mans-72-france\/#article","name":"Activit\u00e9 d\u2019h\u00e9bergement d\u2019urgence \u2013 Personnes sans-abri au MANS (72), FRANCE. | O.E.N.D.D.F.","headline":"Activit\u00e9 d\u2019h\u00e9bergement d\u2019urgence \u2013 Personnes sans-abri au MANS (72), FRANCE.","author":{"@id":"https:\/\/europeanobsndfr.org\/en\/author\/admin\/#author"},"publisher":{"@id":"https:\/\/europeanobsndfr.org\/en\/#organization"},"image":{"@type":"ImageObject","url":"https:\/\/europeanobsndfr.org\/wp-content\/uploads\/2015\/05\/Photo-Mallaury-e1432758572808-225x300.jpg","@id":"https:\/\/europeanobsndfr.org\/en\/actualites-fr\/combat-contre-pauvrete\/activite-dhebergement-durgence-personnes-sans-abri-au-mans-72-france\/#articleImage"},"datePublished":"2015-05-27T16:32:24+01:00","dateModified":"2015-06-06T18:12:07+01:00","inLanguage":"en-GB","mainEntityOfPage":{"@id":"https:\/\/europeanobsndfr.org\/en\/actualites-fr\/combat-contre-pauvrete\/activite-dhebergement-durgence-personnes-sans-abri-au-mans-72-france\/#webpage"},"isPartOf":{"@id":"https:\/\/europeanobsndfr.org\/en\/actualites-fr\/combat-contre-pauvrete\/activite-dhebergement-durgence-personnes-sans-abri-au-mans-72-france\/#webpage"},"articleSection":"Combat contre la pauvret\u00e9, contre l'exclusion sociale et en faveur de l'inclusion sociale"},{"@type":"BreadcrumbList","@id":"https:\/\/europeanobsndfr.org\/en\/actualites-fr\/combat-contre-pauvrete\/activite-dhebergement-durgence-personnes-sans-abri-au-mans-72-france\/#breadcrumblist","itemListElement":[{"@type":"ListItem","@id":"https:\/\/europeanobsndfr.org\/en#listItem","position":1,"name":"Accueil","item":"https:\/\/europeanobsndfr.org\/en","nextItem":{"@type":"ListItem","@id":"https:\/\/europeanobsndfr.org\/en\/category\/actualites-fr\/#listItem","name":"Actualit\u00e9"}},{"@type":"ListItem","@id":"https:\/\/europeanobsndfr.org\/en\/category\/actualites-fr\/#listItem","position":2,"name":"Actualit\u00e9","item":"https:\/\/europeanobsndfr.org\/en\/category\/actualites-fr\/","nextItem":{"@type":"ListItem","@id":"https:\/\/europeanobsndfr.org\/en\/category\/actualites-fr\/combat-contre-pauvrete\/#listItem","name":"Combat contre la pauvret\u00e9, contre l'exclusion sociale et en faveur de l'inclusion sociale"},"previousItem":{"@type":"ListItem","@id":"https:\/\/europeanobsndfr.org\/en#listItem","name":"Accueil"}},{"@type":"ListItem","@id":"https:\/\/europeanobsndfr.org\/en\/category\/actualites-fr\/combat-contre-pauvrete\/#listItem","position":3,"name":"Combat contre la pauvret\u00e9, contre l'exclusion sociale et en faveur de l'inclusion sociale","item":"https:\/\/europeanobsndfr.org\/en\/category\/actualites-fr\/combat-contre-pauvrete\/","nextItem":{"@type":"ListItem","@id":"https:\/\/europeanobsndfr.org\/en\/actualites-fr\/combat-contre-pauvrete\/activite-dhebergement-durgence-personnes-sans-abri-au-mans-72-france\/#listItem","name":"Activit\u00e9 d\u2019h\u00e9bergement d\u2019urgence \u2013 Personnes sans-abri au MANS (72), FRANCE."},"previousItem":{"@type":"ListItem","@id":"https:\/\/europeanobsndfr.org\/en\/category\/actualites-fr\/#listItem","name":"Actualit\u00e9"}},{"@type":"ListItem","@id":"https:\/\/europeanobsndfr.org\/en\/actualites-fr\/combat-contre-pauvrete\/activite-dhebergement-durgence-personnes-sans-abri-au-mans-72-france\/#listItem","position":4,"name":"Activit\u00e9 d\u2019h\u00e9bergement d\u2019urgence \u2013 Personnes sans-abri au MANS (72), FRANCE.","previousItem":{"@type":"ListItem","@id":"https:\/\/europeanobsndfr.org\/en\/category\/actualites-fr\/combat-contre-pauvrete\/#listItem","name":"Combat contre la pauvret\u00e9, contre l'exclusion sociale et en faveur de l'inclusion sociale"}}]},{"@type":"Organization","@id":"https:\/\/europeanobsndfr.org\/en\/#organization","name":"OENDDF","description":"Organisation Internationale Non-Gouvernementale","url":"https:\/\/europeanobsndfr.org\/en\/","logo":{"@type":"ImageObject","url":"https:\/\/europeanobsndfr.org\/wp-content\/uploads\/2016\/11\/cropped-logo-oenddf.jpg","@id":"https:\/\/europeanobsndfr.org\/en\/actualites-fr\/combat-contre-pauvrete\/activite-dhebergement-durgence-personnes-sans-abri-au-mans-72-france\/#organizationLogo","width":701,"height":600,"caption":"Logo OENDDF"},"image":{"@id":"https:\/\/europeanobsndfr.org\/en\/actualites-fr\/combat-contre-pauvrete\/activite-dhebergement-durgence-personnes-sans-abri-au-mans-72-france\/#organizationLogo"},"sameAs":["https:\/\/twitter.com\/europeanobs","https:\/\/www.instagram.com\/oenddf_ngo\/","https:\/\/www.youtube.com\/channel\/UCO9vz5fybFw1Q8pvN00CDgA"]},{"@type":"Person","@id":"https:\/\/europeanobsndfr.org\/en\/author\/admin\/#author","url":"https:\/\/europeanobsndfr.org\/en\/author\/admin\/","name":"OENDDF","image":{"@type":"ImageObject","@id":"https:\/\/europeanobsndfr.org\/en\/actualites-fr\/combat-contre-pauvrete\/activite-dhebergement-durgence-personnes-sans-abri-au-mans-72-france\/#authorImage","url":"https:\/\/secure.gravatar.com\/avatar\/f64bd673bdf1f612f36226606d41703598d9c028a910d72b461acb19a72f63d5?s=96&d=mm&r=g","width":96,"height":96,"caption":"OENDDF"}},{"@type":"WebPage","@id":"https:\/\/europeanobsndfr.org\/en\/actualites-fr\/combat-contre-pauvrete\/activite-dhebergement-durgence-personnes-sans-abri-au-mans-72-france\/#webpage","url":"https:\/\/europeanobsndfr.org\/en\/actualites-fr\/combat-contre-pauvrete\/activite-dhebergement-durgence-personnes-sans-abri-au-mans-72-france\/","name":"Activit\u00e9 d\u2019h\u00e9bergement d\u2019urgence \u2013 Personnes sans-abri au MANS (72), FRANCE. | O.E.N.D.D.F.","inLanguage":"en-GB","isPartOf":{"@id":"https:\/\/europeanobsndfr.org\/en\/#website"},"breadcrumb":{"@id":"https:\/\/europeanobsndfr.org\/en\/actualites-fr\/combat-contre-pauvrete\/activite-dhebergement-durgence-personnes-sans-abri-au-mans-72-france\/#breadcrumblist"},"author":{"@id":"https:\/\/europeanobsndfr.org\/en\/author\/admin\/#author"},"creator":{"@id":"https:\/\/europeanobsndfr.org\/en\/author\/admin\/#author"},"datePublished":"2015-05-27T16:32:24+01:00","dateModified":"2015-06-06T18:12:07+01:00"},{"@type":"WebSite","@id":"https:\/\/europeanobsndfr.org\/en\/#website","url":"https:\/\/europeanobsndfr.org\/en\/","name":"Observatoire Europ\u00e9en de la Non-Discrimination et des Droits Fondamentaux","description":"Organisation Internationale Non-Gouvernementale","inLanguage":"en-GB","publisher":{"@id":"https:\/\/europeanobsndfr.org\/en\/#organization"}}]},"og:locale":"en_GB","og:site_name":"Observatoire Europ\u00e9en de la Non-Discrimination et des Droits Fondamentaux","og:type":"non_profit","og:title":"Activit\u00e9 d\u2019h\u00e9bergement d\u2019urgence \u2013 Personnes sans-abri au MANS (72), FRANCE. | O.E.N.D.D.F.","og:url":"https:\/\/europeanobsndfr.org\/en\/actualites-fr\/combat-contre-pauvrete\/activite-dhebergement-durgence-personnes-sans-abri-au-mans-72-france\/","og:image":"https:\/\/europeanobsndfr.org\/wp-content\/uploads\/2016\/11\/logo-oenddf.jpg","og:image:secure_url":"https:\/\/europeanobsndfr.org\/wp-content\/uploads\/2016\/11\/logo-oenddf.jpg","og:image:width":830,"og:image:height":600,"twitter:card":"summary","twitter:site":"@europeanobs","twitter:title":"Activit\u00e9 d\u2019h\u00e9bergement d\u2019urgence \u2013 Personnes sans-abri au MANS (72), FRANCE. | O.E.N.D.D.F.","twitter:creator":"@europeanobs","twitter:image":"https:\/\/europeanobsndfr.org\/wp-content\/uploads\/2016\/11\/logo-oenddf.jpg"},"aioseo_meta_data":{"post_id":"2369","title":null,"description":null,"keywords":null,"keyphrases":null,"primary_term":null,"canonical_url":null,"og_title":null,"og_description":null,"og_object_type":"default","og_image_type":"default","og_image_url":null,"og_image_width":null,"og_image_height":null,"og_image_custom_url":null,"og_image_custom_fields":null,"og_video":null,"og_custom_url":null,"og_article_section":null,"og_article_tags":null,"twitter_use_og":false,"twitter_card":"default","twitter_image_type":"default","twitter_image_url":null,"twitter_image_custom_url":null,"twitter_image_custom_fields":null,"twitter_title":null,"twitter_description":null,"schema":{"blockGraphs":[],"customGraphs":[],"default":{"data":{"Article":[],"Course":[],"Dataset":[],"FAQPage":[],"Movie":[],"Person":[],"Product":[],"ProductReview":[],"Car":[],"Recipe":[],"Service":[],"SoftwareApplication":[],"WebPage":[]},"graphName":"","isEnabled":true},"graphs":[]},"schema_type":null,"schema_type_options":null,"pillar_content":false,"robots_default":true,"robots_noindex":false,"robots_noarchive":false,"robots_nosnippet":false,"robots_nofollow":false,"robots_noimageindex":false,"robots_noodp":false,"robots_notranslate":false,"robots_max_snippet":null,"robots_max_videopreview":null,"robots_max_imagepreview":"large","priority":null,"frequency":null,"local_seo":null,"breadcrumb_settings":null,"limit_modified_date":false,"ai":null,"created":"2021-01-22 17:45:13","updated":"2025-08-01 06:37:49","focus_keyword":null,"additional_keywords":null,"truseo_locale":null,"seo_analyzer_scan_date":null},"jetpack_featured_media_url":"","jetpack-related-posts":[],"jetpack_sharing_enabled":true,"_links":{"self":[{"href":"https:\/\/europeanobsndfr.org\/en\/wp-json\/wp\/v2\/posts\/2369","targetHints":{"allow":["GET"]}}],"collection":[{"href":"https:\/\/europeanobsndfr.org\/en\/wp-json\/wp\/v2\/posts"}],"about":[{"href":"https:\/\/europeanobsndfr.org\/en\/wp-json\/wp\/v2\/types\/post"}],"author":[{"embeddable":true,"href":"https:\/\/europeanobsndfr.org\/en\/wp-json\/wp\/v2\/users\/1"}],"replies":[{"embeddable":true,"href":"https:\/\/europeanobsndfr.org\/en\/wp-json\/wp\/v2\/comments?post=2369"}],"version-history":[{"count":0,"href":"https:\/\/europeanobsndfr.org\/en\/wp-json\/wp\/v2\/posts\/2369\/revisions"}],"wp:attachment":[{"href":"https:\/\/europeanobsndfr.org\/en\/wp-json\/wp\/v2\/media?parent=2369"}],"wp:term":[{"taxonomy":"category","embeddable":true,"href":"https:\/\/europeanobsndfr.org\/en\/wp-json\/wp\/v2\/categories?post=2369"},{"taxonomy":"post_tag","embeddable":true,"href":"https:\/\/europeanobsndfr.org\/en\/wp-json\/wp\/v2\/tags?post=2369"}],"curies":[{"name":"wp","href":"https:\/\/api.w.org\/{rel}","templated":true}]}}