{"id":317,"date":"2015-02-24T09:53:36","date_gmt":"2015-02-24T09:53:36","guid":{"rendered":"https:\/\/europeanobsndfr.org\/?p=317"},"modified":"2015-06-07T15:25:32","modified_gmt":"2015-06-07T15:25:32","slug":"combat-contre-la-pauvrete-lexclusion-sociale-et-linclusion-sociale","status":"publish","type":"post","link":"https:\/\/europeanobsndfr.org\/en\/actualites-fr\/combat-contre-pauvrete\/combat-contre-la-pauvrete-lexclusion-sociale-et-linclusion-sociale\/","title":{"rendered":"Combat contre la pauvret\u00e9, contre l&rsquo;exclusion sociale et en faveur de l&rsquo;inclusion sociale"},"content":{"rendered":"<p style=\"text-align: justify;\"><span style=\"text-decoration: underline;\"><strong>Objectif :<\/strong><\/span><strong>\u00a0<\/strong><strong><span class=\"Apple-style-span\">\u00a0<\/span><\/strong><span class=\"Apple-style-span\">Favoriser l\u2019int\u00e9gration de<\/span><strong><span class=\"Apple-style-span\"> personnes, en situation de difficult\u00e9 mat\u00e9rielle et morale, par\u00a0la fourniture gratuite de repas et une aide au logement, en vue de leur insertion professionnelle et de leur promotion sociale. <\/span><span class=\"Apple-style-span\">C<\/span><span class=\"Apple-style-span\">ombat contre\u00a0la grande pauvret\u00e9, contre\u00a0l\u2019exclusion sociale, et en faveur de\u00a0l\u2019inclusion sociale.\u00a0<\/span><\/strong><\/p>\n<p style=\"text-align: justify;\"><strong><span style=\"text-decoration: underline;\">Moyens mis en oeuvre :<\/span><\/strong><\/p>\n<p style=\"text-align: justify;\"><strong><span style=\"text-decoration: underline;\">F\u00e9vrier 2015 :<\/span>\u00a0<\/strong>sur une p\u00e9riode de grand froid sur la FRANCE, l&rsquo;<strong>OBSERVATOIRE EUROPEEN DE LA NON-DISCRIMINATION ET DES DROITS FONDAMENTAUX se mobilise en faveur des personnes en situation de difficult\u00e9 mat\u00e9rielle et morale : personnes sans domicile fixe, jeunes et plus \u00e2g\u00e9s, mal-log\u00e9s.\u00a0<\/strong><\/p>\n<p style=\"text-align: justify;\">&#8211; Rencontre et discussion de Membres actifs de notre Organisation\u00a0<strong>avec ces personnes sans-abri, faisant face \u00e0 de graves difficult\u00e9s mat\u00e9rielles et morales. <\/strong><\/p>\n<p style=\"text-align: justify;\"><strong>&#8211; F<span class=\"Apple-style-span\">ourniture gratuite de repas et propositions d&rsquo;aides au logement, en vue de leur r\u00e9insertion professionnelle. <\/span><\/strong><\/p>\n<p style=\"text-align: justify;\"><span class=\"Apple-style-span\">&#8211; Fourniture <\/span>de moyens concrets\u00a0de lutter contre le froid (couvertures, gants, caf\u00e9s).<\/p>\n<p style=\"text-align: justify;\"><span style=\"text-decoration: underline;\"><strong>Domaine d\u2019intervention vis\u00e9 par la Commission Europ\u00e9enne\u00a0<\/strong><\/span><strong><span style=\"text-decoration: underline;\">:\u00a0<\/span> protection sociale et inclusion sociale. Strat\u00e9gie Europe 2020.\u00a0<span class=\"Apple-style-span\"><a href=\"http:\/\/ec.europa.eu\/social\/main.jsp?catId=961&amp;langId=en\">Plateforme europ\u00e9enne contre la Pauvret\u00e9 et l\u2019Exclusion sociale<\/a>.<\/span><\/strong><\/p>\n<div>\n<p>[av_content_slider heading=\u00a0\u00bb columns=&rsquo;1&prime; animation=&rsquo;slide&rsquo; navigation=&rsquo;arrows&rsquo; autoplay=&rsquo;true&rsquo; interval=&rsquo;5&prime; font_color=\u00a0\u00bb color=\u00a0\u00bb]<br \/>\n[av_content_slide title=\u00a0\u00bb link=\u00a0\u00bb linktarget=\u00a0\u00bb]<b><br \/>\n<a href=\"https:\/\/europeanobsndfr.org\/wp-content\/uploads\/2015\/02\/PHOTO-SDF-NANTES-4.jpg\"><img loading=\"lazy\" decoding=\"async\" class=\"aligncenter size-medium wp-image-913\" src=\"https:\/\/europeanobsndfr.org\/wp-content\/uploads\/2015\/02\/PHOTO-SDF-NANTES-4-300x225.jpg\" alt=\"PHOTO SDF NANTES  4\" width=\"300\" height=\"225\" srcset=\"https:\/\/europeanobsndfr.org\/wp-content\/uploads\/2015\/02\/PHOTO-SDF-NANTES-4-300x225.jpg 300w, https:\/\/europeanobsndfr.org\/wp-content\/uploads\/2015\/02\/PHOTO-SDF-NANTES-4-1030x773.jpg 1030w, https:\/\/europeanobsndfr.org\/wp-content\/uploads\/2015\/02\/PHOTO-SDF-NANTES-4-1500x1125.jpg 1500w, https:\/\/europeanobsndfr.org\/wp-content\/uploads\/2015\/02\/PHOTO-SDF-NANTES-4-705x529.jpg 705w, https:\/\/europeanobsndfr.org\/wp-content\/uploads\/2015\/02\/PHOTO-SDF-NANTES-4-450x338.jpg 450w, https:\/\/europeanobsndfr.org\/wp-content\/uploads\/2015\/02\/PHOTO-SDF-NANTES-4.jpg 1024w\" sizes=\"auto, (max-width: 300px) 100vw, 300px\" \/><\/a><br \/>\n<\/b>[\/av_content_slide]<br \/>\n[av_content_slide title=\u00a0\u00bb link=\u00a0\u00bb linktarget=\u00a0\u00bb]<b><br \/>\n<a href=\"https:\/\/europeanobsndfr.org\/wp-content\/uploads\/2015\/02\/PHOTO-SDF-NANTES-1.jpg\"><img loading=\"lazy\" decoding=\"async\" class=\"aligncenter size-medium wp-image-400\" src=\"https:\/\/europeanobsndfr.org\/wp-content\/uploads\/2015\/02\/PHOTO-SDF-NANTES-1-225x300.jpg\" alt=\"Don de couvertures\" width=\"225\" height=\"300\" srcset=\"https:\/\/europeanobsndfr.org\/wp-content\/uploads\/2015\/02\/PHOTO-SDF-NANTES-1-225x300.jpg 225w, https:\/\/europeanobsndfr.org\/wp-content\/uploads\/2015\/02\/PHOTO-SDF-NANTES-1-773x1030.jpg 773w, https:\/\/europeanobsndfr.org\/wp-content\/uploads\/2015\/02\/PHOTO-SDF-NANTES-1-1125x1500.jpg 1125w, https:\/\/europeanobsndfr.org\/wp-content\/uploads\/2015\/02\/PHOTO-SDF-NANTES-1-529x705.jpg 529w, https:\/\/europeanobsndfr.org\/wp-content\/uploads\/2015\/02\/PHOTO-SDF-NANTES-1-450x600.jpg 450w, https:\/\/europeanobsndfr.org\/wp-content\/uploads\/2015\/02\/PHOTO-SDF-NANTES-1.jpg 768w\" sizes=\"auto, (max-width: 225px) 100vw, 225px\" \/><\/a><br \/>\n<\/b>[\/av_content_slide]<br \/>\n[av_content_slide title=\u00a0\u00bb link=\u00a0\u00bb linktarget=\u00a0\u00bb]<b><br \/>\n<a href=\"https:\/\/europeanobsndfr.org\/wp-content\/uploads\/2015\/02\/PHOTO-SDF-NANTES-3.jpg\"><img loading=\"lazy\" decoding=\"async\" class=\"aligncenter size-medium wp-image-911\" src=\"https:\/\/europeanobsndfr.org\/wp-content\/uploads\/2015\/02\/PHOTO-SDF-NANTES-3-225x300.jpg\" alt=\"PHOTO SDF NANTES 3\" width=\"225\" height=\"300\" srcset=\"https:\/\/europeanobsndfr.org\/wp-content\/uploads\/2015\/02\/PHOTO-SDF-NANTES-3-225x300.jpg 225w, https:\/\/europeanobsndfr.org\/wp-content\/uploads\/2015\/02\/PHOTO-SDF-NANTES-3-773x1030.jpg 773w, https:\/\/europeanobsndfr.org\/wp-content\/uploads\/2015\/02\/PHOTO-SDF-NANTES-3-1125x1500.jpg 1125w, https:\/\/europeanobsndfr.org\/wp-content\/uploads\/2015\/02\/PHOTO-SDF-NANTES-3-529x705.jpg 529w, https:\/\/europeanobsndfr.org\/wp-content\/uploads\/2015\/02\/PHOTO-SDF-NANTES-3-450x600.jpg 450w, https:\/\/europeanobsndfr.org\/wp-content\/uploads\/2015\/02\/PHOTO-SDF-NANTES-3.jpg 768w\" sizes=\"auto, (max-width: 225px) 100vw, 225px\" \/><\/a><br \/>\n<\/b>[\/av_content_slide]<br \/>\n[\/av_content_slider]<\/p>\n<\/div>\n","protected":false},"excerpt":{"rendered":"<p>Objectif :\u00a0\u00a0Favoriser l\u2019int\u00e9gration de personnes, en situation de difficult\u00e9 mat\u00e9rielle et morale, par\u00a0la fourniture gratuite de repas et une aide au logement, en vue de leur insertion professionnelle et de leur promotion sociale. Combat contre\u00a0la grande pauvret\u00e9, contre\u00a0l\u2019exclusion sociale, et en faveur de\u00a0l\u2019inclusion sociale.\u00a0 Moyens mis en oeuvre : F\u00e9vrier 2015 :\u00a0sur une p\u00e9riode de&#8230;<\/p>","protected":false},"author":1,"featured_media":0,"comment_status":"closed","ping_status":"closed","sticky":false,"template":"","format":"standard","meta":{"give_campaign_id":0,"_kadence_starter_templates_imported_post":false,"_kad_post_transparent":"","_kad_post_title":"","_kad_post_layout":"","_kad_post_sidebar_id":"","_kad_post_content_style":"","_kad_post_vertical_padding":"","_kad_post_feature":"","_kad_post_feature_position":"","_kad_post_header":false,"_kad_post_footer":false,"_kad_post_classname":"","_jetpack_memberships_contains_paid_content":false,"footnotes":""},"categories":[44],"tags":[],"class_list":["post-317","post","type-post","status-publish","format-standard","hentry","category-combat-contre-pauvrete"],"aioseo_notices":[],"jetpack_featured_media_url":"","jetpack-related-posts":[],"jetpack_sharing_enabled":true,"_links":{"self":[{"href":"https:\/\/europeanobsndfr.org\/en\/wp-json\/wp\/v2\/posts\/317","targetHints":{"allow":["GET"]}}],"collection":[{"href":"https:\/\/europeanobsndfr.org\/en\/wp-json\/wp\/v2\/posts"}],"about":[{"href":"https:\/\/europeanobsndfr.org\/en\/wp-json\/wp\/v2\/types\/post"}],"author":[{"embeddable":true,"href":"https:\/\/europeanobsndfr.org\/en\/wp-json\/wp\/v2\/users\/1"}],"replies":[{"embeddable":true,"href":"https:\/\/europeanobsndfr.org\/en\/wp-json\/wp\/v2\/comments?post=317"}],"version-history":[{"count":0,"href":"https:\/\/europeanobsndfr.org\/en\/wp-json\/wp\/v2\/posts\/317\/revisions"}],"wp:attachment":[{"href":"https:\/\/europeanobsndfr.org\/en\/wp-json\/wp\/v2\/media?parent=317"}],"wp:term":[{"taxonomy":"category","embeddable":true,"href":"https:\/\/europeanobsndfr.org\/en\/wp-json\/wp\/v2\/categories?post=317"},{"taxonomy":"post_tag","embeddable":true,"href":"https:\/\/europeanobsndfr.org\/en\/wp-json\/wp\/v2\/tags?post=317"}],"curies":[{"name":"wp","href":"https:\/\/api.w.org\/{rel}","templated":true}]}}