{"id":3749,"date":"2015-09-16T16:38:26","date_gmt":"2015-09-16T16:38:26","guid":{"rendered":"https:\/\/europeanobsndfr.org\/?p=3749"},"modified":"2015-09-16T17:06:31","modified_gmt":"2015-09-16T17:06:31","slug":"free-distribution-operation-of-meals-to-homeless-persons-in-perpignan-pyrenees-orientales-france","status":"publish","type":"post","link":"https:\/\/europeanobsndfr.org\/en\/actualites-fr\/combat-contre-pauvrete\/free-distribution-operation-of-meals-to-homeless-persons-in-perpignan-pyrenees-orientales-france\/","title":{"rendered":"Op\u00e9ration de distribution gratuite de repas \u00e0 des personnes sans-abri \u00e0 PERPIGNAN (PYRENEES ORIENTALES), FRANCE."},"content":{"rendered":"<p style=\"text-align: justify;\"><strong><span class=\"Apple-style-span\"><span style=\"text-decoration: underline;\">Objectif\u00a0:<\/span>\u00a0Favoriser l\u2019int\u00e9gration de personnes, en situation de difficult\u00e9 mat\u00e9rielle et morale, par\u00a0une activit\u00e9 de distribution de repas et un support humain et moral<\/span>.<\/strong><\/p>\n<p style=\"text-align: justify;\"><span style=\"text-decoration: underline;\"><strong>Lieu de l\u2019action\u00a0<\/strong>:\u00a0<\/span>d\u00e9partement des <strong>PYRENEES ORIENTALES\u00a0(66)<\/strong><strong>, PERPIGNAN, FRANCE.<\/strong><\/p>\n<p style=\"text-align: justify;\"><span style=\"text-decoration: underline;\"><strong>Moyens d\u2019actions :\u00a0<\/strong><\/span><\/p>\n<p style=\"text-align: justify;\"><span style=\"text-decoration: underline;\"><strong>Septembre 2015\u00a0<\/strong><strong>:<\/strong><\/span>\u00a0<span class=\"Apple-style-span\">D\u00e9placement et intervention d\u2019une \u00e9quipe de notre Association en vue\u00a0<strong>d\u2019une op\u00e9ration de distribution gratuite de repas<\/strong>\u00a0\u00e0 des personnes sans-abri, \u00e0<\/span>\u00a0<strong>PERPIGNAN\u00a0(66, FRANCE)<\/strong>\u00a0et en vue de leur donner un soutien moral et humain. Evaluation de leurs besoins d\u2019un logement d\u00e9cent. Recherche de solutions de logement.<\/p>\n<p style=\"text-align: justify;\">Photographies ci-dessous : \u00a0<strong>Yves\u00a0<\/strong>(de nationalit\u00e9 fran\u00e7aise, breton), <strong>Mohammed<\/strong> (de nationalit\u00e9 marocaine) et <strong>Sevala<\/strong>\u00a0(de nationalit\u00e9 tch\u00e9ch\u00e8ne).<\/p>\n<p style=\"text-align: justify;\"><b><u><span class=\"Apple-style-span\"><strong>Domaine d\u2019intervention vis\u00e9 par\u00a0la Commission Europ\u00e9enne\u00a0<\/strong><\/span><\/u><span class=\"Apple-style-span\"><strong>:<\/strong><\/span><span class=\"Apple-style-span\"><strong>\u00a0Strat\u00e9gie Europe 2020.\u00a0<\/strong><a href=\"http:\/\/ec.europa.eu\/social\/main.jsp?catId=961&amp;langId=en\"><strong>Plateforme europ\u00e9enne contre la Pauvret\u00e9 et l\u2019Exclusion sociale<\/strong><\/a><strong>.<\/strong><\/span><\/b><\/p>\n<p>[av_content_slider heading=\u00a0\u00bb columns=&rsquo;1&prime; animation=&rsquo;slide&rsquo; navigation=&rsquo;arrows&rsquo; autoplay=&rsquo;true&rsquo; interval=&rsquo;4&prime; font_color=\u00a0\u00bb color=\u00a0\u00bb]<br \/>\n[av_content_slide title=&rsquo;Nous avons rencontr\u00e9 Yves, breton, sans-abri : il a appr\u00e9ci\u00e9 un bon repas, apr\u00e8s une crise d\u2019\u00e9pilepsie.&rsquo; link=\u00a0\u00bb linktarget=\u00a0\u00bb]<br \/>\n<a href=\"https:\/\/europeanobsndfr.org\/wp-content\/uploads\/2015\/08\/Yves-\u00e0-Perpignan.jpg\"><img loading=\"lazy\" decoding=\"async\" class=\"aligncenter size-medium wp-image-3714\" src=\"https:\/\/europeanobsndfr.org\/wp-content\/uploads\/2015\/08\/Yves-\u00e0-Perpignan-225x300.jpg\" alt=\"Yves \u00e0 Perpignan\" width=\"225\" height=\"300\" srcset=\"https:\/\/europeanobsndfr.org\/wp-content\/uploads\/2015\/08\/Yves-\u00e0-Perpignan-225x300.jpg 225w, https:\/\/europeanobsndfr.org\/wp-content\/uploads\/2015\/08\/Yves-\u00e0-Perpignan-529x705.jpg 529w, https:\/\/europeanobsndfr.org\/wp-content\/uploads\/2015\/08\/Yves-\u00e0-Perpignan.jpg 768w\" sizes=\"auto, (max-width: 225px) 100vw, 225px\" \/><\/a><br \/>\n[\/av_content_slide]<br \/>\n[av_content_slide title=&rsquo;Nous avons rencontr\u00e9 Mohammed, mal-log\u00e9 : il a appr\u00e9ci\u00e9 un repas gratuit et une assistance gratuite.&rsquo; link=\u00a0\u00bb linktarget=\u00a0\u00bb]<br \/>\n<a href=\"https:\/\/europeanobsndfr.org\/wp-content\/uploads\/2015\/08\/Mohammed-\u00e0-Perpignan.jpg\"><img loading=\"lazy\" decoding=\"async\" class=\"aligncenter size-medium wp-image-3717\" src=\"https:\/\/europeanobsndfr.org\/wp-content\/uploads\/2015\/08\/Mohammed-\u00e0-Perpignan-300x225.jpg\" alt=\"Mohammed \u00e0 Perpignan\" width=\"300\" height=\"225\" srcset=\"https:\/\/europeanobsndfr.org\/wp-content\/uploads\/2015\/08\/Mohammed-\u00e0-Perpignan-300x225.jpg 300w, https:\/\/europeanobsndfr.org\/wp-content\/uploads\/2015\/08\/Mohammed-\u00e0-Perpignan-705x529.jpg 705w, https:\/\/europeanobsndfr.org\/wp-content\/uploads\/2015\/08\/Mohammed-\u00e0-Perpignan.jpg 1024w\" sizes=\"auto, (max-width: 300px) 100vw, 300px\" \/><\/a><br \/>\n[\/av_content_slide]<br \/>\n[av_content_slide title=&rsquo;Nous avons rencontr\u00e9 Sevala, de nationalit\u00e9 tch\u00e9ch\u00e8ne, une personne tr\u00e8s pauvre : elle a appr\u00e9ci\u00e9 un repas gratuit et un soutien moral, humain et financier.&rsquo; link=\u00a0\u00bb linktarget=\u00a0\u00bb]<br \/>\n<a href=\"https:\/\/europeanobsndfr.org\/wp-content\/uploads\/2015\/08\/S\u00e9vala-\u00e0-Perpignan.jpg\"><img loading=\"lazy\" decoding=\"async\" class=\"aligncenter size-medium wp-image-3716\" src=\"https:\/\/europeanobsndfr.org\/wp-content\/uploads\/2015\/08\/S\u00e9vala-\u00e0-Perpignan-225x300.jpg\" alt=\"S\u00e9vala \u00e0 Perpignan\" width=\"225\" height=\"300\" srcset=\"https:\/\/europeanobsndfr.org\/wp-content\/uploads\/2015\/08\/S\u00e9vala-\u00e0-Perpignan-225x300.jpg 225w, https:\/\/europeanobsndfr.org\/wp-content\/uploads\/2015\/08\/S\u00e9vala-\u00e0-Perpignan-529x705.jpg 529w, https:\/\/europeanobsndfr.org\/wp-content\/uploads\/2015\/08\/S\u00e9vala-\u00e0-Perpignan.jpg 768w\" sizes=\"auto, (max-width: 225px) 100vw, 225px\" \/><\/a><br \/>\n[\/av_content_slide]<br \/>\n[\/av_content_slider]<\/p>\n","protected":false},"excerpt":{"rendered":"<p>Objectif\u00a0:\u00a0Favoriser l\u2019int\u00e9gration de personnes, en situation de difficult\u00e9 mat\u00e9rielle et morale, par\u00a0une activit\u00e9 de distribution de repas et un support humain et moral. Lieu de l\u2019action\u00a0:\u00a0d\u00e9partement des PYRENEES ORIENTALES\u00a0(66), PERPIGNAN, FRANCE. Moyens d\u2019actions :\u00a0 Septembre 2015\u00a0:\u00a0D\u00e9placement et intervention d\u2019une \u00e9quipe de notre Association en vue\u00a0d\u2019une op\u00e9ration de distribution gratuite de repas\u00a0\u00e0 des personnes sans-abri, \u00e0\u00a0PERPIGNAN\u00a0(66,&#8230;<\/p>","protected":false},"author":1,"featured_media":0,"comment_status":"closed","ping_status":"closed","sticky":false,"template":"","format":"standard","meta":{"give_campaign_id":0,"_kadence_starter_templates_imported_post":false,"_kad_post_transparent":"","_kad_post_title":"","_kad_post_layout":"","_kad_post_sidebar_id":"","_kad_post_content_style":"","_kad_post_vertical_padding":"","_kad_post_feature":"","_kad_post_feature_position":"","_kad_post_header":false,"_kad_post_footer":false,"_kad_post_classname":"","_jetpack_memberships_contains_paid_content":false,"footnotes":""},"categories":[44],"tags":[],"class_list":["post-3749","post","type-post","status-publish","format-standard","hentry","category-combat-contre-pauvrete"],"aioseo_notices":[],"aioseo_head":"\n\t\t<!-- All in One SEO 5.0.1.1 - aioseo.com -->\n\t<meta name=\"description\" content=\"OENDDF distribution gratuite de repas \u00e0 des personnes sans-abri \u00e0 PERPIGNAN (PYRENEES ORIENTALES), Combat contre la pauvret\u00e9, contre l\u2019exclusion sociale et en faveur de l\u2019inclusion sociale.\" \/>\n\t<meta name=\"robots\" content=\"max-snippet:-1, max-image-preview:large, max-video-preview:-1\" \/>\n\t<meta name=\"author\" content=\"OENDDF\"\/>\n\t<meta name=\"google-site-verification\" content=\"KZsAbCyd-Ww06m2-MlFPa7EphgzWqs90ra8o0LfM_K8\" \/>\n\t<link rel=\"canonical\" href=\"https:\/\/europeanobsndfr.org\/en\/actualites-fr\/combat-contre-pauvrete\/free-distribution-operation-of-meals-to-homeless-persons-in-perpignan-pyrenees-orientales-france\/\" \/>\n\t<meta name=\"generator\" content=\"All in One SEO (AIOSEO) 5.0.1.1\" \/>\n\t\t<meta property=\"og:locale\" content=\"en_GB\" \/>\n\t\t<meta property=\"og:site_name\" content=\"Observatoire Europ\u00e9en de la Non-Discrimination et des Droits Fondamentaux\" \/>\n\t\t<meta property=\"og:type\" content=\"non_profit\" \/>\n\t\t<meta property=\"og:title\" content=\"OENDDF distribution gratuite de repas \u00e0 des personnes sans-abri \u00e0 PERPIGNAN (PYRENEES ORIENTALES), Combat contre la pauvret\u00e9, contre l\u2019exclusion sociale et en faveur de l\u2019inclusion sociale. | O.E.N.D.D.F.\" \/>\n\t\t<meta property=\"og:description\" content=\"OENDDF distribution gratuite de repas \u00e0 des personnes sans-abri \u00e0 PERPIGNAN (PYRENEES ORIENTALES), Combat contre la pauvret\u00e9, contre l\u2019exclusion sociale et en faveur de l\u2019inclusion sociale.\" \/>\n\t\t<meta property=\"og:url\" content=\"https:\/\/europeanobsndfr.org\/en\/actualites-fr\/combat-contre-pauvrete\/free-distribution-operation-of-meals-to-homeless-persons-in-perpignan-pyrenees-orientales-france\/\" \/>\n\t\t<meta property=\"og:image\" content=\"https:\/\/europeanobsndfr.org\/wp-content\/uploads\/2016\/11\/logo-oenddf.jpg\" \/>\n\t\t<meta property=\"og:image:secure_url\" content=\"https:\/\/europeanobsndfr.org\/wp-content\/uploads\/2016\/11\/logo-oenddf.jpg\" \/>\n\t\t<meta property=\"og:image:width\" content=\"830\" \/>\n\t\t<meta property=\"og:image:height\" content=\"600\" \/>\n\t\t<meta name=\"twitter:card\" content=\"summary\" \/>\n\t\t<meta name=\"twitter:site\" content=\"@europeanobs\" \/>\n\t\t<meta name=\"twitter:title\" content=\"OENDDF distribution gratuite de repas \u00e0 des personnes sans-abri \u00e0 PERPIGNAN (PYRENEES ORIENTALES), Combat contre la pauvret\u00e9, contre l\u2019exclusion sociale et en faveur de l\u2019inclusion sociale. | O.E.N.D.D.F.\" \/>\n\t\t<meta name=\"twitter:description\" content=\"OENDDF distribution gratuite de repas \u00e0 des personnes sans-abri \u00e0 PERPIGNAN (PYRENEES ORIENTALES), Combat contre la pauvret\u00e9, contre l\u2019exclusion sociale et en faveur de l\u2019inclusion sociale.\" \/>\n\t\t<meta name=\"twitter:creator\" content=\"@europeanobs\" \/>\n\t\t<meta name=\"twitter:image\" content=\"https:\/\/europeanobsndfr.org\/wp-content\/uploads\/2016\/11\/logo-oenddf.jpg\" \/>\n\t\t<script type=\"application\/ld+json\" class=\"aioseo-schema\">\n\t\t\t{\"@context\":\"https:\\\/\\\/schema.org\",\"@graph\":[{\"@type\":\"Article\",\"@id\":\"https:\\\/\\\/europeanobsndfr.org\\\/en\\\/actualites-fr\\\/combat-contre-pauvrete\\\/free-distribution-operation-of-meals-to-homeless-persons-in-perpignan-pyrenees-orientales-france\\\/#article\",\"name\":\"OENDDF distribution gratuite de repas \\u00e0 des personnes sans-abri \\u00e0 PERPIGNAN (PYRENEES ORIENTALES), Combat contre la pauvret\\u00e9, contre l\\u2019exclusion sociale et en faveur de l\\u2019inclusion sociale. | O.E.N.D.D.F.\",\"headline\":\"Op\\u00e9ration de distribution gratuite de repas \\u00e0 des personnes sans-abri \\u00e0 PERPIGNAN (PYRENEES ORIENTALES), FRANCE.\",\"author\":{\"@id\":\"https:\\\/\\\/europeanobsndfr.org\\\/en\\\/author\\\/admin\\\/#author\"},\"publisher\":{\"@id\":\"https:\\\/\\\/europeanobsndfr.org\\\/en\\\/#organization\"},\"image\":{\"@type\":\"ImageObject\",\"url\":\"https:\\\/\\\/europeanobsndfr.org\\\/wp-content\\\/uploads\\\/2015\\\/08\\\/Yves-\\u00e0-Perpignan-225x300.jpg\",\"@id\":\"https:\\\/\\\/europeanobsndfr.org\\\/en\\\/actualites-fr\\\/combat-contre-pauvrete\\\/free-distribution-operation-of-meals-to-homeless-persons-in-perpignan-pyrenees-orientales-france\\\/#articleImage\"},\"datePublished\":\"2015-09-16T16:38:26+01:00\",\"dateModified\":\"2015-09-16T17:06:31+01:00\",\"inLanguage\":\"en-GB\",\"mainEntityOfPage\":{\"@id\":\"https:\\\/\\\/europeanobsndfr.org\\\/en\\\/actualites-fr\\\/combat-contre-pauvrete\\\/free-distribution-operation-of-meals-to-homeless-persons-in-perpignan-pyrenees-orientales-france\\\/#webpage\"},\"isPartOf\":{\"@id\":\"https:\\\/\\\/europeanobsndfr.org\\\/en\\\/actualites-fr\\\/combat-contre-pauvrete\\\/free-distribution-operation-of-meals-to-homeless-persons-in-perpignan-pyrenees-orientales-france\\\/#webpage\"},\"articleSection\":\"Combat contre la pauvret\\u00e9, contre l'exclusion sociale et en faveur de l'inclusion sociale\"},{\"@type\":\"BreadcrumbList\",\"@id\":\"https:\\\/\\\/europeanobsndfr.org\\\/en\\\/actualites-fr\\\/combat-contre-pauvrete\\\/free-distribution-operation-of-meals-to-homeless-persons-in-perpignan-pyrenees-orientales-france\\\/#breadcrumblist\",\"itemListElement\":[{\"@type\":\"ListItem\",\"@id\":\"https:\\\/\\\/europeanobsndfr.org\\\/en#listItem\",\"position\":1,\"name\":\"Accueil\",\"item\":\"https:\\\/\\\/europeanobsndfr.org\\\/en\",\"nextItem\":{\"@type\":\"ListItem\",\"@id\":\"https:\\\/\\\/europeanobsndfr.org\\\/en\\\/category\\\/actualites-fr\\\/#listItem\",\"name\":\"Actualit\\u00e9\"}},{\"@type\":\"ListItem\",\"@id\":\"https:\\\/\\\/europeanobsndfr.org\\\/en\\\/category\\\/actualites-fr\\\/#listItem\",\"position\":2,\"name\":\"Actualit\\u00e9\",\"item\":\"https:\\\/\\\/europeanobsndfr.org\\\/en\\\/category\\\/actualites-fr\\\/\",\"nextItem\":{\"@type\":\"ListItem\",\"@id\":\"https:\\\/\\\/europeanobsndfr.org\\\/en\\\/category\\\/actualites-fr\\\/combat-contre-pauvrete\\\/#listItem\",\"name\":\"Combat contre la pauvret\\u00e9, contre l'exclusion sociale et en faveur de l'inclusion sociale\"},\"previousItem\":{\"@type\":\"ListItem\",\"@id\":\"https:\\\/\\\/europeanobsndfr.org\\\/en#listItem\",\"name\":\"Accueil\"}},{\"@type\":\"ListItem\",\"@id\":\"https:\\\/\\\/europeanobsndfr.org\\\/en\\\/category\\\/actualites-fr\\\/combat-contre-pauvrete\\\/#listItem\",\"position\":3,\"name\":\"Combat contre la pauvret\\u00e9, contre l'exclusion sociale et en faveur de l'inclusion sociale\",\"item\":\"https:\\\/\\\/europeanobsndfr.org\\\/en\\\/category\\\/actualites-fr\\\/combat-contre-pauvrete\\\/\",\"nextItem\":{\"@type\":\"ListItem\",\"@id\":\"https:\\\/\\\/europeanobsndfr.org\\\/en\\\/actualites-fr\\\/combat-contre-pauvrete\\\/free-distribution-operation-of-meals-to-homeless-persons-in-perpignan-pyrenees-orientales-france\\\/#listItem\",\"name\":\"Op\\u00e9ration de distribution gratuite de repas \\u00e0 des personnes sans-abri \\u00e0 PERPIGNAN (PYRENEES ORIENTALES), FRANCE.\"},\"previousItem\":{\"@type\":\"ListItem\",\"@id\":\"https:\\\/\\\/europeanobsndfr.org\\\/en\\\/category\\\/actualites-fr\\\/#listItem\",\"name\":\"Actualit\\u00e9\"}},{\"@type\":\"ListItem\",\"@id\":\"https:\\\/\\\/europeanobsndfr.org\\\/en\\\/actualites-fr\\\/combat-contre-pauvrete\\\/free-distribution-operation-of-meals-to-homeless-persons-in-perpignan-pyrenees-orientales-france\\\/#listItem\",\"position\":4,\"name\":\"Op\\u00e9ration de distribution gratuite de repas \\u00e0 des personnes sans-abri \\u00e0 PERPIGNAN (PYRENEES ORIENTALES), FRANCE.\",\"previousItem\":{\"@type\":\"ListItem\",\"@id\":\"https:\\\/\\\/europeanobsndfr.org\\\/en\\\/category\\\/actualites-fr\\\/combat-contre-pauvrete\\\/#listItem\",\"name\":\"Combat contre la pauvret\\u00e9, contre l'exclusion sociale et en faveur de l'inclusion sociale\"}}]},{\"@type\":\"Organization\",\"@id\":\"https:\\\/\\\/europeanobsndfr.org\\\/en\\\/#organization\",\"name\":\"OENDDF\",\"description\":\"Organisation Internationale Non-Gouvernementale\",\"url\":\"https:\\\/\\\/europeanobsndfr.org\\\/en\\\/\",\"logo\":{\"@type\":\"ImageObject\",\"url\":\"https:\\\/\\\/europeanobsndfr.org\\\/wp-content\\\/uploads\\\/2016\\\/11\\\/cropped-logo-oenddf.jpg\",\"@id\":\"https:\\\/\\\/europeanobsndfr.org\\\/en\\\/actualites-fr\\\/combat-contre-pauvrete\\\/free-distribution-operation-of-meals-to-homeless-persons-in-perpignan-pyrenees-orientales-france\\\/#organizationLogo\",\"width\":701,\"height\":600,\"caption\":\"Logo OENDDF\"},\"image\":{\"@id\":\"https:\\\/\\\/europeanobsndfr.org\\\/en\\\/actualites-fr\\\/combat-contre-pauvrete\\\/free-distribution-operation-of-meals-to-homeless-persons-in-perpignan-pyrenees-orientales-france\\\/#organizationLogo\"},\"sameAs\":[\"https:\\\/\\\/twitter.com\\\/europeanobs\",\"https:\\\/\\\/www.instagram.com\\\/oenddf_ngo\\\/\",\"https:\\\/\\\/www.youtube.com\\\/channel\\\/UCO9vz5fybFw1Q8pvN00CDgA\"]},{\"@type\":\"Person\",\"@id\":\"https:\\\/\\\/europeanobsndfr.org\\\/en\\\/author\\\/admin\\\/#author\",\"url\":\"https:\\\/\\\/europeanobsndfr.org\\\/en\\\/author\\\/admin\\\/\",\"name\":\"OENDDF\",\"image\":{\"@type\":\"ImageObject\",\"@id\":\"https:\\\/\\\/europeanobsndfr.org\\\/en\\\/actualites-fr\\\/combat-contre-pauvrete\\\/free-distribution-operation-of-meals-to-homeless-persons-in-perpignan-pyrenees-orientales-france\\\/#authorImage\",\"url\":\"https:\\\/\\\/secure.gravatar.com\\\/avatar\\\/f64bd673bdf1f612f36226606d41703598d9c028a910d72b461acb19a72f63d5?s=96&d=mm&r=g\",\"width\":96,\"height\":96,\"caption\":\"OENDDF\"}},{\"@type\":\"WebPage\",\"@id\":\"https:\\\/\\\/europeanobsndfr.org\\\/en\\\/actualites-fr\\\/combat-contre-pauvrete\\\/free-distribution-operation-of-meals-to-homeless-persons-in-perpignan-pyrenees-orientales-france\\\/#webpage\",\"url\":\"https:\\\/\\\/europeanobsndfr.org\\\/en\\\/actualites-fr\\\/combat-contre-pauvrete\\\/free-distribution-operation-of-meals-to-homeless-persons-in-perpignan-pyrenees-orientales-france\\\/\",\"name\":\"OENDDF distribution gratuite de repas \\u00e0 des personnes sans-abri \\u00e0 PERPIGNAN (PYRENEES ORIENTALES), Combat contre la pauvret\\u00e9, contre l\\u2019exclusion sociale et en faveur de l\\u2019inclusion sociale. | O.E.N.D.D.F.\",\"description\":\"OENDDF distribution gratuite de repas \\u00e0 des personnes sans-abri \\u00e0 PERPIGNAN (PYRENEES ORIENTALES), Combat contre la pauvret\\u00e9, contre l\\u2019exclusion sociale et en faveur de l\\u2019inclusion sociale.\",\"inLanguage\":\"en-GB\",\"isPartOf\":{\"@id\":\"https:\\\/\\\/europeanobsndfr.org\\\/en\\\/#website\"},\"breadcrumb\":{\"@id\":\"https:\\\/\\\/europeanobsndfr.org\\\/en\\\/actualites-fr\\\/combat-contre-pauvrete\\\/free-distribution-operation-of-meals-to-homeless-persons-in-perpignan-pyrenees-orientales-france\\\/#breadcrumblist\"},\"author\":{\"@id\":\"https:\\\/\\\/europeanobsndfr.org\\\/en\\\/author\\\/admin\\\/#author\"},\"creator\":{\"@id\":\"https:\\\/\\\/europeanobsndfr.org\\\/en\\\/author\\\/admin\\\/#author\"},\"datePublished\":\"2015-09-16T16:38:26+01:00\",\"dateModified\":\"2015-09-16T17:06:31+01:00\"},{\"@type\":\"WebSite\",\"@id\":\"https:\\\/\\\/europeanobsndfr.org\\\/en\\\/#website\",\"url\":\"https:\\\/\\\/europeanobsndfr.org\\\/en\\\/\",\"name\":\"Observatoire Europ\\u00e9en de la Non-Discrimination et des Droits Fondamentaux\",\"description\":\"Organisation Internationale Non-Gouvernementale\",\"inLanguage\":\"en-GB\",\"publisher\":{\"@id\":\"https:\\\/\\\/europeanobsndfr.org\\\/en\\\/#organization\"}}]}\n\t\t<\/script>\n\t\t<!-- All in One SEO -->\n\n","aioseo_head_json":{"title":"OENDDF distribution gratuite de repas \u00e0 des personnes sans-abri \u00e0 PERPIGNAN (PYRENEES ORIENTALES), Combat contre la pauvret\u00e9, contre l\u2019exclusion sociale et en faveur de l\u2019inclusion sociale. | O.E.N.D.D.F.","description":"OENDDF distribution gratuite de repas \u00e0 des personnes sans-abri \u00e0 PERPIGNAN (PYRENEES ORIENTALES), Combat contre la pauvret\u00e9, contre l\u2019exclusion sociale et en faveur de l\u2019inclusion sociale.","canonical_url":"https:\/\/europeanobsndfr.org\/en\/actualites-fr\/combat-contre-pauvrete\/free-distribution-operation-of-meals-to-homeless-persons-in-perpignan-pyrenees-orientales-france\/","robots":"max-snippet:-1, max-image-preview:large, max-video-preview:-1","keywords":"","webmasterTools":{"google-site-verification":"KZsAbCyd-Ww06m2-MlFPa7EphgzWqs90ra8o0LfM_K8","miscellaneous":""},"schema":{"@context":"https:\/\/schema.org","@graph":[{"@type":"Article","@id":"https:\/\/europeanobsndfr.org\/en\/actualites-fr\/combat-contre-pauvrete\/free-distribution-operation-of-meals-to-homeless-persons-in-perpignan-pyrenees-orientales-france\/#article","name":"OENDDF distribution gratuite de repas \u00e0 des personnes sans-abri \u00e0 PERPIGNAN (PYRENEES ORIENTALES), Combat contre la pauvret\u00e9, contre l\u2019exclusion sociale et en faveur de l\u2019inclusion sociale. | O.E.N.D.D.F.","headline":"Op\u00e9ration de distribution gratuite de repas \u00e0 des personnes sans-abri \u00e0 PERPIGNAN (PYRENEES ORIENTALES), FRANCE.","author":{"@id":"https:\/\/europeanobsndfr.org\/en\/author\/admin\/#author"},"publisher":{"@id":"https:\/\/europeanobsndfr.org\/en\/#organization"},"image":{"@type":"ImageObject","url":"https:\/\/europeanobsndfr.org\/wp-content\/uploads\/2015\/08\/Yves-\u00e0-Perpignan-225x300.jpg","@id":"https:\/\/europeanobsndfr.org\/en\/actualites-fr\/combat-contre-pauvrete\/free-distribution-operation-of-meals-to-homeless-persons-in-perpignan-pyrenees-orientales-france\/#articleImage"},"datePublished":"2015-09-16T16:38:26+01:00","dateModified":"2015-09-16T17:06:31+01:00","inLanguage":"en-GB","mainEntityOfPage":{"@id":"https:\/\/europeanobsndfr.org\/en\/actualites-fr\/combat-contre-pauvrete\/free-distribution-operation-of-meals-to-homeless-persons-in-perpignan-pyrenees-orientales-france\/#webpage"},"isPartOf":{"@id":"https:\/\/europeanobsndfr.org\/en\/actualites-fr\/combat-contre-pauvrete\/free-distribution-operation-of-meals-to-homeless-persons-in-perpignan-pyrenees-orientales-france\/#webpage"},"articleSection":"Combat contre la pauvret\u00e9, contre l'exclusion sociale et en faveur de l'inclusion sociale"},{"@type":"BreadcrumbList","@id":"https:\/\/europeanobsndfr.org\/en\/actualites-fr\/combat-contre-pauvrete\/free-distribution-operation-of-meals-to-homeless-persons-in-perpignan-pyrenees-orientales-france\/#breadcrumblist","itemListElement":[{"@type":"ListItem","@id":"https:\/\/europeanobsndfr.org\/en#listItem","position":1,"name":"Accueil","item":"https:\/\/europeanobsndfr.org\/en","nextItem":{"@type":"ListItem","@id":"https:\/\/europeanobsndfr.org\/en\/category\/actualites-fr\/#listItem","name":"Actualit\u00e9"}},{"@type":"ListItem","@id":"https:\/\/europeanobsndfr.org\/en\/category\/actualites-fr\/#listItem","position":2,"name":"Actualit\u00e9","item":"https:\/\/europeanobsndfr.org\/en\/category\/actualites-fr\/","nextItem":{"@type":"ListItem","@id":"https:\/\/europeanobsndfr.org\/en\/category\/actualites-fr\/combat-contre-pauvrete\/#listItem","name":"Combat contre la pauvret\u00e9, contre l'exclusion sociale et en faveur de l'inclusion sociale"},"previousItem":{"@type":"ListItem","@id":"https:\/\/europeanobsndfr.org\/en#listItem","name":"Accueil"}},{"@type":"ListItem","@id":"https:\/\/europeanobsndfr.org\/en\/category\/actualites-fr\/combat-contre-pauvrete\/#listItem","position":3,"name":"Combat contre la pauvret\u00e9, contre l'exclusion sociale et en faveur de l'inclusion sociale","item":"https:\/\/europeanobsndfr.org\/en\/category\/actualites-fr\/combat-contre-pauvrete\/","nextItem":{"@type":"ListItem","@id":"https:\/\/europeanobsndfr.org\/en\/actualites-fr\/combat-contre-pauvrete\/free-distribution-operation-of-meals-to-homeless-persons-in-perpignan-pyrenees-orientales-france\/#listItem","name":"Op\u00e9ration de distribution gratuite de repas \u00e0 des personnes sans-abri \u00e0 PERPIGNAN (PYRENEES ORIENTALES), FRANCE."},"previousItem":{"@type":"ListItem","@id":"https:\/\/europeanobsndfr.org\/en\/category\/actualites-fr\/#listItem","name":"Actualit\u00e9"}},{"@type":"ListItem","@id":"https:\/\/europeanobsndfr.org\/en\/actualites-fr\/combat-contre-pauvrete\/free-distribution-operation-of-meals-to-homeless-persons-in-perpignan-pyrenees-orientales-france\/#listItem","position":4,"name":"Op\u00e9ration de distribution gratuite de repas \u00e0 des personnes sans-abri \u00e0 PERPIGNAN (PYRENEES ORIENTALES), FRANCE.","previousItem":{"@type":"ListItem","@id":"https:\/\/europeanobsndfr.org\/en\/category\/actualites-fr\/combat-contre-pauvrete\/#listItem","name":"Combat contre la pauvret\u00e9, contre l'exclusion sociale et en faveur de l'inclusion sociale"}}]},{"@type":"Organization","@id":"https:\/\/europeanobsndfr.org\/en\/#organization","name":"OENDDF","description":"Organisation Internationale Non-Gouvernementale","url":"https:\/\/europeanobsndfr.org\/en\/","logo":{"@type":"ImageObject","url":"https:\/\/europeanobsndfr.org\/wp-content\/uploads\/2016\/11\/cropped-logo-oenddf.jpg","@id":"https:\/\/europeanobsndfr.org\/en\/actualites-fr\/combat-contre-pauvrete\/free-distribution-operation-of-meals-to-homeless-persons-in-perpignan-pyrenees-orientales-france\/#organizationLogo","width":701,"height":600,"caption":"Logo OENDDF"},"image":{"@id":"https:\/\/europeanobsndfr.org\/en\/actualites-fr\/combat-contre-pauvrete\/free-distribution-operation-of-meals-to-homeless-persons-in-perpignan-pyrenees-orientales-france\/#organizationLogo"},"sameAs":["https:\/\/twitter.com\/europeanobs","https:\/\/www.instagram.com\/oenddf_ngo\/","https:\/\/www.youtube.com\/channel\/UCO9vz5fybFw1Q8pvN00CDgA"]},{"@type":"Person","@id":"https:\/\/europeanobsndfr.org\/en\/author\/admin\/#author","url":"https:\/\/europeanobsndfr.org\/en\/author\/admin\/","name":"OENDDF","image":{"@type":"ImageObject","@id":"https:\/\/europeanobsndfr.org\/en\/actualites-fr\/combat-contre-pauvrete\/free-distribution-operation-of-meals-to-homeless-persons-in-perpignan-pyrenees-orientales-france\/#authorImage","url":"https:\/\/secure.gravatar.com\/avatar\/f64bd673bdf1f612f36226606d41703598d9c028a910d72b461acb19a72f63d5?s=96&d=mm&r=g","width":96,"height":96,"caption":"OENDDF"}},{"@type":"WebPage","@id":"https:\/\/europeanobsndfr.org\/en\/actualites-fr\/combat-contre-pauvrete\/free-distribution-operation-of-meals-to-homeless-persons-in-perpignan-pyrenees-orientales-france\/#webpage","url":"https:\/\/europeanobsndfr.org\/en\/actualites-fr\/combat-contre-pauvrete\/free-distribution-operation-of-meals-to-homeless-persons-in-perpignan-pyrenees-orientales-france\/","name":"OENDDF distribution gratuite de repas \u00e0 des personnes sans-abri \u00e0 PERPIGNAN (PYRENEES ORIENTALES), Combat contre la pauvret\u00e9, contre l\u2019exclusion sociale et en faveur de l\u2019inclusion sociale. | O.E.N.D.D.F.","description":"OENDDF distribution gratuite de repas \u00e0 des personnes sans-abri \u00e0 PERPIGNAN (PYRENEES ORIENTALES), Combat contre la pauvret\u00e9, contre l\u2019exclusion sociale et en faveur de l\u2019inclusion sociale.","inLanguage":"en-GB","isPartOf":{"@id":"https:\/\/europeanobsndfr.org\/en\/#website"},"breadcrumb":{"@id":"https:\/\/europeanobsndfr.org\/en\/actualites-fr\/combat-contre-pauvrete\/free-distribution-operation-of-meals-to-homeless-persons-in-perpignan-pyrenees-orientales-france\/#breadcrumblist"},"author":{"@id":"https:\/\/europeanobsndfr.org\/en\/author\/admin\/#author"},"creator":{"@id":"https:\/\/europeanobsndfr.org\/en\/author\/admin\/#author"},"datePublished":"2015-09-16T16:38:26+01:00","dateModified":"2015-09-16T17:06:31+01:00"},{"@type":"WebSite","@id":"https:\/\/europeanobsndfr.org\/en\/#website","url":"https:\/\/europeanobsndfr.org\/en\/","name":"Observatoire Europ\u00e9en de la Non-Discrimination et des Droits Fondamentaux","description":"Organisation Internationale Non-Gouvernementale","inLanguage":"en-GB","publisher":{"@id":"https:\/\/europeanobsndfr.org\/en\/#organization"}}]},"og:locale":"en_GB","og:site_name":"Observatoire Europ\u00e9en de la Non-Discrimination et des Droits Fondamentaux","og:type":"non_profit","og:title":"OENDDF distribution gratuite de repas \u00e0 des personnes sans-abri \u00e0 PERPIGNAN (PYRENEES ORIENTALES), Combat contre la pauvret\u00e9, contre l\u2019exclusion sociale et en faveur de l\u2019inclusion sociale. | O.E.N.D.D.F.","og:description":"OENDDF distribution gratuite de repas \u00e0 des personnes sans-abri \u00e0 PERPIGNAN (PYRENEES ORIENTALES), Combat contre la pauvret\u00e9, contre l\u2019exclusion sociale et en faveur de l\u2019inclusion sociale.","og:url":"https:\/\/europeanobsndfr.org\/en\/actualites-fr\/combat-contre-pauvrete\/free-distribution-operation-of-meals-to-homeless-persons-in-perpignan-pyrenees-orientales-france\/","og:image":"https:\/\/europeanobsndfr.org\/wp-content\/uploads\/2016\/11\/logo-oenddf.jpg","og:image:secure_url":"https:\/\/europeanobsndfr.org\/wp-content\/uploads\/2016\/11\/logo-oenddf.jpg","og:image:width":830,"og:image:height":600,"twitter:card":"summary","twitter:site":"@europeanobs","twitter:title":"OENDDF distribution gratuite de repas \u00e0 des personnes sans-abri \u00e0 PERPIGNAN (PYRENEES ORIENTALES), Combat contre la pauvret\u00e9, contre l\u2019exclusion sociale et en faveur de l\u2019inclusion sociale. | O.E.N.D.D.F.","twitter:description":"OENDDF distribution gratuite de repas \u00e0 des personnes sans-abri \u00e0 PERPIGNAN (PYRENEES ORIENTALES), Combat contre la pauvret\u00e9, contre l\u2019exclusion sociale et en faveur de l\u2019inclusion sociale.","twitter:creator":"@europeanobs","twitter:image":"https:\/\/europeanobsndfr.org\/wp-content\/uploads\/2016\/11\/logo-oenddf.jpg"},"aioseo_meta_data":{"post_id":"3749","title":"OENDDF distribution gratuite de repas \u00e0 des personnes sans-abri \u00e0 PERPIGNAN (PYRENEES ORIENTALES), \nCombat contre la pauvret\u00e9, contre l\u2019exclusion sociale et en faveur de l\u2019inclusion sociale. | O.E.N.D.D.F.","description":"OENDDF distribution gratuite de repas \u00e0 des personnes sans-abri \u00e0 PERPIGNAN (PYRENEES ORIENTALES), \nCombat contre la pauvret\u00e9, contre l\u2019exclusion sociale et en faveur de l\u2019inclusion sociale.","keywords":[{"label":"OENDDF distribution gratuite de repas \u00e0 des personnes sans-abri \u00e0 PERPIGNAN (PYRENEES ORIENTALES)","value":"OENDDF distribution gratuite de repas \u00e0 des personnes sans-abri \u00e0 PERPIGNAN (PYRENEES ORIENTALES)"},{"label":"Combat contre la pauvret\u00e9","value":"Combat contre la pauvret\u00e9"},{"label":"contre l\u2019exclusion sociale et en faveur de l\u2019inclusion sociale.","value":"contre l\u2019exclusion sociale et en faveur de l\u2019inclusion sociale."}],"keyphrases":null,"primary_term":null,"canonical_url":null,"og_title":null,"og_description":null,"og_object_type":"default","og_image_type":"default","og_image_url":null,"og_image_width":null,"og_image_height":null,"og_image_custom_url":null,"og_image_custom_fields":null,"og_video":null,"og_custom_url":null,"og_article_section":null,"og_article_tags":null,"twitter_use_og":false,"twitter_card":"default","twitter_image_type":"default","twitter_image_url":null,"twitter_image_custom_url":null,"twitter_image_custom_fields":null,"twitter_title":null,"twitter_description":null,"schema":{"blockGraphs":[],"customGraphs":[],"default":{"data":{"Article":[],"Course":[],"Dataset":[],"FAQPage":[],"Movie":[],"Person":[],"Product":[],"ProductReview":[],"Car":[],"Recipe":[],"Service":[],"SoftwareApplication":[],"WebPage":[]},"graphName":"","isEnabled":true},"graphs":[]},"schema_type":null,"schema_type_options":null,"pillar_content":false,"robots_default":true,"robots_noindex":false,"robots_noarchive":false,"robots_nosnippet":false,"robots_nofollow":false,"robots_noimageindex":false,"robots_noodp":false,"robots_notranslate":false,"robots_max_snippet":null,"robots_max_videopreview":null,"robots_max_imagepreview":"large","priority":null,"frequency":null,"local_seo":null,"breadcrumb_settings":null,"limit_modified_date":false,"ai":null,"created":"2021-01-22 17:47:50","updated":"2025-08-01 08:20:39","focus_keyword":null,"additional_keywords":null,"truseo_locale":null,"seo_analyzer_scan_date":null},"jetpack_featured_media_url":"","jetpack-related-posts":[],"jetpack_sharing_enabled":true,"_links":{"self":[{"href":"https:\/\/europeanobsndfr.org\/en\/wp-json\/wp\/v2\/posts\/3749","targetHints":{"allow":["GET"]}}],"collection":[{"href":"https:\/\/europeanobsndfr.org\/en\/wp-json\/wp\/v2\/posts"}],"about":[{"href":"https:\/\/europeanobsndfr.org\/en\/wp-json\/wp\/v2\/types\/post"}],"author":[{"embeddable":true,"href":"https:\/\/europeanobsndfr.org\/en\/wp-json\/wp\/v2\/users\/1"}],"replies":[{"embeddable":true,"href":"https:\/\/europeanobsndfr.org\/en\/wp-json\/wp\/v2\/comments?post=3749"}],"version-history":[{"count":0,"href":"https:\/\/europeanobsndfr.org\/en\/wp-json\/wp\/v2\/posts\/3749\/revisions"}],"wp:attachment":[{"href":"https:\/\/europeanobsndfr.org\/en\/wp-json\/wp\/v2\/media?parent=3749"}],"wp:term":[{"taxonomy":"category","embeddable":true,"href":"https:\/\/europeanobsndfr.org\/en\/wp-json\/wp\/v2\/categories?post=3749"},{"taxonomy":"post_tag","embeddable":true,"href":"https:\/\/europeanobsndfr.org\/en\/wp-json\/wp\/v2\/tags?post=3749"}],"curies":[{"name":"wp","href":"https:\/\/api.w.org\/{rel}","templated":true}]}}