{"id":4664,"date":"2016-01-09T07:12:12","date_gmt":"2016-01-09T07:12:12","guid":{"rendered":"https:\/\/europeanobsndfr.org\/actualites-fr\/asylum-migration-and-borders\/social-inclusion-and-integration-of-persons-with-mental-or-intellectual-disabilities-through-employment-2\/"},"modified":"2016-12-02T21:51:12","modified_gmt":"2016-12-02T21:51:12","slug":"inclusion-et-integration-de-personnes-en-situation-de-handicap-intellectuel-ou-mental-en-pologne","status":"publish","type":"post","link":"https:\/\/europeanobsndfr.org\/en\/actualites-fr\/actus-personnes-situation-handicap\/inclusion-et-integration-de-personnes-en-situation-de-handicap-intellectuel-ou-mental-en-pologne\/","title":{"rendered":"Inclusion et int\u00e9gration de personnes en situation de handicap intellectuel ou mental. POLOGNE."},"content":{"rendered":"<div style=\"text-align: justify;\">\n<p><span style=\"text-decoration: underline;\"><span style=\"color: #0000ff;\"><strong>Partenariat avec l&rsquo;Association nationale polonaise P.S.O.U.U. en POLOGNE<\/strong><\/span><\/span><\/p>\n<p>Depuis <strong>f\u00e9vrier 2015,<\/strong> <strong>pour soutenir la non-discrimination en mati\u00e8re de handicap, et pour favoriser l&rsquo;inclusion des personnes en situation de handicap,<\/strong> l&rsquo;Observatoire Europ\u00e9en de la non-discrimination et des droits fondamentaux a convenu un partenariat avec l&rsquo;Association polonaise nationale PSOUU\u00a0pour soutenir mat\u00e9riellement en POLOGNE des actions tr\u00e8s positives et tr\u00e8s concr\u00e8tes, en mati\u00e8re d&rsquo;aide aux personnes en situation de handicap mental ou de d\u00e9ficience intellectuelle.<\/p>\n<p>L&rsquo;objectif de l&rsquo;Association polonaise PSOUU est de d\u00e9velopper l&rsquo;inclusion des personnes en situation de handicap par le travail, de l&rsquo;atelier occupationnel au travail professionnel, en soutenant \u00e0 tous les \u00e9chelons une politique d&rsquo;\u00e9ducation inclusive.<\/p>\n<p>Pour permettre l&rsquo;int\u00e9gration des personnes en situation de handicap dans la soci\u00e9t\u00e9, et dans certaines situations,\u00a0sur le march\u00e9 du travail, l&rsquo;Association polonaise PSOUU g\u00e8re notamment en POLOGNE :<\/p>\n<ul>\n<li><strong>29 Centres d&rsquo;Intervention pr\u00e9coce<\/strong> pour plus de 11.000 enfants, avec pour objectif de poser rapidement des diagnostics pr\u00e9cis \u00e9tablis avec une approche multidisciplinaire, de la naissance \u00e0 18 mois en priorit\u00e9 et jusqu&rsquo;\u00e0 7 ans lorsque le diagnostic n&rsquo;a pas pu \u00eatre r\u00e9alis\u00e9 lorsque l&rsquo;enfant \u00e9tait petit;<\/li>\n<li><strong>64 Centres de R\u00e9habilitation et d&rsquo;Education<\/strong> destin\u00e9s \u00e0 prendre en charge l&rsquo;\u00e9ducation et la formation d&rsquo;enfants pr\u00e9sentant un handicap lourd qui ne leur permet pas de pr\u00e9tendre \u00e0 une int\u00e9gration dans une \u00e9cole normale.;<\/li>\n<li><strong>35 Centres<\/strong> pour des jeunes ayant une d\u00e9ficience intellectuelle grave, m\u00eame avec des handicaps multiples, afin d&rsquo;offrir une th\u00e9rapie de soutien adapt\u00e9 \u00e0 leurs besoins;<\/li>\n<li><strong>84 Ateliers occupationnels,<\/strong> dont l&rsquo;objectif est de pr\u00e9parer des jeunes adultes ayant une d\u00e9ficience intellectuelle \u00e0 acqu\u00e9rir des comp\u00e9tences pour une vie plus ind\u00e9pendante par le travail;<\/li>\n<li><strong>4 Centres<\/strong> destin\u00e9s \u00e0 l&rsquo;orientation professionnelle de personnes ayant une d\u00e9ficience intellectuelle, leur permettant de travailler dans les lieux habituels de travail;<\/li>\n<li><strong>30 Centres de d\u00e9veloppement<\/strong> des talents artistiques, de la d\u00e9tente et des loisirs des personnes en situation de handicap mental ; certaines oeuvres de ces artistes ont m\u00eame \u00e9t\u00e9 expos\u00e9es au Centre d&rsquo;Art Contemporain de Varsovie en 2003 ;<\/li>\n<li><strong>26 Structures R\u00e9sidentielles<\/strong> prenant en charge des personnes \u00e2g\u00e9es ayant une d\u00e9ficience intellectuelle et qui n&rsquo;ont plus de famille pouvant leur offrir un lieu de vie, ainsi que des jeunes en situation de handicap dont les familles r\u00e9sident trop loin de Centres d&rsquo;accueil sp\u00e9cialis\u00e9s de jour pour pouvoir \u00eatre pris en charge.<\/li>\n<\/ul>\n<p><strong>Les initiatives et actions en mati\u00e8re d&rsquo;\u00e9ducation inclusive de l&rsquo;Association\u00a0polonaise\u00a0PSOUU sont brillantes et concr\u00e8tes et peuvent \u00eatre cit\u00e9es en exemple.<\/strong><\/p>\n<p><strong><u>En savoir plus :<\/u><\/strong>\u00a0http:\/\/psouu.cieszynski.info\/o_nas\/<\/p>\n<\/div>\n<p style=\"text-align: justify;\"><span class=\"Apple-style-span\"><span style=\"text-decoration: underline; color: #0000ff;\"><strong>Domaines d\u2019interventions vis\u00e9 par\u00a0la Commission Europ\u00e9enne <\/strong><\/span><strong><span style=\"text-decoration: underline; color: #0000ff;\">:\u00a0<\/span>Acc\u00e8s au logement \u2013 Accessibilit\u00e9 \u2013 Emploi \u2013 Education et Formation \u2013 Egalit\u00e9 \u2013 Protection Sociale \u2013 Sant\u00e9.<\/strong><\/span><\/p>\n<p style=\"text-align: justify;\">[av_content_slider heading=\u00a0\u00bb columns=&rsquo;1&prime; animation=&rsquo;slide&rsquo; navigation=&rsquo;arrows&rsquo; autoplay=&rsquo;true&rsquo; interval=&rsquo;4&prime; font_color=\u00a0\u00bb color=\u00a0\u00bb]<br \/>\n[av_content_slide title=&rsquo;Varsovie, POLOGNE&rsquo; link=\u00a0\u00bb linktarget=\u00a0\u00bb]<br \/>\n<a href=\"https:\/\/europeanobsndfr.org\/wp-content\/uploads\/2016\/01\/VARSOVIE-VILLE-2.jpg\" rel=\"attachment wp-att-4682\"><img loading=\"lazy\" decoding=\"async\" class=\"aligncenter size-medium wp-image-4682\" src=\"https:\/\/europeanobsndfr.org\/wp-content\/uploads\/2016\/01\/VARSOVIE-VILLE-2-300x300.jpg\" alt=\"VARSOVIE VILLE 2\" width=\"300\" height=\"300\" srcset=\"https:\/\/europeanobsndfr.org\/wp-content\/uploads\/2016\/01\/VARSOVIE-VILLE-2-300x300.jpg 300w, https:\/\/europeanobsndfr.org\/wp-content\/uploads\/2016\/01\/VARSOVIE-VILLE-2-80x80.jpg 80w, https:\/\/europeanobsndfr.org\/wp-content\/uploads\/2016\/01\/VARSOVIE-VILLE-2-768x768.jpg 768w, https:\/\/europeanobsndfr.org\/wp-content\/uploads\/2016\/01\/VARSOVIE-VILLE-2-36x36.jpg 36w, https:\/\/europeanobsndfr.org\/wp-content\/uploads\/2016\/01\/VARSOVIE-VILLE-2-180x180.jpg 180w, https:\/\/europeanobsndfr.org\/wp-content\/uploads\/2016\/01\/VARSOVIE-VILLE-2-705x705.jpg 705w, https:\/\/europeanobsndfr.org\/wp-content\/uploads\/2016\/01\/VARSOVIE-VILLE-2.jpg 1024w\" sizes=\"auto, (max-width: 300px) 100vw, 300px\" \/><\/a><br \/>\n[\/av_content_slide]<br \/>\n[av_content_slide title=&rsquo;Exemple de brochure de PSOUU&rsquo; link=\u00a0\u00bb linktarget=\u00a0\u00bb]<br \/>\n<a href=\"https:\/\/europeanobsndfr.org\/wp-content\/uploads\/2016\/01\/Photo-Brochure-PSOUU-3.jpg\" rel=\"attachment wp-att-4678\"><img loading=\"lazy\" decoding=\"async\" class=\"aligncenter size-medium wp-image-4678\" src=\"https:\/\/europeanobsndfr.org\/wp-content\/uploads\/2016\/01\/Photo-Brochure-PSOUU-3-225x300.jpg\" alt=\"Photo Brochure PSOUU 3\" width=\"225\" height=\"300\" srcset=\"https:\/\/europeanobsndfr.org\/wp-content\/uploads\/2016\/01\/Photo-Brochure-PSOUU-3-225x300.jpg 225w, https:\/\/europeanobsndfr.org\/wp-content\/uploads\/2016\/01\/Photo-Brochure-PSOUU-3.jpg 768w, https:\/\/europeanobsndfr.org\/wp-content\/uploads\/2016\/01\/Photo-Brochure-PSOUU-3-529x705.jpg 529w\" sizes=\"auto, (max-width: 225px) 100vw, 225px\" \/><\/a>\u00a0[\/av_content_slide]<br \/>\n[av_content_slide title=&rsquo;Exemple de brochure de PSOUU&rsquo; link=\u00a0\u00bb linktarget=\u00a0\u00bb]<br \/>\n<a href=\"https:\/\/europeanobsndfr.org\/wp-content\/uploads\/2016\/01\/Photo-brochure-PSOUU.jpg\" rel=\"attachment wp-att-4680\"><img loading=\"lazy\" decoding=\"async\" class=\"aligncenter size-medium wp-image-4680\" src=\"https:\/\/europeanobsndfr.org\/wp-content\/uploads\/2016\/01\/Photo-brochure-PSOUU-225x300.jpg\" alt=\"Photo brochure PSOUU\" width=\"225\" height=\"300\" srcset=\"https:\/\/europeanobsndfr.org\/wp-content\/uploads\/2016\/01\/Photo-brochure-PSOUU-225x300.jpg 225w, https:\/\/europeanobsndfr.org\/wp-content\/uploads\/2016\/01\/Photo-brochure-PSOUU.jpg 768w, https:\/\/europeanobsndfr.org\/wp-content\/uploads\/2016\/01\/Photo-brochure-PSOUU-529x705.jpg 529w\" sizes=\"auto, (max-width: 225px) 100vw, 225px\" \/><\/a><br \/>\n[\/av_content_slide]<br \/>\n[av_content_slide title=&rsquo;Exemple de brochure de PSOUU&rsquo; link=\u00a0\u00bb linktarget=\u00a0\u00bb]<br \/>\n<a href=\"https:\/\/europeanobsndfr.org\/wp-content\/uploads\/2016\/01\/Photo-Brochure-PSOUU-2.jpg\" rel=\"attachment wp-att-4679\"><img loading=\"lazy\" decoding=\"async\" class=\"aligncenter size-medium wp-image-4679\" src=\"https:\/\/europeanobsndfr.org\/wp-content\/uploads\/2016\/01\/Photo-Brochure-PSOUU-2-225x300.jpg\" alt=\"Photo Brochure PSOUU 2\" width=\"225\" height=\"300\" srcset=\"https:\/\/europeanobsndfr.org\/wp-content\/uploads\/2016\/01\/Photo-Brochure-PSOUU-2-225x300.jpg 225w, https:\/\/europeanobsndfr.org\/wp-content\/uploads\/2016\/01\/Photo-Brochure-PSOUU-2.jpg 768w, https:\/\/europeanobsndfr.org\/wp-content\/uploads\/2016\/01\/Photo-Brochure-PSOUU-2-529x705.jpg 529w\" sizes=\"auto, (max-width: 225px) 100vw, 225px\" \/><\/a><br \/>\n[\/av_content_slide]<br \/>\n[\/av_content_slider]<\/p>\n","protected":false},"excerpt":{"rendered":"<p>Partenariat avec l&rsquo;Association nationale polonaise P.S.O.U.U. en POLOGNE Depuis f\u00e9vrier 2015, pour soutenir la non-discrimination en mati\u00e8re de handicap, et pour favoriser l&rsquo;inclusion des personnes en situation de handicap, l&rsquo;Observatoire Europ\u00e9en de la non-discrimination et des droits fondamentaux a convenu un partenariat avec l&rsquo;Association polonaise nationale PSOUU\u00a0pour soutenir mat\u00e9riellement en POLOGNE des actions tr\u00e8s positives&#8230;<\/p>","protected":false},"author":1,"featured_media":0,"comment_status":"closed","ping_status":"closed","sticky":false,"template":"","format":"standard","meta":{"give_campaign_id":0,"_kadence_starter_templates_imported_post":false,"_kad_post_transparent":"","_kad_post_title":"","_kad_post_layout":"","_kad_post_sidebar_id":"","_kad_post_content_style":"","_kad_post_vertical_padding":"","_kad_post_feature":"","_kad_post_feature_position":"","_kad_post_header":false,"_kad_post_footer":false,"_kad_post_classname":"","_jetpack_memberships_contains_paid_content":false,"footnotes":""},"categories":[43],"tags":[265,264,263],"class_list":["post-4664","post","type-post","status-publish","format-standard","hentry","category-actus-personnes-situation-handicap","tag-aide-a-linclusion-pour-les-personnes-handicapees","tag-inclusion-sociale","tag-personnes-en-situation-de-handicap"],"aioseo_notices":[],"aioseo_head":"\n\t\t<!-- All in One SEO 5.0.1.1 - aioseo.com -->\n\t<meta name=\"description\" content=\"Objectif : en partenariat avec l&#039;Association P.S.O.U.U. en Pologne, favoriser l&#039;inclusion des personnes en situation de handicap intellectuel ou mental.\" \/>\n\t<meta name=\"robots\" content=\"max-snippet:-1, max-image-preview:large, max-video-preview:-1\" \/>\n\t<meta name=\"author\" content=\"OENDDF\"\/>\n\t<meta name=\"google-site-verification\" content=\"KZsAbCyd-Ww06m2-MlFPa7EphgzWqs90ra8o0LfM_K8\" \/>\n\t<link rel=\"canonical\" href=\"https:\/\/europeanobsndfr.org\/en\/actualites-fr\/actus-personnes-situation-handicap\/inclusion-et-integration-de-personnes-en-situation-de-handicap-intellectuel-ou-mental-en-pologne\/\" \/>\n\t<meta name=\"generator\" content=\"All in One SEO (AIOSEO) 5.0.1.1\" \/>\n\t\t<meta property=\"og:locale\" content=\"en_GB\" \/>\n\t\t<meta property=\"og:site_name\" content=\"Observatoire Europ\u00e9en de la Non-Discrimination et des Droits Fondamentaux\" \/>\n\t\t<meta property=\"og:type\" content=\"non_profit\" \/>\n\t\t<meta property=\"og:title\" content=\"Inclusion de personnes avec un handicap intellectuel ou mental | O.E.N.D.D.F.\" \/>\n\t\t<meta property=\"og:description\" content=\"Objectif : en partenariat avec l&#039;Association P.S.O.U.U. en Pologne, favoriser l&#039;inclusion des personnes en situation de handicap intellectuel ou mental.\" \/>\n\t\t<meta property=\"og:url\" content=\"https:\/\/europeanobsndfr.org\/en\/actualites-fr\/actus-personnes-situation-handicap\/inclusion-et-integration-de-personnes-en-situation-de-handicap-intellectuel-ou-mental-en-pologne\/\" \/>\n\t\t<meta property=\"og:image\" content=\"https:\/\/europeanobsndfr.org\/wp-content\/uploads\/2016\/11\/logo-oenddf.jpg\" \/>\n\t\t<meta property=\"og:image:secure_url\" content=\"https:\/\/europeanobsndfr.org\/wp-content\/uploads\/2016\/11\/logo-oenddf.jpg\" \/>\n\t\t<meta property=\"og:image:width\" content=\"830\" \/>\n\t\t<meta property=\"og:image:height\" content=\"600\" \/>\n\t\t<meta name=\"twitter:card\" content=\"summary\" \/>\n\t\t<meta name=\"twitter:site\" content=\"@europeanobs\" \/>\n\t\t<meta name=\"twitter:title\" content=\"Inclusion de personnes avec un handicap intellectuel ou mental | O.E.N.D.D.F.\" \/>\n\t\t<meta name=\"twitter:description\" content=\"Objectif : en partenariat avec l&#039;Association P.S.O.U.U. en Pologne, favoriser l&#039;inclusion des personnes en situation de handicap intellectuel ou mental.\" \/>\n\t\t<meta name=\"twitter:creator\" content=\"@europeanobs\" \/>\n\t\t<meta name=\"twitter:image\" content=\"https:\/\/europeanobsndfr.org\/wp-content\/uploads\/2016\/11\/logo-oenddf.jpg\" \/>\n\t\t<script type=\"application\/ld+json\" class=\"aioseo-schema\">\n\t\t\t{\"@context\":\"https:\\\/\\\/schema.org\",\"@graph\":[{\"@type\":\"Article\",\"@id\":\"https:\\\/\\\/europeanobsndfr.org\\\/en\\\/actualites-fr\\\/actus-personnes-situation-handicap\\\/inclusion-et-integration-de-personnes-en-situation-de-handicap-intellectuel-ou-mental-en-pologne\\\/#article\",\"name\":\"Inclusion de personnes avec un handicap intellectuel ou mental | O.E.N.D.D.F.\",\"headline\":\"Inclusion et int\\u00e9gration de personnes en situation de handicap intellectuel ou mental. POLOGNE.\",\"author\":{\"@id\":\"https:\\\/\\\/europeanobsndfr.org\\\/en\\\/author\\\/admin\\\/#author\"},\"publisher\":{\"@id\":\"https:\\\/\\\/europeanobsndfr.org\\\/en\\\/#organization\"},\"image\":{\"@type\":\"ImageObject\",\"url\":\"https:\\\/\\\/europeanobsndfr.org\\\/wp-content\\\/uploads\\\/2016\\\/01\\\/VARSOVIE-VILLE-2-300x300.jpg\",\"@id\":\"https:\\\/\\\/europeanobsndfr.org\\\/en\\\/actualites-fr\\\/actus-personnes-situation-handicap\\\/inclusion-et-integration-de-personnes-en-situation-de-handicap-intellectuel-ou-mental-en-pologne\\\/#articleImage\"},\"datePublished\":\"2016-01-09T07:12:12+01:00\",\"dateModified\":\"2016-12-02T21:51:12+01:00\",\"inLanguage\":\"en-GB\",\"mainEntityOfPage\":{\"@id\":\"https:\\\/\\\/europeanobsndfr.org\\\/en\\\/actualites-fr\\\/actus-personnes-situation-handicap\\\/inclusion-et-integration-de-personnes-en-situation-de-handicap-intellectuel-ou-mental-en-pologne\\\/#webpage\"},\"isPartOf\":{\"@id\":\"https:\\\/\\\/europeanobsndfr.org\\\/en\\\/actualites-fr\\\/actus-personnes-situation-handicap\\\/inclusion-et-integration-de-personnes-en-situation-de-handicap-intellectuel-ou-mental-en-pologne\\\/#webpage\"},\"articleSection\":\"Personnes en situation de handicap &amp; inclusion, aide \\u00e0 l'inclusion pour les personnes handicap\\u00e9es, inclusion sociale, personnes en situation de handicap\"},{\"@type\":\"BreadcrumbList\",\"@id\":\"https:\\\/\\\/europeanobsndfr.org\\\/en\\\/actualites-fr\\\/actus-personnes-situation-handicap\\\/inclusion-et-integration-de-personnes-en-situation-de-handicap-intellectuel-ou-mental-en-pologne\\\/#breadcrumblist\",\"itemListElement\":[{\"@type\":\"ListItem\",\"@id\":\"https:\\\/\\\/europeanobsndfr.org\\\/en#listItem\",\"position\":1,\"name\":\"Accueil\",\"item\":\"https:\\\/\\\/europeanobsndfr.org\\\/en\",\"nextItem\":{\"@type\":\"ListItem\",\"@id\":\"https:\\\/\\\/europeanobsndfr.org\\\/en\\\/category\\\/actualites-fr\\\/#listItem\",\"name\":\"Actualit\\u00e9\"}},{\"@type\":\"ListItem\",\"@id\":\"https:\\\/\\\/europeanobsndfr.org\\\/en\\\/category\\\/actualites-fr\\\/#listItem\",\"position\":2,\"name\":\"Actualit\\u00e9\",\"item\":\"https:\\\/\\\/europeanobsndfr.org\\\/en\\\/category\\\/actualites-fr\\\/\",\"nextItem\":{\"@type\":\"ListItem\",\"@id\":\"https:\\\/\\\/europeanobsndfr.org\\\/en\\\/category\\\/actualites-fr\\\/actus-personnes-situation-handicap\\\/#listItem\",\"name\":\"Personnes en situation de handicap &amp; inclusion\"},\"previousItem\":{\"@type\":\"ListItem\",\"@id\":\"https:\\\/\\\/europeanobsndfr.org\\\/en#listItem\",\"name\":\"Accueil\"}},{\"@type\":\"ListItem\",\"@id\":\"https:\\\/\\\/europeanobsndfr.org\\\/en\\\/category\\\/actualites-fr\\\/actus-personnes-situation-handicap\\\/#listItem\",\"position\":3,\"name\":\"Personnes en situation de handicap &amp; inclusion\",\"item\":\"https:\\\/\\\/europeanobsndfr.org\\\/en\\\/category\\\/actualites-fr\\\/actus-personnes-situation-handicap\\\/\",\"nextItem\":{\"@type\":\"ListItem\",\"@id\":\"https:\\\/\\\/europeanobsndfr.org\\\/en\\\/actualites-fr\\\/actus-personnes-situation-handicap\\\/inclusion-et-integration-de-personnes-en-situation-de-handicap-intellectuel-ou-mental-en-pologne\\\/#listItem\",\"name\":\"Inclusion et int\\u00e9gration de personnes en situation de handicap intellectuel ou mental. POLOGNE.\"},\"previousItem\":{\"@type\":\"ListItem\",\"@id\":\"https:\\\/\\\/europeanobsndfr.org\\\/en\\\/category\\\/actualites-fr\\\/#listItem\",\"name\":\"Actualit\\u00e9\"}},{\"@type\":\"ListItem\",\"@id\":\"https:\\\/\\\/europeanobsndfr.org\\\/en\\\/actualites-fr\\\/actus-personnes-situation-handicap\\\/inclusion-et-integration-de-personnes-en-situation-de-handicap-intellectuel-ou-mental-en-pologne\\\/#listItem\",\"position\":4,\"name\":\"Inclusion et int\\u00e9gration de personnes en situation de handicap intellectuel ou mental. POLOGNE.\",\"previousItem\":{\"@type\":\"ListItem\",\"@id\":\"https:\\\/\\\/europeanobsndfr.org\\\/en\\\/category\\\/actualites-fr\\\/actus-personnes-situation-handicap\\\/#listItem\",\"name\":\"Personnes en situation de handicap &amp; inclusion\"}}]},{\"@type\":\"Organization\",\"@id\":\"https:\\\/\\\/europeanobsndfr.org\\\/en\\\/#organization\",\"name\":\"OENDDF\",\"description\":\"Organisation Internationale Non-Gouvernementale\",\"url\":\"https:\\\/\\\/europeanobsndfr.org\\\/en\\\/\",\"logo\":{\"@type\":\"ImageObject\",\"url\":\"https:\\\/\\\/europeanobsndfr.org\\\/wp-content\\\/uploads\\\/2016\\\/11\\\/cropped-logo-oenddf.jpg\",\"@id\":\"https:\\\/\\\/europeanobsndfr.org\\\/en\\\/actualites-fr\\\/actus-personnes-situation-handicap\\\/inclusion-et-integration-de-personnes-en-situation-de-handicap-intellectuel-ou-mental-en-pologne\\\/#organizationLogo\",\"width\":701,\"height\":600,\"caption\":\"Logo OENDDF\"},\"image\":{\"@id\":\"https:\\\/\\\/europeanobsndfr.org\\\/en\\\/actualites-fr\\\/actus-personnes-situation-handicap\\\/inclusion-et-integration-de-personnes-en-situation-de-handicap-intellectuel-ou-mental-en-pologne\\\/#organizationLogo\"},\"sameAs\":[\"https:\\\/\\\/twitter.com\\\/europeanobs\",\"https:\\\/\\\/www.instagram.com\\\/oenddf_ngo\\\/\",\"https:\\\/\\\/www.youtube.com\\\/channel\\\/UCO9vz5fybFw1Q8pvN00CDgA\"]},{\"@type\":\"Person\",\"@id\":\"https:\\\/\\\/europeanobsndfr.org\\\/en\\\/author\\\/admin\\\/#author\",\"url\":\"https:\\\/\\\/europeanobsndfr.org\\\/en\\\/author\\\/admin\\\/\",\"name\":\"OENDDF\",\"image\":{\"@type\":\"ImageObject\",\"@id\":\"https:\\\/\\\/europeanobsndfr.org\\\/en\\\/actualites-fr\\\/actus-personnes-situation-handicap\\\/inclusion-et-integration-de-personnes-en-situation-de-handicap-intellectuel-ou-mental-en-pologne\\\/#authorImage\",\"url\":\"https:\\\/\\\/secure.gravatar.com\\\/avatar\\\/f64bd673bdf1f612f36226606d41703598d9c028a910d72b461acb19a72f63d5?s=96&d=mm&r=g\",\"width\":96,\"height\":96,\"caption\":\"OENDDF\"}},{\"@type\":\"WebPage\",\"@id\":\"https:\\\/\\\/europeanobsndfr.org\\\/en\\\/actualites-fr\\\/actus-personnes-situation-handicap\\\/inclusion-et-integration-de-personnes-en-situation-de-handicap-intellectuel-ou-mental-en-pologne\\\/#webpage\",\"url\":\"https:\\\/\\\/europeanobsndfr.org\\\/en\\\/actualites-fr\\\/actus-personnes-situation-handicap\\\/inclusion-et-integration-de-personnes-en-situation-de-handicap-intellectuel-ou-mental-en-pologne\\\/\",\"name\":\"Inclusion de personnes avec un handicap intellectuel ou mental | O.E.N.D.D.F.\",\"description\":\"Objectif : en partenariat avec l'Association P.S.O.U.U. en Pologne, favoriser l'inclusion des personnes en situation de handicap intellectuel ou mental.\",\"inLanguage\":\"en-GB\",\"isPartOf\":{\"@id\":\"https:\\\/\\\/europeanobsndfr.org\\\/en\\\/#website\"},\"breadcrumb\":{\"@id\":\"https:\\\/\\\/europeanobsndfr.org\\\/en\\\/actualites-fr\\\/actus-personnes-situation-handicap\\\/inclusion-et-integration-de-personnes-en-situation-de-handicap-intellectuel-ou-mental-en-pologne\\\/#breadcrumblist\"},\"author\":{\"@id\":\"https:\\\/\\\/europeanobsndfr.org\\\/en\\\/author\\\/admin\\\/#author\"},\"creator\":{\"@id\":\"https:\\\/\\\/europeanobsndfr.org\\\/en\\\/author\\\/admin\\\/#author\"},\"datePublished\":\"2016-01-09T07:12:12+01:00\",\"dateModified\":\"2016-12-02T21:51:12+01:00\"},{\"@type\":\"WebSite\",\"@id\":\"https:\\\/\\\/europeanobsndfr.org\\\/en\\\/#website\",\"url\":\"https:\\\/\\\/europeanobsndfr.org\\\/en\\\/\",\"name\":\"Observatoire Europ\\u00e9en de la Non-Discrimination et des Droits Fondamentaux\",\"description\":\"Organisation Internationale Non-Gouvernementale\",\"inLanguage\":\"en-GB\",\"publisher\":{\"@id\":\"https:\\\/\\\/europeanobsndfr.org\\\/en\\\/#organization\"}}]}\n\t\t<\/script>\n\t\t<!-- All in One SEO -->\n\n","aioseo_head_json":{"title":"Inclusion de personnes avec un handicap intellectuel ou mental | O.E.N.D.D.F.","description":"Objectif : en partenariat avec l'Association P.S.O.U.U. en Pologne, favoriser l'inclusion des personnes en situation de handicap intellectuel ou mental.","canonical_url":"https:\/\/europeanobsndfr.org\/en\/actualites-fr\/actus-personnes-situation-handicap\/inclusion-et-integration-de-personnes-en-situation-de-handicap-intellectuel-ou-mental-en-pologne\/","robots":"max-snippet:-1, max-image-preview:large, max-video-preview:-1","keywords":"","webmasterTools":{"google-site-verification":"KZsAbCyd-Ww06m2-MlFPa7EphgzWqs90ra8o0LfM_K8","miscellaneous":""},"schema":{"@context":"https:\/\/schema.org","@graph":[{"@type":"Article","@id":"https:\/\/europeanobsndfr.org\/en\/actualites-fr\/actus-personnes-situation-handicap\/inclusion-et-integration-de-personnes-en-situation-de-handicap-intellectuel-ou-mental-en-pologne\/#article","name":"Inclusion de personnes avec un handicap intellectuel ou mental | O.E.N.D.D.F.","headline":"Inclusion et int\u00e9gration de personnes en situation de handicap intellectuel ou mental. POLOGNE.","author":{"@id":"https:\/\/europeanobsndfr.org\/en\/author\/admin\/#author"},"publisher":{"@id":"https:\/\/europeanobsndfr.org\/en\/#organization"},"image":{"@type":"ImageObject","url":"https:\/\/europeanobsndfr.org\/wp-content\/uploads\/2016\/01\/VARSOVIE-VILLE-2-300x300.jpg","@id":"https:\/\/europeanobsndfr.org\/en\/actualites-fr\/actus-personnes-situation-handicap\/inclusion-et-integration-de-personnes-en-situation-de-handicap-intellectuel-ou-mental-en-pologne\/#articleImage"},"datePublished":"2016-01-09T07:12:12+01:00","dateModified":"2016-12-02T21:51:12+01:00","inLanguage":"en-GB","mainEntityOfPage":{"@id":"https:\/\/europeanobsndfr.org\/en\/actualites-fr\/actus-personnes-situation-handicap\/inclusion-et-integration-de-personnes-en-situation-de-handicap-intellectuel-ou-mental-en-pologne\/#webpage"},"isPartOf":{"@id":"https:\/\/europeanobsndfr.org\/en\/actualites-fr\/actus-personnes-situation-handicap\/inclusion-et-integration-de-personnes-en-situation-de-handicap-intellectuel-ou-mental-en-pologne\/#webpage"},"articleSection":"Personnes en situation de handicap &amp; inclusion, aide \u00e0 l'inclusion pour les personnes handicap\u00e9es, inclusion sociale, personnes en situation de handicap"},{"@type":"BreadcrumbList","@id":"https:\/\/europeanobsndfr.org\/en\/actualites-fr\/actus-personnes-situation-handicap\/inclusion-et-integration-de-personnes-en-situation-de-handicap-intellectuel-ou-mental-en-pologne\/#breadcrumblist","itemListElement":[{"@type":"ListItem","@id":"https:\/\/europeanobsndfr.org\/en#listItem","position":1,"name":"Accueil","item":"https:\/\/europeanobsndfr.org\/en","nextItem":{"@type":"ListItem","@id":"https:\/\/europeanobsndfr.org\/en\/category\/actualites-fr\/#listItem","name":"Actualit\u00e9"}},{"@type":"ListItem","@id":"https:\/\/europeanobsndfr.org\/en\/category\/actualites-fr\/#listItem","position":2,"name":"Actualit\u00e9","item":"https:\/\/europeanobsndfr.org\/en\/category\/actualites-fr\/","nextItem":{"@type":"ListItem","@id":"https:\/\/europeanobsndfr.org\/en\/category\/actualites-fr\/actus-personnes-situation-handicap\/#listItem","name":"Personnes en situation de handicap &amp; inclusion"},"previousItem":{"@type":"ListItem","@id":"https:\/\/europeanobsndfr.org\/en#listItem","name":"Accueil"}},{"@type":"ListItem","@id":"https:\/\/europeanobsndfr.org\/en\/category\/actualites-fr\/actus-personnes-situation-handicap\/#listItem","position":3,"name":"Personnes en situation de handicap &amp; inclusion","item":"https:\/\/europeanobsndfr.org\/en\/category\/actualites-fr\/actus-personnes-situation-handicap\/","nextItem":{"@type":"ListItem","@id":"https:\/\/europeanobsndfr.org\/en\/actualites-fr\/actus-personnes-situation-handicap\/inclusion-et-integration-de-personnes-en-situation-de-handicap-intellectuel-ou-mental-en-pologne\/#listItem","name":"Inclusion et int\u00e9gration de personnes en situation de handicap intellectuel ou mental. POLOGNE."},"previousItem":{"@type":"ListItem","@id":"https:\/\/europeanobsndfr.org\/en\/category\/actualites-fr\/#listItem","name":"Actualit\u00e9"}},{"@type":"ListItem","@id":"https:\/\/europeanobsndfr.org\/en\/actualites-fr\/actus-personnes-situation-handicap\/inclusion-et-integration-de-personnes-en-situation-de-handicap-intellectuel-ou-mental-en-pologne\/#listItem","position":4,"name":"Inclusion et int\u00e9gration de personnes en situation de handicap intellectuel ou mental. POLOGNE.","previousItem":{"@type":"ListItem","@id":"https:\/\/europeanobsndfr.org\/en\/category\/actualites-fr\/actus-personnes-situation-handicap\/#listItem","name":"Personnes en situation de handicap &amp; inclusion"}}]},{"@type":"Organization","@id":"https:\/\/europeanobsndfr.org\/en\/#organization","name":"OENDDF","description":"Organisation Internationale Non-Gouvernementale","url":"https:\/\/europeanobsndfr.org\/en\/","logo":{"@type":"ImageObject","url":"https:\/\/europeanobsndfr.org\/wp-content\/uploads\/2016\/11\/cropped-logo-oenddf.jpg","@id":"https:\/\/europeanobsndfr.org\/en\/actualites-fr\/actus-personnes-situation-handicap\/inclusion-et-integration-de-personnes-en-situation-de-handicap-intellectuel-ou-mental-en-pologne\/#organizationLogo","width":701,"height":600,"caption":"Logo OENDDF"},"image":{"@id":"https:\/\/europeanobsndfr.org\/en\/actualites-fr\/actus-personnes-situation-handicap\/inclusion-et-integration-de-personnes-en-situation-de-handicap-intellectuel-ou-mental-en-pologne\/#organizationLogo"},"sameAs":["https:\/\/twitter.com\/europeanobs","https:\/\/www.instagram.com\/oenddf_ngo\/","https:\/\/www.youtube.com\/channel\/UCO9vz5fybFw1Q8pvN00CDgA"]},{"@type":"Person","@id":"https:\/\/europeanobsndfr.org\/en\/author\/admin\/#author","url":"https:\/\/europeanobsndfr.org\/en\/author\/admin\/","name":"OENDDF","image":{"@type":"ImageObject","@id":"https:\/\/europeanobsndfr.org\/en\/actualites-fr\/actus-personnes-situation-handicap\/inclusion-et-integration-de-personnes-en-situation-de-handicap-intellectuel-ou-mental-en-pologne\/#authorImage","url":"https:\/\/secure.gravatar.com\/avatar\/f64bd673bdf1f612f36226606d41703598d9c028a910d72b461acb19a72f63d5?s=96&d=mm&r=g","width":96,"height":96,"caption":"OENDDF"}},{"@type":"WebPage","@id":"https:\/\/europeanobsndfr.org\/en\/actualites-fr\/actus-personnes-situation-handicap\/inclusion-et-integration-de-personnes-en-situation-de-handicap-intellectuel-ou-mental-en-pologne\/#webpage","url":"https:\/\/europeanobsndfr.org\/en\/actualites-fr\/actus-personnes-situation-handicap\/inclusion-et-integration-de-personnes-en-situation-de-handicap-intellectuel-ou-mental-en-pologne\/","name":"Inclusion de personnes avec un handicap intellectuel ou mental | O.E.N.D.D.F.","description":"Objectif : en partenariat avec l'Association P.S.O.U.U. en Pologne, favoriser l'inclusion des personnes en situation de handicap intellectuel ou mental.","inLanguage":"en-GB","isPartOf":{"@id":"https:\/\/europeanobsndfr.org\/en\/#website"},"breadcrumb":{"@id":"https:\/\/europeanobsndfr.org\/en\/actualites-fr\/actus-personnes-situation-handicap\/inclusion-et-integration-de-personnes-en-situation-de-handicap-intellectuel-ou-mental-en-pologne\/#breadcrumblist"},"author":{"@id":"https:\/\/europeanobsndfr.org\/en\/author\/admin\/#author"},"creator":{"@id":"https:\/\/europeanobsndfr.org\/en\/author\/admin\/#author"},"datePublished":"2016-01-09T07:12:12+01:00","dateModified":"2016-12-02T21:51:12+01:00"},{"@type":"WebSite","@id":"https:\/\/europeanobsndfr.org\/en\/#website","url":"https:\/\/europeanobsndfr.org\/en\/","name":"Observatoire Europ\u00e9en de la Non-Discrimination et des Droits Fondamentaux","description":"Organisation Internationale Non-Gouvernementale","inLanguage":"en-GB","publisher":{"@id":"https:\/\/europeanobsndfr.org\/en\/#organization"}}]},"og:locale":"en_GB","og:site_name":"Observatoire Europ\u00e9en de la Non-Discrimination et des Droits Fondamentaux","og:type":"non_profit","og:title":"Inclusion de personnes avec un handicap intellectuel ou mental | O.E.N.D.D.F.","og:description":"Objectif : en partenariat avec l'Association P.S.O.U.U. en Pologne, favoriser l'inclusion des personnes en situation de handicap intellectuel ou mental.","og:url":"https:\/\/europeanobsndfr.org\/en\/actualites-fr\/actus-personnes-situation-handicap\/inclusion-et-integration-de-personnes-en-situation-de-handicap-intellectuel-ou-mental-en-pologne\/","og:image":"https:\/\/europeanobsndfr.org\/wp-content\/uploads\/2016\/11\/logo-oenddf.jpg","og:image:secure_url":"https:\/\/europeanobsndfr.org\/wp-content\/uploads\/2016\/11\/logo-oenddf.jpg","og:image:width":830,"og:image:height":600,"twitter:card":"summary","twitter:site":"@europeanobs","twitter:title":"Inclusion de personnes avec un handicap intellectuel ou mental | O.E.N.D.D.F.","twitter:description":"Objectif : en partenariat avec l'Association P.S.O.U.U. en Pologne, favoriser l'inclusion des personnes en situation de handicap intellectuel ou mental.","twitter:creator":"@europeanobs","twitter:image":"https:\/\/europeanobsndfr.org\/wp-content\/uploads\/2016\/11\/logo-oenddf.jpg"},"aioseo_meta_data":{"post_id":"4664","title":"Inclusion de personnes avec un handicap intellectuel ou mental | O.E.N.D.D.F.","description":"Objectif : en partenariat avec l'Association P.S.O.U.U. en Pologne, favoriser l'inclusion des personnes en situation de handicap intellectuel ou mental.","keywords":null,"keyphrases":null,"primary_term":null,"canonical_url":null,"og_title":"","og_description":"","og_object_type":"non_profit","og_image_type":"default","og_image_url":null,"og_image_width":null,"og_image_height":null,"og_image_custom_url":null,"og_image_custom_fields":null,"og_video":"","og_custom_url":null,"og_article_section":"","og_article_tags":"","twitter_use_og":false,"twitter_card":"summary","twitter_image_type":"default","twitter_image_url":null,"twitter_image_custom_url":null,"twitter_image_custom_fields":null,"twitter_title":null,"twitter_description":null,"schema":{"blockGraphs":[],"customGraphs":[],"default":{"data":{"Article":[],"Course":[],"Dataset":[],"FAQPage":[],"Movie":[],"Person":[],"Product":[],"ProductReview":[],"Car":[],"Recipe":[],"Service":[],"SoftwareApplication":[],"WebPage":[]},"graphName":"","isEnabled":true},"graphs":[],"defaultGraph":"","defaultPostTypeGraph":""},"schema_type":null,"schema_type_options":null,"pillar_content":false,"robots_default":true,"robots_noindex":false,"robots_noarchive":false,"robots_nosnippet":false,"robots_nofollow":false,"robots_noimageindex":false,"robots_noodp":false,"robots_notranslate":false,"robots_max_snippet":null,"robots_max_videopreview":null,"robots_max_imagepreview":"large","priority":null,"frequency":null,"local_seo":null,"breadcrumb_settings":null,"limit_modified_date":false,"ai":null,"created":"2021-01-22 17:48:59","updated":"2025-08-01 08:46:15","focus_keyword":null,"additional_keywords":null,"truseo_locale":null,"seo_analyzer_scan_date":null},"jetpack_featured_media_url":"","jetpack-related-posts":[],"jetpack_sharing_enabled":true,"_links":{"self":[{"href":"https:\/\/europeanobsndfr.org\/en\/wp-json\/wp\/v2\/posts\/4664","targetHints":{"allow":["GET"]}}],"collection":[{"href":"https:\/\/europeanobsndfr.org\/en\/wp-json\/wp\/v2\/posts"}],"about":[{"href":"https:\/\/europeanobsndfr.org\/en\/wp-json\/wp\/v2\/types\/post"}],"author":[{"embeddable":true,"href":"https:\/\/europeanobsndfr.org\/en\/wp-json\/wp\/v2\/users\/1"}],"replies":[{"embeddable":true,"href":"https:\/\/europeanobsndfr.org\/en\/wp-json\/wp\/v2\/comments?post=4664"}],"version-history":[{"count":0,"href":"https:\/\/europeanobsndfr.org\/en\/wp-json\/wp\/v2\/posts\/4664\/revisions"}],"wp:attachment":[{"href":"https:\/\/europeanobsndfr.org\/en\/wp-json\/wp\/v2\/media?parent=4664"}],"wp:term":[{"taxonomy":"category","embeddable":true,"href":"https:\/\/europeanobsndfr.org\/en\/wp-json\/wp\/v2\/categories?post=4664"},{"taxonomy":"post_tag","embeddable":true,"href":"https:\/\/europeanobsndfr.org\/en\/wp-json\/wp\/v2\/tags?post=4664"}],"curies":[{"name":"wp","href":"https:\/\/api.w.org\/{rel}","templated":true}]}}