{"id":5115,"date":"2016-07-12T18:31:44","date_gmt":"2016-07-12T18:31:44","guid":{"rendered":"https:\/\/europeanobsndfr.org\/actualites-fr\/asylum-migration-and-borders\/housing-action-of-a-homeless-person-in-a-flat-in-the-private-housing-stock-nantes-and-rennes-france-2\/"},"modified":"2016-12-02T14:40:39","modified_gmt":"2016-12-02T14:40:39","slug":"actions-logement-personnes-sans-abri-dans-appartements-parc-locatif-prive-nantes","status":"publish","type":"post","link":"https:\/\/europeanobsndfr.org\/en\/actualites-fr\/combat-contre-pauvrete\/actions-logement-personnes-sans-abri-dans-appartements-parc-locatif-prive-nantes\/","title":{"rendered":"Actions de logement de personnes sans-abri dans des appartements du parc locatif immobilier priv\u00e9, NANTES &#8211; FRANCE."},"content":{"rendered":"<p style=\"text-align: justify;\"><strong><span style=\"text-decoration: underline;\"><span class=\"Apple-style-span\">Objectif\u00a0:<\/span><\/span><span class=\"Apple-style-span\">\u00a0Favoriser l\u2019int\u00e9gration de personnes sans-abri dans des appartements du parc locatif immobilier priv\u00e9 et promouvoir leur int\u00e9gration sociale.\u00a0<\/span><\/strong><\/p>\n<p style=\"text-align: justify;\"><span style=\"text-decoration: underline;\"><strong>Lieu de l&rsquo;action<\/strong><strong>\u00a0:<\/strong><\/span><strong>\u00a0CENTRE VILLE de\u00a0NANTES\u00a0(Rue de Budapest)<\/strong><strong>, FRANCE.<\/strong><\/p>\n<p style=\"text-align: justify;\"><span style=\"text-decoration: underline;\"><strong>Moyens d&rsquo;action :<\/strong><\/span><\/p>\n<p style=\"text-align: justify;\"><span style=\"text-decoration: underline;\"><strong>F\u00e9vrier-Juillet 2016\u00a0<\/strong><strong>:<\/strong><\/span>\u00a0D<span class=\"Apple-style-span\">\u00e9placement et intervention d\u2019une de nos \u00e9quipes de b\u00e9n\u00e9voles, de notre Association, en vue\u00a0de trouver des h\u00e9bergements d&rsquo;urgence, pour des personnes sans-abri, dans des chambres d&rsquo;h\u00f4tel acceptant les personnes sans-abri sans revenu professionnel et avec leur chien. <\/span><\/p>\n<p style=\"text-align: justify;\"><span class=\"Apple-style-span\"><strong>Action de relogement sp\u00e9cifique d&rsquo;une personne sans-abri, Steve<\/strong>, \u00e2g\u00e9 de 35 ans,\u00a0et de sa chienne \u00ab\u00a0Star\u00a0\u00bb, dans un appartement <strong>du parc locatif immobilier priv\u00e9 de\u00a0<\/strong><\/span>NANTES, FRANCE, et\u00a0<strong>\u00e9quipement de cet appartement<\/strong> avec des appareils et des accessoires de cuisines neufs, un canap\u00e9 clic-clac, un r\u00e9frig\u00e9rateur neuf et des petits meubles meublants.<\/p>\n<p style=\"text-align: justify;\">Courte dur\u00e9e de l&rsquo;action de relogement de cette personne sans-abri par notre \u00e9quipe sp\u00e9cialis\u00e9e : <span style=\"color: #0000ff;\"><strong>seulement 15 jours !<\/strong><\/span><\/p>\n<p style=\"text-align: justify;\">Expertise approfondie de notre Association dans le domaine du relogement des personnes sans-abri.<\/p>\n<p style=\"text-align: justify;\"><b><u><span class=\"Apple-style-span\"><strong>Domaine d\u2019intervention vis\u00e9 par\u00a0la Commission Europ\u00e9enne\u00a0<\/strong><\/span><span class=\"Apple-style-span\"><strong>:<\/strong><\/span><span class=\"Apple-style-span\"><strong>\u00a0Strat\u00e9gie Europe 2020.\u00a0<\/strong><a href=\"http:\/\/ec.europa.eu\/social\/main.jsp?catId=961&amp;langId=en\"><strong>Plateforme europ\u00e9enne contre la Pauvret\u00e9 et l\u2019Exclusion sociale<\/strong><\/a><strong>.<\/strong><\/span><\/u><\/b><\/p>\n<p>[av_content_slider heading=\u00a0\u00bb columns=&rsquo;2&prime; animation=&rsquo;slide&rsquo; navigation=&rsquo;arrows&rsquo; autoplay=&rsquo;true&rsquo; interval=&rsquo;4&prime; font_color=\u00a0\u00bb color=\u00a0\u00bb]<\/p>\n<p>[av_content_slide title=&rsquo;Ga\u00ebtan explique comment reloger les personnes sans-abri.&rsquo; link=\u00a0\u00bb linktarget=\u00a0\u00bb]<br \/>\n<a href=\"https:\/\/europeanobsndfr.org\/wp-content\/uploads\/2016\/03\/Ga\u00ebtan-explique-comment-reloger-les-personne-sans-abri.jpg\" rel=\"attachment wp-att-5101\"><img loading=\"lazy\" decoding=\"async\" class=\"aligncenter size-medium wp-image-5101\" src=\"https:\/\/europeanobsndfr.org\/wp-content\/uploads\/2016\/03\/Ga\u00ebtan-explique-comment-reloger-les-personne-sans-abri-225x300.jpg\" alt=\"Ga\u00ebtan explique comment reloger les personne sans-abri\" width=\"225\" height=\"300\" srcset=\"https:\/\/europeanobsndfr.org\/wp-content\/uploads\/2016\/03\/Ga\u00ebtan-explique-comment-reloger-les-personne-sans-abri-225x300.jpg 225w, https:\/\/europeanobsndfr.org\/wp-content\/uploads\/2016\/03\/Ga\u00ebtan-explique-comment-reloger-les-personne-sans-abri.jpg 768w, https:\/\/europeanobsndfr.org\/wp-content\/uploads\/2016\/03\/Ga\u00ebtan-explique-comment-reloger-les-personne-sans-abri-529x705.jpg 529w\" sizes=\"auto, (max-width: 225px) 100vw, 225px\" \/><\/a><br \/>\n[\/av_content_slide]<br \/>\n[av_content_slide title=&rsquo;Le contact et la confiance avec Steve ont \u00e9t\u00e9 \u00e9tablis par l\u2018achat d\u2019une paire de chaussures neuves&rsquo; link=\u00a0\u00bb linktarget=\u00a0\u00bb]<br \/>\n<a href=\"https:\/\/europeanobsndfr.org\/wp-content\/uploads\/2016\/03\/STEVE-contact-par-lachat-dune-paire-de-chaussures-fun.jpg\" rel=\"attachment wp-att-5105\"><img loading=\"lazy\" decoding=\"async\" class=\"aligncenter size-medium wp-image-5105\" src=\"https:\/\/europeanobsndfr.org\/wp-content\/uploads\/2016\/03\/STEVE-contact-par-lachat-dune-paire-de-chaussures-fun-225x300.jpg\" alt=\"STEVE contact par l'achat d'une paire de chaussures fun\" width=\"225\" height=\"300\" srcset=\"https:\/\/europeanobsndfr.org\/wp-content\/uploads\/2016\/03\/STEVE-contact-par-lachat-dune-paire-de-chaussures-fun-225x300.jpg 225w, https:\/\/europeanobsndfr.org\/wp-content\/uploads\/2016\/03\/STEVE-contact-par-lachat-dune-paire-de-chaussures-fun.jpg 768w, https:\/\/europeanobsndfr.org\/wp-content\/uploads\/2016\/03\/STEVE-contact-par-lachat-dune-paire-de-chaussures-fun-529x705.jpg 529w\" sizes=\"auto, (max-width: 225px) 100vw, 225px\" \/><\/a><br \/>\n[\/av_content_slide]<\/p>\n<p>[av_content_slide title=&rsquo;Apprivoiser et g\u00e9rer le chien de Steve est un signe de confiance.&rsquo; link=\u00a0\u00bb linktarget=\u00a0\u00bb]<br \/>\n<a href=\"https:\/\/europeanobsndfr.org\/wp-content\/uploads\/2016\/03\/Didier-garde-la-chienne-de-Steve.jpg\" rel=\"attachment wp-att-5099\"><img loading=\"lazy\" decoding=\"async\" class=\"aligncenter size-medium wp-image-5099\" src=\"https:\/\/europeanobsndfr.org\/wp-content\/uploads\/2016\/03\/Didier-garde-la-chienne-de-Steve-225x300.jpg\" alt=\"Didier garde la chienne de Steve\" width=\"225\" height=\"300\" srcset=\"https:\/\/europeanobsndfr.org\/wp-content\/uploads\/2016\/03\/Didier-garde-la-chienne-de-Steve-225x300.jpg 225w, https:\/\/europeanobsndfr.org\/wp-content\/uploads\/2016\/03\/Didier-garde-la-chienne-de-Steve.jpg 768w, https:\/\/europeanobsndfr.org\/wp-content\/uploads\/2016\/03\/Didier-garde-la-chienne-de-Steve-529x705.jpg 529w\" sizes=\"auto, (max-width: 225px) 100vw, 225px\" \/><\/a><br \/>\n[\/av_content_slide]<br \/>\n[av_content_slide title=&rsquo;Apprivoiser et g\u00e9rer le chien de Steve est un signe de confiance.&rsquo; link=\u00a0\u00bb linktarget=\u00a0\u00bb]<br \/>\n<a href=\"https:\/\/europeanobsndfr.org\/wp-content\/uploads\/2016\/03\/Des-os-en-peau-de-buffle-pour-la-chienne-de-Steve.jpg\" rel=\"attachment wp-att-5098\"><img loading=\"lazy\" decoding=\"async\" class=\"aligncenter size-medium wp-image-5098\" src=\"https:\/\/europeanobsndfr.org\/wp-content\/uploads\/2016\/03\/Des-os-en-peau-de-buffle-pour-la-chienne-de-Steve-225x300.jpg\" alt=\"Des os en peau de buffle pour la chienne de Steve\" width=\"225\" height=\"300\" srcset=\"https:\/\/europeanobsndfr.org\/wp-content\/uploads\/2016\/03\/Des-os-en-peau-de-buffle-pour-la-chienne-de-Steve-225x300.jpg 225w, https:\/\/europeanobsndfr.org\/wp-content\/uploads\/2016\/03\/Des-os-en-peau-de-buffle-pour-la-chienne-de-Steve.jpg 768w, https:\/\/europeanobsndfr.org\/wp-content\/uploads\/2016\/03\/Des-os-en-peau-de-buffle-pour-la-chienne-de-Steve-529x705.jpg 529w\" sizes=\"auto, (max-width: 225px) 100vw, 225px\" \/><\/a><br \/>\n[\/av_content_slide]<br \/>\n[av_content_slide title=&rsquo;Apprivoiser et g\u00e9rer le chien de Steve est un signe de confiance.&rsquo; link=\u00a0\u00bb linktarget=\u00a0\u00bb]<br \/>\n<a href=\"https:\/\/europeanobsndfr.org\/wp-content\/uploads\/2016\/03\/La-chienne-de-Steve.jpg\" rel=\"attachment wp-att-5104\"><img loading=\"lazy\" decoding=\"async\" class=\"aligncenter size-medium wp-image-5104\" src=\"https:\/\/europeanobsndfr.org\/wp-content\/uploads\/2016\/03\/La-chienne-de-Steve-225x300.jpg\" alt=\"La chienne de Steve\" width=\"225\" height=\"300\" srcset=\"https:\/\/europeanobsndfr.org\/wp-content\/uploads\/2016\/03\/La-chienne-de-Steve-225x300.jpg 225w, https:\/\/europeanobsndfr.org\/wp-content\/uploads\/2016\/03\/La-chienne-de-Steve.jpg 768w, https:\/\/europeanobsndfr.org\/wp-content\/uploads\/2016\/03\/La-chienne-de-Steve-529x705.jpg 529w\" sizes=\"auto, (max-width: 225px) 100vw, 225px\" \/><\/a><br \/>\n[\/av_content_slide]<br \/>\n[av_content_slide title=&rsquo;Apprivoiser et g\u00e9rer le chien de Steve est un signe de confiance.&rsquo; link=\u00a0\u00bb linktarget=\u00a0\u00bb]<br \/>\n<a href=\"https:\/\/europeanobsndfr.org\/wp-content\/uploads\/2016\/03\/Tumtum-garde-la-chienne-de-Steve.jpg\" rel=\"attachment wp-att-5109\"><img loading=\"lazy\" decoding=\"async\" class=\"aligncenter size-medium wp-image-5109\" src=\"https:\/\/europeanobsndfr.org\/wp-content\/uploads\/2016\/03\/Tumtum-garde-la-chienne-de-Steve-225x300.jpg\" alt=\"Tumtum garde la chienne de Steve\" width=\"225\" height=\"300\" srcset=\"https:\/\/europeanobsndfr.org\/wp-content\/uploads\/2016\/03\/Tumtum-garde-la-chienne-de-Steve-225x300.jpg 225w, https:\/\/europeanobsndfr.org\/wp-content\/uploads\/2016\/03\/Tumtum-garde-la-chienne-de-Steve.jpg 768w, https:\/\/europeanobsndfr.org\/wp-content\/uploads\/2016\/03\/Tumtum-garde-la-chienne-de-Steve-529x705.jpg 529w\" sizes=\"auto, (max-width: 225px) 100vw, 225px\" \/><\/a><br \/>\n[\/av_content_slide]<br \/>\n[av_content_slide title=&rsquo;A l\u2018h\u00f4tel, Steve, sa chienne et Tumtum, membre de l\u2019Association.&rsquo; link=\u00a0\u00bb linktarget=\u00a0\u00bb]<br \/>\n<a href=\"https:\/\/europeanobsndfr.org\/wp-content\/uploads\/2016\/03\/STEVE-en-h\u00e9bergement-durgence.jpg\" rel=\"attachment wp-att-5106\"><img loading=\"lazy\" decoding=\"async\" class=\"aligncenter size-medium wp-image-5106\" src=\"https:\/\/europeanobsndfr.org\/wp-content\/uploads\/2016\/03\/STEVE-en-h\u00e9bergement-durgence-225x300.jpg\" alt=\"STEVE en h\u00e9bergement d'urgence\" width=\"225\" height=\"300\" srcset=\"https:\/\/europeanobsndfr.org\/wp-content\/uploads\/2016\/03\/STEVE-en-h\u00e9bergement-durgence-225x300.jpg 225w, https:\/\/europeanobsndfr.org\/wp-content\/uploads\/2016\/03\/STEVE-en-h\u00e9bergement-durgence.jpg 768w, https:\/\/europeanobsndfr.org\/wp-content\/uploads\/2016\/03\/STEVE-en-h\u00e9bergement-durgence-529x705.jpg 529w\" sizes=\"auto, (max-width: 225px) 100vw, 225px\" \/><\/a><br \/>\n[\/av_content_slide]<br \/>\n[av_content_slide title=&rsquo;A l\u2019h\u00f4tel, Steve et sa chienne sont en s\u00e9curit\u00e9. &lsquo; link=\u00a0\u00bb linktarget=\u00a0\u00bb]<br \/>\n<a href=\"https:\/\/europeanobsndfr.org\/wp-content\/uploads\/2016\/03\/Steve-et-sa-chienne-\u00e0-lH\u00f4tel.jpg\" rel=\"attachment wp-att-5107\"><img loading=\"lazy\" decoding=\"async\" class=\"aligncenter size-medium wp-image-5107\" src=\"https:\/\/europeanobsndfr.org\/wp-content\/uploads\/2016\/03\/Steve-et-sa-chienne-\u00e0-lH\u00f4tel-225x300.jpg\" alt=\"Steve et sa chienne \u00e0 l'H\u00f4tel\" width=\"225\" height=\"300\" srcset=\"https:\/\/europeanobsndfr.org\/wp-content\/uploads\/2016\/03\/Steve-et-sa-chienne-\u00e0-lH\u00f4tel-225x300.jpg 225w, https:\/\/europeanobsndfr.org\/wp-content\/uploads\/2016\/03\/Steve-et-sa-chienne-\u00e0-lH\u00f4tel.jpg 768w, https:\/\/europeanobsndfr.org\/wp-content\/uploads\/2016\/03\/Steve-et-sa-chienne-\u00e0-lH\u00f4tel-529x705.jpg 529w\" sizes=\"auto, (max-width: 225px) 100vw, 225px\" \/><\/a><br \/>\n[\/av_content_slide]<br \/>\n[av_content_slide title=&rsquo;Action de relogement r\u00e9ussie ! &lsquo; link=\u00a0\u00bb linktarget=\u00a0\u00bb]<br \/>\n<a href=\"https:\/\/europeanobsndfr.org\/wp-content\/uploads\/2016\/03\/Action-relogement-Steve-achev\u00e9e-Cour.jpg\" rel=\"attachment wp-att-5092\"><img loading=\"lazy\" decoding=\"async\" class=\"aligncenter size-medium wp-image-5092\" src=\"https:\/\/europeanobsndfr.org\/wp-content\/uploads\/2016\/03\/Action-relogement-Steve-achev\u00e9e-Cour-225x300.jpg\" alt=\"Action relogement Steve achev\u00e9e - Cour\" width=\"225\" height=\"300\" srcset=\"https:\/\/europeanobsndfr.org\/wp-content\/uploads\/2016\/03\/Action-relogement-Steve-achev\u00e9e-Cour-225x300.jpg 225w, https:\/\/europeanobsndfr.org\/wp-content\/uploads\/2016\/03\/Action-relogement-Steve-achev\u00e9e-Cour.jpg 768w, https:\/\/europeanobsndfr.org\/wp-content\/uploads\/2016\/03\/Action-relogement-Steve-achev\u00e9e-Cour-529x705.jpg 529w\" sizes=\"auto, (max-width: 225px) 100vw, 225px\" \/><\/a><br \/>\n[\/av_content_slide]<br \/>\n[av_content_slide title=&rsquo;Action de relogement r\u00e9ussie ! &lsquo; link=\u00a0\u00bb linktarget=\u00a0\u00bb]<br \/>\n<a href=\"https:\/\/europeanobsndfr.org\/wp-content\/uploads\/2016\/03\/Appartement-de-Steve-Int\u00e9rieur.jpg\" rel=\"attachment wp-att-5095\"><img loading=\"lazy\" decoding=\"async\" class=\"aligncenter size-medium wp-image-5095\" src=\"https:\/\/europeanobsndfr.org\/wp-content\/uploads\/2016\/03\/Appartement-de-Steve-Int\u00e9rieur-225x300.jpg\" alt=\"Appartement de Steve - Int\u00e9rieur\" width=\"225\" height=\"300\" srcset=\"https:\/\/europeanobsndfr.org\/wp-content\/uploads\/2016\/03\/Appartement-de-Steve-Int\u00e9rieur-225x300.jpg 225w, https:\/\/europeanobsndfr.org\/wp-content\/uploads\/2016\/03\/Appartement-de-Steve-Int\u00e9rieur.jpg 768w, https:\/\/europeanobsndfr.org\/wp-content\/uploads\/2016\/03\/Appartement-de-Steve-Int\u00e9rieur-529x705.jpg 529w\" sizes=\"auto, (max-width: 225px) 100vw, 225px\" \/><\/a><br \/>\n[\/av_content_slide]<br \/>\n[av_content_slide title=&rsquo;Action de relogement r\u00e9ussie !&rsquo; link=\u00a0\u00bb linktarget=\u00a0\u00bb]<br \/>\n<a href=\"https:\/\/europeanobsndfr.org\/wp-content\/uploads\/2016\/03\/Hall-dimmeuble-Zara-croquettes-pour-chien.jpg\" rel=\"attachment wp-att-5103\"><img loading=\"lazy\" decoding=\"async\" class=\"aligncenter size-medium wp-image-5103\" src=\"https:\/\/europeanobsndfr.org\/wp-content\/uploads\/2016\/03\/Hall-dimmeuble-Zara-croquettes-pour-chien-225x300.jpg\" alt=\"Hall d'immeuble Zara - croquettes pour chien\" width=\"225\" height=\"300\" srcset=\"https:\/\/europeanobsndfr.org\/wp-content\/uploads\/2016\/03\/Hall-dimmeuble-Zara-croquettes-pour-chien-225x300.jpg 225w, https:\/\/europeanobsndfr.org\/wp-content\/uploads\/2016\/03\/Hall-dimmeuble-Zara-croquettes-pour-chien.jpg 768w, https:\/\/europeanobsndfr.org\/wp-content\/uploads\/2016\/03\/Hall-dimmeuble-Zara-croquettes-pour-chien-529x705.jpg 529w\" sizes=\"auto, (max-width: 225px) 100vw, 225px\" \/><\/a><br \/>\n[\/av_content_slide]<br \/>\n[\/av_content_slider]<\/p>\n","protected":false},"excerpt":{"rendered":"<p>Objectif\u00a0:\u00a0Favoriser l\u2019int\u00e9gration de personnes sans-abri dans des appartements du parc locatif immobilier priv\u00e9 et promouvoir leur int\u00e9gration sociale.\u00a0 Lieu de l&rsquo;action\u00a0:\u00a0CENTRE VILLE de\u00a0NANTES\u00a0(Rue de Budapest), FRANCE. Moyens d&rsquo;action : F\u00e9vrier-Juillet 2016\u00a0:\u00a0D\u00e9placement et intervention d\u2019une de nos \u00e9quipes de b\u00e9n\u00e9voles, de notre Association, en vue\u00a0de trouver des h\u00e9bergements d&rsquo;urgence, pour des personnes sans-abri, dans des chambres&#8230;<\/p>","protected":false},"author":1,"featured_media":0,"comment_status":"closed","ping_status":"closed","sticky":false,"template":"","format":"standard","meta":{"give_campaign_id":0,"_kadence_starter_templates_imported_post":false,"_kad_post_transparent":"","_kad_post_title":"","_kad_post_layout":"","_kad_post_sidebar_id":"","_kad_post_content_style":"","_kad_post_vertical_padding":"","_kad_post_feature":"","_kad_post_feature_position":"","_kad_post_header":false,"_kad_post_footer":false,"_kad_post_classname":"","_jetpack_memberships_contains_paid_content":false,"footnotes":""},"categories":[44],"tags":[235,252,233,232,253,208,210,209],"class_list":["post-5115","post","type-post","status-publish","format-standard","hentry","category-combat-contre-pauvrete","tag-action-de-relogement","tag-aide-aux-sans-abris","tag-aide-humaine","tag-aide-materielle","tag-integration-des-minorites","tag-logement","tag-personnes-en-situation-de-grande-precarite","tag-relogement"],"aioseo_notices":[],"jetpack_featured_media_url":"","jetpack-related-posts":[],"jetpack_sharing_enabled":true,"_links":{"self":[{"href":"https:\/\/europeanobsndfr.org\/en\/wp-json\/wp\/v2\/posts\/5115","targetHints":{"allow":["GET"]}}],"collection":[{"href":"https:\/\/europeanobsndfr.org\/en\/wp-json\/wp\/v2\/posts"}],"about":[{"href":"https:\/\/europeanobsndfr.org\/en\/wp-json\/wp\/v2\/types\/post"}],"author":[{"embeddable":true,"href":"https:\/\/europeanobsndfr.org\/en\/wp-json\/wp\/v2\/users\/1"}],"replies":[{"embeddable":true,"href":"https:\/\/europeanobsndfr.org\/en\/wp-json\/wp\/v2\/comments?post=5115"}],"version-history":[{"count":0,"href":"https:\/\/europeanobsndfr.org\/en\/wp-json\/wp\/v2\/posts\/5115\/revisions"}],"wp:attachment":[{"href":"https:\/\/europeanobsndfr.org\/en\/wp-json\/wp\/v2\/media?parent=5115"}],"wp:term":[{"taxonomy":"category","embeddable":true,"href":"https:\/\/europeanobsndfr.org\/en\/wp-json\/wp\/v2\/categories?post=5115"},{"taxonomy":"post_tag","embeddable":true,"href":"https:\/\/europeanobsndfr.org\/en\/wp-json\/wp\/v2\/tags?post=5115"}],"curies":[{"name":"wp","href":"https:\/\/api.w.org\/{rel}","templated":true}]}}