{"id":5430,"date":"2016-05-01T09:05:23","date_gmt":"2016-05-01T09:05:23","guid":{"rendered":"https:\/\/europeanobsndfr.org\/actualites-fr\/asylum-migration-and-borders\/free-distribution-operation-of-meals-to-homeless-persons-marseille-france-2\/"},"modified":"2016-12-02T21:31:41","modified_gmt":"2016-12-02T21:31:41","slug":"operations-distribution-gratuite-de-repas-et-veilles-sociales-aupres-personnes-sans-abri-a-nantes-et-angers","status":"publish","type":"post","link":"https:\/\/europeanobsndfr.org\/en\/actualites-fr\/combat-contre-pauvrete\/operations-distribution-gratuite-de-repas-et-veilles-sociales-aupres-personnes-sans-abri-a-nantes-et-angers\/","title":{"rendered":"Op\u00e9rations de distribution gratuite de repas et veilles sociales aupr\u00e8s de personnes sans-abri \u2013 NANTES et ANGERS (FRANCE)"},"content":{"rendered":"<p style=\"text-align: justify;\"><strong><span class=\"Apple-style-span\"><span style=\"text-decoration: underline;\">Objectif\u00a0:\u00a0<\/span>Favoriser l\u2019int\u00e9gration de personnes sans-abri par des\u00a0distributions gratuites de repas et une veille sociale<\/span>. Restaurer la dignit\u00e9 humaine des personnes sans-abri.<\/strong><\/p>\n<p style=\"text-align: justify;\"><span style=\"text-decoration: underline;\"><strong>Lieu de l\u2019action\u00a0<\/strong>:<\/span><strong>\u00a0Centres villes de NANTES (44) et ANGERS (49),\u00a0FRANCE.<\/strong><\/p>\n<p style=\"text-align: justify;\"><span style=\"text-decoration: underline;\"><strong>Moyens d\u2019actions :\u00a0<\/strong><\/span><\/p>\n<p style=\"text-align: justify;\"><span style=\"color: #000000;\"><span style=\"text-decoration: underline;\"><strong>F\u00e9vrier-Mars 2016\u00a0<\/strong><strong>:<\/strong><\/span>\u00a0Nous avons assur\u00e9\u00a0<span class=\"Apple-style-span\">\u00a0des veilles sociales dans le cadre\u00a0de<b class=\"b5\"> maraudes de rue de jour et de nuit<\/b><b class=\"b4\">,\u00a0<\/b><strong>de\u00a0missions dans les squats, <\/strong>et nous avons proc\u00e9d\u00e9 \u00e0\u00a0<\/span><span class=\"Apple-style-span\">des\u00a0<strong>op\u00e9rations de distributions gratuites de repas<\/strong>\u00a0\u00e0 des personnes sans-abri, dans les <strong>Centres Villes de NANTES et d&rsquo;ANGERS. <\/strong><\/span><\/span><\/p>\n<p style=\"text-align: justify;\"><span style=\"color: #000000;\"><span class=\"Apple-style-span\">Nous avons mis en place<strong> un\u00a0tra<b class=\"b1\">va<\/b><b class=\"b2\">i<\/b><b class=\"b3\">l<\/b><b class=\"b4\">\u00a0<\/b><b class=\"b5\">de rue<\/b><b class=\"b4\">\u00a0<\/b><\/strong>pendant la p\u00e9riode d&rsquo;hiver\u00a0(\u00e9quipes mobiles,\u00a0maraudes de rue,\u00a0aide alimentaire et c<\/span>ontacts humains r\u00e9guliers).<\/span><\/p>\n<p style=\"text-align: justify;\"><b><u><span class=\"Apple-style-span\"><strong>Domaine d\u2019intervention vis\u00e9 par\u00a0la Commission Europ\u00e9enne\u00a0<\/strong><\/span><\/u><span class=\"Apple-style-span\"><strong>:<\/strong><\/span><span class=\"Apple-style-span\"><strong>\u00a0Strat\u00e9gie Europe 2020.\u00a0<\/strong><a href=\"http:\/\/ec.europa.eu\/social\/main.jsp?catId=961&amp;langId=en\"><strong>Plateforme europ\u00e9enne contre la Pauvret\u00e9 et l\u2019Exclusion sociale<\/strong><\/a><strong>.<\/strong><\/span><\/b><\/p>\n<p style=\"text-align: justify;\">[av_content_slider heading=\u00a0\u00bb columns=&rsquo;1&prime; animation=&rsquo;slide&rsquo; navigation=&rsquo;arrows&rsquo; autoplay=&rsquo;true&rsquo; interval=&rsquo;5&prime; font_color=\u00a0\u00bb color=\u00a0\u00bb]<br \/>\n[av_content_slide title=&rsquo;Maraudes de rue de jour \u00e0\u00a0NANTES&rsquo; link=\u00a0\u00bb linktarget=\u00a0\u00bb]<br \/>\n<a href=\"https:\/\/europeanobsndfr.org\/wp-content\/uploads\/2016\/03\/Tumtum-et-Franck-en-maraude-de-rue.jpg\"><img loading=\"lazy\" decoding=\"async\" class=\"aligncenter size-medium wp-image-5108\" src=\"https:\/\/europeanobsndfr.org\/wp-content\/uploads\/2016\/03\/Tumtum-et-Franck-en-maraude-de-rue-300x225.jpg\" alt=\"Tumtum et Franck en maraude de rue\" width=\"300\" height=\"225\" srcset=\"https:\/\/europeanobsndfr.org\/wp-content\/uploads\/2016\/03\/Tumtum-et-Franck-en-maraude-de-rue-300x225.jpg 300w, https:\/\/europeanobsndfr.org\/wp-content\/uploads\/2016\/03\/Tumtum-et-Franck-en-maraude-de-rue-768x576.jpg 768w, https:\/\/europeanobsndfr.org\/wp-content\/uploads\/2016\/03\/Tumtum-et-Franck-en-maraude-de-rue-705x529.jpg 705w, https:\/\/europeanobsndfr.org\/wp-content\/uploads\/2016\/03\/Tumtum-et-Franck-en-maraude-de-rue.jpg 1024w\" sizes=\"auto, (max-width: 300px) 100vw, 300px\" \/><\/a><br \/>\n[\/av_content_slide]<br \/>\n[av_content_slide title=&rsquo;Maraudes de nuit \u00e0 NANTES&rsquo; link=\u00a0\u00bb linktarget=\u00a0\u00bb]<br \/>\n<a href=\"https:\/\/europeanobsndfr.org\/wp-content\/uploads\/2016\/03\/Ga\u00ebtan-et-Typhaine-en-maraude-de-rue.jpg\"><img loading=\"lazy\" decoding=\"async\" class=\"aligncenter size-medium wp-image-5100\" src=\"https:\/\/europeanobsndfr.org\/wp-content\/uploads\/2016\/03\/Ga\u00ebtan-et-Typhaine-en-maraude-de-rue-225x300.jpg\" alt=\"Ga\u00ebtan et Typhaine en maraude de rue\" width=\"225\" height=\"300\" srcset=\"https:\/\/europeanobsndfr.org\/wp-content\/uploads\/2016\/03\/Ga\u00ebtan-et-Typhaine-en-maraude-de-rue-225x300.jpg 225w, https:\/\/europeanobsndfr.org\/wp-content\/uploads\/2016\/03\/Ga\u00ebtan-et-Typhaine-en-maraude-de-rue.jpg 768w, https:\/\/europeanobsndfr.org\/wp-content\/uploads\/2016\/03\/Ga\u00ebtan-et-Typhaine-en-maraude-de-rue-529x705.jpg 529w\" sizes=\"auto, (max-width: 225px) 100vw, 225px\" \/><\/a><br \/>\n[\/av_content_slide]<br \/>\n[av_content_slide title=&rsquo;Maraudes de jour \u00e0 ANGERS&rsquo; link=\u00a0\u00bb linktarget=\u00a0\u00bb]<br \/>\n<a href=\"https:\/\/europeanobsndfr.org\/wp-content\/uploads\/2016\/04\/Christophe-ANGERS-26-avril-2016.jpg\"><img loading=\"lazy\" decoding=\"async\" class=\"aligncenter size-medium wp-image-5424\" src=\"https:\/\/europeanobsndfr.org\/wp-content\/uploads\/2016\/04\/Christophe-ANGERS-26-avril-2016-225x300.jpg\" alt=\"Christophe, ANGERS, 26 avril 2016\" width=\"225\" height=\"300\" srcset=\"https:\/\/europeanobsndfr.org\/wp-content\/uploads\/2016\/04\/Christophe-ANGERS-26-avril-2016-225x300.jpg 225w, https:\/\/europeanobsndfr.org\/wp-content\/uploads\/2016\/04\/Christophe-ANGERS-26-avril-2016.jpg 768w, https:\/\/europeanobsndfr.org\/wp-content\/uploads\/2016\/04\/Christophe-ANGERS-26-avril-2016-529x705.jpg 529w\" sizes=\"auto, (max-width: 225px) 100vw, 225px\" \/><\/a><br \/>\n[\/av_content_slide]<br \/>\n[\/av_content_slider]<\/p>\n","protected":false},"excerpt":{"rendered":"<p>Objectif\u00a0:\u00a0Favoriser l\u2019int\u00e9gration de personnes sans-abri par des\u00a0distributions gratuites de repas et une veille sociale. Restaurer la dignit\u00e9 humaine des personnes sans-abri. Lieu de l\u2019action\u00a0:\u00a0Centres villes de NANTES (44) et ANGERS (49),\u00a0FRANCE. Moyens d\u2019actions :\u00a0 F\u00e9vrier-Mars 2016\u00a0:\u00a0Nous avons assur\u00e9\u00a0\u00a0des veilles sociales dans le cadre\u00a0de maraudes de rue de jour et de nuit,\u00a0de\u00a0missions dans les squats, et&#8230;<\/p>","protected":false},"author":1,"featured_media":0,"comment_status":"closed","ping_status":"closed","sticky":false,"template":"","format":"standard","meta":{"give_campaign_id":0,"_kadence_starter_templates_imported_post":false,"_kad_post_transparent":"","_kad_post_title":"","_kad_post_layout":"","_kad_post_sidebar_id":"","_kad_post_content_style":"","_kad_post_vertical_padding":"","_kad_post_feature":"","_kad_post_feature_position":"","_kad_post_header":false,"_kad_post_footer":false,"_kad_post_classname":"","_jetpack_memberships_contains_paid_content":false,"footnotes":""},"categories":[84,44],"tags":[231,252,233,250,239,210,230,254,251],"class_list":["post-5430","post","type-post","status-publish","format-standard","hentry","category-asylum-migration-and-borders","category-combat-contre-pauvrete","tag-aide-alimentaire","tag-aide-aux-sans-abris","tag-aide-humaine","tag-distribution-de-repas","tag-distribution-gratuite","tag-personnes-en-situation-de-grande-precarite","tag-sans-abri","tag-soutien-humain","tag-soutien-moral"],"aioseo_notices":[],"aioseo_head":"\n\t\t<!-- All in One SEO 5.0.1.1 - aioseo.com -->\n\t<meta name=\"description\" content=\"Favoriser l\u2019int\u00e9gration de personnes sans-abri par des distributions gratuites de repas et une veille sociale, \u00e0 Angers et \u00e0 Nantes.\" \/>\n\t<meta name=\"robots\" content=\"max-snippet:-1, max-image-preview:large, max-video-preview:-1\" \/>\n\t<meta name=\"author\" content=\"OENDDF\"\/>\n\t<meta name=\"google-site-verification\" content=\"KZsAbCyd-Ww06m2-MlFPa7EphgzWqs90ra8o0LfM_K8\" \/>\n\t<link rel=\"canonical\" href=\"https:\/\/europeanobsndfr.org\/en\/actualites-fr\/combat-contre-pauvrete\/operations-distribution-gratuite-de-repas-et-veilles-sociales-aupres-personnes-sans-abri-a-nantes-et-angers\/\" \/>\n\t<meta name=\"generator\" content=\"All in One SEO (AIOSEO) 5.0.1.1\" \/>\n\t\t<meta property=\"og:locale\" content=\"en_GB\" \/>\n\t\t<meta property=\"og:site_name\" content=\"Observatoire Europ\u00e9en de la Non-Discrimination et des Droits Fondamentaux\" \/>\n\t\t<meta property=\"og:type\" content=\"non_profit\" \/>\n\t\t<meta property=\"og:title\" content=\"Op\u00e9rations de distribution de repas et veilles sociales aupr\u00e8s de personnes sans-abri \u00e0 Nantes et Angers | O.E.N.D.D.F.\" \/>\n\t\t<meta property=\"og:description\" content=\"Favoriser l\u2019int\u00e9gration de personnes sans-abri par des distributions gratuites de repas et une veille sociale, \u00e0 Angers et \u00e0 Nantes.\" \/>\n\t\t<meta property=\"og:url\" content=\"https:\/\/europeanobsndfr.org\/en\/actualites-fr\/combat-contre-pauvrete\/operations-distribution-gratuite-de-repas-et-veilles-sociales-aupres-personnes-sans-abri-a-nantes-et-angers\/\" \/>\n\t\t<meta property=\"og:image\" content=\"https:\/\/europeanobsndfr.org\/wp-content\/uploads\/2016\/11\/logo-oenddf.jpg\" \/>\n\t\t<meta property=\"og:image:secure_url\" content=\"https:\/\/europeanobsndfr.org\/wp-content\/uploads\/2016\/11\/logo-oenddf.jpg\" \/>\n\t\t<meta property=\"og:image:width\" content=\"830\" \/>\n\t\t<meta property=\"og:image:height\" content=\"600\" \/>\n\t\t<meta name=\"twitter:card\" content=\"summary\" \/>\n\t\t<meta name=\"twitter:site\" content=\"@europeanobs\" \/>\n\t\t<meta name=\"twitter:title\" content=\"Op\u00e9rations de distribution de repas et veilles sociales aupr\u00e8s de personnes sans-abri \u00e0 Nantes et Angers | O.E.N.D.D.F.\" \/>\n\t\t<meta name=\"twitter:description\" content=\"Favoriser l\u2019int\u00e9gration de personnes sans-abri par des distributions gratuites de repas et une veille sociale, \u00e0 Angers et \u00e0 Nantes.\" \/>\n\t\t<meta name=\"twitter:creator\" content=\"@europeanobs\" \/>\n\t\t<meta name=\"twitter:image\" content=\"https:\/\/europeanobsndfr.org\/wp-content\/uploads\/2016\/11\/logo-oenddf.jpg\" \/>\n\t\t<script type=\"application\/ld+json\" class=\"aioseo-schema\">\n\t\t\t{\"@context\":\"https:\\\/\\\/schema.org\",\"@graph\":[{\"@type\":\"Article\",\"@id\":\"https:\\\/\\\/europeanobsndfr.org\\\/en\\\/actualites-fr\\\/combat-contre-pauvrete\\\/operations-distribution-gratuite-de-repas-et-veilles-sociales-aupres-personnes-sans-abri-a-nantes-et-angers\\\/#article\",\"name\":\"Op\\u00e9rations de distribution de repas et veilles sociales aupr\\u00e8s de personnes sans-abri \\u00e0 Nantes et Angers | O.E.N.D.D.F.\",\"headline\":\"Op\\u00e9rations de distribution gratuite de repas et veilles sociales aupr\\u00e8s de personnes sans-abri \\u2013 NANTES et ANGERS (FRANCE)\",\"author\":{\"@id\":\"https:\\\/\\\/europeanobsndfr.org\\\/en\\\/author\\\/admin\\\/#author\"},\"publisher\":{\"@id\":\"https:\\\/\\\/europeanobsndfr.org\\\/en\\\/#organization\"},\"image\":{\"@type\":\"ImageObject\",\"url\":\"https:\\\/\\\/europeanobsndfr.org\\\/wp-content\\\/uploads\\\/2016\\\/03\\\/Tumtum-et-Franck-en-maraude-de-rue-300x225.jpg\",\"@id\":\"https:\\\/\\\/europeanobsndfr.org\\\/en\\\/actualites-fr\\\/combat-contre-pauvrete\\\/operations-distribution-gratuite-de-repas-et-veilles-sociales-aupres-personnes-sans-abri-a-nantes-et-angers\\\/#articleImage\"},\"datePublished\":\"2016-05-01T09:05:23+01:00\",\"dateModified\":\"2016-12-02T21:31:41+01:00\",\"inLanguage\":\"en-GB\",\"mainEntityOfPage\":{\"@id\":\"https:\\\/\\\/europeanobsndfr.org\\\/en\\\/actualites-fr\\\/combat-contre-pauvrete\\\/operations-distribution-gratuite-de-repas-et-veilles-sociales-aupres-personnes-sans-abri-a-nantes-et-angers\\\/#webpage\"},\"isPartOf\":{\"@id\":\"https:\\\/\\\/europeanobsndfr.org\\\/en\\\/actualites-fr\\\/combat-contre-pauvrete\\\/operations-distribution-gratuite-de-repas-et-veilles-sociales-aupres-personnes-sans-abri-a-nantes-et-angers\\\/#webpage\"},\"articleSection\":\"Asile, immigration et fronti\\u00e8res, Combat contre la pauvret\\u00e9, contre l'exclusion sociale et en faveur de l'inclusion sociale, aide alimentaire, aide aux sans-abris, aide humaine, distribution de repas, distribution gratuite, personnes en situation de grande pr\\u00e9carit\\u00e9, sans-abri, soutien humain, soutien moral\"},{\"@type\":\"BreadcrumbList\",\"@id\":\"https:\\\/\\\/europeanobsndfr.org\\\/en\\\/actualites-fr\\\/combat-contre-pauvrete\\\/operations-distribution-gratuite-de-repas-et-veilles-sociales-aupres-personnes-sans-abri-a-nantes-et-angers\\\/#breadcrumblist\",\"itemListElement\":[{\"@type\":\"ListItem\",\"@id\":\"https:\\\/\\\/europeanobsndfr.org\\\/en#listItem\",\"position\":1,\"name\":\"Accueil\",\"item\":\"https:\\\/\\\/europeanobsndfr.org\\\/en\",\"nextItem\":{\"@type\":\"ListItem\",\"@id\":\"https:\\\/\\\/europeanobsndfr.org\\\/en\\\/category\\\/actualites-fr\\\/#listItem\",\"name\":\"Actualit\\u00e9\"}},{\"@type\":\"ListItem\",\"@id\":\"https:\\\/\\\/europeanobsndfr.org\\\/en\\\/category\\\/actualites-fr\\\/#listItem\",\"position\":2,\"name\":\"Actualit\\u00e9\",\"item\":\"https:\\\/\\\/europeanobsndfr.org\\\/en\\\/category\\\/actualites-fr\\\/\",\"nextItem\":{\"@type\":\"ListItem\",\"@id\":\"https:\\\/\\\/europeanobsndfr.org\\\/en\\\/category\\\/actualites-fr\\\/combat-contre-pauvrete\\\/#listItem\",\"name\":\"Combat contre la pauvret\\u00e9, contre l'exclusion sociale et en faveur de l'inclusion sociale\"},\"previousItem\":{\"@type\":\"ListItem\",\"@id\":\"https:\\\/\\\/europeanobsndfr.org\\\/en#listItem\",\"name\":\"Accueil\"}},{\"@type\":\"ListItem\",\"@id\":\"https:\\\/\\\/europeanobsndfr.org\\\/en\\\/category\\\/actualites-fr\\\/combat-contre-pauvrete\\\/#listItem\",\"position\":3,\"name\":\"Combat contre la pauvret\\u00e9, contre l'exclusion sociale et en faveur de l'inclusion sociale\",\"item\":\"https:\\\/\\\/europeanobsndfr.org\\\/en\\\/category\\\/actualites-fr\\\/combat-contre-pauvrete\\\/\",\"nextItem\":{\"@type\":\"ListItem\",\"@id\":\"https:\\\/\\\/europeanobsndfr.org\\\/en\\\/actualites-fr\\\/combat-contre-pauvrete\\\/operations-distribution-gratuite-de-repas-et-veilles-sociales-aupres-personnes-sans-abri-a-nantes-et-angers\\\/#listItem\",\"name\":\"Op\\u00e9rations de distribution gratuite de repas et veilles sociales aupr\\u00e8s de personnes sans-abri \\u2013 NANTES et ANGERS (FRANCE)\"},\"previousItem\":{\"@type\":\"ListItem\",\"@id\":\"https:\\\/\\\/europeanobsndfr.org\\\/en\\\/category\\\/actualites-fr\\\/#listItem\",\"name\":\"Actualit\\u00e9\"}},{\"@type\":\"ListItem\",\"@id\":\"https:\\\/\\\/europeanobsndfr.org\\\/en\\\/actualites-fr\\\/combat-contre-pauvrete\\\/operations-distribution-gratuite-de-repas-et-veilles-sociales-aupres-personnes-sans-abri-a-nantes-et-angers\\\/#listItem\",\"position\":4,\"name\":\"Op\\u00e9rations de distribution gratuite de repas et veilles sociales aupr\\u00e8s de personnes sans-abri \\u2013 NANTES et ANGERS (FRANCE)\",\"previousItem\":{\"@type\":\"ListItem\",\"@id\":\"https:\\\/\\\/europeanobsndfr.org\\\/en\\\/category\\\/actualites-fr\\\/combat-contre-pauvrete\\\/#listItem\",\"name\":\"Combat contre la pauvret\\u00e9, contre l'exclusion sociale et en faveur de l'inclusion sociale\"}}]},{\"@type\":\"Organization\",\"@id\":\"https:\\\/\\\/europeanobsndfr.org\\\/en\\\/#organization\",\"name\":\"OENDDF\",\"description\":\"Organisation Internationale Non-Gouvernementale\",\"url\":\"https:\\\/\\\/europeanobsndfr.org\\\/en\\\/\",\"logo\":{\"@type\":\"ImageObject\",\"url\":\"https:\\\/\\\/europeanobsndfr.org\\\/wp-content\\\/uploads\\\/2016\\\/11\\\/cropped-logo-oenddf.jpg\",\"@id\":\"https:\\\/\\\/europeanobsndfr.org\\\/en\\\/actualites-fr\\\/combat-contre-pauvrete\\\/operations-distribution-gratuite-de-repas-et-veilles-sociales-aupres-personnes-sans-abri-a-nantes-et-angers\\\/#organizationLogo\",\"width\":701,\"height\":600,\"caption\":\"Logo OENDDF\"},\"image\":{\"@id\":\"https:\\\/\\\/europeanobsndfr.org\\\/en\\\/actualites-fr\\\/combat-contre-pauvrete\\\/operations-distribution-gratuite-de-repas-et-veilles-sociales-aupres-personnes-sans-abri-a-nantes-et-angers\\\/#organizationLogo\"},\"sameAs\":[\"https:\\\/\\\/twitter.com\\\/europeanobs\",\"https:\\\/\\\/www.instagram.com\\\/oenddf_ngo\\\/\",\"https:\\\/\\\/www.youtube.com\\\/channel\\\/UCO9vz5fybFw1Q8pvN00CDgA\"]},{\"@type\":\"Person\",\"@id\":\"https:\\\/\\\/europeanobsndfr.org\\\/en\\\/author\\\/admin\\\/#author\",\"url\":\"https:\\\/\\\/europeanobsndfr.org\\\/en\\\/author\\\/admin\\\/\",\"name\":\"OENDDF\",\"image\":{\"@type\":\"ImageObject\",\"@id\":\"https:\\\/\\\/europeanobsndfr.org\\\/en\\\/actualites-fr\\\/combat-contre-pauvrete\\\/operations-distribution-gratuite-de-repas-et-veilles-sociales-aupres-personnes-sans-abri-a-nantes-et-angers\\\/#authorImage\",\"url\":\"https:\\\/\\\/secure.gravatar.com\\\/avatar\\\/f64bd673bdf1f612f36226606d41703598d9c028a910d72b461acb19a72f63d5?s=96&d=mm&r=g\",\"width\":96,\"height\":96,\"caption\":\"OENDDF\"}},{\"@type\":\"WebPage\",\"@id\":\"https:\\\/\\\/europeanobsndfr.org\\\/en\\\/actualites-fr\\\/combat-contre-pauvrete\\\/operations-distribution-gratuite-de-repas-et-veilles-sociales-aupres-personnes-sans-abri-a-nantes-et-angers\\\/#webpage\",\"url\":\"https:\\\/\\\/europeanobsndfr.org\\\/en\\\/actualites-fr\\\/combat-contre-pauvrete\\\/operations-distribution-gratuite-de-repas-et-veilles-sociales-aupres-personnes-sans-abri-a-nantes-et-angers\\\/\",\"name\":\"Op\\u00e9rations de distribution de repas et veilles sociales aupr\\u00e8s de personnes sans-abri \\u00e0 Nantes et Angers | O.E.N.D.D.F.\",\"description\":\"Favoriser l\\u2019int\\u00e9gration de personnes sans-abri par des distributions gratuites de repas et une veille sociale, \\u00e0 Angers et \\u00e0 Nantes.\",\"inLanguage\":\"en-GB\",\"isPartOf\":{\"@id\":\"https:\\\/\\\/europeanobsndfr.org\\\/en\\\/#website\"},\"breadcrumb\":{\"@id\":\"https:\\\/\\\/europeanobsndfr.org\\\/en\\\/actualites-fr\\\/combat-contre-pauvrete\\\/operations-distribution-gratuite-de-repas-et-veilles-sociales-aupres-personnes-sans-abri-a-nantes-et-angers\\\/#breadcrumblist\"},\"author\":{\"@id\":\"https:\\\/\\\/europeanobsndfr.org\\\/en\\\/author\\\/admin\\\/#author\"},\"creator\":{\"@id\":\"https:\\\/\\\/europeanobsndfr.org\\\/en\\\/author\\\/admin\\\/#author\"},\"datePublished\":\"2016-05-01T09:05:23+01:00\",\"dateModified\":\"2016-12-02T21:31:41+01:00\"},{\"@type\":\"WebSite\",\"@id\":\"https:\\\/\\\/europeanobsndfr.org\\\/en\\\/#website\",\"url\":\"https:\\\/\\\/europeanobsndfr.org\\\/en\\\/\",\"name\":\"Observatoire Europ\\u00e9en de la Non-Discrimination et des Droits Fondamentaux\",\"description\":\"Organisation Internationale Non-Gouvernementale\",\"inLanguage\":\"en-GB\",\"publisher\":{\"@id\":\"https:\\\/\\\/europeanobsndfr.org\\\/en\\\/#organization\"}}]}\n\t\t<\/script>\n\t\t<!-- All in One SEO -->\n\n","aioseo_head_json":{"title":"Op\u00e9rations de distribution de repas et veilles sociales aupr\u00e8s de personnes sans-abri \u00e0 Nantes et Angers | O.E.N.D.D.F.","description":"Favoriser l\u2019int\u00e9gration de personnes sans-abri par des distributions gratuites de repas et une veille sociale, \u00e0 Angers et \u00e0 Nantes.","canonical_url":"https:\/\/europeanobsndfr.org\/en\/actualites-fr\/combat-contre-pauvrete\/operations-distribution-gratuite-de-repas-et-veilles-sociales-aupres-personnes-sans-abri-a-nantes-et-angers\/","robots":"max-snippet:-1, max-image-preview:large, max-video-preview:-1","keywords":"","webmasterTools":{"google-site-verification":"KZsAbCyd-Ww06m2-MlFPa7EphgzWqs90ra8o0LfM_K8","miscellaneous":""},"schema":{"@context":"https:\/\/schema.org","@graph":[{"@type":"Article","@id":"https:\/\/europeanobsndfr.org\/en\/actualites-fr\/combat-contre-pauvrete\/operations-distribution-gratuite-de-repas-et-veilles-sociales-aupres-personnes-sans-abri-a-nantes-et-angers\/#article","name":"Op\u00e9rations de distribution de repas et veilles sociales aupr\u00e8s de personnes sans-abri \u00e0 Nantes et Angers | O.E.N.D.D.F.","headline":"Op\u00e9rations de distribution gratuite de repas et veilles sociales aupr\u00e8s de personnes sans-abri \u2013 NANTES et ANGERS (FRANCE)","author":{"@id":"https:\/\/europeanobsndfr.org\/en\/author\/admin\/#author"},"publisher":{"@id":"https:\/\/europeanobsndfr.org\/en\/#organization"},"image":{"@type":"ImageObject","url":"https:\/\/europeanobsndfr.org\/wp-content\/uploads\/2016\/03\/Tumtum-et-Franck-en-maraude-de-rue-300x225.jpg","@id":"https:\/\/europeanobsndfr.org\/en\/actualites-fr\/combat-contre-pauvrete\/operations-distribution-gratuite-de-repas-et-veilles-sociales-aupres-personnes-sans-abri-a-nantes-et-angers\/#articleImage"},"datePublished":"2016-05-01T09:05:23+01:00","dateModified":"2016-12-02T21:31:41+01:00","inLanguage":"en-GB","mainEntityOfPage":{"@id":"https:\/\/europeanobsndfr.org\/en\/actualites-fr\/combat-contre-pauvrete\/operations-distribution-gratuite-de-repas-et-veilles-sociales-aupres-personnes-sans-abri-a-nantes-et-angers\/#webpage"},"isPartOf":{"@id":"https:\/\/europeanobsndfr.org\/en\/actualites-fr\/combat-contre-pauvrete\/operations-distribution-gratuite-de-repas-et-veilles-sociales-aupres-personnes-sans-abri-a-nantes-et-angers\/#webpage"},"articleSection":"Asile, immigration et fronti\u00e8res, Combat contre la pauvret\u00e9, contre l'exclusion sociale et en faveur de l'inclusion sociale, aide alimentaire, aide aux sans-abris, aide humaine, distribution de repas, distribution gratuite, personnes en situation de grande pr\u00e9carit\u00e9, sans-abri, soutien humain, soutien moral"},{"@type":"BreadcrumbList","@id":"https:\/\/europeanobsndfr.org\/en\/actualites-fr\/combat-contre-pauvrete\/operations-distribution-gratuite-de-repas-et-veilles-sociales-aupres-personnes-sans-abri-a-nantes-et-angers\/#breadcrumblist","itemListElement":[{"@type":"ListItem","@id":"https:\/\/europeanobsndfr.org\/en#listItem","position":1,"name":"Accueil","item":"https:\/\/europeanobsndfr.org\/en","nextItem":{"@type":"ListItem","@id":"https:\/\/europeanobsndfr.org\/en\/category\/actualites-fr\/#listItem","name":"Actualit\u00e9"}},{"@type":"ListItem","@id":"https:\/\/europeanobsndfr.org\/en\/category\/actualites-fr\/#listItem","position":2,"name":"Actualit\u00e9","item":"https:\/\/europeanobsndfr.org\/en\/category\/actualites-fr\/","nextItem":{"@type":"ListItem","@id":"https:\/\/europeanobsndfr.org\/en\/category\/actualites-fr\/combat-contre-pauvrete\/#listItem","name":"Combat contre la pauvret\u00e9, contre l'exclusion sociale et en faveur de l'inclusion sociale"},"previousItem":{"@type":"ListItem","@id":"https:\/\/europeanobsndfr.org\/en#listItem","name":"Accueil"}},{"@type":"ListItem","@id":"https:\/\/europeanobsndfr.org\/en\/category\/actualites-fr\/combat-contre-pauvrete\/#listItem","position":3,"name":"Combat contre la pauvret\u00e9, contre l'exclusion sociale et en faveur de l'inclusion sociale","item":"https:\/\/europeanobsndfr.org\/en\/category\/actualites-fr\/combat-contre-pauvrete\/","nextItem":{"@type":"ListItem","@id":"https:\/\/europeanobsndfr.org\/en\/actualites-fr\/combat-contre-pauvrete\/operations-distribution-gratuite-de-repas-et-veilles-sociales-aupres-personnes-sans-abri-a-nantes-et-angers\/#listItem","name":"Op\u00e9rations de distribution gratuite de repas et veilles sociales aupr\u00e8s de personnes sans-abri \u2013 NANTES et ANGERS (FRANCE)"},"previousItem":{"@type":"ListItem","@id":"https:\/\/europeanobsndfr.org\/en\/category\/actualites-fr\/#listItem","name":"Actualit\u00e9"}},{"@type":"ListItem","@id":"https:\/\/europeanobsndfr.org\/en\/actualites-fr\/combat-contre-pauvrete\/operations-distribution-gratuite-de-repas-et-veilles-sociales-aupres-personnes-sans-abri-a-nantes-et-angers\/#listItem","position":4,"name":"Op\u00e9rations de distribution gratuite de repas et veilles sociales aupr\u00e8s de personnes sans-abri \u2013 NANTES et ANGERS (FRANCE)","previousItem":{"@type":"ListItem","@id":"https:\/\/europeanobsndfr.org\/en\/category\/actualites-fr\/combat-contre-pauvrete\/#listItem","name":"Combat contre la pauvret\u00e9, contre l'exclusion sociale et en faveur de l'inclusion sociale"}}]},{"@type":"Organization","@id":"https:\/\/europeanobsndfr.org\/en\/#organization","name":"OENDDF","description":"Organisation Internationale Non-Gouvernementale","url":"https:\/\/europeanobsndfr.org\/en\/","logo":{"@type":"ImageObject","url":"https:\/\/europeanobsndfr.org\/wp-content\/uploads\/2016\/11\/cropped-logo-oenddf.jpg","@id":"https:\/\/europeanobsndfr.org\/en\/actualites-fr\/combat-contre-pauvrete\/operations-distribution-gratuite-de-repas-et-veilles-sociales-aupres-personnes-sans-abri-a-nantes-et-angers\/#organizationLogo","width":701,"height":600,"caption":"Logo OENDDF"},"image":{"@id":"https:\/\/europeanobsndfr.org\/en\/actualites-fr\/combat-contre-pauvrete\/operations-distribution-gratuite-de-repas-et-veilles-sociales-aupres-personnes-sans-abri-a-nantes-et-angers\/#organizationLogo"},"sameAs":["https:\/\/twitter.com\/europeanobs","https:\/\/www.instagram.com\/oenddf_ngo\/","https:\/\/www.youtube.com\/channel\/UCO9vz5fybFw1Q8pvN00CDgA"]},{"@type":"Person","@id":"https:\/\/europeanobsndfr.org\/en\/author\/admin\/#author","url":"https:\/\/europeanobsndfr.org\/en\/author\/admin\/","name":"OENDDF","image":{"@type":"ImageObject","@id":"https:\/\/europeanobsndfr.org\/en\/actualites-fr\/combat-contre-pauvrete\/operations-distribution-gratuite-de-repas-et-veilles-sociales-aupres-personnes-sans-abri-a-nantes-et-angers\/#authorImage","url":"https:\/\/secure.gravatar.com\/avatar\/f64bd673bdf1f612f36226606d41703598d9c028a910d72b461acb19a72f63d5?s=96&d=mm&r=g","width":96,"height":96,"caption":"OENDDF"}},{"@type":"WebPage","@id":"https:\/\/europeanobsndfr.org\/en\/actualites-fr\/combat-contre-pauvrete\/operations-distribution-gratuite-de-repas-et-veilles-sociales-aupres-personnes-sans-abri-a-nantes-et-angers\/#webpage","url":"https:\/\/europeanobsndfr.org\/en\/actualites-fr\/combat-contre-pauvrete\/operations-distribution-gratuite-de-repas-et-veilles-sociales-aupres-personnes-sans-abri-a-nantes-et-angers\/","name":"Op\u00e9rations de distribution de repas et veilles sociales aupr\u00e8s de personnes sans-abri \u00e0 Nantes et Angers | O.E.N.D.D.F.","description":"Favoriser l\u2019int\u00e9gration de personnes sans-abri par des distributions gratuites de repas et une veille sociale, \u00e0 Angers et \u00e0 Nantes.","inLanguage":"en-GB","isPartOf":{"@id":"https:\/\/europeanobsndfr.org\/en\/#website"},"breadcrumb":{"@id":"https:\/\/europeanobsndfr.org\/en\/actualites-fr\/combat-contre-pauvrete\/operations-distribution-gratuite-de-repas-et-veilles-sociales-aupres-personnes-sans-abri-a-nantes-et-angers\/#breadcrumblist"},"author":{"@id":"https:\/\/europeanobsndfr.org\/en\/author\/admin\/#author"},"creator":{"@id":"https:\/\/europeanobsndfr.org\/en\/author\/admin\/#author"},"datePublished":"2016-05-01T09:05:23+01:00","dateModified":"2016-12-02T21:31:41+01:00"},{"@type":"WebSite","@id":"https:\/\/europeanobsndfr.org\/en\/#website","url":"https:\/\/europeanobsndfr.org\/en\/","name":"Observatoire Europ\u00e9en de la Non-Discrimination et des Droits Fondamentaux","description":"Organisation Internationale Non-Gouvernementale","inLanguage":"en-GB","publisher":{"@id":"https:\/\/europeanobsndfr.org\/en\/#organization"}}]},"og:locale":"en_GB","og:site_name":"Observatoire Europ\u00e9en de la Non-Discrimination et des Droits Fondamentaux","og:type":"non_profit","og:title":"Op\u00e9rations de distribution de repas et veilles sociales aupr\u00e8s de personnes sans-abri \u00e0 Nantes et Angers | O.E.N.D.D.F.","og:description":"Favoriser l\u2019int\u00e9gration de personnes sans-abri par des distributions gratuites de repas et une veille sociale, \u00e0 Angers et \u00e0 Nantes.","og:url":"https:\/\/europeanobsndfr.org\/en\/actualites-fr\/combat-contre-pauvrete\/operations-distribution-gratuite-de-repas-et-veilles-sociales-aupres-personnes-sans-abri-a-nantes-et-angers\/","og:image":"https:\/\/europeanobsndfr.org\/wp-content\/uploads\/2016\/11\/logo-oenddf.jpg","og:image:secure_url":"https:\/\/europeanobsndfr.org\/wp-content\/uploads\/2016\/11\/logo-oenddf.jpg","og:image:width":830,"og:image:height":600,"twitter:card":"summary","twitter:site":"@europeanobs","twitter:title":"Op\u00e9rations de distribution de repas et veilles sociales aupr\u00e8s de personnes sans-abri \u00e0 Nantes et Angers | O.E.N.D.D.F.","twitter:description":"Favoriser l\u2019int\u00e9gration de personnes sans-abri par des distributions gratuites de repas et une veille sociale, \u00e0 Angers et \u00e0 Nantes.","twitter:creator":"@europeanobs","twitter:image":"https:\/\/europeanobsndfr.org\/wp-content\/uploads\/2016\/11\/logo-oenddf.jpg"},"aioseo_meta_data":{"post_id":"5430","title":"Op\u00e9rations de distribution de repas et veilles sociales aupr\u00e8s de personnes sans-abri \u00e0 Nantes et Angers | O.E.N.D.D.F.","description":"Favoriser l\u2019int\u00e9gration de personnes sans-abri par des distributions gratuites de repas et une veille sociale, \u00e0 Angers et \u00e0 Nantes.","keywords":null,"keyphrases":null,"primary_term":null,"canonical_url":null,"og_title":"","og_description":"","og_object_type":"non_profit","og_image_type":"default","og_image_url":null,"og_image_width":null,"og_image_height":null,"og_image_custom_url":null,"og_image_custom_fields":null,"og_video":"","og_custom_url":null,"og_article_section":"","og_article_tags":"","twitter_use_og":false,"twitter_card":"summary","twitter_image_type":"default","twitter_image_url":null,"twitter_image_custom_url":null,"twitter_image_custom_fields":null,"twitter_title":null,"twitter_description":null,"schema":{"blockGraphs":[],"customGraphs":[],"default":{"data":{"Article":[],"Course":[],"Dataset":[],"FAQPage":[],"Movie":[],"Person":[],"Product":[],"ProductReview":[],"Car":[],"Recipe":[],"Service":[],"SoftwareApplication":[],"WebPage":[]},"graphName":"","isEnabled":true},"graphs":[],"defaultGraph":"","defaultPostTypeGraph":""},"schema_type":null,"schema_type_options":null,"pillar_content":false,"robots_default":true,"robots_noindex":false,"robots_noarchive":false,"robots_nosnippet":false,"robots_nofollow":false,"robots_noimageindex":false,"robots_noodp":false,"robots_notranslate":false,"robots_max_snippet":null,"robots_max_videopreview":null,"robots_max_imagepreview":"large","priority":null,"frequency":null,"local_seo":null,"breadcrumb_settings":null,"limit_modified_date":false,"ai":null,"created":"2021-01-22 17:51:40","updated":"2025-08-01 09:14:49","focus_keyword":null,"additional_keywords":null,"truseo_locale":null,"seo_analyzer_scan_date":null},"jetpack_featured_media_url":"","jetpack-related-posts":[],"jetpack_sharing_enabled":true,"_links":{"self":[{"href":"https:\/\/europeanobsndfr.org\/en\/wp-json\/wp\/v2\/posts\/5430","targetHints":{"allow":["GET"]}}],"collection":[{"href":"https:\/\/europeanobsndfr.org\/en\/wp-json\/wp\/v2\/posts"}],"about":[{"href":"https:\/\/europeanobsndfr.org\/en\/wp-json\/wp\/v2\/types\/post"}],"author":[{"embeddable":true,"href":"https:\/\/europeanobsndfr.org\/en\/wp-json\/wp\/v2\/users\/1"}],"replies":[{"embeddable":true,"href":"https:\/\/europeanobsndfr.org\/en\/wp-json\/wp\/v2\/comments?post=5430"}],"version-history":[{"count":0,"href":"https:\/\/europeanobsndfr.org\/en\/wp-json\/wp\/v2\/posts\/5430\/revisions"}],"wp:attachment":[{"href":"https:\/\/europeanobsndfr.org\/en\/wp-json\/wp\/v2\/media?parent=5430"}],"wp:term":[{"taxonomy":"category","embeddable":true,"href":"https:\/\/europeanobsndfr.org\/en\/wp-json\/wp\/v2\/categories?post=5430"},{"taxonomy":"post_tag","embeddable":true,"href":"https:\/\/europeanobsndfr.org\/en\/wp-json\/wp\/v2\/tags?post=5430"}],"curies":[{"name":"wp","href":"https:\/\/api.w.org\/{rel}","templated":true}]}}