{"id":5664,"date":"2016-06-16T07:12:37","date_gmt":"2016-06-16T07:12:37","guid":{"rendered":"https:\/\/europeanobsndfr.org\/actualites-fr\/asylum-migration-and-borders\/lisbon-portugal-encouraging-the-integration-of-homeless-persons-and-to-raising-awareness-about-social-exclusion\/"},"modified":"2016-12-02T21:24:32","modified_gmt":"2016-12-02T21:24:32","slug":"encourager-integration-personnes-sans-arbi-et-sensibiliser-opinion-probleme-exclusion-sociale","status":"publish","type":"post","link":"https:\/\/europeanobsndfr.org\/en\/actualites-fr\/combat-contre-pauvrete\/encourager-integration-personnes-sans-arbi-et-sensibiliser-opinion-probleme-exclusion-sociale\/","title":{"rendered":"LISBONNE, PORTUGAL : Encourager l&rsquo;int\u00e9gration de personnes sans-abri et sensibiliser l&rsquo;opinion \u00e0 l&rsquo;exclusion sociale."},"content":{"rendered":"<div>\n<div>\n<p style=\"text-align: justify;\"><span style=\"text-decoration: underline;\"><strong>Objectif :<\/strong><\/span><strong>\u00a0Encourager l&rsquo;int\u00e9gration de personnes sans-abri par des distributions gratuites de repas et sensibiliser l&rsquo;opinion \u00e0 l&rsquo;exclusion sociale.<\/strong><\/p>\n<p style=\"text-align: justify;\"><span style=\"text-decoration: underline;\"><strong>Lieu de l&rsquo;action<\/strong><strong>\u00a0<\/strong><\/span><strong>:<\/strong><strong>\u00a0CENTRE VILLE DE\u00a0LISBONNE<\/strong><strong>, PORTUGAL.<\/strong><\/p>\n<p style=\"text-align: justify;\"><span style=\"text-decoration: underline;\"><strong>Moyens d&rsquo;action mis en \u0153uvre :<\/strong><\/span><\/p>\n<p style=\"text-align: justify;\"><span style=\"text-decoration: underline;\"><strong>Mai 2016\u00a0<\/strong><strong>:<\/strong><\/span>\u00a0Les objectifs de notre Association \u00e9taient les suivants :<\/p>\n<ul>\n<li style=\"text-align: justify;\">cr\u00e9er des contacts ou des partenariats avec des associations locales\u00a0pour mettre en oeuvre\u00a0<strong>une approche globale des personnes sans-abri<\/strong>\u00a0(aide alimentaire, logement, sant\u00e9, emploi), avec le but de cr\u00e9er les conditions mat\u00e9rielles pour aider les personnes sans-abri\u00a0<strong>\u00e0 sortir de l\u2019exclusion sociale et d\u2019encourager\u00a0l\u2019inclusion sociale ;<\/strong><\/li>\n<li style=\"text-align: justify;\"><strong>sensibiliser l&rsquo;opinion \u00e0 l&rsquo;exclusion sociale<\/strong>\u00a0et aux politiques sociales ;<\/li>\n<li style=\"text-align: justify;\">organiser pour les\u00a0personnes sans-abri\u00a0des distributions gratuites de repas\u00a0<strong>gr\u00e2ce \u00e0 notre Equipe Mobile Internationale ;<\/strong><\/li>\n<li style=\"text-align: justify;\">discuter avec les personnes sans-abri\u00a0et\u00a0<strong>mieux conna\u00eetre leurs besoins en logement et en h\u00e9bergement.<\/strong><b><br \/>\n<\/b><\/li>\n<\/ul>\n<p><b><u><span class=\"Apple-style-span\"><strong>Domaine d\u2019intervention vis\u00e9 par\u00a0la Commission Europ\u00e9enne\u00a0<\/strong><strong>:<\/strong><strong>\u00a0Strat\u00e9gie Europe 2020.\u00a0<\/strong><a href=\"http:\/\/ec.europa.eu\/social\/main.jsp?catId=961&amp;langId=en\"><strong>Plateforme europ\u00e9enne contre la Pauvret\u00e9 et l\u2019Exclusion sociale<\/strong><\/a><\/span><\/u><\/b><\/p>\n<p>[av_content_slider heading=\u00a0\u00bb columns=&rsquo;3&prime; animation=&rsquo;slide&rsquo; navigation=&rsquo;arrows&rsquo; autoplay=&rsquo;true&rsquo; interval=&rsquo;4&prime; font_color=\u00a0\u00bb color=\u00a0\u00bb]<br \/>\n[av_content_slide title=&rsquo;Habitat fait de\u00a0cartons&rsquo; link=\u00a0\u00bb linktarget=\u00a0\u00bb]<br \/>\n<a href=\"https:\/\/europeanobsndfr.org\/wp-content\/uploads\/2016\/06\/Lisbonne-cartons-1.jpg\"><img loading=\"lazy\" decoding=\"async\" class=\"aligncenter size-medium wp-image-5530\" src=\"https:\/\/europeanobsndfr.org\/wp-content\/uploads\/2016\/06\/Lisbonne-cartons-1-300x225.jpg\" alt=\"Lisbonne cartons 1\" width=\"300\" height=\"225\" srcset=\"https:\/\/europeanobsndfr.org\/wp-content\/uploads\/2016\/06\/Lisbonne-cartons-1-300x225.jpg 300w, https:\/\/europeanobsndfr.org\/wp-content\/uploads\/2016\/06\/Lisbonne-cartons-1-768x576.jpg 768w, https:\/\/europeanobsndfr.org\/wp-content\/uploads\/2016\/06\/Lisbonne-cartons-1-705x529.jpg 705w, https:\/\/europeanobsndfr.org\/wp-content\/uploads\/2016\/06\/Lisbonne-cartons-1.jpg 1024w\" sizes=\"auto, (max-width: 300px) 100vw, 300px\" \/><\/a><br \/>\n[\/av_content_slide]<br \/>\n[av_content_slide title=&rsquo;Habitat fait de\u00a0cartons &lsquo; link=\u00a0\u00bb linktarget=\u00a0\u00bb]<br \/>\n<a href=\"https:\/\/europeanobsndfr.org\/wp-content\/uploads\/2016\/06\/Lisbonne-cartons-2.jpg\"><img loading=\"lazy\" decoding=\"async\" class=\"aligncenter size-medium wp-image-5531\" src=\"https:\/\/europeanobsndfr.org\/wp-content\/uploads\/2016\/06\/Lisbonne-cartons-2-300x225.jpg\" alt=\"Lisbonne cartons 2\" width=\"300\" height=\"225\" srcset=\"https:\/\/europeanobsndfr.org\/wp-content\/uploads\/2016\/06\/Lisbonne-cartons-2-300x225.jpg 300w, https:\/\/europeanobsndfr.org\/wp-content\/uploads\/2016\/06\/Lisbonne-cartons-2-768x576.jpg 768w, https:\/\/europeanobsndfr.org\/wp-content\/uploads\/2016\/06\/Lisbonne-cartons-2-705x529.jpg 705w, https:\/\/europeanobsndfr.org\/wp-content\/uploads\/2016\/06\/Lisbonne-cartons-2.jpg 1024w\" sizes=\"auto, (max-width: 300px) 100vw, 300px\" \/><\/a><br \/>\n[\/av_content_slide]<br \/>\n[av_content_slide title=&rsquo;Petit d\u00e9jeuner pour une\u00a0personne\u00a0sans-abri vivant dans les cartons&rsquo; link=\u00a0\u00bb linktarget=\u00a0\u00bb]<br \/>\n<a href=\"https:\/\/europeanobsndfr.org\/wp-content\/uploads\/2016\/06\/Lisbonne-personne-sans-abri-et-petit-d\u00e9jeuner.jpg\"><img loading=\"lazy\" decoding=\"async\" class=\"aligncenter size-medium wp-image-5535\" src=\"https:\/\/europeanobsndfr.org\/wp-content\/uploads\/2016\/06\/Lisbonne-personne-sans-abri-et-petit-d\u00e9jeuner-225x300.jpg\" alt=\"Lisbonne personne sans-abri et petit d\u00e9jeuner\" width=\"225\" height=\"300\" srcset=\"https:\/\/europeanobsndfr.org\/wp-content\/uploads\/2016\/06\/Lisbonne-personne-sans-abri-et-petit-d\u00e9jeuner-225x300.jpg 225w, https:\/\/europeanobsndfr.org\/wp-content\/uploads\/2016\/06\/Lisbonne-personne-sans-abri-et-petit-d\u00e9jeuner-529x705.jpg 529w, https:\/\/europeanobsndfr.org\/wp-content\/uploads\/2016\/06\/Lisbonne-personne-sans-abri-et-petit-d\u00e9jeuner.jpg 576w\" sizes=\"auto, (max-width: 225px) 100vw, 225px\" \/><\/a><br \/>\n[\/av_content_slide]<br \/>\n[av_content_slide title=&rsquo;Habitat fait de\u00a0cartons&rsquo; link=\u00a0\u00bb linktarget=\u00a0\u00bb]<br \/>\n<a href=\"https:\/\/europeanobsndfr.org\/wp-content\/uploads\/2016\/06\/Lisbonne-cartons-3.jpg\"><img loading=\"lazy\" decoding=\"async\" class=\"aligncenter size-medium wp-image-5532\" src=\"https:\/\/europeanobsndfr.org\/wp-content\/uploads\/2016\/06\/Lisbonne-cartons-3-300x225.jpg\" alt=\"Lisbonne cartons 3\" width=\"300\" height=\"225\" srcset=\"https:\/\/europeanobsndfr.org\/wp-content\/uploads\/2016\/06\/Lisbonne-cartons-3-300x225.jpg 300w, https:\/\/europeanobsndfr.org\/wp-content\/uploads\/2016\/06\/Lisbonne-cartons-3-768x576.jpg 768w, https:\/\/europeanobsndfr.org\/wp-content\/uploads\/2016\/06\/Lisbonne-cartons-3-705x529.jpg 705w, https:\/\/europeanobsndfr.org\/wp-content\/uploads\/2016\/06\/Lisbonne-cartons-3.jpg 1024w\" sizes=\"auto, (max-width: 300px) 100vw, 300px\" \/><\/a><br \/>\n[\/av_content_slide]<br \/>\n[av_content_slide title=&rsquo;Toit fait de cartons avec une ficelle&rsquo; link=\u00a0\u00bb linktarget=\u00a0\u00bb]<br \/>\n<a href=\"https:\/\/europeanobsndfr.org\/wp-content\/uploads\/2016\/06\/Lisbonne-cartons-et-toit-.jpg\"><img loading=\"lazy\" decoding=\"async\" class=\"aligncenter size-medium wp-image-5537\" src=\"https:\/\/europeanobsndfr.org\/wp-content\/uploads\/2016\/06\/Lisbonne-cartons-et-toit--225x300.jpg\" alt=\"Lisbonne cartons et toit\" width=\"225\" height=\"300\" srcset=\"https:\/\/europeanobsndfr.org\/wp-content\/uploads\/2016\/06\/Lisbonne-cartons-et-toit--225x300.jpg 225w, https:\/\/europeanobsndfr.org\/wp-content\/uploads\/2016\/06\/Lisbonne-cartons-et-toit--529x705.jpg 529w, https:\/\/europeanobsndfr.org\/wp-content\/uploads\/2016\/06\/Lisbonne-cartons-et-toit-.jpg 576w\" sizes=\"auto, (max-width: 225px) 100vw, 225px\" \/><\/a><br \/>\n[\/av_content_slide]<br \/>\n[av_content_slide title=&rsquo;Personne sans-abri sans toit&rsquo; link=\u00a0\u00bb linktarget=\u00a0\u00bb]<br \/>\n<a href=\"https:\/\/europeanobsndfr.org\/wp-content\/uploads\/2016\/06\/Lisbonne-personne-sans-abri.jpg\"><img loading=\"lazy\" decoding=\"async\" class=\"aligncenter size-medium wp-image-5533\" src=\"https:\/\/europeanobsndfr.org\/wp-content\/uploads\/2016\/06\/Lisbonne-personne-sans-abri-300x225.jpg\" alt=\"Lisbonne personne sans abri\" width=\"300\" height=\"225\" srcset=\"https:\/\/europeanobsndfr.org\/wp-content\/uploads\/2016\/06\/Lisbonne-personne-sans-abri-300x225.jpg 300w, https:\/\/europeanobsndfr.org\/wp-content\/uploads\/2016\/06\/Lisbonne-personne-sans-abri-768x576.jpg 768w, https:\/\/europeanobsndfr.org\/wp-content\/uploads\/2016\/06\/Lisbonne-personne-sans-abri-705x529.jpg 705w, https:\/\/europeanobsndfr.org\/wp-content\/uploads\/2016\/06\/Lisbonne-personne-sans-abri.jpg 1024w\" sizes=\"auto, (max-width: 300px) 100vw, 300px\" \/><\/a><br \/>\n[\/av_content_slide]<br \/>\n[\/av_content_slider]<\/p>\n<\/div>\n<\/div>\n","protected":false},"excerpt":{"rendered":"<p>Objectif :\u00a0Encourager l&rsquo;int\u00e9gration de personnes sans-abri par des distributions gratuites de repas et sensibiliser l&rsquo;opinion \u00e0 l&rsquo;exclusion sociale. Lieu de l&rsquo;action\u00a0:\u00a0CENTRE VILLE DE\u00a0LISBONNE, PORTUGAL. Moyens d&rsquo;action mis en \u0153uvre : Mai 2016\u00a0:\u00a0Les objectifs de notre Association \u00e9taient les suivants : cr\u00e9er des contacts ou des partenariats avec des associations locales\u00a0pour mettre en oeuvre\u00a0une approche globale&#8230;<\/p>","protected":false},"author":1,"featured_media":0,"comment_status":"closed","ping_status":"closed","sticky":false,"template":"","format":"standard","meta":{"give_campaign_id":0,"_kadence_starter_templates_imported_post":false,"_kad_post_transparent":"","_kad_post_title":"","_kad_post_layout":"","_kad_post_sidebar_id":"","_kad_post_content_style":"","_kad_post_vertical_padding":"","_kad_post_feature":"","_kad_post_feature_position":"","_kad_post_header":false,"_kad_post_footer":false,"_kad_post_classname":"","_jetpack_memberships_contains_paid_content":false,"footnotes":""},"categories":[44],"tags":[231,252,234,233,214,250,230,262,254,251],"class_list":["post-5664","post","type-post","status-publish","format-standard","hentry","category-combat-contre-pauvrete","tag-aide-alimentaire","tag-aide-aux-sans-abris","tag-aide-durgence","tag-aide-humaine","tag-discrimination-en-fonction-de-lorientation-sexuelle","tag-distribution-de-repas","tag-sans-abri","tag-sensibilisation-de-lopinion","tag-soutien-humain","tag-soutien-moral"],"aioseo_notices":[],"aioseo_head":"\n\t\t<!-- All in One SEO 5.0.1.1 - aioseo.com -->\n\t<meta name=\"description\" content=\"Objectif : encourager l&#039;int\u00e9gration de personnes sans-abri par des distributions gratuites de repas et sensibiliser l&#039;opinion \u00e0 l&#039;exclusion sociale.\" \/>\n\t<meta name=\"robots\" content=\"max-snippet:-1, max-image-preview:large, max-video-preview:-1\" \/>\n\t<meta name=\"author\" content=\"OENDDF\"\/>\n\t<meta name=\"google-site-verification\" content=\"KZsAbCyd-Ww06m2-MlFPa7EphgzWqs90ra8o0LfM_K8\" \/>\n\t<link rel=\"canonical\" href=\"https:\/\/europeanobsndfr.org\/en\/actualites-fr\/combat-contre-pauvrete\/encourager-integration-personnes-sans-arbi-et-sensibiliser-opinion-probleme-exclusion-sociale\/\" \/>\n\t<meta name=\"generator\" content=\"All in One SEO (AIOSEO) 5.0.1.1\" \/>\n\t\t<meta property=\"og:locale\" content=\"en_GB\" \/>\n\t\t<meta property=\"og:site_name\" content=\"Observatoire Europ\u00e9en de la Non-Discrimination et des Droits Fondamentaux\" \/>\n\t\t<meta property=\"og:type\" content=\"non_profit\" \/>\n\t\t<meta property=\"og:title\" content=\"Sensibilisation au probl\u00e8me de l&#039;exclusion sociale \u00e0 Lisbonne | O.E.N.D.D.F.\" \/>\n\t\t<meta property=\"og:description\" content=\"Objectif : encourager l&#039;int\u00e9gration de personnes sans-abri par des distributions gratuites de repas et sensibiliser l&#039;opinion \u00e0 l&#039;exclusion sociale.\" \/>\n\t\t<meta property=\"og:url\" content=\"https:\/\/europeanobsndfr.org\/en\/actualites-fr\/combat-contre-pauvrete\/encourager-integration-personnes-sans-arbi-et-sensibiliser-opinion-probleme-exclusion-sociale\/\" \/>\n\t\t<meta property=\"og:image\" content=\"https:\/\/europeanobsndfr.org\/wp-content\/uploads\/2016\/11\/logo-oenddf.jpg\" \/>\n\t\t<meta property=\"og:image:secure_url\" content=\"https:\/\/europeanobsndfr.org\/wp-content\/uploads\/2016\/11\/logo-oenddf.jpg\" \/>\n\t\t<meta property=\"og:image:width\" content=\"830\" \/>\n\t\t<meta property=\"og:image:height\" content=\"600\" \/>\n\t\t<meta name=\"twitter:card\" content=\"summary\" \/>\n\t\t<meta name=\"twitter:site\" content=\"@europeanobs\" \/>\n\t\t<meta name=\"twitter:title\" content=\"Sensibilisation au probl\u00e8me de l&#039;exclusion sociale \u00e0 Lisbonne | O.E.N.D.D.F.\" \/>\n\t\t<meta name=\"twitter:description\" content=\"Objectif : encourager l&#039;int\u00e9gration de personnes sans-abri par des distributions gratuites de repas et sensibiliser l&#039;opinion \u00e0 l&#039;exclusion sociale.\" \/>\n\t\t<meta name=\"twitter:creator\" content=\"@europeanobs\" \/>\n\t\t<meta name=\"twitter:image\" content=\"https:\/\/europeanobsndfr.org\/wp-content\/uploads\/2016\/11\/logo-oenddf.jpg\" \/>\n\t\t<script type=\"application\/ld+json\" class=\"aioseo-schema\">\n\t\t\t{\"@context\":\"https:\\\/\\\/schema.org\",\"@graph\":[{\"@type\":\"Article\",\"@id\":\"https:\\\/\\\/europeanobsndfr.org\\\/en\\\/actualites-fr\\\/combat-contre-pauvrete\\\/encourager-integration-personnes-sans-arbi-et-sensibiliser-opinion-probleme-exclusion-sociale\\\/#article\",\"name\":\"Sensibilisation au probl\\u00e8me de l'exclusion sociale \\u00e0 Lisbonne | O.E.N.D.D.F.\",\"headline\":\"LISBONNE, PORTUGAL : Encourager l&rsquo;int\\u00e9gration de personnes sans-abri et sensibiliser l&rsquo;opinion \\u00e0 l&rsquo;exclusion sociale.\",\"author\":{\"@id\":\"https:\\\/\\\/europeanobsndfr.org\\\/en\\\/author\\\/admin\\\/#author\"},\"publisher\":{\"@id\":\"https:\\\/\\\/europeanobsndfr.org\\\/en\\\/#organization\"},\"image\":{\"@type\":\"ImageObject\",\"url\":\"https:\\\/\\\/europeanobsndfr.org\\\/wp-content\\\/uploads\\\/2016\\\/06\\\/Lisbonne-cartons-1-300x225.jpg\",\"@id\":\"https:\\\/\\\/europeanobsndfr.org\\\/en\\\/actualites-fr\\\/combat-contre-pauvrete\\\/encourager-integration-personnes-sans-arbi-et-sensibiliser-opinion-probleme-exclusion-sociale\\\/#articleImage\"},\"datePublished\":\"2016-06-16T07:12:37+01:00\",\"dateModified\":\"2016-12-02T21:24:32+01:00\",\"inLanguage\":\"en-GB\",\"mainEntityOfPage\":{\"@id\":\"https:\\\/\\\/europeanobsndfr.org\\\/en\\\/actualites-fr\\\/combat-contre-pauvrete\\\/encourager-integration-personnes-sans-arbi-et-sensibiliser-opinion-probleme-exclusion-sociale\\\/#webpage\"},\"isPartOf\":{\"@id\":\"https:\\\/\\\/europeanobsndfr.org\\\/en\\\/actualites-fr\\\/combat-contre-pauvrete\\\/encourager-integration-personnes-sans-arbi-et-sensibiliser-opinion-probleme-exclusion-sociale\\\/#webpage\"},\"articleSection\":\"Combat contre la pauvret\\u00e9, contre l'exclusion sociale et en faveur de l'inclusion sociale, aide alimentaire, aide aux sans-abris, aide d'urgence, aide humaine, Discrimination en fonction de l'orientation sexuelle, distribution de repas, sans-abri, sensibilisation de l'opinion, soutien humain, soutien moral\"},{\"@type\":\"BreadcrumbList\",\"@id\":\"https:\\\/\\\/europeanobsndfr.org\\\/en\\\/actualites-fr\\\/combat-contre-pauvrete\\\/encourager-integration-personnes-sans-arbi-et-sensibiliser-opinion-probleme-exclusion-sociale\\\/#breadcrumblist\",\"itemListElement\":[{\"@type\":\"ListItem\",\"@id\":\"https:\\\/\\\/europeanobsndfr.org\\\/en#listItem\",\"position\":1,\"name\":\"Accueil\",\"item\":\"https:\\\/\\\/europeanobsndfr.org\\\/en\",\"nextItem\":{\"@type\":\"ListItem\",\"@id\":\"https:\\\/\\\/europeanobsndfr.org\\\/en\\\/category\\\/actualites-fr\\\/#listItem\",\"name\":\"Actualit\\u00e9\"}},{\"@type\":\"ListItem\",\"@id\":\"https:\\\/\\\/europeanobsndfr.org\\\/en\\\/category\\\/actualites-fr\\\/#listItem\",\"position\":2,\"name\":\"Actualit\\u00e9\",\"item\":\"https:\\\/\\\/europeanobsndfr.org\\\/en\\\/category\\\/actualites-fr\\\/\",\"nextItem\":{\"@type\":\"ListItem\",\"@id\":\"https:\\\/\\\/europeanobsndfr.org\\\/en\\\/category\\\/actualites-fr\\\/combat-contre-pauvrete\\\/#listItem\",\"name\":\"Combat contre la pauvret\\u00e9, contre l'exclusion sociale et en faveur de l'inclusion sociale\"},\"previousItem\":{\"@type\":\"ListItem\",\"@id\":\"https:\\\/\\\/europeanobsndfr.org\\\/en#listItem\",\"name\":\"Accueil\"}},{\"@type\":\"ListItem\",\"@id\":\"https:\\\/\\\/europeanobsndfr.org\\\/en\\\/category\\\/actualites-fr\\\/combat-contre-pauvrete\\\/#listItem\",\"position\":3,\"name\":\"Combat contre la pauvret\\u00e9, contre l'exclusion sociale et en faveur de l'inclusion sociale\",\"item\":\"https:\\\/\\\/europeanobsndfr.org\\\/en\\\/category\\\/actualites-fr\\\/combat-contre-pauvrete\\\/\",\"nextItem\":{\"@type\":\"ListItem\",\"@id\":\"https:\\\/\\\/europeanobsndfr.org\\\/en\\\/actualites-fr\\\/combat-contre-pauvrete\\\/encourager-integration-personnes-sans-arbi-et-sensibiliser-opinion-probleme-exclusion-sociale\\\/#listItem\",\"name\":\"LISBONNE, PORTUGAL : Encourager l&rsquo;int\\u00e9gration de personnes sans-abri et sensibiliser l&rsquo;opinion \\u00e0 l&rsquo;exclusion sociale.\"},\"previousItem\":{\"@type\":\"ListItem\",\"@id\":\"https:\\\/\\\/europeanobsndfr.org\\\/en\\\/category\\\/actualites-fr\\\/#listItem\",\"name\":\"Actualit\\u00e9\"}},{\"@type\":\"ListItem\",\"@id\":\"https:\\\/\\\/europeanobsndfr.org\\\/en\\\/actualites-fr\\\/combat-contre-pauvrete\\\/encourager-integration-personnes-sans-arbi-et-sensibiliser-opinion-probleme-exclusion-sociale\\\/#listItem\",\"position\":4,\"name\":\"LISBONNE, PORTUGAL : Encourager l&rsquo;int\\u00e9gration de personnes sans-abri et sensibiliser l&rsquo;opinion \\u00e0 l&rsquo;exclusion sociale.\",\"previousItem\":{\"@type\":\"ListItem\",\"@id\":\"https:\\\/\\\/europeanobsndfr.org\\\/en\\\/category\\\/actualites-fr\\\/combat-contre-pauvrete\\\/#listItem\",\"name\":\"Combat contre la pauvret\\u00e9, contre l'exclusion sociale et en faveur de l'inclusion sociale\"}}]},{\"@type\":\"Organization\",\"@id\":\"https:\\\/\\\/europeanobsndfr.org\\\/en\\\/#organization\",\"name\":\"OENDDF\",\"description\":\"Organisation Internationale Non-Gouvernementale\",\"url\":\"https:\\\/\\\/europeanobsndfr.org\\\/en\\\/\",\"logo\":{\"@type\":\"ImageObject\",\"url\":\"https:\\\/\\\/europeanobsndfr.org\\\/wp-content\\\/uploads\\\/2016\\\/11\\\/cropped-logo-oenddf.jpg\",\"@id\":\"https:\\\/\\\/europeanobsndfr.org\\\/en\\\/actualites-fr\\\/combat-contre-pauvrete\\\/encourager-integration-personnes-sans-arbi-et-sensibiliser-opinion-probleme-exclusion-sociale\\\/#organizationLogo\",\"width\":701,\"height\":600,\"caption\":\"Logo OENDDF\"},\"image\":{\"@id\":\"https:\\\/\\\/europeanobsndfr.org\\\/en\\\/actualites-fr\\\/combat-contre-pauvrete\\\/encourager-integration-personnes-sans-arbi-et-sensibiliser-opinion-probleme-exclusion-sociale\\\/#organizationLogo\"},\"sameAs\":[\"https:\\\/\\\/twitter.com\\\/europeanobs\",\"https:\\\/\\\/www.instagram.com\\\/oenddf_ngo\\\/\",\"https:\\\/\\\/www.youtube.com\\\/channel\\\/UCO9vz5fybFw1Q8pvN00CDgA\"]},{\"@type\":\"Person\",\"@id\":\"https:\\\/\\\/europeanobsndfr.org\\\/en\\\/author\\\/admin\\\/#author\",\"url\":\"https:\\\/\\\/europeanobsndfr.org\\\/en\\\/author\\\/admin\\\/\",\"name\":\"OENDDF\",\"image\":{\"@type\":\"ImageObject\",\"@id\":\"https:\\\/\\\/europeanobsndfr.org\\\/en\\\/actualites-fr\\\/combat-contre-pauvrete\\\/encourager-integration-personnes-sans-arbi-et-sensibiliser-opinion-probleme-exclusion-sociale\\\/#authorImage\",\"url\":\"https:\\\/\\\/secure.gravatar.com\\\/avatar\\\/f64bd673bdf1f612f36226606d41703598d9c028a910d72b461acb19a72f63d5?s=96&d=mm&r=g\",\"width\":96,\"height\":96,\"caption\":\"OENDDF\"}},{\"@type\":\"WebPage\",\"@id\":\"https:\\\/\\\/europeanobsndfr.org\\\/en\\\/actualites-fr\\\/combat-contre-pauvrete\\\/encourager-integration-personnes-sans-arbi-et-sensibiliser-opinion-probleme-exclusion-sociale\\\/#webpage\",\"url\":\"https:\\\/\\\/europeanobsndfr.org\\\/en\\\/actualites-fr\\\/combat-contre-pauvrete\\\/encourager-integration-personnes-sans-arbi-et-sensibiliser-opinion-probleme-exclusion-sociale\\\/\",\"name\":\"Sensibilisation au probl\\u00e8me de l'exclusion sociale \\u00e0 Lisbonne | O.E.N.D.D.F.\",\"description\":\"Objectif : encourager l'int\\u00e9gration de personnes sans-abri par des distributions gratuites de repas et sensibiliser l'opinion \\u00e0 l'exclusion sociale.\",\"inLanguage\":\"en-GB\",\"isPartOf\":{\"@id\":\"https:\\\/\\\/europeanobsndfr.org\\\/en\\\/#website\"},\"breadcrumb\":{\"@id\":\"https:\\\/\\\/europeanobsndfr.org\\\/en\\\/actualites-fr\\\/combat-contre-pauvrete\\\/encourager-integration-personnes-sans-arbi-et-sensibiliser-opinion-probleme-exclusion-sociale\\\/#breadcrumblist\"},\"author\":{\"@id\":\"https:\\\/\\\/europeanobsndfr.org\\\/en\\\/author\\\/admin\\\/#author\"},\"creator\":{\"@id\":\"https:\\\/\\\/europeanobsndfr.org\\\/en\\\/author\\\/admin\\\/#author\"},\"datePublished\":\"2016-06-16T07:12:37+01:00\",\"dateModified\":\"2016-12-02T21:24:32+01:00\"},{\"@type\":\"WebSite\",\"@id\":\"https:\\\/\\\/europeanobsndfr.org\\\/en\\\/#website\",\"url\":\"https:\\\/\\\/europeanobsndfr.org\\\/en\\\/\",\"name\":\"Observatoire Europ\\u00e9en de la Non-Discrimination et des Droits Fondamentaux\",\"description\":\"Organisation Internationale Non-Gouvernementale\",\"inLanguage\":\"en-GB\",\"publisher\":{\"@id\":\"https:\\\/\\\/europeanobsndfr.org\\\/en\\\/#organization\"}}]}\n\t\t<\/script>\n\t\t<!-- All in One SEO -->\n\n","aioseo_head_json":{"title":"Sensibilisation au probl\u00e8me de l'exclusion sociale \u00e0 Lisbonne | O.E.N.D.D.F.","description":"Objectif : encourager l'int\u00e9gration de personnes sans-abri par des distributions gratuites de repas et sensibiliser l'opinion \u00e0 l'exclusion sociale.","canonical_url":"https:\/\/europeanobsndfr.org\/en\/actualites-fr\/combat-contre-pauvrete\/encourager-integration-personnes-sans-arbi-et-sensibiliser-opinion-probleme-exclusion-sociale\/","robots":"max-snippet:-1, max-image-preview:large, max-video-preview:-1","keywords":"","webmasterTools":{"google-site-verification":"KZsAbCyd-Ww06m2-MlFPa7EphgzWqs90ra8o0LfM_K8","miscellaneous":""},"schema":{"@context":"https:\/\/schema.org","@graph":[{"@type":"Article","@id":"https:\/\/europeanobsndfr.org\/en\/actualites-fr\/combat-contre-pauvrete\/encourager-integration-personnes-sans-arbi-et-sensibiliser-opinion-probleme-exclusion-sociale\/#article","name":"Sensibilisation au probl\u00e8me de l'exclusion sociale \u00e0 Lisbonne | O.E.N.D.D.F.","headline":"LISBONNE, PORTUGAL : Encourager l&rsquo;int\u00e9gration de personnes sans-abri et sensibiliser l&rsquo;opinion \u00e0 l&rsquo;exclusion sociale.","author":{"@id":"https:\/\/europeanobsndfr.org\/en\/author\/admin\/#author"},"publisher":{"@id":"https:\/\/europeanobsndfr.org\/en\/#organization"},"image":{"@type":"ImageObject","url":"https:\/\/europeanobsndfr.org\/wp-content\/uploads\/2016\/06\/Lisbonne-cartons-1-300x225.jpg","@id":"https:\/\/europeanobsndfr.org\/en\/actualites-fr\/combat-contre-pauvrete\/encourager-integration-personnes-sans-arbi-et-sensibiliser-opinion-probleme-exclusion-sociale\/#articleImage"},"datePublished":"2016-06-16T07:12:37+01:00","dateModified":"2016-12-02T21:24:32+01:00","inLanguage":"en-GB","mainEntityOfPage":{"@id":"https:\/\/europeanobsndfr.org\/en\/actualites-fr\/combat-contre-pauvrete\/encourager-integration-personnes-sans-arbi-et-sensibiliser-opinion-probleme-exclusion-sociale\/#webpage"},"isPartOf":{"@id":"https:\/\/europeanobsndfr.org\/en\/actualites-fr\/combat-contre-pauvrete\/encourager-integration-personnes-sans-arbi-et-sensibiliser-opinion-probleme-exclusion-sociale\/#webpage"},"articleSection":"Combat contre la pauvret\u00e9, contre l'exclusion sociale et en faveur de l'inclusion sociale, aide alimentaire, aide aux sans-abris, aide d'urgence, aide humaine, Discrimination en fonction de l'orientation sexuelle, distribution de repas, sans-abri, sensibilisation de l'opinion, soutien humain, soutien moral"},{"@type":"BreadcrumbList","@id":"https:\/\/europeanobsndfr.org\/en\/actualites-fr\/combat-contre-pauvrete\/encourager-integration-personnes-sans-arbi-et-sensibiliser-opinion-probleme-exclusion-sociale\/#breadcrumblist","itemListElement":[{"@type":"ListItem","@id":"https:\/\/europeanobsndfr.org\/en#listItem","position":1,"name":"Accueil","item":"https:\/\/europeanobsndfr.org\/en","nextItem":{"@type":"ListItem","@id":"https:\/\/europeanobsndfr.org\/en\/category\/actualites-fr\/#listItem","name":"Actualit\u00e9"}},{"@type":"ListItem","@id":"https:\/\/europeanobsndfr.org\/en\/category\/actualites-fr\/#listItem","position":2,"name":"Actualit\u00e9","item":"https:\/\/europeanobsndfr.org\/en\/category\/actualites-fr\/","nextItem":{"@type":"ListItem","@id":"https:\/\/europeanobsndfr.org\/en\/category\/actualites-fr\/combat-contre-pauvrete\/#listItem","name":"Combat contre la pauvret\u00e9, contre l'exclusion sociale et en faveur de l'inclusion sociale"},"previousItem":{"@type":"ListItem","@id":"https:\/\/europeanobsndfr.org\/en#listItem","name":"Accueil"}},{"@type":"ListItem","@id":"https:\/\/europeanobsndfr.org\/en\/category\/actualites-fr\/combat-contre-pauvrete\/#listItem","position":3,"name":"Combat contre la pauvret\u00e9, contre l'exclusion sociale et en faveur de l'inclusion sociale","item":"https:\/\/europeanobsndfr.org\/en\/category\/actualites-fr\/combat-contre-pauvrete\/","nextItem":{"@type":"ListItem","@id":"https:\/\/europeanobsndfr.org\/en\/actualites-fr\/combat-contre-pauvrete\/encourager-integration-personnes-sans-arbi-et-sensibiliser-opinion-probleme-exclusion-sociale\/#listItem","name":"LISBONNE, PORTUGAL : Encourager l&rsquo;int\u00e9gration de personnes sans-abri et sensibiliser l&rsquo;opinion \u00e0 l&rsquo;exclusion sociale."},"previousItem":{"@type":"ListItem","@id":"https:\/\/europeanobsndfr.org\/en\/category\/actualites-fr\/#listItem","name":"Actualit\u00e9"}},{"@type":"ListItem","@id":"https:\/\/europeanobsndfr.org\/en\/actualites-fr\/combat-contre-pauvrete\/encourager-integration-personnes-sans-arbi-et-sensibiliser-opinion-probleme-exclusion-sociale\/#listItem","position":4,"name":"LISBONNE, PORTUGAL : Encourager l&rsquo;int\u00e9gration de personnes sans-abri et sensibiliser l&rsquo;opinion \u00e0 l&rsquo;exclusion sociale.","previousItem":{"@type":"ListItem","@id":"https:\/\/europeanobsndfr.org\/en\/category\/actualites-fr\/combat-contre-pauvrete\/#listItem","name":"Combat contre la pauvret\u00e9, contre l'exclusion sociale et en faveur de l'inclusion sociale"}}]},{"@type":"Organization","@id":"https:\/\/europeanobsndfr.org\/en\/#organization","name":"OENDDF","description":"Organisation Internationale Non-Gouvernementale","url":"https:\/\/europeanobsndfr.org\/en\/","logo":{"@type":"ImageObject","url":"https:\/\/europeanobsndfr.org\/wp-content\/uploads\/2016\/11\/cropped-logo-oenddf.jpg","@id":"https:\/\/europeanobsndfr.org\/en\/actualites-fr\/combat-contre-pauvrete\/encourager-integration-personnes-sans-arbi-et-sensibiliser-opinion-probleme-exclusion-sociale\/#organizationLogo","width":701,"height":600,"caption":"Logo OENDDF"},"image":{"@id":"https:\/\/europeanobsndfr.org\/en\/actualites-fr\/combat-contre-pauvrete\/encourager-integration-personnes-sans-arbi-et-sensibiliser-opinion-probleme-exclusion-sociale\/#organizationLogo"},"sameAs":["https:\/\/twitter.com\/europeanobs","https:\/\/www.instagram.com\/oenddf_ngo\/","https:\/\/www.youtube.com\/channel\/UCO9vz5fybFw1Q8pvN00CDgA"]},{"@type":"Person","@id":"https:\/\/europeanobsndfr.org\/en\/author\/admin\/#author","url":"https:\/\/europeanobsndfr.org\/en\/author\/admin\/","name":"OENDDF","image":{"@type":"ImageObject","@id":"https:\/\/europeanobsndfr.org\/en\/actualites-fr\/combat-contre-pauvrete\/encourager-integration-personnes-sans-arbi-et-sensibiliser-opinion-probleme-exclusion-sociale\/#authorImage","url":"https:\/\/secure.gravatar.com\/avatar\/f64bd673bdf1f612f36226606d41703598d9c028a910d72b461acb19a72f63d5?s=96&d=mm&r=g","width":96,"height":96,"caption":"OENDDF"}},{"@type":"WebPage","@id":"https:\/\/europeanobsndfr.org\/en\/actualites-fr\/combat-contre-pauvrete\/encourager-integration-personnes-sans-arbi-et-sensibiliser-opinion-probleme-exclusion-sociale\/#webpage","url":"https:\/\/europeanobsndfr.org\/en\/actualites-fr\/combat-contre-pauvrete\/encourager-integration-personnes-sans-arbi-et-sensibiliser-opinion-probleme-exclusion-sociale\/","name":"Sensibilisation au probl\u00e8me de l'exclusion sociale \u00e0 Lisbonne | O.E.N.D.D.F.","description":"Objectif : encourager l'int\u00e9gration de personnes sans-abri par des distributions gratuites de repas et sensibiliser l'opinion \u00e0 l'exclusion sociale.","inLanguage":"en-GB","isPartOf":{"@id":"https:\/\/europeanobsndfr.org\/en\/#website"},"breadcrumb":{"@id":"https:\/\/europeanobsndfr.org\/en\/actualites-fr\/combat-contre-pauvrete\/encourager-integration-personnes-sans-arbi-et-sensibiliser-opinion-probleme-exclusion-sociale\/#breadcrumblist"},"author":{"@id":"https:\/\/europeanobsndfr.org\/en\/author\/admin\/#author"},"creator":{"@id":"https:\/\/europeanobsndfr.org\/en\/author\/admin\/#author"},"datePublished":"2016-06-16T07:12:37+01:00","dateModified":"2016-12-02T21:24:32+01:00"},{"@type":"WebSite","@id":"https:\/\/europeanobsndfr.org\/en\/#website","url":"https:\/\/europeanobsndfr.org\/en\/","name":"Observatoire Europ\u00e9en de la Non-Discrimination et des Droits Fondamentaux","description":"Organisation Internationale Non-Gouvernementale","inLanguage":"en-GB","publisher":{"@id":"https:\/\/europeanobsndfr.org\/en\/#organization"}}]},"og:locale":"en_GB","og:site_name":"Observatoire Europ\u00e9en de la Non-Discrimination et des Droits Fondamentaux","og:type":"non_profit","og:title":"Sensibilisation au probl\u00e8me de l'exclusion sociale \u00e0 Lisbonne | O.E.N.D.D.F.","og:description":"Objectif : encourager l'int\u00e9gration de personnes sans-abri par des distributions gratuites de repas et sensibiliser l'opinion \u00e0 l'exclusion sociale.","og:url":"https:\/\/europeanobsndfr.org\/en\/actualites-fr\/combat-contre-pauvrete\/encourager-integration-personnes-sans-arbi-et-sensibiliser-opinion-probleme-exclusion-sociale\/","og:image":"https:\/\/europeanobsndfr.org\/wp-content\/uploads\/2016\/11\/logo-oenddf.jpg","og:image:secure_url":"https:\/\/europeanobsndfr.org\/wp-content\/uploads\/2016\/11\/logo-oenddf.jpg","og:image:width":830,"og:image:height":600,"twitter:card":"summary","twitter:site":"@europeanobs","twitter:title":"Sensibilisation au probl\u00e8me de l'exclusion sociale \u00e0 Lisbonne | O.E.N.D.D.F.","twitter:description":"Objectif : encourager l'int\u00e9gration de personnes sans-abri par des distributions gratuites de repas et sensibiliser l'opinion \u00e0 l'exclusion sociale.","twitter:creator":"@europeanobs","twitter:image":"https:\/\/europeanobsndfr.org\/wp-content\/uploads\/2016\/11\/logo-oenddf.jpg"},"aioseo_meta_data":{"post_id":"5664","title":"Sensibilisation au probl\u00e8me de l'exclusion sociale \u00e0 Lisbonne | O.E.N.D.D.F.","description":"Objectif : encourager l'int\u00e9gration de personnes sans-abri par des distributions gratuites de repas et sensibiliser l'opinion \u00e0 l'exclusion sociale.","keywords":null,"keyphrases":null,"primary_term":null,"canonical_url":null,"og_title":"","og_description":"","og_object_type":"non_profit","og_image_type":"default","og_image_url":null,"og_image_width":null,"og_image_height":null,"og_image_custom_url":null,"og_image_custom_fields":null,"og_video":"","og_custom_url":null,"og_article_section":"","og_article_tags":"","twitter_use_og":false,"twitter_card":"summary","twitter_image_type":"default","twitter_image_url":null,"twitter_image_custom_url":null,"twitter_image_custom_fields":null,"twitter_title":null,"twitter_description":null,"schema":{"blockGraphs":[],"customGraphs":[],"default":{"data":{"Article":[],"Course":[],"Dataset":[],"FAQPage":[],"Movie":[],"Person":[],"Product":[],"ProductReview":[],"Car":[],"Recipe":[],"Service":[],"SoftwareApplication":[],"WebPage":[]},"graphName":"","isEnabled":true},"graphs":[]},"schema_type":null,"schema_type_options":null,"pillar_content":false,"robots_default":true,"robots_noindex":false,"robots_noarchive":false,"robots_nosnippet":false,"robots_nofollow":false,"robots_noimageindex":false,"robots_noodp":false,"robots_notranslate":false,"robots_max_snippet":null,"robots_max_videopreview":null,"robots_max_imagepreview":"large","priority":null,"frequency":null,"local_seo":null,"breadcrumb_settings":null,"limit_modified_date":false,"ai":null,"created":"2021-01-22 17:51:40","updated":"2025-08-01 09:14:49","focus_keyword":null,"additional_keywords":null,"truseo_locale":null,"seo_analyzer_scan_date":null},"jetpack_featured_media_url":"","jetpack-related-posts":[],"jetpack_sharing_enabled":true,"_links":{"self":[{"href":"https:\/\/europeanobsndfr.org\/en\/wp-json\/wp\/v2\/posts\/5664","targetHints":{"allow":["GET"]}}],"collection":[{"href":"https:\/\/europeanobsndfr.org\/en\/wp-json\/wp\/v2\/posts"}],"about":[{"href":"https:\/\/europeanobsndfr.org\/en\/wp-json\/wp\/v2\/types\/post"}],"author":[{"embeddable":true,"href":"https:\/\/europeanobsndfr.org\/en\/wp-json\/wp\/v2\/users\/1"}],"replies":[{"embeddable":true,"href":"https:\/\/europeanobsndfr.org\/en\/wp-json\/wp\/v2\/comments?post=5664"}],"version-history":[{"count":0,"href":"https:\/\/europeanobsndfr.org\/en\/wp-json\/wp\/v2\/posts\/5664\/revisions"}],"wp:attachment":[{"href":"https:\/\/europeanobsndfr.org\/en\/wp-json\/wp\/v2\/media?parent=5664"}],"wp:term":[{"taxonomy":"category","embeddable":true,"href":"https:\/\/europeanobsndfr.org\/en\/wp-json\/wp\/v2\/categories?post=5664"},{"taxonomy":"post_tag","embeddable":true,"href":"https:\/\/europeanobsndfr.org\/en\/wp-json\/wp\/v2\/tags?post=5664"}],"curies":[{"name":"wp","href":"https:\/\/api.w.org\/{rel}","templated":true}]}}