{"id":6556,"date":"2016-09-02T14:34:12","date_gmt":"2016-09-02T14:34:12","guid":{"rendered":"https:\/\/europeanobsndfr.org\/actualites-fr\/asylum-migration-and-borders\/free-distribution-operation-of-meals-to-persons-facing-material-and-moral-difficulties-nantes-france\/"},"modified":"2016-12-01T13:28:56","modified_gmt":"2016-12-01T13:28:56","slug":"operation-distribution-repas-gratuits-personnes-sans-abri-personnes-difficultes-materielle-et-morale","status":"publish","type":"post","link":"https:\/\/europeanobsndfr.org\/en\/actualites-fr\/combat-contre-pauvrete\/operation-distribution-repas-gratuits-personnes-sans-abri-personnes-difficultes-materielle-et-morale\/","title":{"rendered":"Op\u00e9ration de distribution gratuite de repas \u00e0 des personnes sans-abri et des personnes en grande difficult\u00e9 mat\u00e9rielle et morale, \u00e0 NANTES, FRANCE."},"content":{"rendered":"<p style=\"text-align: justify;\"><strong><span style=\"text-decoration: underline;\">Objectif :<\/span>\u00a0<\/strong><strong><span class=\"Apple-style-span\">Favoriser l\u2019int\u00e9gration de personnes sans-abri et de personnes en situation de grande difficult\u00e9 mat\u00e9rielle et morale, par\u00a0une activit\u00e9 de distribution de repas et au moyen d&rsquo;un support humain et moral<\/span>.<\/strong><\/p>\n<div style=\"text-align: justify;\"><span style=\"text-decoration: underline;\"><strong>Lieu de l\u2019action\u00a0:<\/strong><\/span><strong>\u00a0March\u00e9 de TALENSAC, NANTES\u00a0(44)<\/strong><strong>, FRANCE.<\/strong><\/div>\n<p style=\"text-align: justify;\"><span style=\"text-decoration: underline;\"><strong>Moyens d\u2019action :\u00a0<\/strong><\/span><\/p>\n<p style=\"text-align: justify;\"><span style=\"text-decoration: underline;\"><strong>Juillet et Ao\u00fbt 2016\u00a0<\/strong><strong>:<\/strong>\u00a0<\/span>D<span class=\"Apple-style-span\">\u00e9placement et intervention d\u2019une \u00e9quipe\u00a0de volontaires b\u00e9n\u00e9voles\u00a0de notre Association, chaque dimanche, en vue\u00a0<strong>d\u2019une op\u00e9ration de distribution gratuite de repas<\/strong>\u00a0\u00e0 des personnes sans-abri et des personnes en grande difficult\u00e9 mat\u00e9rielle et morale, \u00e0\u00a0<strong>NANTES\u00a0(44, FRANCE),<\/strong>\u00a0de 18 heures \u00e0 19 heures 30,\u00a0et en vue de leur donner un soutien moral et humain. Evaluation de leurs besoins d\u2019un logement d\u00e9cent. Recherche sp\u00e9cifique de solutions de logement.<\/span><\/p>\n<p><b><u><span class=\"Apple-style-span\"><strong>Domaine d\u2019intervention vis\u00e9 par\u00a0la Commission Europ\u00e9enne\u00a0<\/strong><strong>:<\/strong><strong>\u00a0Strat\u00e9gie Europe 2020.\u00a0<\/strong><a href=\"http:\/\/ec.europa.eu\/social\/main.jsp?catId=961&amp;langId=en\"><strong>Plateforme europ\u00e9enne contre la Pauvret\u00e9 et l\u2019Exclusion sociale<\/strong><\/a><strong>.<\/strong><\/span><\/u><\/b><\/p>\n<p>[av_content_slider heading=\u00a0\u00bb columns=&rsquo;1&prime; animation=&rsquo;slide&rsquo; navigation=&rsquo;arrows&rsquo; autoplay=&rsquo;true&rsquo; interval=&rsquo;4&prime; font_color=\u00a0\u00bb color=\u00a0\u00bb]<br \/>\n[av_content_slide title=&rsquo;Distribution gratuite de repas le dimanche&rsquo; link=\u00a0\u00bb linktarget=\u00a0\u00bb]<br \/>\n<a href=\"https:\/\/europeanobsndfr.org\/wp-content\/uploads\/2016\/09\/camion-ao\u00f4t-2016-Christine-et-Didier.jpg\"><img loading=\"lazy\" decoding=\"async\" class=\"aligncenter size-medium wp-image-6552\" src=\"https:\/\/europeanobsndfr.org\/wp-content\/uploads\/2016\/09\/camion-ao\u00f4t-2016-Christine-et-Didier-300x194.jpg\" alt=\"camion ao\u00f4t 2016 Christine et Didier\" width=\"300\" height=\"194\" srcset=\"https:\/\/europeanobsndfr.org\/wp-content\/uploads\/2016\/09\/camion-ao\u00f4t-2016-Christine-et-Didier-300x194.jpg 300w, https:\/\/europeanobsndfr.org\/wp-content\/uploads\/2016\/09\/camion-ao\u00f4t-2016-Christine-et-Didier-768x497.jpg 768w, https:\/\/europeanobsndfr.org\/wp-content\/uploads\/2016\/09\/camion-ao\u00f4t-2016-Christine-et-Didier-705x456.jpg 705w, https:\/\/europeanobsndfr.org\/wp-content\/uploads\/2016\/09\/camion-ao\u00f4t-2016-Christine-et-Didier.jpg 1024w\" sizes=\"auto, (max-width: 300px) 100vw, 300px\" \/><\/a><br \/>\n[\/av_content_slide]<br \/>\n[av_content_slide title=&rsquo;Distribution gratuite de repas le dimanche&rsquo; link=\u00a0\u00bb linktarget=\u00a0\u00bb]<br \/>\n<a href=\"https:\/\/europeanobsndfr.org\/wp-content\/uploads\/2016\/09\/camion-2-ao\u00fbt-2016.jpg\"><img loading=\"lazy\" decoding=\"async\" class=\"aligncenter size-medium wp-image-6551\" src=\"https:\/\/europeanobsndfr.org\/wp-content\/uploads\/2016\/09\/camion-2-ao\u00fbt-2016-300x237.jpg\" alt=\"camion 2 ao\u00fbt 2016\" width=\"300\" height=\"237\" srcset=\"https:\/\/europeanobsndfr.org\/wp-content\/uploads\/2016\/09\/camion-2-ao\u00fbt-2016-300x237.jpg 300w, https:\/\/europeanobsndfr.org\/wp-content\/uploads\/2016\/09\/camion-2-ao\u00fbt-2016-768x608.jpg 768w, https:\/\/europeanobsndfr.org\/wp-content\/uploads\/2016\/09\/camion-2-ao\u00fbt-2016-705x558.jpg 705w, https:\/\/europeanobsndfr.org\/wp-content\/uploads\/2016\/09\/camion-2-ao\u00fbt-2016.jpg 1024w\" sizes=\"auto, (max-width: 300px) 100vw, 300px\" \/><\/a><br \/>\n[\/av_content_slide]<br \/>\n[av_content_slide title=&rsquo;Distribution gratuite de repas le dimanche&rsquo; link=\u00a0\u00bb linktarget=\u00a0\u00bb]<br \/>\n<a href=\"https:\/\/europeanobsndfr.org\/wp-content\/uploads\/2016\/08\/Photo-Maraude-de-rue-Juillet-2016.png\"><img loading=\"lazy\" decoding=\"async\" class=\"aligncenter size-medium wp-image-6392\" src=\"https:\/\/europeanobsndfr.org\/wp-content\/uploads\/2016\/08\/Photo-Maraude-de-rue-Juillet-2016-169x300.png\" alt=\"Photo Maraude de rue Juillet 2016\" width=\"169\" height=\"300\" srcset=\"https:\/\/europeanobsndfr.org\/wp-content\/uploads\/2016\/08\/Photo-Maraude-de-rue-Juillet-2016-169x300.png 169w, https:\/\/europeanobsndfr.org\/wp-content\/uploads\/2016\/08\/Photo-Maraude-de-rue-Juillet-2016-397x705.png 397w, https:\/\/europeanobsndfr.org\/wp-content\/uploads\/2016\/08\/Photo-Maraude-de-rue-Juillet-2016.png 576w\" sizes=\"auto, (max-width: 169px) 100vw, 169px\" \/><\/a><br \/>\n[\/av_content_slide]<br \/>\n[\/av_content_slider]<\/p>\n","protected":false},"excerpt":{"rendered":"<p>Objectif :\u00a0Favoriser l\u2019int\u00e9gration de personnes sans-abri et de personnes en situation de grande difficult\u00e9 mat\u00e9rielle et morale, par\u00a0une activit\u00e9 de distribution de repas et au moyen d&rsquo;un support humain et moral. Lieu de l\u2019action\u00a0:\u00a0March\u00e9 de TALENSAC, NANTES\u00a0(44), FRANCE. Moyens d\u2019action :\u00a0 Juillet et Ao\u00fbt 2016\u00a0:\u00a0D\u00e9placement et intervention d\u2019une \u00e9quipe\u00a0de volontaires b\u00e9n\u00e9voles\u00a0de notre Association, chaque dimanche,&#8230;<\/p>","protected":false},"author":1,"featured_media":0,"comment_status":"closed","ping_status":"closed","sticky":false,"template":"","format":"standard","meta":{"give_campaign_id":0,"_kadence_starter_templates_imported_post":false,"_kad_post_transparent":"","_kad_post_title":"","_kad_post_layout":"","_kad_post_sidebar_id":"","_kad_post_content_style":"","_kad_post_vertical_padding":"","_kad_post_feature":"","_kad_post_feature_position":"","_kad_post_header":false,"_kad_post_footer":false,"_kad_post_classname":"","_jetpack_memberships_contains_paid_content":false,"footnotes":""},"categories":[44],"tags":[235,252,233,236,250,239,230,251],"class_list":["post-6556","post","type-post","status-publish","format-standard","hentry","category-combat-contre-pauvrete","tag-action-de-relogement","tag-aide-aux-sans-abris","tag-aide-humaine","tag-distribution-de-materiel","tag-distribution-de-repas","tag-distribution-gratuite","tag-sans-abri","tag-soutien-moral"],"aioseo_notices":[],"aioseo_head":"\n\t\t<!-- All in One SEO 5.0.1.1 - aioseo.com -->\n\t<meta name=\"description\" content=\"Objectif : distribuer des repas \u00e0 des personnes d\u00e9munies \u00e0 Nantes, favoriser leur inclusion sociale et leur apporter un soutien moral et mat\u00e9riel.\" \/>\n\t<meta name=\"robots\" content=\"max-snippet:-1, max-image-preview:large, max-video-preview:-1\" \/>\n\t<meta name=\"author\" content=\"OENDDF\"\/>\n\t<meta name=\"google-site-verification\" content=\"KZsAbCyd-Ww06m2-MlFPa7EphgzWqs90ra8o0LfM_K8\" \/>\n\t<link rel=\"canonical\" href=\"https:\/\/europeanobsndfr.org\/en\/actualites-fr\/combat-contre-pauvrete\/operation-distribution-repas-gratuits-personnes-sans-abri-personnes-difficultes-materielle-et-morale\/\" \/>\n\t<meta name=\"generator\" content=\"All in One SEO (AIOSEO) 5.0.1.1\" \/>\n\t\t<meta property=\"og:locale\" content=\"en_GB\" \/>\n\t\t<meta property=\"og:site_name\" content=\"Observatoire Europ\u00e9en de la Non-Discrimination et des Droits Fondamentaux\" \/>\n\t\t<meta property=\"og:type\" content=\"non_profit\" \/>\n\t\t<meta property=\"og:title\" content=\"Distribution gratuite de repas \u00e0 des sans-abri et des personnes en grande difficult\u00e9 mat\u00e9rielle et morale | O.E.N.D.D.F.\" \/>\n\t\t<meta property=\"og:description\" content=\"Objectif : distribuer des repas \u00e0 des personnes d\u00e9munies \u00e0 Nantes, favoriser leur inclusion sociale et leur apporter un soutien moral et mat\u00e9riel.\" \/>\n\t\t<meta property=\"og:url\" content=\"https:\/\/europeanobsndfr.org\/en\/actualites-fr\/combat-contre-pauvrete\/operation-distribution-repas-gratuits-personnes-sans-abri-personnes-difficultes-materielle-et-morale\/\" \/>\n\t\t<meta property=\"og:image\" content=\"https:\/\/europeanobsndfr.org\/wp-content\/uploads\/2016\/11\/logo-oenddf.jpg\" \/>\n\t\t<meta property=\"og:image:secure_url\" content=\"https:\/\/europeanobsndfr.org\/wp-content\/uploads\/2016\/11\/logo-oenddf.jpg\" \/>\n\t\t<meta property=\"og:image:width\" content=\"830\" \/>\n\t\t<meta property=\"og:image:height\" content=\"600\" \/>\n\t\t<meta name=\"twitter:card\" content=\"summary\" \/>\n\t\t<meta name=\"twitter:site\" content=\"@europeanobs\" \/>\n\t\t<meta name=\"twitter:title\" content=\"Distribution gratuite de repas \u00e0 des sans-abri et des personnes en grande difficult\u00e9 mat\u00e9rielle et morale | O.E.N.D.D.F.\" \/>\n\t\t<meta name=\"twitter:description\" content=\"Objectif : distribuer des repas \u00e0 des personnes d\u00e9munies \u00e0 Nantes, favoriser leur inclusion sociale et leur apporter un soutien moral et mat\u00e9riel.\" \/>\n\t\t<meta name=\"twitter:creator\" content=\"@europeanobs\" \/>\n\t\t<meta name=\"twitter:image\" content=\"https:\/\/europeanobsndfr.org\/wp-content\/uploads\/2016\/11\/logo-oenddf.jpg\" \/>\n\t\t<script type=\"application\/ld+json\" class=\"aioseo-schema\">\n\t\t\t{\"@context\":\"https:\\\/\\\/schema.org\",\"@graph\":[{\"@type\":\"Article\",\"@id\":\"https:\\\/\\\/europeanobsndfr.org\\\/en\\\/actualites-fr\\\/combat-contre-pauvrete\\\/operation-distribution-repas-gratuits-personnes-sans-abri-personnes-difficultes-materielle-et-morale\\\/#article\",\"name\":\"Distribution gratuite de repas \\u00e0 des sans-abri et des personnes en grande difficult\\u00e9 mat\\u00e9rielle et morale | O.E.N.D.D.F.\",\"headline\":\"Op\\u00e9ration de distribution gratuite de repas \\u00e0 des personnes sans-abri et des personnes en grande difficult\\u00e9 mat\\u00e9rielle et morale, \\u00e0 NANTES, FRANCE.\",\"author\":{\"@id\":\"https:\\\/\\\/europeanobsndfr.org\\\/en\\\/author\\\/admin\\\/#author\"},\"publisher\":{\"@id\":\"https:\\\/\\\/europeanobsndfr.org\\\/en\\\/#organization\"},\"image\":{\"@type\":\"ImageObject\",\"url\":\"https:\\\/\\\/europeanobsndfr.org\\\/wp-content\\\/uploads\\\/2016\\\/09\\\/camion-ao\\u00f4t-2016-Christine-et-Didier-300x194.jpg\",\"@id\":\"https:\\\/\\\/europeanobsndfr.org\\\/en\\\/actualites-fr\\\/combat-contre-pauvrete\\\/operation-distribution-repas-gratuits-personnes-sans-abri-personnes-difficultes-materielle-et-morale\\\/#articleImage\"},\"datePublished\":\"2016-09-02T14:34:12+01:00\",\"dateModified\":\"2016-12-01T13:28:56+01:00\",\"inLanguage\":\"en-GB\",\"mainEntityOfPage\":{\"@id\":\"https:\\\/\\\/europeanobsndfr.org\\\/en\\\/actualites-fr\\\/combat-contre-pauvrete\\\/operation-distribution-repas-gratuits-personnes-sans-abri-personnes-difficultes-materielle-et-morale\\\/#webpage\"},\"isPartOf\":{\"@id\":\"https:\\\/\\\/europeanobsndfr.org\\\/en\\\/actualites-fr\\\/combat-contre-pauvrete\\\/operation-distribution-repas-gratuits-personnes-sans-abri-personnes-difficultes-materielle-et-morale\\\/#webpage\"},\"articleSection\":\"Combat contre la pauvret\\u00e9, contre l'exclusion sociale et en faveur de l'inclusion sociale, action de relogement, aide aux sans-abris, aide humaine, distribution de mat\\u00e9riel, distribution de repas, distribution gratuite, sans-abri, soutien moral\"},{\"@type\":\"BreadcrumbList\",\"@id\":\"https:\\\/\\\/europeanobsndfr.org\\\/en\\\/actualites-fr\\\/combat-contre-pauvrete\\\/operation-distribution-repas-gratuits-personnes-sans-abri-personnes-difficultes-materielle-et-morale\\\/#breadcrumblist\",\"itemListElement\":[{\"@type\":\"ListItem\",\"@id\":\"https:\\\/\\\/europeanobsndfr.org\\\/en#listItem\",\"position\":1,\"name\":\"Accueil\",\"item\":\"https:\\\/\\\/europeanobsndfr.org\\\/en\",\"nextItem\":{\"@type\":\"ListItem\",\"@id\":\"https:\\\/\\\/europeanobsndfr.org\\\/en\\\/category\\\/actualites-fr\\\/#listItem\",\"name\":\"Actualit\\u00e9\"}},{\"@type\":\"ListItem\",\"@id\":\"https:\\\/\\\/europeanobsndfr.org\\\/en\\\/category\\\/actualites-fr\\\/#listItem\",\"position\":2,\"name\":\"Actualit\\u00e9\",\"item\":\"https:\\\/\\\/europeanobsndfr.org\\\/en\\\/category\\\/actualites-fr\\\/\",\"nextItem\":{\"@type\":\"ListItem\",\"@id\":\"https:\\\/\\\/europeanobsndfr.org\\\/en\\\/category\\\/actualites-fr\\\/combat-contre-pauvrete\\\/#listItem\",\"name\":\"Combat contre la pauvret\\u00e9, contre l'exclusion sociale et en faveur de l'inclusion sociale\"},\"previousItem\":{\"@type\":\"ListItem\",\"@id\":\"https:\\\/\\\/europeanobsndfr.org\\\/en#listItem\",\"name\":\"Accueil\"}},{\"@type\":\"ListItem\",\"@id\":\"https:\\\/\\\/europeanobsndfr.org\\\/en\\\/category\\\/actualites-fr\\\/combat-contre-pauvrete\\\/#listItem\",\"position\":3,\"name\":\"Combat contre la pauvret\\u00e9, contre l'exclusion sociale et en faveur de l'inclusion sociale\",\"item\":\"https:\\\/\\\/europeanobsndfr.org\\\/en\\\/category\\\/actualites-fr\\\/combat-contre-pauvrete\\\/\",\"nextItem\":{\"@type\":\"ListItem\",\"@id\":\"https:\\\/\\\/europeanobsndfr.org\\\/en\\\/actualites-fr\\\/combat-contre-pauvrete\\\/operation-distribution-repas-gratuits-personnes-sans-abri-personnes-difficultes-materielle-et-morale\\\/#listItem\",\"name\":\"Op\\u00e9ration de distribution gratuite de repas \\u00e0 des personnes sans-abri et des personnes en grande difficult\\u00e9 mat\\u00e9rielle et morale, \\u00e0 NANTES, FRANCE.\"},\"previousItem\":{\"@type\":\"ListItem\",\"@id\":\"https:\\\/\\\/europeanobsndfr.org\\\/en\\\/category\\\/actualites-fr\\\/#listItem\",\"name\":\"Actualit\\u00e9\"}},{\"@type\":\"ListItem\",\"@id\":\"https:\\\/\\\/europeanobsndfr.org\\\/en\\\/actualites-fr\\\/combat-contre-pauvrete\\\/operation-distribution-repas-gratuits-personnes-sans-abri-personnes-difficultes-materielle-et-morale\\\/#listItem\",\"position\":4,\"name\":\"Op\\u00e9ration de distribution gratuite de repas \\u00e0 des personnes sans-abri et des personnes en grande difficult\\u00e9 mat\\u00e9rielle et morale, \\u00e0 NANTES, FRANCE.\",\"previousItem\":{\"@type\":\"ListItem\",\"@id\":\"https:\\\/\\\/europeanobsndfr.org\\\/en\\\/category\\\/actualites-fr\\\/combat-contre-pauvrete\\\/#listItem\",\"name\":\"Combat contre la pauvret\\u00e9, contre l'exclusion sociale et en faveur de l'inclusion sociale\"}}]},{\"@type\":\"Organization\",\"@id\":\"https:\\\/\\\/europeanobsndfr.org\\\/en\\\/#organization\",\"name\":\"OENDDF\",\"description\":\"Organisation Internationale Non-Gouvernementale\",\"url\":\"https:\\\/\\\/europeanobsndfr.org\\\/en\\\/\",\"logo\":{\"@type\":\"ImageObject\",\"url\":\"https:\\\/\\\/europeanobsndfr.org\\\/wp-content\\\/uploads\\\/2016\\\/11\\\/cropped-logo-oenddf.jpg\",\"@id\":\"https:\\\/\\\/europeanobsndfr.org\\\/en\\\/actualites-fr\\\/combat-contre-pauvrete\\\/operation-distribution-repas-gratuits-personnes-sans-abri-personnes-difficultes-materielle-et-morale\\\/#organizationLogo\",\"width\":701,\"height\":600,\"caption\":\"Logo OENDDF\"},\"image\":{\"@id\":\"https:\\\/\\\/europeanobsndfr.org\\\/en\\\/actualites-fr\\\/combat-contre-pauvrete\\\/operation-distribution-repas-gratuits-personnes-sans-abri-personnes-difficultes-materielle-et-morale\\\/#organizationLogo\"},\"sameAs\":[\"https:\\\/\\\/twitter.com\\\/europeanobs\",\"https:\\\/\\\/www.instagram.com\\\/oenddf_ngo\\\/\",\"https:\\\/\\\/www.youtube.com\\\/channel\\\/UCO9vz5fybFw1Q8pvN00CDgA\"]},{\"@type\":\"Person\",\"@id\":\"https:\\\/\\\/europeanobsndfr.org\\\/en\\\/author\\\/admin\\\/#author\",\"url\":\"https:\\\/\\\/europeanobsndfr.org\\\/en\\\/author\\\/admin\\\/\",\"name\":\"OENDDF\",\"image\":{\"@type\":\"ImageObject\",\"@id\":\"https:\\\/\\\/europeanobsndfr.org\\\/en\\\/actualites-fr\\\/combat-contre-pauvrete\\\/operation-distribution-repas-gratuits-personnes-sans-abri-personnes-difficultes-materielle-et-morale\\\/#authorImage\",\"url\":\"https:\\\/\\\/secure.gravatar.com\\\/avatar\\\/f64bd673bdf1f612f36226606d41703598d9c028a910d72b461acb19a72f63d5?s=96&d=mm&r=g\",\"width\":96,\"height\":96,\"caption\":\"OENDDF\"}},{\"@type\":\"WebPage\",\"@id\":\"https:\\\/\\\/europeanobsndfr.org\\\/en\\\/actualites-fr\\\/combat-contre-pauvrete\\\/operation-distribution-repas-gratuits-personnes-sans-abri-personnes-difficultes-materielle-et-morale\\\/#webpage\",\"url\":\"https:\\\/\\\/europeanobsndfr.org\\\/en\\\/actualites-fr\\\/combat-contre-pauvrete\\\/operation-distribution-repas-gratuits-personnes-sans-abri-personnes-difficultes-materielle-et-morale\\\/\",\"name\":\"Distribution gratuite de repas \\u00e0 des sans-abri et des personnes en grande difficult\\u00e9 mat\\u00e9rielle et morale | O.E.N.D.D.F.\",\"description\":\"Objectif : distribuer des repas \\u00e0 des personnes d\\u00e9munies \\u00e0 Nantes, favoriser leur inclusion sociale et leur apporter un soutien moral et mat\\u00e9riel.\",\"inLanguage\":\"en-GB\",\"isPartOf\":{\"@id\":\"https:\\\/\\\/europeanobsndfr.org\\\/en\\\/#website\"},\"breadcrumb\":{\"@id\":\"https:\\\/\\\/europeanobsndfr.org\\\/en\\\/actualites-fr\\\/combat-contre-pauvrete\\\/operation-distribution-repas-gratuits-personnes-sans-abri-personnes-difficultes-materielle-et-morale\\\/#breadcrumblist\"},\"author\":{\"@id\":\"https:\\\/\\\/europeanobsndfr.org\\\/en\\\/author\\\/admin\\\/#author\"},\"creator\":{\"@id\":\"https:\\\/\\\/europeanobsndfr.org\\\/en\\\/author\\\/admin\\\/#author\"},\"datePublished\":\"2016-09-02T14:34:12+01:00\",\"dateModified\":\"2016-12-01T13:28:56+01:00\"},{\"@type\":\"WebSite\",\"@id\":\"https:\\\/\\\/europeanobsndfr.org\\\/en\\\/#website\",\"url\":\"https:\\\/\\\/europeanobsndfr.org\\\/en\\\/\",\"name\":\"Observatoire Europ\\u00e9en de la Non-Discrimination et des Droits Fondamentaux\",\"description\":\"Organisation Internationale Non-Gouvernementale\",\"inLanguage\":\"en-GB\",\"publisher\":{\"@id\":\"https:\\\/\\\/europeanobsndfr.org\\\/en\\\/#organization\"}}]}\n\t\t<\/script>\n\t\t<!-- All in One SEO -->\n\n","aioseo_head_json":{"title":"Distribution gratuite de repas \u00e0 des sans-abri et des personnes en grande difficult\u00e9 mat\u00e9rielle et morale | O.E.N.D.D.F.","description":"Objectif : distribuer des repas \u00e0 des personnes d\u00e9munies \u00e0 Nantes, favoriser leur inclusion sociale et leur apporter un soutien moral et mat\u00e9riel.","canonical_url":"https:\/\/europeanobsndfr.org\/en\/actualites-fr\/combat-contre-pauvrete\/operation-distribution-repas-gratuits-personnes-sans-abri-personnes-difficultes-materielle-et-morale\/","robots":"max-snippet:-1, max-image-preview:large, max-video-preview:-1","keywords":"","webmasterTools":{"google-site-verification":"KZsAbCyd-Ww06m2-MlFPa7EphgzWqs90ra8o0LfM_K8","miscellaneous":""},"schema":{"@context":"https:\/\/schema.org","@graph":[{"@type":"Article","@id":"https:\/\/europeanobsndfr.org\/en\/actualites-fr\/combat-contre-pauvrete\/operation-distribution-repas-gratuits-personnes-sans-abri-personnes-difficultes-materielle-et-morale\/#article","name":"Distribution gratuite de repas \u00e0 des sans-abri et des personnes en grande difficult\u00e9 mat\u00e9rielle et morale | O.E.N.D.D.F.","headline":"Op\u00e9ration de distribution gratuite de repas \u00e0 des personnes sans-abri et des personnes en grande difficult\u00e9 mat\u00e9rielle et morale, \u00e0 NANTES, FRANCE.","author":{"@id":"https:\/\/europeanobsndfr.org\/en\/author\/admin\/#author"},"publisher":{"@id":"https:\/\/europeanobsndfr.org\/en\/#organization"},"image":{"@type":"ImageObject","url":"https:\/\/europeanobsndfr.org\/wp-content\/uploads\/2016\/09\/camion-ao\u00f4t-2016-Christine-et-Didier-300x194.jpg","@id":"https:\/\/europeanobsndfr.org\/en\/actualites-fr\/combat-contre-pauvrete\/operation-distribution-repas-gratuits-personnes-sans-abri-personnes-difficultes-materielle-et-morale\/#articleImage"},"datePublished":"2016-09-02T14:34:12+01:00","dateModified":"2016-12-01T13:28:56+01:00","inLanguage":"en-GB","mainEntityOfPage":{"@id":"https:\/\/europeanobsndfr.org\/en\/actualites-fr\/combat-contre-pauvrete\/operation-distribution-repas-gratuits-personnes-sans-abri-personnes-difficultes-materielle-et-morale\/#webpage"},"isPartOf":{"@id":"https:\/\/europeanobsndfr.org\/en\/actualites-fr\/combat-contre-pauvrete\/operation-distribution-repas-gratuits-personnes-sans-abri-personnes-difficultes-materielle-et-morale\/#webpage"},"articleSection":"Combat contre la pauvret\u00e9, contre l'exclusion sociale et en faveur de l'inclusion sociale, action de relogement, aide aux sans-abris, aide humaine, distribution de mat\u00e9riel, distribution de repas, distribution gratuite, sans-abri, soutien moral"},{"@type":"BreadcrumbList","@id":"https:\/\/europeanobsndfr.org\/en\/actualites-fr\/combat-contre-pauvrete\/operation-distribution-repas-gratuits-personnes-sans-abri-personnes-difficultes-materielle-et-morale\/#breadcrumblist","itemListElement":[{"@type":"ListItem","@id":"https:\/\/europeanobsndfr.org\/en#listItem","position":1,"name":"Accueil","item":"https:\/\/europeanobsndfr.org\/en","nextItem":{"@type":"ListItem","@id":"https:\/\/europeanobsndfr.org\/en\/category\/actualites-fr\/#listItem","name":"Actualit\u00e9"}},{"@type":"ListItem","@id":"https:\/\/europeanobsndfr.org\/en\/category\/actualites-fr\/#listItem","position":2,"name":"Actualit\u00e9","item":"https:\/\/europeanobsndfr.org\/en\/category\/actualites-fr\/","nextItem":{"@type":"ListItem","@id":"https:\/\/europeanobsndfr.org\/en\/category\/actualites-fr\/combat-contre-pauvrete\/#listItem","name":"Combat contre la pauvret\u00e9, contre l'exclusion sociale et en faveur de l'inclusion sociale"},"previousItem":{"@type":"ListItem","@id":"https:\/\/europeanobsndfr.org\/en#listItem","name":"Accueil"}},{"@type":"ListItem","@id":"https:\/\/europeanobsndfr.org\/en\/category\/actualites-fr\/combat-contre-pauvrete\/#listItem","position":3,"name":"Combat contre la pauvret\u00e9, contre l'exclusion sociale et en faveur de l'inclusion sociale","item":"https:\/\/europeanobsndfr.org\/en\/category\/actualites-fr\/combat-contre-pauvrete\/","nextItem":{"@type":"ListItem","@id":"https:\/\/europeanobsndfr.org\/en\/actualites-fr\/combat-contre-pauvrete\/operation-distribution-repas-gratuits-personnes-sans-abri-personnes-difficultes-materielle-et-morale\/#listItem","name":"Op\u00e9ration de distribution gratuite de repas \u00e0 des personnes sans-abri et des personnes en grande difficult\u00e9 mat\u00e9rielle et morale, \u00e0 NANTES, FRANCE."},"previousItem":{"@type":"ListItem","@id":"https:\/\/europeanobsndfr.org\/en\/category\/actualites-fr\/#listItem","name":"Actualit\u00e9"}},{"@type":"ListItem","@id":"https:\/\/europeanobsndfr.org\/en\/actualites-fr\/combat-contre-pauvrete\/operation-distribution-repas-gratuits-personnes-sans-abri-personnes-difficultes-materielle-et-morale\/#listItem","position":4,"name":"Op\u00e9ration de distribution gratuite de repas \u00e0 des personnes sans-abri et des personnes en grande difficult\u00e9 mat\u00e9rielle et morale, \u00e0 NANTES, FRANCE.","previousItem":{"@type":"ListItem","@id":"https:\/\/europeanobsndfr.org\/en\/category\/actualites-fr\/combat-contre-pauvrete\/#listItem","name":"Combat contre la pauvret\u00e9, contre l'exclusion sociale et en faveur de l'inclusion sociale"}}]},{"@type":"Organization","@id":"https:\/\/europeanobsndfr.org\/en\/#organization","name":"OENDDF","description":"Organisation Internationale Non-Gouvernementale","url":"https:\/\/europeanobsndfr.org\/en\/","logo":{"@type":"ImageObject","url":"https:\/\/europeanobsndfr.org\/wp-content\/uploads\/2016\/11\/cropped-logo-oenddf.jpg","@id":"https:\/\/europeanobsndfr.org\/en\/actualites-fr\/combat-contre-pauvrete\/operation-distribution-repas-gratuits-personnes-sans-abri-personnes-difficultes-materielle-et-morale\/#organizationLogo","width":701,"height":600,"caption":"Logo OENDDF"},"image":{"@id":"https:\/\/europeanobsndfr.org\/en\/actualites-fr\/combat-contre-pauvrete\/operation-distribution-repas-gratuits-personnes-sans-abri-personnes-difficultes-materielle-et-morale\/#organizationLogo"},"sameAs":["https:\/\/twitter.com\/europeanobs","https:\/\/www.instagram.com\/oenddf_ngo\/","https:\/\/www.youtube.com\/channel\/UCO9vz5fybFw1Q8pvN00CDgA"]},{"@type":"Person","@id":"https:\/\/europeanobsndfr.org\/en\/author\/admin\/#author","url":"https:\/\/europeanobsndfr.org\/en\/author\/admin\/","name":"OENDDF","image":{"@type":"ImageObject","@id":"https:\/\/europeanobsndfr.org\/en\/actualites-fr\/combat-contre-pauvrete\/operation-distribution-repas-gratuits-personnes-sans-abri-personnes-difficultes-materielle-et-morale\/#authorImage","url":"https:\/\/secure.gravatar.com\/avatar\/f64bd673bdf1f612f36226606d41703598d9c028a910d72b461acb19a72f63d5?s=96&d=mm&r=g","width":96,"height":96,"caption":"OENDDF"}},{"@type":"WebPage","@id":"https:\/\/europeanobsndfr.org\/en\/actualites-fr\/combat-contre-pauvrete\/operation-distribution-repas-gratuits-personnes-sans-abri-personnes-difficultes-materielle-et-morale\/#webpage","url":"https:\/\/europeanobsndfr.org\/en\/actualites-fr\/combat-contre-pauvrete\/operation-distribution-repas-gratuits-personnes-sans-abri-personnes-difficultes-materielle-et-morale\/","name":"Distribution gratuite de repas \u00e0 des sans-abri et des personnes en grande difficult\u00e9 mat\u00e9rielle et morale | O.E.N.D.D.F.","description":"Objectif : distribuer des repas \u00e0 des personnes d\u00e9munies \u00e0 Nantes, favoriser leur inclusion sociale et leur apporter un soutien moral et mat\u00e9riel.","inLanguage":"en-GB","isPartOf":{"@id":"https:\/\/europeanobsndfr.org\/en\/#website"},"breadcrumb":{"@id":"https:\/\/europeanobsndfr.org\/en\/actualites-fr\/combat-contre-pauvrete\/operation-distribution-repas-gratuits-personnes-sans-abri-personnes-difficultes-materielle-et-morale\/#breadcrumblist"},"author":{"@id":"https:\/\/europeanobsndfr.org\/en\/author\/admin\/#author"},"creator":{"@id":"https:\/\/europeanobsndfr.org\/en\/author\/admin\/#author"},"datePublished":"2016-09-02T14:34:12+01:00","dateModified":"2016-12-01T13:28:56+01:00"},{"@type":"WebSite","@id":"https:\/\/europeanobsndfr.org\/en\/#website","url":"https:\/\/europeanobsndfr.org\/en\/","name":"Observatoire Europ\u00e9en de la Non-Discrimination et des Droits Fondamentaux","description":"Organisation Internationale Non-Gouvernementale","inLanguage":"en-GB","publisher":{"@id":"https:\/\/europeanobsndfr.org\/en\/#organization"}}]},"og:locale":"en_GB","og:site_name":"Observatoire Europ\u00e9en de la Non-Discrimination et des Droits Fondamentaux","og:type":"non_profit","og:title":"Distribution gratuite de repas \u00e0 des sans-abri et des personnes en grande difficult\u00e9 mat\u00e9rielle et morale | O.E.N.D.D.F.","og:description":"Objectif : distribuer des repas \u00e0 des personnes d\u00e9munies \u00e0 Nantes, favoriser leur inclusion sociale et leur apporter un soutien moral et mat\u00e9riel.","og:url":"https:\/\/europeanobsndfr.org\/en\/actualites-fr\/combat-contre-pauvrete\/operation-distribution-repas-gratuits-personnes-sans-abri-personnes-difficultes-materielle-et-morale\/","og:image":"https:\/\/europeanobsndfr.org\/wp-content\/uploads\/2016\/11\/logo-oenddf.jpg","og:image:secure_url":"https:\/\/europeanobsndfr.org\/wp-content\/uploads\/2016\/11\/logo-oenddf.jpg","og:image:width":830,"og:image:height":600,"twitter:card":"summary","twitter:site":"@europeanobs","twitter:title":"Distribution gratuite de repas \u00e0 des sans-abri et des personnes en grande difficult\u00e9 mat\u00e9rielle et morale | O.E.N.D.D.F.","twitter:description":"Objectif : distribuer des repas \u00e0 des personnes d\u00e9munies \u00e0 Nantes, favoriser leur inclusion sociale et leur apporter un soutien moral et mat\u00e9riel.","twitter:creator":"@europeanobs","twitter:image":"https:\/\/europeanobsndfr.org\/wp-content\/uploads\/2016\/11\/logo-oenddf.jpg"},"aioseo_meta_data":{"post_id":"6556","title":"Distribution gratuite de repas \u00e0 des sans-abri et des personnes en grande difficult\u00e9 mat\u00e9rielle et morale  | O.E.N.D.D.F.","description":"Objectif : distribuer des repas \u00e0 des personnes d\u00e9munies \u00e0 Nantes, favoriser leur inclusion sociale et leur apporter un soutien moral et mat\u00e9riel.","keywords":null,"keyphrases":null,"primary_term":null,"canonical_url":null,"og_title":"","og_description":"","og_object_type":"non_profit","og_image_type":"default","og_image_url":null,"og_image_width":null,"og_image_height":null,"og_image_custom_url":null,"og_image_custom_fields":null,"og_video":"","og_custom_url":null,"og_article_section":"","og_article_tags":"","twitter_use_og":false,"twitter_card":"summary","twitter_image_type":"default","twitter_image_url":null,"twitter_image_custom_url":null,"twitter_image_custom_fields":null,"twitter_title":null,"twitter_description":null,"schema":{"blockGraphs":[],"customGraphs":[],"default":{"data":{"Article":[],"Course":[],"Dataset":[],"FAQPage":[],"Movie":[],"Person":[],"Product":[],"ProductReview":[],"Car":[],"Recipe":[],"Service":[],"SoftwareApplication":[],"WebPage":[]},"graphName":"","isEnabled":true},"graphs":[]},"schema_type":null,"schema_type_options":null,"pillar_content":false,"robots_default":true,"robots_noindex":false,"robots_noarchive":false,"robots_nosnippet":false,"robots_nofollow":false,"robots_noimageindex":false,"robots_noodp":false,"robots_notranslate":false,"robots_max_snippet":null,"robots_max_videopreview":null,"robots_max_imagepreview":"large","priority":null,"frequency":null,"local_seo":null,"breadcrumb_settings":null,"limit_modified_date":false,"ai":null,"created":"2021-01-22 17:53:16","updated":"2025-08-01 09:39:47","focus_keyword":null,"additional_keywords":null,"truseo_locale":null,"seo_analyzer_scan_date":null},"jetpack_featured_media_url":"","jetpack-related-posts":[],"jetpack_sharing_enabled":true,"_links":{"self":[{"href":"https:\/\/europeanobsndfr.org\/en\/wp-json\/wp\/v2\/posts\/6556","targetHints":{"allow":["GET"]}}],"collection":[{"href":"https:\/\/europeanobsndfr.org\/en\/wp-json\/wp\/v2\/posts"}],"about":[{"href":"https:\/\/europeanobsndfr.org\/en\/wp-json\/wp\/v2\/types\/post"}],"author":[{"embeddable":true,"href":"https:\/\/europeanobsndfr.org\/en\/wp-json\/wp\/v2\/users\/1"}],"replies":[{"embeddable":true,"href":"https:\/\/europeanobsndfr.org\/en\/wp-json\/wp\/v2\/comments?post=6556"}],"version-history":[{"count":0,"href":"https:\/\/europeanobsndfr.org\/en\/wp-json\/wp\/v2\/posts\/6556\/revisions"}],"wp:attachment":[{"href":"https:\/\/europeanobsndfr.org\/en\/wp-json\/wp\/v2\/media?parent=6556"}],"wp:term":[{"taxonomy":"category","embeddable":true,"href":"https:\/\/europeanobsndfr.org\/en\/wp-json\/wp\/v2\/categories?post=6556"},{"taxonomy":"post_tag","embeddable":true,"href":"https:\/\/europeanobsndfr.org\/en\/wp-json\/wp\/v2\/tags?post=6556"}],"curies":[{"name":"wp","href":"https:\/\/api.w.org\/{rel}","templated":true}]}}