{"id":6753,"date":"2016-11-03T16:28:18","date_gmt":"2016-11-03T16:28:18","guid":{"rendered":"https:\/\/europeanobsndfr.org\/actualites-fr\/asylum-migration-and-borders\/food-and-material-assistance-for-2-persons-living-in-a-squat-homeless-persons-perpignan-france\/"},"modified":"2016-12-01T13:27:24","modified_gmt":"2016-12-01T13:27:24","slug":"aide-alimentaire-et-materielle-personnes-vivant-squat-perpignan","status":"publish","type":"post","link":"https:\/\/europeanobsndfr.org\/en\/actualites-fr\/combat-contre-pauvrete\/aide-alimentaire-et-materielle-personnes-vivant-squat-perpignan\/","title":{"rendered":"Aide alimentaire et mat\u00e9rielle d&rsquo;urgence de 2 personnes vivant dans un squat &#8211; Personnes sans-abri \u2013 PERPIGNAN (FRANCE)."},"content":{"rendered":"<p style=\"text-align: justify;\"><span style=\"text-decoration: underline;\"><strong>Objectif :<\/strong><\/span><strong>\u00a0Aider en urgence deux personnes vivant dans un squat en leur apportant une aide alimentaire, mat\u00e9rielle et humaine. Personnes sans-abri.\u00a0<\/strong><\/p>\n<div class=\"pf-content\" style=\"text-align: justify;\">\n<p><span style=\"text-decoration: underline;\"><strong>Lieu de l&rsquo;action<\/strong><strong>\u00a0:<\/strong><\/span><strong>\u00a0Centre ville de\u00a0PERPIGNAN,<\/strong><strong>\u00a0FRANCE.<\/strong><\/p>\n<p><span style=\"text-decoration: underline;\"><strong>Moyens mis en oeuvre :\u00a0<\/strong><\/span><\/p>\n<p><span style=\"color: #000000;\"><span style=\"text-decoration: underline;\"><strong>Octobre 2016\u00a0<\/strong><strong>:<\/strong><\/span>\u00a0l&rsquo;Association OENDDF a envoy\u00e9 l&rsquo;une de ses\u00a0\u00e9quipes de volontaires, dans une situation d&rsquo;urgence, po<strong>ur apporter une aide alimentaire, mat\u00e9rielle et humaine \u00e0 deux personnes sans-abri vivant temporairement dans un squat, avant une action de\u00a0relogement.<\/strong><\/span><\/p>\n<p><span style=\"color: #000000;\">La dur\u00e9e de cette action de relogement pour ces deux personnes, par notre \u00e9quipe sp\u00e9cialis\u00e9e, sera d&rsquo;environ 2 ou 3 mois,\u00a0en fonction des fonds attendus\u00a0aupr\u00e8s de\u00a0donateurs priv\u00e9s, sur la plateforme de financement participatif (\u00ab\u00a0crowfunding\u00a0\u00bb) :\u00a0<span style=\"text-decoration: underline;\"><a href=\"https:\/\/www.helloasso.com\/\"><span style=\"color: #0000ff;\"><strong>https:\/\/www.helloasso.com\/<\/strong><\/span><\/a><\/span><\/span><\/p>\n<p><span class=\"Apple-style-span\" style=\"color: #000000;\">Expertise approfondie de notre Association dans le domaine du relogement des personnes sans-abri.<\/span><\/p>\n<p><b><u><span class=\"Apple-style-span\"><span style=\"color: #000000;\"><strong>Domaine d\u2019intervention vis\u00e9 par\u00a0la Commission Europ\u00e9enne\u00a0<\/strong><\/span><\/span><\/u><span class=\"Apple-style-span\"><span style=\"color: #000000;\"><strong>:<\/strong><\/span><\/span><\/b><span class=\"Apple-style-span\"><span style=\"color: #000000;\">\u00a0<\/span><\/span><span class=\"Apple-style-span\">Strat\u00e9gie Europe 2020.<\/span><b><u><span class=\"Apple-style-span\"><strong>\u00a0<\/strong><a href=\"http:\/\/ec.europa.eu\/social\/main.jsp?catId=961&amp;langId=en\"><strong>Plateforme europ\u00e9enne contre la Pauvret\u00e9 et l\u2019Exclusion sociale<\/strong><\/a><strong>.<\/strong><\/span><\/u><\/b><\/p>\n<\/div>\n<p style=\"text-align: justify;\">Les\u00a0vid\u00e9os de ce squat de Perpignan, notamment avant et apr\u00e8s nos actions concr\u00e8tes, sont sur notre site internet, <strong>sur You Tube :\u00a0<span style=\"text-decoration: underline;\"><a href=\"https:\/\/www.youtube.com\/channel\/UCO9vz5fybFw1Q8pvN00CDgA\/videos\">videos sur le squat de Perpignan sur You Tube<\/a><\/span><\/strong><\/p>\n<p style=\"text-align: justify;\">[av_content_slider heading=\u00a0\u00bb columns=&rsquo;2&prime; animation=&rsquo;slide&rsquo; navigation=&rsquo;arrows&rsquo; autoplay=&rsquo;true&rsquo; interval=&rsquo;5&prime; font_color=\u00a0\u00bb color=\u00a0\u00bb]<\/p>\n<p>[av_content_slide title=&rsquo;Squat avant notre\u00a0action&rsquo; link=\u00a0\u00bb linktarget=\u00a0\u00bb]<br \/>\n<a href=\"https:\/\/europeanobsndfr.org\/wp-content\/uploads\/2016\/10\/Perpignan-squat-2.jpg\"><img loading=\"lazy\" decoding=\"async\" class=\"aligncenter size-medium wp-image-6710\" src=\"https:\/\/europeanobsndfr.org\/wp-content\/uploads\/2016\/10\/Perpignan-squat-2-300x225.jpg\" alt=\"perpignan-squat-2\" width=\"300\" height=\"225\" srcset=\"https:\/\/europeanobsndfr.org\/wp-content\/uploads\/2016\/10\/Perpignan-squat-2-300x225.jpg 300w, https:\/\/europeanobsndfr.org\/wp-content\/uploads\/2016\/10\/Perpignan-squat-2-768x576.jpg 768w, https:\/\/europeanobsndfr.org\/wp-content\/uploads\/2016\/10\/Perpignan-squat-2-705x529.jpg 705w, https:\/\/europeanobsndfr.org\/wp-content\/uploads\/2016\/10\/Perpignan-squat-2.jpg 1024w\" sizes=\"auto, (max-width: 300px) 100vw, 300px\" \/><\/a><br \/>\n[\/av_content_slide]<br \/>\n[av_content_slide title=&rsquo;Squat\u00a0avant notre\u00a0action&rsquo; link=\u00a0\u00bb linktarget=\u00a0\u00bb]<br \/>\n<a href=\"https:\/\/europeanobsndfr.org\/wp-content\/uploads\/2016\/10\/Perpignan-squat-7.jpg\"><img loading=\"lazy\" decoding=\"async\" class=\"aligncenter size-medium wp-image-6715\" src=\"https:\/\/europeanobsndfr.org\/wp-content\/uploads\/2016\/10\/Perpignan-squat-7-300x225.jpg\" alt=\"perpignan-squat-7\" width=\"300\" height=\"225\" srcset=\"https:\/\/europeanobsndfr.org\/wp-content\/uploads\/2016\/10\/Perpignan-squat-7-300x225.jpg 300w, https:\/\/europeanobsndfr.org\/wp-content\/uploads\/2016\/10\/Perpignan-squat-7-768x576.jpg 768w, https:\/\/europeanobsndfr.org\/wp-content\/uploads\/2016\/10\/Perpignan-squat-7-705x529.jpg 705w, https:\/\/europeanobsndfr.org\/wp-content\/uploads\/2016\/10\/Perpignan-squat-7.jpg 1024w\" sizes=\"auto, (max-width: 300px) 100vw, 300px\" \/><\/a><br \/>\n[\/av_content_slide]<br \/>\n[av_content_slide title=&rsquo;Squat\u00a0avant notre\u00a0action&rsquo; link=\u00a0\u00bb linktarget=\u00a0\u00bb]<br \/>\n<a href=\"https:\/\/europeanobsndfr.org\/wp-content\/uploads\/2016\/10\/Perpignan-squat-3.jpg\"><img loading=\"lazy\" decoding=\"async\" class=\"aligncenter size-medium wp-image-6711\" src=\"https:\/\/europeanobsndfr.org\/wp-content\/uploads\/2016\/10\/Perpignan-squat-3-225x300.jpg\" alt=\"perpignan-squat-3\" width=\"225\" height=\"300\" srcset=\"https:\/\/europeanobsndfr.org\/wp-content\/uploads\/2016\/10\/Perpignan-squat-3-225x300.jpg 225w, https:\/\/europeanobsndfr.org\/wp-content\/uploads\/2016\/10\/Perpignan-squat-3.jpg 768w, https:\/\/europeanobsndfr.org\/wp-content\/uploads\/2016\/10\/Perpignan-squat-3-529x705.jpg 529w\" sizes=\"auto, (max-width: 225px) 100vw, 225px\" \/><\/a><br \/>\n[\/av_content_slide]<br \/>\n[av_content_slide title=&rsquo;Squat\u00a0avant notre\u00a0action&rsquo; link=\u00a0\u00bb linktarget=\u00a0\u00bb]<br \/>\n<a href=\"https:\/\/europeanobsndfr.org\/wp-content\/uploads\/2016\/10\/Perpignan-squat-4.jpg\"><img loading=\"lazy\" decoding=\"async\" class=\"aligncenter size-medium wp-image-6712\" src=\"https:\/\/europeanobsndfr.org\/wp-content\/uploads\/2016\/10\/Perpignan-squat-4-225x300.jpg\" alt=\"perpignan-squat-4\" width=\"225\" height=\"300\" srcset=\"https:\/\/europeanobsndfr.org\/wp-content\/uploads\/2016\/10\/Perpignan-squat-4-225x300.jpg 225w, https:\/\/europeanobsndfr.org\/wp-content\/uploads\/2016\/10\/Perpignan-squat-4.jpg 768w, https:\/\/europeanobsndfr.org\/wp-content\/uploads\/2016\/10\/Perpignan-squat-4-529x705.jpg 529w\" sizes=\"auto, (max-width: 225px) 100vw, 225px\" \/><\/a><br \/>\n[\/av_content_slide]<\/p>\n<p>[av_content_slide title=&rsquo;Squat\u00a0avant notre\u00a0action&rsquo; link=\u00a0\u00bb linktarget=\u00a0\u00bb]<br \/>\n<a href=\"https:\/\/europeanobsndfr.org\/wp-content\/uploads\/2016\/10\/Perpignan-squat-8.jpg\"><img loading=\"lazy\" decoding=\"async\" class=\"aligncenter size-medium wp-image-6716\" src=\"https:\/\/europeanobsndfr.org\/wp-content\/uploads\/2016\/10\/Perpignan-squat-8-225x300.jpg\" alt=\"perpignan-squat-8\" width=\"225\" height=\"300\" srcset=\"https:\/\/europeanobsndfr.org\/wp-content\/uploads\/2016\/10\/Perpignan-squat-8-225x300.jpg 225w, https:\/\/europeanobsndfr.org\/wp-content\/uploads\/2016\/10\/Perpignan-squat-8-528x705.jpg 528w, https:\/\/europeanobsndfr.org\/wp-content\/uploads\/2016\/10\/Perpignan-squat-8.jpg 767w\" sizes=\"auto, (max-width: 225px) 100vw, 225px\" \/><\/a><br \/>\n[\/av_content_slide]<\/p>\n<p>[av_content_slide title=&rsquo;Squat\u00a0avant notre\u00a0action&rsquo; link=\u00a0\u00bb linktarget=\u00a0\u00bb]<br \/>\n<a href=\"https:\/\/europeanobsndfr.org\/wp-content\/uploads\/2016\/10\/Perpignan-squat-5.jpg\"><img loading=\"lazy\" decoding=\"async\" class=\"aligncenter size-medium wp-image-6713\" src=\"https:\/\/europeanobsndfr.org\/wp-content\/uploads\/2016\/10\/Perpignan-squat-5-300x225.jpg\" alt=\"perpignan-squat-5\" width=\"300\" height=\"225\" srcset=\"https:\/\/europeanobsndfr.org\/wp-content\/uploads\/2016\/10\/Perpignan-squat-5-300x225.jpg 300w, https:\/\/europeanobsndfr.org\/wp-content\/uploads\/2016\/10\/Perpignan-squat-5-768x576.jpg 768w, https:\/\/europeanobsndfr.org\/wp-content\/uploads\/2016\/10\/Perpignan-squat-5-705x529.jpg 705w, https:\/\/europeanobsndfr.org\/wp-content\/uploads\/2016\/10\/Perpignan-squat-5.jpg 1024w\" sizes=\"auto, (max-width: 300px) 100vw, 300px\" \/><\/a><br \/>\n[\/av_content_slide]<\/p>\n<p>[\/av_content_slider]<\/p>\n<p><del><\/del><a href=\"https:\/\/europeanobsndfr.org\/wp-content\/uploads\/2016\/10\/Perpignan-squat-9.jpg\"><br \/>\n<\/a>[av_content_slider heading=\u00a0\u00bb columns=&rsquo;2&prime; animation=&rsquo;slide&rsquo; navigation=&rsquo;arrows&rsquo; autoplay=&rsquo;true&rsquo; interval=&rsquo;5&prime; font_color=\u00a0\u00bb color=\u00a0\u00bb]<br \/>\n[av_content_slide title=&rsquo;Squat apr\u00e8s notre\u00a0action&rsquo; link=\u00a0\u00bb linktarget=\u00a0\u00bb]<br \/>\n<a href=\"https:\/\/europeanobsndfr.org\/wp-content\/uploads\/2016\/10\/Perpignan-squat-12.jpg\"><img loading=\"lazy\" decoding=\"async\" class=\"aligncenter size-medium wp-image-6719\" src=\"https:\/\/europeanobsndfr.org\/wp-content\/uploads\/2016\/10\/Perpignan-squat-12-225x300.jpg\" alt=\"perpignan-squat-12\" width=\"225\" height=\"300\" srcset=\"https:\/\/europeanobsndfr.org\/wp-content\/uploads\/2016\/10\/Perpignan-squat-12-225x300.jpg 225w, https:\/\/europeanobsndfr.org\/wp-content\/uploads\/2016\/10\/Perpignan-squat-12.jpg 768w, https:\/\/europeanobsndfr.org\/wp-content\/uploads\/2016\/10\/Perpignan-squat-12-529x705.jpg 529w\" sizes=\"auto, (max-width: 225px) 100vw, 225px\" \/><\/a><br \/>\n[\/av_content_slide]<br \/>\n[av_content_slide title=&rsquo;Squat apr\u00e8s notre\u00a0action&rsquo; link=\u00a0\u00bb linktarget=\u00a0\u00bb]<br \/>\n<a href=\"https:\/\/europeanobsndfr.org\/wp-content\/uploads\/2016\/10\/Perpignan-squat-10.jpg\"><img loading=\"lazy\" decoding=\"async\" class=\"aligncenter size-medium wp-image-6718\" src=\"https:\/\/europeanobsndfr.org\/wp-content\/uploads\/2016\/10\/Perpignan-squat-10-225x300.jpg\" alt=\"perpignan-squat-10\" width=\"225\" height=\"300\" srcset=\"https:\/\/europeanobsndfr.org\/wp-content\/uploads\/2016\/10\/Perpignan-squat-10-225x300.jpg 225w, https:\/\/europeanobsndfr.org\/wp-content\/uploads\/2016\/10\/Perpignan-squat-10.jpg 768w, https:\/\/europeanobsndfr.org\/wp-content\/uploads\/2016\/10\/Perpignan-squat-10-529x705.jpg 529w\" sizes=\"auto, (max-width: 225px) 100vw, 225px\" \/><\/a><br \/>\n[\/av_content_slide]<br \/>\n[av_content_slide title=&rsquo;Squat apr\u00e8s notre\u00a0action&rsquo; link=\u00a0\u00bb linktarget=\u00a0\u00bb]<br \/>\n<a href=\"https:\/\/europeanobsndfr.org\/wp-content\/uploads\/2016\/10\/Perpignan-squat-9.jpg\"><img loading=\"lazy\" decoding=\"async\" class=\"aligncenter size-medium wp-image-6717\" src=\"https:\/\/europeanobsndfr.org\/wp-content\/uploads\/2016\/10\/Perpignan-squat-9-300x225.jpg\" alt=\"perpignan-squat-9\" width=\"300\" height=\"225\" srcset=\"https:\/\/europeanobsndfr.org\/wp-content\/uploads\/2016\/10\/Perpignan-squat-9-300x225.jpg 300w, https:\/\/europeanobsndfr.org\/wp-content\/uploads\/2016\/10\/Perpignan-squat-9-768x576.jpg 768w, https:\/\/europeanobsndfr.org\/wp-content\/uploads\/2016\/10\/Perpignan-squat-9-705x529.jpg 705w, https:\/\/europeanobsndfr.org\/wp-content\/uploads\/2016\/10\/Perpignan-squat-9.jpg 1024w\" sizes=\"auto, (max-width: 300px) 100vw, 300px\" \/><\/a><br \/>\n[\/av_content_slide]<br \/>\n[av_content_slide title=&rsquo;Squat apr\u00e8s notre\u00a0action&rsquo; link=\u00a0\u00bb linktarget=\u00a0\u00bb]<br \/>\n<a href=\"https:\/\/europeanobsndfr.org\/wp-content\/uploads\/2016\/10\/Perpignan-squat-13.jpg\"><img loading=\"lazy\" decoding=\"async\" class=\"aligncenter size-medium wp-image-6720\" src=\"https:\/\/europeanobsndfr.org\/wp-content\/uploads\/2016\/10\/Perpignan-squat-13-225x300.jpg\" alt=\"perpignan-squat-13\" width=\"225\" height=\"300\" srcset=\"https:\/\/europeanobsndfr.org\/wp-content\/uploads\/2016\/10\/Perpignan-squat-13-225x300.jpg 225w, https:\/\/europeanobsndfr.org\/wp-content\/uploads\/2016\/10\/Perpignan-squat-13.jpg 768w, https:\/\/europeanobsndfr.org\/wp-content\/uploads\/2016\/10\/Perpignan-squat-13-529x705.jpg 529w\" sizes=\"auto, (max-width: 225px) 100vw, 225px\" \/><\/a><br \/>\n[\/av_content_slide]<br \/>\n[\/av_content_slider]<\/p>\n<div><\/div>\n","protected":false},"excerpt":{"rendered":"<p>Objectif :\u00a0Aider en urgence deux personnes vivant dans un squat en leur apportant une aide alimentaire, mat\u00e9rielle et humaine. Personnes sans-abri.\u00a0 Lieu de l&rsquo;action\u00a0:\u00a0Centre ville de\u00a0PERPIGNAN,\u00a0FRANCE. Moyens mis en oeuvre :\u00a0 Octobre 2016\u00a0:\u00a0l&rsquo;Association OENDDF a envoy\u00e9 l&rsquo;une de ses\u00a0\u00e9quipes de volontaires, dans une situation d&rsquo;urgence, pour apporter une aide alimentaire, mat\u00e9rielle et humaine \u00e0 deux&#8230;<\/p>","protected":false},"author":1,"featured_media":0,"comment_status":"closed","ping_status":"closed","sticky":false,"template":"","format":"standard","meta":{"give_campaign_id":0,"_kadence_starter_templates_imported_post":false,"_kad_post_transparent":"","_kad_post_title":"","_kad_post_layout":"","_kad_post_sidebar_id":"","_kad_post_content_style":"","_kad_post_vertical_padding":"","_kad_post_feature":"","_kad_post_feature_position":"","_kad_post_header":false,"_kad_post_footer":false,"_kad_post_classname":"","_jetpack_memberships_contains_paid_content":false,"footnotes":""},"categories":[44],"tags":[235,231,234,233,232,230],"class_list":["post-6753","post","type-post","status-publish","format-standard","hentry","category-combat-contre-pauvrete","tag-action-de-relogement","tag-aide-alimentaire","tag-aide-durgence","tag-aide-humaine","tag-aide-materielle","tag-sans-abri"],"aioseo_notices":[],"aioseo_head":"\n\t\t<!-- All in One SEO 5.0.1.1 - aioseo.com -->\n\t<meta name=\"description\" content=\"L&#039;OENDDF a eu comme objectif d&#039;aider en urgence deux personnes vivant dans un squat en leur apportant une aide alimentaire, mat\u00e9rielle et humaine \u00e0 Perpignan.\" \/>\n\t<meta name=\"robots\" content=\"max-snippet:-1, max-image-preview:large, max-video-preview:-1\" \/>\n\t<meta name=\"author\" content=\"OENDDF\"\/>\n\t<meta name=\"google-site-verification\" content=\"KZsAbCyd-Ww06m2-MlFPa7EphgzWqs90ra8o0LfM_K8\" \/>\n\t<link rel=\"canonical\" href=\"https:\/\/europeanobsndfr.org\/en\/actualites-fr\/combat-contre-pauvrete\/aide-alimentaire-et-materielle-personnes-vivant-squat-perpignan\/\" \/>\n\t<meta name=\"generator\" content=\"All in One SEO (AIOSEO) 5.0.1.1\" \/>\n\t\t<meta property=\"og:locale\" content=\"en_GB\" \/>\n\t\t<meta property=\"og:site_name\" content=\"Observatoire Europ\u00e9en de la Non-Discrimination et des Droits Fondamentaux\" \/>\n\t\t<meta property=\"og:type\" content=\"non_profit\" \/>\n\t\t<meta property=\"og:title\" content=\"Aide d&#039;urgence pour des sans-abris \u00e0 Perpignan | O.E.N.D.D.F.\" \/>\n\t\t<meta property=\"og:description\" content=\"L&#039;OENDDF a eu comme objectif d&#039;aider en urgence deux personnes vivant dans un squat en leur apportant une aide alimentaire, mat\u00e9rielle et humaine \u00e0 Perpignan.\" \/>\n\t\t<meta property=\"og:url\" content=\"https:\/\/europeanobsndfr.org\/en\/actualites-fr\/combat-contre-pauvrete\/aide-alimentaire-et-materielle-personnes-vivant-squat-perpignan\/\" \/>\n\t\t<meta property=\"og:image\" content=\"https:\/\/europeanobsndfr.org\/wp-content\/uploads\/2016\/11\/logo-oenddf.jpg\" \/>\n\t\t<meta property=\"og:image:secure_url\" content=\"https:\/\/europeanobsndfr.org\/wp-content\/uploads\/2016\/11\/logo-oenddf.jpg\" \/>\n\t\t<meta property=\"og:image:width\" content=\"830\" \/>\n\t\t<meta property=\"og:image:height\" content=\"600\" \/>\n\t\t<meta name=\"twitter:card\" content=\"summary\" \/>\n\t\t<meta name=\"twitter:site\" content=\"@europeanobs\" \/>\n\t\t<meta name=\"twitter:title\" content=\"Aide d&#039;urgence pour des sans-abris \u00e0 Perpignan | O.E.N.D.D.F.\" \/>\n\t\t<meta name=\"twitter:description\" content=\"L&#039;OENDDF a eu comme objectif d&#039;aider en urgence deux personnes vivant dans un squat en leur apportant une aide alimentaire, mat\u00e9rielle et humaine \u00e0 Perpignan.\" \/>\n\t\t<meta name=\"twitter:creator\" content=\"@europeanobs\" \/>\n\t\t<meta name=\"twitter:image\" content=\"https:\/\/europeanobsndfr.org\/wp-content\/uploads\/2016\/11\/logo-oenddf.jpg\" \/>\n\t\t<script type=\"application\/ld+json\" class=\"aioseo-schema\">\n\t\t\t{\"@context\":\"https:\\\/\\\/schema.org\",\"@graph\":[{\"@type\":\"Article\",\"@id\":\"https:\\\/\\\/europeanobsndfr.org\\\/en\\\/actualites-fr\\\/combat-contre-pauvrete\\\/aide-alimentaire-et-materielle-personnes-vivant-squat-perpignan\\\/#article\",\"name\":\"Aide d'urgence pour des sans-abris \\u00e0 Perpignan | O.E.N.D.D.F.\",\"headline\":\"Aide alimentaire et mat\\u00e9rielle d&rsquo;urgence de 2 personnes vivant dans un squat &#8211; Personnes sans-abri \\u2013 PERPIGNAN (FRANCE).\",\"author\":{\"@id\":\"https:\\\/\\\/europeanobsndfr.org\\\/en\\\/author\\\/admin\\\/#author\"},\"publisher\":{\"@id\":\"https:\\\/\\\/europeanobsndfr.org\\\/en\\\/#organization\"},\"image\":{\"@type\":\"ImageObject\",\"url\":\"https:\\\/\\\/europeanobsndfr.org\\\/wp-content\\\/uploads\\\/2016\\\/10\\\/Perpignan-squat-2-300x225.jpg\",\"@id\":\"https:\\\/\\\/europeanobsndfr.org\\\/en\\\/actualites-fr\\\/combat-contre-pauvrete\\\/aide-alimentaire-et-materielle-personnes-vivant-squat-perpignan\\\/#articleImage\"},\"datePublished\":\"2016-11-03T16:28:18+01:00\",\"dateModified\":\"2016-12-01T13:27:24+01:00\",\"inLanguage\":\"en-GB\",\"mainEntityOfPage\":{\"@id\":\"https:\\\/\\\/europeanobsndfr.org\\\/en\\\/actualites-fr\\\/combat-contre-pauvrete\\\/aide-alimentaire-et-materielle-personnes-vivant-squat-perpignan\\\/#webpage\"},\"isPartOf\":{\"@id\":\"https:\\\/\\\/europeanobsndfr.org\\\/en\\\/actualites-fr\\\/combat-contre-pauvrete\\\/aide-alimentaire-et-materielle-personnes-vivant-squat-perpignan\\\/#webpage\"},\"articleSection\":\"Combat contre la pauvret\\u00e9, contre l'exclusion sociale et en faveur de l'inclusion sociale, action de relogement, aide alimentaire, aide d'urgence, aide humaine, aide mat\\u00e9rielle, sans-abri\"},{\"@type\":\"BreadcrumbList\",\"@id\":\"https:\\\/\\\/europeanobsndfr.org\\\/en\\\/actualites-fr\\\/combat-contre-pauvrete\\\/aide-alimentaire-et-materielle-personnes-vivant-squat-perpignan\\\/#breadcrumblist\",\"itemListElement\":[{\"@type\":\"ListItem\",\"@id\":\"https:\\\/\\\/europeanobsndfr.org\\\/en#listItem\",\"position\":1,\"name\":\"Accueil\",\"item\":\"https:\\\/\\\/europeanobsndfr.org\\\/en\",\"nextItem\":{\"@type\":\"ListItem\",\"@id\":\"https:\\\/\\\/europeanobsndfr.org\\\/en\\\/category\\\/actualites-fr\\\/#listItem\",\"name\":\"Actualit\\u00e9\"}},{\"@type\":\"ListItem\",\"@id\":\"https:\\\/\\\/europeanobsndfr.org\\\/en\\\/category\\\/actualites-fr\\\/#listItem\",\"position\":2,\"name\":\"Actualit\\u00e9\",\"item\":\"https:\\\/\\\/europeanobsndfr.org\\\/en\\\/category\\\/actualites-fr\\\/\",\"nextItem\":{\"@type\":\"ListItem\",\"@id\":\"https:\\\/\\\/europeanobsndfr.org\\\/en\\\/category\\\/actualites-fr\\\/combat-contre-pauvrete\\\/#listItem\",\"name\":\"Combat contre la pauvret\\u00e9, contre l'exclusion sociale et en faveur de l'inclusion sociale\"},\"previousItem\":{\"@type\":\"ListItem\",\"@id\":\"https:\\\/\\\/europeanobsndfr.org\\\/en#listItem\",\"name\":\"Accueil\"}},{\"@type\":\"ListItem\",\"@id\":\"https:\\\/\\\/europeanobsndfr.org\\\/en\\\/category\\\/actualites-fr\\\/combat-contre-pauvrete\\\/#listItem\",\"position\":3,\"name\":\"Combat contre la pauvret\\u00e9, contre l'exclusion sociale et en faveur de l'inclusion sociale\",\"item\":\"https:\\\/\\\/europeanobsndfr.org\\\/en\\\/category\\\/actualites-fr\\\/combat-contre-pauvrete\\\/\",\"nextItem\":{\"@type\":\"ListItem\",\"@id\":\"https:\\\/\\\/europeanobsndfr.org\\\/en\\\/actualites-fr\\\/combat-contre-pauvrete\\\/aide-alimentaire-et-materielle-personnes-vivant-squat-perpignan\\\/#listItem\",\"name\":\"Aide alimentaire et mat\\u00e9rielle d&rsquo;urgence de 2 personnes vivant dans un squat &#8211; Personnes sans-abri \\u2013 PERPIGNAN (FRANCE).\"},\"previousItem\":{\"@type\":\"ListItem\",\"@id\":\"https:\\\/\\\/europeanobsndfr.org\\\/en\\\/category\\\/actualites-fr\\\/#listItem\",\"name\":\"Actualit\\u00e9\"}},{\"@type\":\"ListItem\",\"@id\":\"https:\\\/\\\/europeanobsndfr.org\\\/en\\\/actualites-fr\\\/combat-contre-pauvrete\\\/aide-alimentaire-et-materielle-personnes-vivant-squat-perpignan\\\/#listItem\",\"position\":4,\"name\":\"Aide alimentaire et mat\\u00e9rielle d&rsquo;urgence de 2 personnes vivant dans un squat &#8211; Personnes sans-abri \\u2013 PERPIGNAN (FRANCE).\",\"previousItem\":{\"@type\":\"ListItem\",\"@id\":\"https:\\\/\\\/europeanobsndfr.org\\\/en\\\/category\\\/actualites-fr\\\/combat-contre-pauvrete\\\/#listItem\",\"name\":\"Combat contre la pauvret\\u00e9, contre l'exclusion sociale et en faveur de l'inclusion sociale\"}}]},{\"@type\":\"Organization\",\"@id\":\"https:\\\/\\\/europeanobsndfr.org\\\/en\\\/#organization\",\"name\":\"OENDDF\",\"description\":\"Organisation Internationale Non-Gouvernementale\",\"url\":\"https:\\\/\\\/europeanobsndfr.org\\\/en\\\/\",\"logo\":{\"@type\":\"ImageObject\",\"url\":\"https:\\\/\\\/europeanobsndfr.org\\\/wp-content\\\/uploads\\\/2016\\\/11\\\/cropped-logo-oenddf.jpg\",\"@id\":\"https:\\\/\\\/europeanobsndfr.org\\\/en\\\/actualites-fr\\\/combat-contre-pauvrete\\\/aide-alimentaire-et-materielle-personnes-vivant-squat-perpignan\\\/#organizationLogo\",\"width\":701,\"height\":600,\"caption\":\"Logo OENDDF\"},\"image\":{\"@id\":\"https:\\\/\\\/europeanobsndfr.org\\\/en\\\/actualites-fr\\\/combat-contre-pauvrete\\\/aide-alimentaire-et-materielle-personnes-vivant-squat-perpignan\\\/#organizationLogo\"},\"sameAs\":[\"https:\\\/\\\/twitter.com\\\/europeanobs\",\"https:\\\/\\\/www.instagram.com\\\/oenddf_ngo\\\/\",\"https:\\\/\\\/www.youtube.com\\\/channel\\\/UCO9vz5fybFw1Q8pvN00CDgA\"]},{\"@type\":\"Person\",\"@id\":\"https:\\\/\\\/europeanobsndfr.org\\\/en\\\/author\\\/admin\\\/#author\",\"url\":\"https:\\\/\\\/europeanobsndfr.org\\\/en\\\/author\\\/admin\\\/\",\"name\":\"OENDDF\",\"image\":{\"@type\":\"ImageObject\",\"@id\":\"https:\\\/\\\/europeanobsndfr.org\\\/en\\\/actualites-fr\\\/combat-contre-pauvrete\\\/aide-alimentaire-et-materielle-personnes-vivant-squat-perpignan\\\/#authorImage\",\"url\":\"https:\\\/\\\/secure.gravatar.com\\\/avatar\\\/f64bd673bdf1f612f36226606d41703598d9c028a910d72b461acb19a72f63d5?s=96&d=mm&r=g\",\"width\":96,\"height\":96,\"caption\":\"OENDDF\"}},{\"@type\":\"WebPage\",\"@id\":\"https:\\\/\\\/europeanobsndfr.org\\\/en\\\/actualites-fr\\\/combat-contre-pauvrete\\\/aide-alimentaire-et-materielle-personnes-vivant-squat-perpignan\\\/#webpage\",\"url\":\"https:\\\/\\\/europeanobsndfr.org\\\/en\\\/actualites-fr\\\/combat-contre-pauvrete\\\/aide-alimentaire-et-materielle-personnes-vivant-squat-perpignan\\\/\",\"name\":\"Aide d'urgence pour des sans-abris \\u00e0 Perpignan | O.E.N.D.D.F.\",\"description\":\"L'OENDDF a eu comme objectif d'aider en urgence deux personnes vivant dans un squat en leur apportant une aide alimentaire, mat\\u00e9rielle et humaine \\u00e0 Perpignan.\",\"inLanguage\":\"en-GB\",\"isPartOf\":{\"@id\":\"https:\\\/\\\/europeanobsndfr.org\\\/en\\\/#website\"},\"breadcrumb\":{\"@id\":\"https:\\\/\\\/europeanobsndfr.org\\\/en\\\/actualites-fr\\\/combat-contre-pauvrete\\\/aide-alimentaire-et-materielle-personnes-vivant-squat-perpignan\\\/#breadcrumblist\"},\"author\":{\"@id\":\"https:\\\/\\\/europeanobsndfr.org\\\/en\\\/author\\\/admin\\\/#author\"},\"creator\":{\"@id\":\"https:\\\/\\\/europeanobsndfr.org\\\/en\\\/author\\\/admin\\\/#author\"},\"datePublished\":\"2016-11-03T16:28:18+01:00\",\"dateModified\":\"2016-12-01T13:27:24+01:00\"},{\"@type\":\"WebSite\",\"@id\":\"https:\\\/\\\/europeanobsndfr.org\\\/en\\\/#website\",\"url\":\"https:\\\/\\\/europeanobsndfr.org\\\/en\\\/\",\"name\":\"Observatoire Europ\\u00e9en de la Non-Discrimination et des Droits Fondamentaux\",\"description\":\"Organisation Internationale Non-Gouvernementale\",\"inLanguage\":\"en-GB\",\"publisher\":{\"@id\":\"https:\\\/\\\/europeanobsndfr.org\\\/en\\\/#organization\"}}]}\n\t\t<\/script>\n\t\t<!-- All in One SEO -->\n\n","aioseo_head_json":{"title":"Aide d'urgence pour des sans-abris \u00e0 Perpignan | O.E.N.D.D.F.","description":"L'OENDDF a eu comme objectif d'aider en urgence deux personnes vivant dans un squat en leur apportant une aide alimentaire, mat\u00e9rielle et humaine \u00e0 Perpignan.","canonical_url":"https:\/\/europeanobsndfr.org\/en\/actualites-fr\/combat-contre-pauvrete\/aide-alimentaire-et-materielle-personnes-vivant-squat-perpignan\/","robots":"max-snippet:-1, max-image-preview:large, max-video-preview:-1","keywords":"","webmasterTools":{"google-site-verification":"KZsAbCyd-Ww06m2-MlFPa7EphgzWqs90ra8o0LfM_K8","miscellaneous":""},"schema":{"@context":"https:\/\/schema.org","@graph":[{"@type":"Article","@id":"https:\/\/europeanobsndfr.org\/en\/actualites-fr\/combat-contre-pauvrete\/aide-alimentaire-et-materielle-personnes-vivant-squat-perpignan\/#article","name":"Aide d'urgence pour des sans-abris \u00e0 Perpignan | O.E.N.D.D.F.","headline":"Aide alimentaire et mat\u00e9rielle d&rsquo;urgence de 2 personnes vivant dans un squat &#8211; Personnes sans-abri \u2013 PERPIGNAN (FRANCE).","author":{"@id":"https:\/\/europeanobsndfr.org\/en\/author\/admin\/#author"},"publisher":{"@id":"https:\/\/europeanobsndfr.org\/en\/#organization"},"image":{"@type":"ImageObject","url":"https:\/\/europeanobsndfr.org\/wp-content\/uploads\/2016\/10\/Perpignan-squat-2-300x225.jpg","@id":"https:\/\/europeanobsndfr.org\/en\/actualites-fr\/combat-contre-pauvrete\/aide-alimentaire-et-materielle-personnes-vivant-squat-perpignan\/#articleImage"},"datePublished":"2016-11-03T16:28:18+01:00","dateModified":"2016-12-01T13:27:24+01:00","inLanguage":"en-GB","mainEntityOfPage":{"@id":"https:\/\/europeanobsndfr.org\/en\/actualites-fr\/combat-contre-pauvrete\/aide-alimentaire-et-materielle-personnes-vivant-squat-perpignan\/#webpage"},"isPartOf":{"@id":"https:\/\/europeanobsndfr.org\/en\/actualites-fr\/combat-contre-pauvrete\/aide-alimentaire-et-materielle-personnes-vivant-squat-perpignan\/#webpage"},"articleSection":"Combat contre la pauvret\u00e9, contre l'exclusion sociale et en faveur de l'inclusion sociale, action de relogement, aide alimentaire, aide d'urgence, aide humaine, aide mat\u00e9rielle, sans-abri"},{"@type":"BreadcrumbList","@id":"https:\/\/europeanobsndfr.org\/en\/actualites-fr\/combat-contre-pauvrete\/aide-alimentaire-et-materielle-personnes-vivant-squat-perpignan\/#breadcrumblist","itemListElement":[{"@type":"ListItem","@id":"https:\/\/europeanobsndfr.org\/en#listItem","position":1,"name":"Accueil","item":"https:\/\/europeanobsndfr.org\/en","nextItem":{"@type":"ListItem","@id":"https:\/\/europeanobsndfr.org\/en\/category\/actualites-fr\/#listItem","name":"Actualit\u00e9"}},{"@type":"ListItem","@id":"https:\/\/europeanobsndfr.org\/en\/category\/actualites-fr\/#listItem","position":2,"name":"Actualit\u00e9","item":"https:\/\/europeanobsndfr.org\/en\/category\/actualites-fr\/","nextItem":{"@type":"ListItem","@id":"https:\/\/europeanobsndfr.org\/en\/category\/actualites-fr\/combat-contre-pauvrete\/#listItem","name":"Combat contre la pauvret\u00e9, contre l'exclusion sociale et en faveur de l'inclusion sociale"},"previousItem":{"@type":"ListItem","@id":"https:\/\/europeanobsndfr.org\/en#listItem","name":"Accueil"}},{"@type":"ListItem","@id":"https:\/\/europeanobsndfr.org\/en\/category\/actualites-fr\/combat-contre-pauvrete\/#listItem","position":3,"name":"Combat contre la pauvret\u00e9, contre l'exclusion sociale et en faveur de l'inclusion sociale","item":"https:\/\/europeanobsndfr.org\/en\/category\/actualites-fr\/combat-contre-pauvrete\/","nextItem":{"@type":"ListItem","@id":"https:\/\/europeanobsndfr.org\/en\/actualites-fr\/combat-contre-pauvrete\/aide-alimentaire-et-materielle-personnes-vivant-squat-perpignan\/#listItem","name":"Aide alimentaire et mat\u00e9rielle d&rsquo;urgence de 2 personnes vivant dans un squat &#8211; Personnes sans-abri \u2013 PERPIGNAN (FRANCE)."},"previousItem":{"@type":"ListItem","@id":"https:\/\/europeanobsndfr.org\/en\/category\/actualites-fr\/#listItem","name":"Actualit\u00e9"}},{"@type":"ListItem","@id":"https:\/\/europeanobsndfr.org\/en\/actualites-fr\/combat-contre-pauvrete\/aide-alimentaire-et-materielle-personnes-vivant-squat-perpignan\/#listItem","position":4,"name":"Aide alimentaire et mat\u00e9rielle d&rsquo;urgence de 2 personnes vivant dans un squat &#8211; Personnes sans-abri \u2013 PERPIGNAN (FRANCE).","previousItem":{"@type":"ListItem","@id":"https:\/\/europeanobsndfr.org\/en\/category\/actualites-fr\/combat-contre-pauvrete\/#listItem","name":"Combat contre la pauvret\u00e9, contre l'exclusion sociale et en faveur de l'inclusion sociale"}}]},{"@type":"Organization","@id":"https:\/\/europeanobsndfr.org\/en\/#organization","name":"OENDDF","description":"Organisation Internationale Non-Gouvernementale","url":"https:\/\/europeanobsndfr.org\/en\/","logo":{"@type":"ImageObject","url":"https:\/\/europeanobsndfr.org\/wp-content\/uploads\/2016\/11\/cropped-logo-oenddf.jpg","@id":"https:\/\/europeanobsndfr.org\/en\/actualites-fr\/combat-contre-pauvrete\/aide-alimentaire-et-materielle-personnes-vivant-squat-perpignan\/#organizationLogo","width":701,"height":600,"caption":"Logo OENDDF"},"image":{"@id":"https:\/\/europeanobsndfr.org\/en\/actualites-fr\/combat-contre-pauvrete\/aide-alimentaire-et-materielle-personnes-vivant-squat-perpignan\/#organizationLogo"},"sameAs":["https:\/\/twitter.com\/europeanobs","https:\/\/www.instagram.com\/oenddf_ngo\/","https:\/\/www.youtube.com\/channel\/UCO9vz5fybFw1Q8pvN00CDgA"]},{"@type":"Person","@id":"https:\/\/europeanobsndfr.org\/en\/author\/admin\/#author","url":"https:\/\/europeanobsndfr.org\/en\/author\/admin\/","name":"OENDDF","image":{"@type":"ImageObject","@id":"https:\/\/europeanobsndfr.org\/en\/actualites-fr\/combat-contre-pauvrete\/aide-alimentaire-et-materielle-personnes-vivant-squat-perpignan\/#authorImage","url":"https:\/\/secure.gravatar.com\/avatar\/f64bd673bdf1f612f36226606d41703598d9c028a910d72b461acb19a72f63d5?s=96&d=mm&r=g","width":96,"height":96,"caption":"OENDDF"}},{"@type":"WebPage","@id":"https:\/\/europeanobsndfr.org\/en\/actualites-fr\/combat-contre-pauvrete\/aide-alimentaire-et-materielle-personnes-vivant-squat-perpignan\/#webpage","url":"https:\/\/europeanobsndfr.org\/en\/actualites-fr\/combat-contre-pauvrete\/aide-alimentaire-et-materielle-personnes-vivant-squat-perpignan\/","name":"Aide d'urgence pour des sans-abris \u00e0 Perpignan | O.E.N.D.D.F.","description":"L'OENDDF a eu comme objectif d'aider en urgence deux personnes vivant dans un squat en leur apportant une aide alimentaire, mat\u00e9rielle et humaine \u00e0 Perpignan.","inLanguage":"en-GB","isPartOf":{"@id":"https:\/\/europeanobsndfr.org\/en\/#website"},"breadcrumb":{"@id":"https:\/\/europeanobsndfr.org\/en\/actualites-fr\/combat-contre-pauvrete\/aide-alimentaire-et-materielle-personnes-vivant-squat-perpignan\/#breadcrumblist"},"author":{"@id":"https:\/\/europeanobsndfr.org\/en\/author\/admin\/#author"},"creator":{"@id":"https:\/\/europeanobsndfr.org\/en\/author\/admin\/#author"},"datePublished":"2016-11-03T16:28:18+01:00","dateModified":"2016-12-01T13:27:24+01:00"},{"@type":"WebSite","@id":"https:\/\/europeanobsndfr.org\/en\/#website","url":"https:\/\/europeanobsndfr.org\/en\/","name":"Observatoire Europ\u00e9en de la Non-Discrimination et des Droits Fondamentaux","description":"Organisation Internationale Non-Gouvernementale","inLanguage":"en-GB","publisher":{"@id":"https:\/\/europeanobsndfr.org\/en\/#organization"}}]},"og:locale":"en_GB","og:site_name":"Observatoire Europ\u00e9en de la Non-Discrimination et des Droits Fondamentaux","og:type":"non_profit","og:title":"Aide d'urgence pour des sans-abris \u00e0 Perpignan | O.E.N.D.D.F.","og:description":"L'OENDDF a eu comme objectif d'aider en urgence deux personnes vivant dans un squat en leur apportant une aide alimentaire, mat\u00e9rielle et humaine \u00e0 Perpignan.","og:url":"https:\/\/europeanobsndfr.org\/en\/actualites-fr\/combat-contre-pauvrete\/aide-alimentaire-et-materielle-personnes-vivant-squat-perpignan\/","og:image":"https:\/\/europeanobsndfr.org\/wp-content\/uploads\/2016\/11\/logo-oenddf.jpg","og:image:secure_url":"https:\/\/europeanobsndfr.org\/wp-content\/uploads\/2016\/11\/logo-oenddf.jpg","og:image:width":830,"og:image:height":600,"twitter:card":"summary","twitter:site":"@europeanobs","twitter:title":"Aide d'urgence pour des sans-abris \u00e0 Perpignan | O.E.N.D.D.F.","twitter:description":"L'OENDDF a eu comme objectif d'aider en urgence deux personnes vivant dans un squat en leur apportant une aide alimentaire, mat\u00e9rielle et humaine \u00e0 Perpignan.","twitter:creator":"@europeanobs","twitter:image":"https:\/\/europeanobsndfr.org\/wp-content\/uploads\/2016\/11\/logo-oenddf.jpg"},"aioseo_meta_data":{"post_id":"6753","title":"Aide d'urgence pour des sans-abris \u00e0 Perpignan | O.E.N.D.D.F.","description":"L'OENDDF a eu comme objectif d'aider en urgence deux personnes vivant dans un squat en leur apportant une aide alimentaire, mat\u00e9rielle et humaine \u00e0 Perpignan.","keywords":null,"keyphrases":null,"primary_term":null,"canonical_url":null,"og_title":"","og_description":"","og_object_type":"non_profit","og_image_type":"default","og_image_url":null,"og_image_width":null,"og_image_height":null,"og_image_custom_url":null,"og_image_custom_fields":null,"og_video":"","og_custom_url":null,"og_article_section":"","og_article_tags":"","twitter_use_og":false,"twitter_card":"summary","twitter_image_type":"default","twitter_image_url":null,"twitter_image_custom_url":null,"twitter_image_custom_fields":null,"twitter_title":null,"twitter_description":null,"schema":{"blockGraphs":[],"customGraphs":[],"default":{"data":{"Article":[],"Course":[],"Dataset":[],"FAQPage":[],"Movie":[],"Person":[],"Product":[],"ProductReview":[],"Car":[],"Recipe":[],"Service":[],"SoftwareApplication":[],"WebPage":[]},"graphName":"","isEnabled":true},"graphs":[],"defaultGraph":"","defaultPostTypeGraph":""},"schema_type":null,"schema_type_options":null,"pillar_content":false,"robots_default":true,"robots_noindex":false,"robots_noarchive":false,"robots_nosnippet":false,"robots_nofollow":false,"robots_noimageindex":false,"robots_noodp":false,"robots_notranslate":false,"robots_max_snippet":null,"robots_max_videopreview":null,"robots_max_imagepreview":"large","priority":null,"frequency":null,"local_seo":null,"breadcrumb_settings":null,"limit_modified_date":false,"ai":null,"created":"2021-01-22 17:53:52","updated":"2025-08-01 09:42:25","focus_keyword":null,"additional_keywords":null,"truseo_locale":null,"seo_analyzer_scan_date":null},"jetpack_featured_media_url":"","jetpack-related-posts":[],"jetpack_sharing_enabled":true,"_links":{"self":[{"href":"https:\/\/europeanobsndfr.org\/en\/wp-json\/wp\/v2\/posts\/6753","targetHints":{"allow":["GET"]}}],"collection":[{"href":"https:\/\/europeanobsndfr.org\/en\/wp-json\/wp\/v2\/posts"}],"about":[{"href":"https:\/\/europeanobsndfr.org\/en\/wp-json\/wp\/v2\/types\/post"}],"author":[{"embeddable":true,"href":"https:\/\/europeanobsndfr.org\/en\/wp-json\/wp\/v2\/users\/1"}],"replies":[{"embeddable":true,"href":"https:\/\/europeanobsndfr.org\/en\/wp-json\/wp\/v2\/comments?post=6753"}],"version-history":[{"count":0,"href":"https:\/\/europeanobsndfr.org\/en\/wp-json\/wp\/v2\/posts\/6753\/revisions"}],"wp:attachment":[{"href":"https:\/\/europeanobsndfr.org\/en\/wp-json\/wp\/v2\/media?parent=6753"}],"wp:term":[{"taxonomy":"category","embeddable":true,"href":"https:\/\/europeanobsndfr.org\/en\/wp-json\/wp\/v2\/categories?post=6753"},{"taxonomy":"post_tag","embeddable":true,"href":"https:\/\/europeanobsndfr.org\/en\/wp-json\/wp\/v2\/tags?post=6753"}],"curies":[{"name":"wp","href":"https:\/\/api.w.org\/{rel}","templated":true}]}}