{"id":6828,"date":"2016-11-04T15:39:25","date_gmt":"2016-11-04T15:39:25","guid":{"rendered":"https:\/\/europeanobsndfr.org\/actualites-fr\/asylum-migration-and-borders\/protection-of-personal-data-and-privacy-in-france\/"},"modified":"2016-12-02T14:25:52","modified_gmt":"2016-12-02T14:25:52","slug":"protection-donnees-personnelles-et-vie-privee","status":"publish","type":"post","link":"https:\/\/europeanobsndfr.org\/en\/protection-donnees-vie-privee\/protection-donnees-personnelles-et-vie-privee\/","title":{"rendered":"Protection des donn\u00e9es personnelles et vie priv\u00e9e &#8211; Droits Fondamentaux en FRANCE."},"content":{"rendered":"<div class=\"field field-name-field-fra-summary field-type-text-long field-label-hidden\">\n<div class=\"field-items\">\n<div class=\"field-item even\" style=\"text-align: justify;\"><strong><span class=\"Apple-style-span\">Sauvegarder la s\u00e9curit\u00e9 des citoyens dans la soci\u00e9t\u00e9 de l&rsquo;information d&rsquo;aujourd&rsquo;hui est une question cruciale pour l\u2019Union Europ\u00e9enne et ses \u00c9tats Membres, compte tenu que de plus en plus de personnes\u00a0 utilisent les technologies de l&rsquo;information et des communications (TIC) dans leur vie quotidienne au travail et \u00e0 la maison.<\/span><\/strong><\/div>\n<\/div>\n<\/div>\n<div class=\"field field-name-field-fra-body field-type-text-long field-label-hidden\" style=\"text-align: justify;\">\n<div class=\"field-items\">\n<div class=\"field-item even\">\n<p style=\"text-align: justify;\">Comme l&rsquo;Agence Europ\u00e9enne des Droits Fondamentaux l&rsquo;explique avec pertinence :<\/p>\n<p style=\"text-align: justify;\"><em>\u00ab\u00a0Cette utilisation croissante des TIC cr\u00e9e des <strong>d\u00e9fis en mati\u00e8re de droits fondamentaux<\/strong>, allant de la protection de la vie priv\u00e9e et de l&rsquo;utilisation potentielle abusive des donn\u00e9es personnelles en ligne aux menaces pos\u00e9es par la cybercriminalit\u00e9 ou les op\u00e9rations de surveillance \u00e0 grande \u00e9chelle. En cons\u00e9quence, <strong>chaque citoyen de l&rsquo;Union Europ\u00e9enne, peut \u00e0 un moment donn\u00e9, \u00eatre confront\u00e9 \u00e0 des violations de ses droits fondamentaux, comme son\u00a0droit \u00e0 la vie priv\u00e9e, \u00e0 la libert\u00e9 d&rsquo;expression ou \u00e0 la libert\u00e9 d&rsquo;association<\/strong>\u00ab\u00a0.\u00a0<\/em><\/p>\n<p style=\"text-align: justify;\"><strong>(sources :<\/strong><a href=\"http:\/\/fra.europa.eu\/en\/theme\/information-society-privacy-and-data-protection\"> http:\/\/fra.europa.eu\/en\/theme\/information-society-privacy-and-data-protection).<\/a><\/p>\n<\/div>\n<\/div>\n<\/div>\n<hr \/>\n<p style=\"text-align: justify;\">En FRANCE, les <strong>donn\u00e9es personnelles et biom\u00e9triques de soixante millions de Fran\u00e7ais d\u00e9tenteurs d\u2019une carte d\u2019identit\u00e9 ou d\u2019un passeport seront d\u00e9sormais compil\u00e9es dans un fichier unique<\/strong>, baptis\u00e9 \u00ab Titres \u00e9lectroniques s\u00e9curis\u00e9s \u00bb (TES).<\/p>\n<p style=\"text-align: justify;\">Cette base de donn\u00e9es remplacera \u00e0 terme le pr\u00e9c\u00e9dent TES (d\u00e9di\u00e9 aux passeports) et le Fichier national de gestion (d\u00e9di\u00e9 aux cartes d\u2019identit\u00e9), combin\u00e9s dans ce nouveau fichier.<\/p>\n<p style=\"text-align: justify;\">La base de donn\u00e9es rassemblera ainsi des <strong>informations comme la photo num\u00e9ris\u00e9e du visage, les empreintes digitales, la couleur des yeux, les adresses physiques et num\u00e9riques<\/strong>\u2026 Au total, <em>la quasi-totalit\u00e9 des Fran\u00e7ais y figurera<\/em>, puisqu\u2019il suffit de d\u00e9tenir ou d\u2019avoir d\u00e9tenu une carte d\u2019identit\u00e9 ou un passeport pour en faire partie \u2013 <strong>les donn\u00e9es sont conserv\u00e9es quinze ans (pour les passeports) \u00e0 vingt ans (pour les cartes d\u2019identit\u00e9)<\/strong>.<\/p>\n<p style=\"text-align: justify;\">Ce d\u00e9cret fran\u00e7ais &#8211; pass\u00e9 inaper\u00e7u &#8211; pose la question de sa compatibilit\u00e9 avec la <span class=\"Apple-style-span\"><strong>Directive 95\/46\/CE du Parlement europ\u00e9en et du Conseil, du 24 octobre 1995, relative \u00e0 la protection des personnes physiques \u00e0 l&rsquo;\u00e9gard du traitement des donn\u00e9es \u00e0 caract\u00e8re personnel et \u00e0 la libre circulation de ces donn\u00e9es,<\/strong><\/span> et la question de l&rsquo;<strong>\u00e9rosion des Droits Fondamentaux Europ\u00e9ens<\/strong>, comme le droit \u00e0 la protection des donn\u00e9es personnelles et \u00e0 la vie priv\u00e9e, droits fondamentaux garantis par les articles 7 et 8 de la Charte Europ\u00e9enne des Droits Fondamentaux.<\/p>\n<p style=\"text-align: justify;\"><strong><span style=\"text-decoration: underline;\">Sources :\u00a0<\/span><\/strong><\/p>\n<p style=\"text-align: justify;\"><span style=\"text-decoration: underline;\"><strong>Article de presse du journal Le Monde du 31 octobre 2016 :<\/strong><\/span><strong> http:\/\/www.lemonde.fr\/pixels\/article\/2016\/10\/31\/60-millions-de-francais-fiches-dans-une-base-de-donnees-commune-des-titres-d-identite_5023190_4408996.html?xtmc=fiches&amp;xtcr=2<\/strong><\/p>\n<p style=\"text-align: justify;\"><span style=\"text-decoration: underline;\"><strong>D\u00e9cret fran\u00e7ais\u00a0<\/strong><\/span><span class=\"Apple-style-span\"><strong><span style=\"text-decoration: underline;\">n\u00b0 2016-1460 du\u00a028 october 2016 :<\/span> https:\/\/www.legifrance.gouv.fr\/affichTexte.do?cidTexte=JORFTEXT000033318345&amp;dateTexte=&amp;categorieLien=idd<\/strong><\/span><\/p>\n<div><\/div>\n<div><\/div>","protected":false},"excerpt":{"rendered":"<p>Sauvegarder la s\u00e9curit\u00e9 des citoyens dans la soci\u00e9t\u00e9 de l&rsquo;information d&rsquo;aujourd&rsquo;hui est une question cruciale pour l\u2019Union Europ\u00e9enne et ses \u00c9tats Membres, compte tenu que de plus en plus de personnes\u00a0 utilisent les technologies de l&rsquo;information et des communications (TIC) dans leur vie quotidienne au travail et \u00e0 la maison. Comme l&rsquo;Agence Europ\u00e9enne des Droits&#8230;<\/p>","protected":false},"author":1,"featured_media":0,"comment_status":"closed","ping_status":"closed","sticky":false,"template":"","format":"standard","meta":{"give_campaign_id":0,"_kadence_starter_templates_imported_post":false,"_kad_post_transparent":"","_kad_post_title":"","_kad_post_layout":"","_kad_post_sidebar_id":"","_kad_post_content_style":"","_kad_post_vertical_padding":"","_kad_post_feature":"","_kad_post_feature_position":"","_kad_post_header":false,"_kad_post_footer":false,"_kad_post_classname":"","_jetpack_memberships_contains_paid_content":false,"footnotes":""},"categories":[223],"tags":[243,242,245,249,248,246,247,244],"class_list":["post-6828","post","type-post","status-publish","format-standard","hentry","category-protection-donnees-vie-privee","tag-donnees-biometriques","tag-donnees-personnelles","tag-droit-a-loubli","tag-droit-au-respect-de-la-vie-privee","tag-protection-de-la-liberte-dexpression","tag-protection-des-donnees-numeriques","tag-protection-des-usagers-des-ntic","tag-protection-numerique"],"aioseo_notices":[],"aioseo_head":"\n\t\t<!-- All in One SEO 5.0.1.1 - aioseo.com -->\n\t<meta name=\"description\" content=\"Maintenir la s\u00e9curit\u00e9 num\u00e9rique des citoyens est une question cruciale, \u00e9tant donn\u00e9 l&#039;importance des nouvelles technologies dans notre vie.\" \/>\n\t<meta name=\"robots\" content=\"max-snippet:-1, max-image-preview:large, max-video-preview:-1\" \/>\n\t<meta name=\"author\" content=\"OENDDF\"\/>\n\t<meta name=\"google-site-verification\" content=\"KZsAbCyd-Ww06m2-MlFPa7EphgzWqs90ra8o0LfM_K8\" \/>\n\t<link rel=\"canonical\" href=\"https:\/\/europeanobsndfr.org\/en\/protection-donnees-vie-privee\/protection-donnees-personnelles-et-vie-privee\/\" \/>\n\t<meta name=\"generator\" content=\"All in One SEO (AIOSEO) 5.0.1.1\" \/>\n\t\t<meta property=\"og:locale\" content=\"en_GB\" \/>\n\t\t<meta property=\"og:site_name\" content=\"Observatoire Europ\u00e9en de la Non-Discrimination et des Droits Fondamentaux\" \/>\n\t\t<meta property=\"og:type\" content=\"non_profit\" \/>\n\t\t<meta property=\"og:title\" content=\"Protection des donn\u00e9es personnelles et vie priv\u00e9e | O.E.N.D.D.F.\" \/>\n\t\t<meta property=\"og:description\" content=\"Maintenir la s\u00e9curit\u00e9 num\u00e9rique des citoyens est une question cruciale, \u00e9tant donn\u00e9 l&#039;importance des nouvelles technologies dans notre vie.\" \/>\n\t\t<meta property=\"og:url\" content=\"https:\/\/europeanobsndfr.org\/en\/protection-donnees-vie-privee\/protection-donnees-personnelles-et-vie-privee\/\" \/>\n\t\t<meta property=\"og:image\" content=\"https:\/\/europeanobsndfr.org\/wp-content\/uploads\/2016\/11\/logo-oenddf.jpg\" \/>\n\t\t<meta property=\"og:image:secure_url\" content=\"https:\/\/europeanobsndfr.org\/wp-content\/uploads\/2016\/11\/logo-oenddf.jpg\" \/>\n\t\t<meta property=\"og:image:width\" content=\"830\" \/>\n\t\t<meta property=\"og:image:height\" content=\"600\" \/>\n\t\t<meta name=\"twitter:card\" content=\"summary\" \/>\n\t\t<meta name=\"twitter:site\" content=\"@europeanobs\" \/>\n\t\t<meta name=\"twitter:title\" content=\"Protection des donn\u00e9es personnelles et vie priv\u00e9e | O.E.N.D.D.F.\" \/>\n\t\t<meta name=\"twitter:description\" content=\"Maintenir la s\u00e9curit\u00e9 num\u00e9rique des citoyens est une question cruciale, \u00e9tant donn\u00e9 l&#039;importance des nouvelles technologies dans notre vie.\" \/>\n\t\t<meta name=\"twitter:creator\" content=\"@europeanobs\" \/>\n\t\t<meta name=\"twitter:image\" content=\"https:\/\/europeanobsndfr.org\/wp-content\/uploads\/2016\/11\/logo-oenddf.jpg\" \/>\n\t\t<script type=\"application\/ld+json\" class=\"aioseo-schema\">\n\t\t\t{\"@context\":\"https:\\\/\\\/schema.org\",\"@graph\":[{\"@type\":\"Article\",\"@id\":\"https:\\\/\\\/europeanobsndfr.org\\\/en\\\/protection-donnees-vie-privee\\\/protection-donnees-personnelles-et-vie-privee\\\/#article\",\"name\":\"Protection des donn\\u00e9es personnelles et vie priv\\u00e9e | O.E.N.D.D.F.\",\"headline\":\"Protection des donn\\u00e9es personnelles et vie priv\\u00e9e &#8211; Droits Fondamentaux en FRANCE.\",\"author\":{\"@id\":\"https:\\\/\\\/europeanobsndfr.org\\\/en\\\/author\\\/admin\\\/#author\"},\"publisher\":{\"@id\":\"https:\\\/\\\/europeanobsndfr.org\\\/en\\\/#organization\"},\"image\":{\"@type\":\"ImageObject\",\"url\":\"https:\\\/\\\/europeanobsndfr.org\\\/wp-content\\\/uploads\\\/2016\\\/11\\\/cropped-logo-oenddf.jpg\",\"@id\":\"https:\\\/\\\/europeanobsndfr.org\\\/en\\\/#articleImage\",\"width\":701,\"height\":600,\"caption\":\"Logo OENDDF\"},\"datePublished\":\"2016-11-04T15:39:25+01:00\",\"dateModified\":\"2016-12-02T14:25:52+01:00\",\"inLanguage\":\"en-GB\",\"mainEntityOfPage\":{\"@id\":\"https:\\\/\\\/europeanobsndfr.org\\\/en\\\/protection-donnees-vie-privee\\\/protection-donnees-personnelles-et-vie-privee\\\/#webpage\"},\"isPartOf\":{\"@id\":\"https:\\\/\\\/europeanobsndfr.org\\\/en\\\/protection-donnees-vie-privee\\\/protection-donnees-personnelles-et-vie-privee\\\/#webpage\"},\"articleSection\":\"Protection des donn\\u00e9es et vie priv\\u00e9e, donn\\u00e9es biom\\u00e9triques, donn\\u00e9es personnelles, droit \\u00e0 l'oubli, droit au respect de la vie priv\\u00e9e, protection de la libert\\u00e9 d'expression, protection des donn\\u00e9es num\\u00e9riques, protection des usagers des NTIC, protection num\\u00e9rique\"},{\"@type\":\"BreadcrumbList\",\"@id\":\"https:\\\/\\\/europeanobsndfr.org\\\/en\\\/protection-donnees-vie-privee\\\/protection-donnees-personnelles-et-vie-privee\\\/#breadcrumblist\",\"itemListElement\":[{\"@type\":\"ListItem\",\"@id\":\"https:\\\/\\\/europeanobsndfr.org\\\/en#listItem\",\"position\":1,\"name\":\"Accueil\",\"item\":\"https:\\\/\\\/europeanobsndfr.org\\\/en\",\"nextItem\":{\"@type\":\"ListItem\",\"@id\":\"https:\\\/\\\/europeanobsndfr.org\\\/en\\\/category\\\/protection-donnees-vie-privee\\\/#listItem\",\"name\":\"Protection des donn\\u00e9es et vie priv\\u00e9e\"}},{\"@type\":\"ListItem\",\"@id\":\"https:\\\/\\\/europeanobsndfr.org\\\/en\\\/category\\\/protection-donnees-vie-privee\\\/#listItem\",\"position\":2,\"name\":\"Protection des donn\\u00e9es et vie priv\\u00e9e\",\"item\":\"https:\\\/\\\/europeanobsndfr.org\\\/en\\\/category\\\/protection-donnees-vie-privee\\\/\",\"nextItem\":{\"@type\":\"ListItem\",\"@id\":\"https:\\\/\\\/europeanobsndfr.org\\\/en\\\/protection-donnees-vie-privee\\\/protection-donnees-personnelles-et-vie-privee\\\/#listItem\",\"name\":\"Protection des donn\\u00e9es personnelles et vie priv\\u00e9e &#8211; Droits Fondamentaux en FRANCE.\"},\"previousItem\":{\"@type\":\"ListItem\",\"@id\":\"https:\\\/\\\/europeanobsndfr.org\\\/en#listItem\",\"name\":\"Accueil\"}},{\"@type\":\"ListItem\",\"@id\":\"https:\\\/\\\/europeanobsndfr.org\\\/en\\\/protection-donnees-vie-privee\\\/protection-donnees-personnelles-et-vie-privee\\\/#listItem\",\"position\":3,\"name\":\"Protection des donn\\u00e9es personnelles et vie priv\\u00e9e &#8211; Droits Fondamentaux en FRANCE.\",\"previousItem\":{\"@type\":\"ListItem\",\"@id\":\"https:\\\/\\\/europeanobsndfr.org\\\/en\\\/category\\\/protection-donnees-vie-privee\\\/#listItem\",\"name\":\"Protection des donn\\u00e9es et vie priv\\u00e9e\"}}]},{\"@type\":\"Organization\",\"@id\":\"https:\\\/\\\/europeanobsndfr.org\\\/en\\\/#organization\",\"name\":\"OENDDF\",\"description\":\"Organisation Internationale Non-Gouvernementale\",\"url\":\"https:\\\/\\\/europeanobsndfr.org\\\/en\\\/\",\"logo\":{\"@type\":\"ImageObject\",\"url\":\"https:\\\/\\\/europeanobsndfr.org\\\/wp-content\\\/uploads\\\/2016\\\/11\\\/cropped-logo-oenddf.jpg\",\"@id\":\"https:\\\/\\\/europeanobsndfr.org\\\/en\\\/protection-donnees-vie-privee\\\/protection-donnees-personnelles-et-vie-privee\\\/#organizationLogo\",\"width\":701,\"height\":600,\"caption\":\"Logo OENDDF\"},\"image\":{\"@id\":\"https:\\\/\\\/europeanobsndfr.org\\\/en\\\/protection-donnees-vie-privee\\\/protection-donnees-personnelles-et-vie-privee\\\/#organizationLogo\"},\"sameAs\":[\"https:\\\/\\\/twitter.com\\\/europeanobs\",\"https:\\\/\\\/www.instagram.com\\\/oenddf_ngo\\\/\",\"https:\\\/\\\/www.youtube.com\\\/channel\\\/UCO9vz5fybFw1Q8pvN00CDgA\"]},{\"@type\":\"Person\",\"@id\":\"https:\\\/\\\/europeanobsndfr.org\\\/en\\\/author\\\/admin\\\/#author\",\"url\":\"https:\\\/\\\/europeanobsndfr.org\\\/en\\\/author\\\/admin\\\/\",\"name\":\"OENDDF\",\"image\":{\"@type\":\"ImageObject\",\"@id\":\"https:\\\/\\\/europeanobsndfr.org\\\/en\\\/protection-donnees-vie-privee\\\/protection-donnees-personnelles-et-vie-privee\\\/#authorImage\",\"url\":\"https:\\\/\\\/secure.gravatar.com\\\/avatar\\\/f64bd673bdf1f612f36226606d41703598d9c028a910d72b461acb19a72f63d5?s=96&d=mm&r=g\",\"width\":96,\"height\":96,\"caption\":\"OENDDF\"}},{\"@type\":\"WebPage\",\"@id\":\"https:\\\/\\\/europeanobsndfr.org\\\/en\\\/protection-donnees-vie-privee\\\/protection-donnees-personnelles-et-vie-privee\\\/#webpage\",\"url\":\"https:\\\/\\\/europeanobsndfr.org\\\/en\\\/protection-donnees-vie-privee\\\/protection-donnees-personnelles-et-vie-privee\\\/\",\"name\":\"Protection des donn\\u00e9es personnelles et vie priv\\u00e9e | O.E.N.D.D.F.\",\"description\":\"Maintenir la s\\u00e9curit\\u00e9 num\\u00e9rique des citoyens est une question cruciale, \\u00e9tant donn\\u00e9 l'importance des nouvelles technologies dans notre vie.\",\"inLanguage\":\"en-GB\",\"isPartOf\":{\"@id\":\"https:\\\/\\\/europeanobsndfr.org\\\/en\\\/#website\"},\"breadcrumb\":{\"@id\":\"https:\\\/\\\/europeanobsndfr.org\\\/en\\\/protection-donnees-vie-privee\\\/protection-donnees-personnelles-et-vie-privee\\\/#breadcrumblist\"},\"author\":{\"@id\":\"https:\\\/\\\/europeanobsndfr.org\\\/en\\\/author\\\/admin\\\/#author\"},\"creator\":{\"@id\":\"https:\\\/\\\/europeanobsndfr.org\\\/en\\\/author\\\/admin\\\/#author\"},\"datePublished\":\"2016-11-04T15:39:25+01:00\",\"dateModified\":\"2016-12-02T14:25:52+01:00\"},{\"@type\":\"WebSite\",\"@id\":\"https:\\\/\\\/europeanobsndfr.org\\\/en\\\/#website\",\"url\":\"https:\\\/\\\/europeanobsndfr.org\\\/en\\\/\",\"name\":\"Observatoire Europ\\u00e9en de la Non-Discrimination et des Droits Fondamentaux\",\"description\":\"Organisation Internationale Non-Gouvernementale\",\"inLanguage\":\"en-GB\",\"publisher\":{\"@id\":\"https:\\\/\\\/europeanobsndfr.org\\\/en\\\/#organization\"}}]}\n\t\t<\/script>\n\t\t<!-- All in One SEO -->\n\n","aioseo_head_json":{"title":"Protection des donn\u00e9es personnelles et vie priv\u00e9e | O.E.N.D.D.F.","description":"Maintenir la s\u00e9curit\u00e9 num\u00e9rique des citoyens est une question cruciale, \u00e9tant donn\u00e9 l'importance des nouvelles technologies dans notre vie.","canonical_url":"https:\/\/europeanobsndfr.org\/en\/protection-donnees-vie-privee\/protection-donnees-personnelles-et-vie-privee\/","robots":"max-snippet:-1, max-image-preview:large, max-video-preview:-1","keywords":"","webmasterTools":{"google-site-verification":"KZsAbCyd-Ww06m2-MlFPa7EphgzWqs90ra8o0LfM_K8","miscellaneous":""},"schema":{"@context":"https:\/\/schema.org","@graph":[{"@type":"Article","@id":"https:\/\/europeanobsndfr.org\/en\/protection-donnees-vie-privee\/protection-donnees-personnelles-et-vie-privee\/#article","name":"Protection des donn\u00e9es personnelles et vie priv\u00e9e | O.E.N.D.D.F.","headline":"Protection des donn\u00e9es personnelles et vie priv\u00e9e &#8211; Droits Fondamentaux en FRANCE.","author":{"@id":"https:\/\/europeanobsndfr.org\/en\/author\/admin\/#author"},"publisher":{"@id":"https:\/\/europeanobsndfr.org\/en\/#organization"},"image":{"@type":"ImageObject","url":"https:\/\/europeanobsndfr.org\/wp-content\/uploads\/2016\/11\/cropped-logo-oenddf.jpg","@id":"https:\/\/europeanobsndfr.org\/en\/#articleImage","width":701,"height":600,"caption":"Logo OENDDF"},"datePublished":"2016-11-04T15:39:25+01:00","dateModified":"2016-12-02T14:25:52+01:00","inLanguage":"en-GB","mainEntityOfPage":{"@id":"https:\/\/europeanobsndfr.org\/en\/protection-donnees-vie-privee\/protection-donnees-personnelles-et-vie-privee\/#webpage"},"isPartOf":{"@id":"https:\/\/europeanobsndfr.org\/en\/protection-donnees-vie-privee\/protection-donnees-personnelles-et-vie-privee\/#webpage"},"articleSection":"Protection des donn\u00e9es et vie priv\u00e9e, donn\u00e9es biom\u00e9triques, donn\u00e9es personnelles, droit \u00e0 l'oubli, droit au respect de la vie priv\u00e9e, protection de la libert\u00e9 d'expression, protection des donn\u00e9es num\u00e9riques, protection des usagers des NTIC, protection num\u00e9rique"},{"@type":"BreadcrumbList","@id":"https:\/\/europeanobsndfr.org\/en\/protection-donnees-vie-privee\/protection-donnees-personnelles-et-vie-privee\/#breadcrumblist","itemListElement":[{"@type":"ListItem","@id":"https:\/\/europeanobsndfr.org\/en#listItem","position":1,"name":"Accueil","item":"https:\/\/europeanobsndfr.org\/en","nextItem":{"@type":"ListItem","@id":"https:\/\/europeanobsndfr.org\/en\/category\/protection-donnees-vie-privee\/#listItem","name":"Protection des donn\u00e9es et vie priv\u00e9e"}},{"@type":"ListItem","@id":"https:\/\/europeanobsndfr.org\/en\/category\/protection-donnees-vie-privee\/#listItem","position":2,"name":"Protection des donn\u00e9es et vie priv\u00e9e","item":"https:\/\/europeanobsndfr.org\/en\/category\/protection-donnees-vie-privee\/","nextItem":{"@type":"ListItem","@id":"https:\/\/europeanobsndfr.org\/en\/protection-donnees-vie-privee\/protection-donnees-personnelles-et-vie-privee\/#listItem","name":"Protection des donn\u00e9es personnelles et vie priv\u00e9e &#8211; Droits Fondamentaux en FRANCE."},"previousItem":{"@type":"ListItem","@id":"https:\/\/europeanobsndfr.org\/en#listItem","name":"Accueil"}},{"@type":"ListItem","@id":"https:\/\/europeanobsndfr.org\/en\/protection-donnees-vie-privee\/protection-donnees-personnelles-et-vie-privee\/#listItem","position":3,"name":"Protection des donn\u00e9es personnelles et vie priv\u00e9e &#8211; Droits Fondamentaux en FRANCE.","previousItem":{"@type":"ListItem","@id":"https:\/\/europeanobsndfr.org\/en\/category\/protection-donnees-vie-privee\/#listItem","name":"Protection des donn\u00e9es et vie priv\u00e9e"}}]},{"@type":"Organization","@id":"https:\/\/europeanobsndfr.org\/en\/#organization","name":"OENDDF","description":"Organisation Internationale Non-Gouvernementale","url":"https:\/\/europeanobsndfr.org\/en\/","logo":{"@type":"ImageObject","url":"https:\/\/europeanobsndfr.org\/wp-content\/uploads\/2016\/11\/cropped-logo-oenddf.jpg","@id":"https:\/\/europeanobsndfr.org\/en\/protection-donnees-vie-privee\/protection-donnees-personnelles-et-vie-privee\/#organizationLogo","width":701,"height":600,"caption":"Logo OENDDF"},"image":{"@id":"https:\/\/europeanobsndfr.org\/en\/protection-donnees-vie-privee\/protection-donnees-personnelles-et-vie-privee\/#organizationLogo"},"sameAs":["https:\/\/twitter.com\/europeanobs","https:\/\/www.instagram.com\/oenddf_ngo\/","https:\/\/www.youtube.com\/channel\/UCO9vz5fybFw1Q8pvN00CDgA"]},{"@type":"Person","@id":"https:\/\/europeanobsndfr.org\/en\/author\/admin\/#author","url":"https:\/\/europeanobsndfr.org\/en\/author\/admin\/","name":"OENDDF","image":{"@type":"ImageObject","@id":"https:\/\/europeanobsndfr.org\/en\/protection-donnees-vie-privee\/protection-donnees-personnelles-et-vie-privee\/#authorImage","url":"https:\/\/secure.gravatar.com\/avatar\/f64bd673bdf1f612f36226606d41703598d9c028a910d72b461acb19a72f63d5?s=96&d=mm&r=g","width":96,"height":96,"caption":"OENDDF"}},{"@type":"WebPage","@id":"https:\/\/europeanobsndfr.org\/en\/protection-donnees-vie-privee\/protection-donnees-personnelles-et-vie-privee\/#webpage","url":"https:\/\/europeanobsndfr.org\/en\/protection-donnees-vie-privee\/protection-donnees-personnelles-et-vie-privee\/","name":"Protection des donn\u00e9es personnelles et vie priv\u00e9e | O.E.N.D.D.F.","description":"Maintenir la s\u00e9curit\u00e9 num\u00e9rique des citoyens est une question cruciale, \u00e9tant donn\u00e9 l'importance des nouvelles technologies dans notre vie.","inLanguage":"en-GB","isPartOf":{"@id":"https:\/\/europeanobsndfr.org\/en\/#website"},"breadcrumb":{"@id":"https:\/\/europeanobsndfr.org\/en\/protection-donnees-vie-privee\/protection-donnees-personnelles-et-vie-privee\/#breadcrumblist"},"author":{"@id":"https:\/\/europeanobsndfr.org\/en\/author\/admin\/#author"},"creator":{"@id":"https:\/\/europeanobsndfr.org\/en\/author\/admin\/#author"},"datePublished":"2016-11-04T15:39:25+01:00","dateModified":"2016-12-02T14:25:52+01:00"},{"@type":"WebSite","@id":"https:\/\/europeanobsndfr.org\/en\/#website","url":"https:\/\/europeanobsndfr.org\/en\/","name":"Observatoire Europ\u00e9en de la Non-Discrimination et des Droits Fondamentaux","description":"Organisation Internationale Non-Gouvernementale","inLanguage":"en-GB","publisher":{"@id":"https:\/\/europeanobsndfr.org\/en\/#organization"}}]},"og:locale":"en_GB","og:site_name":"Observatoire Europ\u00e9en de la Non-Discrimination et des Droits Fondamentaux","og:type":"non_profit","og:title":"Protection des donn\u00e9es personnelles et vie priv\u00e9e | O.E.N.D.D.F.","og:description":"Maintenir la s\u00e9curit\u00e9 num\u00e9rique des citoyens est une question cruciale, \u00e9tant donn\u00e9 l'importance des nouvelles technologies dans notre vie.","og:url":"https:\/\/europeanobsndfr.org\/en\/protection-donnees-vie-privee\/protection-donnees-personnelles-et-vie-privee\/","og:image":"https:\/\/europeanobsndfr.org\/wp-content\/uploads\/2016\/11\/logo-oenddf.jpg","og:image:secure_url":"https:\/\/europeanobsndfr.org\/wp-content\/uploads\/2016\/11\/logo-oenddf.jpg","og:image:width":830,"og:image:height":600,"twitter:card":"summary","twitter:site":"@europeanobs","twitter:title":"Protection des donn\u00e9es personnelles et vie priv\u00e9e | O.E.N.D.D.F.","twitter:description":"Maintenir la s\u00e9curit\u00e9 num\u00e9rique des citoyens est une question cruciale, \u00e9tant donn\u00e9 l'importance des nouvelles technologies dans notre vie.","twitter:creator":"@europeanobs","twitter:image":"https:\/\/europeanobsndfr.org\/wp-content\/uploads\/2016\/11\/logo-oenddf.jpg"},"aioseo_meta_data":{"post_id":"6828","title":"Protection des donn\u00e9es personnelles et vie priv\u00e9e | O.E.N.D.D.F.","description":"Maintenir la s\u00e9curit\u00e9 num\u00e9rique des citoyens est une question cruciale, \u00e9tant donn\u00e9 l'importance des nouvelles technologies dans notre vie.","keywords":null,"keyphrases":null,"primary_term":null,"canonical_url":null,"og_title":"","og_description":"","og_object_type":"non_profit","og_image_type":"default","og_image_url":null,"og_image_width":null,"og_image_height":null,"og_image_custom_url":null,"og_image_custom_fields":null,"og_video":"","og_custom_url":null,"og_article_section":"","og_article_tags":"","twitter_use_og":false,"twitter_card":"summary","twitter_image_type":"default","twitter_image_url":null,"twitter_image_custom_url":null,"twitter_image_custom_fields":null,"twitter_title":null,"twitter_description":null,"schema":{"blockGraphs":[],"customGraphs":[],"default":{"data":{"Article":[],"Course":[],"Dataset":[],"FAQPage":[],"Movie":[],"Person":[],"Product":[],"ProductReview":[],"Car":[],"Recipe":[],"Service":[],"SoftwareApplication":[],"WebPage":[]},"graphName":"","isEnabled":true},"graphs":[]},"schema_type":null,"schema_type_options":null,"pillar_content":false,"robots_default":true,"robots_noindex":false,"robots_noarchive":false,"robots_nosnippet":false,"robots_nofollow":false,"robots_noimageindex":false,"robots_noodp":false,"robots_notranslate":false,"robots_max_snippet":null,"robots_max_videopreview":null,"robots_max_imagepreview":"large","priority":null,"frequency":null,"local_seo":null,"breadcrumb_settings":null,"limit_modified_date":false,"ai":null,"created":"2021-01-22 17:53:52","updated":"2025-08-01 09:42:25","focus_keyword":null,"additional_keywords":null,"truseo_locale":null,"seo_analyzer_scan_date":null},"jetpack_featured_media_url":"","jetpack-related-posts":[],"jetpack_sharing_enabled":true,"_links":{"self":[{"href":"https:\/\/europeanobsndfr.org\/en\/wp-json\/wp\/v2\/posts\/6828","targetHints":{"allow":["GET"]}}],"collection":[{"href":"https:\/\/europeanobsndfr.org\/en\/wp-json\/wp\/v2\/posts"}],"about":[{"href":"https:\/\/europeanobsndfr.org\/en\/wp-json\/wp\/v2\/types\/post"}],"author":[{"embeddable":true,"href":"https:\/\/europeanobsndfr.org\/en\/wp-json\/wp\/v2\/users\/1"}],"replies":[{"embeddable":true,"href":"https:\/\/europeanobsndfr.org\/en\/wp-json\/wp\/v2\/comments?post=6828"}],"version-history":[{"count":0,"href":"https:\/\/europeanobsndfr.org\/en\/wp-json\/wp\/v2\/posts\/6828\/revisions"}],"wp:attachment":[{"href":"https:\/\/europeanobsndfr.org\/en\/wp-json\/wp\/v2\/media?parent=6828"}],"wp:term":[{"taxonomy":"category","embeddable":true,"href":"https:\/\/europeanobsndfr.org\/en\/wp-json\/wp\/v2\/categories?post=6828"},{"taxonomy":"post_tag","embeddable":true,"href":"https:\/\/europeanobsndfr.org\/en\/wp-json\/wp\/v2\/tags?post=6828"}],"curies":[{"name":"wp","href":"https:\/\/api.w.org\/{rel}","templated":true}]}}