{"id":7324,"date":"2016-12-04T16:45:33","date_gmt":"2016-12-04T16:45:33","guid":{"rendered":"https:\/\/europeanobsndfr.org\/actualites-fr\/asylum-migration-and-borders\/food-aid-and-medical-aid-in-paris-france\/"},"modified":"2016-12-12T09:44:27","modified_gmt":"2016-12-12T09:44:27","slug":"aide-alimentaire-assistance-medicale-pour-personnes-sans-abri-isolees-paris-france","status":"publish","type":"post","link":"https:\/\/europeanobsndfr.org\/en\/actualites-fr\/combat-contre-pauvrete\/aide-alimentaire-assistance-medicale-pour-personnes-sans-abri-isolees-paris-france\/","title":{"rendered":"Aide alimentaire et assistance m\u00e9dicale de base pour les personnes sans-abri tr\u00e8s isol\u00e9es &#8211; PARIS &#8211; FRANCE."},"content":{"rendered":"<p style=\"text-align: justify;\"><span style=\"text-decoration: underline;\"><strong>Objectif<\/strong><\/span> : Aider les personnes sans-abri en urgence, sur PARIS, pendant les nuits froides de d\u00e9cembre, lorsque le num\u00e9ro 115 est satur\u00e9.<\/p>\n<p style=\"text-align: justify;\"><strong><span style=\"text-decoration: underline;\">Lieu de l&rsquo;action :<\/span> PARIS, FRANCE.<\/strong><\/p>\n<p style=\"text-align: justify;\"><strong><span style=\"text-decoration: underline;\">Moyens mis en \u0153uvre :<\/span> D\u00e9cembre 2016 <\/strong> : \u00c9quipe de maraude de rue \u00e0 PARIS, pour apporter aux personnes de la rue, tr\u00e8s isol\u00e9es, pendant les nuits froides de d\u00e9cembre, une aide alimentaire et une assistance\u00a0m\u00e9dicale de base.<\/p>\n<p style=\"text-align: justify;\"><strong><span style=\"text-decoration: underline;\">Domaine d\u2019intervention vis\u00e9 par\u00a0la Commission Europ\u00e9enne<\/span>\u00a0: Strat\u00e9gie Europe 2020 (<a href=\"http:\/\/ec.europa.eu\/social\/main.jsp?catId=961&amp;langId=en\"><strong>Plateforme europ\u00e9enne contre la Pauvret\u00e9 et l\u2019Exclusion sociale<\/strong><\/a>).<\/strong><\/p>\n<p style=\"text-align: justify;\"><span style=\"text-decoration: underline;\"><strong>+\u00a0de nouvelles ?<\/strong><\/span> Notre ONG est pr\u00e9sente sur les r\u00e9seaux sociaux :<\/p>\n<ul>\n<li><a href=\"https:\/\/www.facebook.com\/European-Observatory-for-Non-Discrimination-and-Fundamental-Rights-1103291363129845\/?fref=ts\">Facebook<\/a><\/li>\n<li><a href=\"https:\/\/twitter.com\/europeanobs\">Twitter<\/a><\/li>\n<li><a href=\"https:\/\/www.youtube.com\/channel\/UCO9vz5fybFw1Q8pvN00CDgA\">YouTube<\/a><\/li>\n<li><a href=\"https:\/\/www.instagram.com\/oenddf\/\">Instagram<\/a><\/li>\n<\/ul>\n<p>[av_content_slider heading=\u00a0\u00bb columns=&rsquo;2&prime; animation=&rsquo;slide&rsquo; navigation=&rsquo;arrows&rsquo; autoplay=&rsquo;true&rsquo; interval=&rsquo;5&prime; font_color=\u00a0\u00bb color=\u00a0\u00bb]<br \/>\n[av_content_slide title=&rsquo;\u00c9quipe mobile de maraude de rue. PARIS.&rsquo; link=\u00a0\u00bb linktarget=\u00a0\u00bb]<br \/>\n<a href=\"https:\/\/europeanobsndfr.org\/wp-content\/uploads\/2016\/12\/Photo-Paris-4.jpg\"><img loading=\"lazy\" decoding=\"async\" class=\"aligncenter size-medium wp-image-7317\" src=\"https:\/\/europeanobsndfr.org\/wp-content\/uploads\/2016\/12\/Photo-Paris-4-300x155.jpg\" alt=\"photo-paris-4\" width=\"300\" height=\"155\" srcset=\"https:\/\/europeanobsndfr.org\/wp-content\/uploads\/2016\/12\/Photo-Paris-4-300x155.jpg 300w, https:\/\/europeanobsndfr.org\/wp-content\/uploads\/2016\/12\/Photo-Paris-4-705x365.jpg 705w, https:\/\/europeanobsndfr.org\/wp-content\/uploads\/2016\/12\/Photo-Paris-4.jpg 750w\" sizes=\"auto, (max-width: 300px) 100vw, 300px\" \/><\/a><br \/>\n[\/av_content_slide]<br \/>\n[av_content_slide title=&rsquo;\u00c9quipe mobile de maraude de rue. PARIS.&rsquo; link=\u00a0\u00bb linktarget=\u00a0\u00bb]<br \/>\n<a href=\"https:\/\/europeanobsndfr.org\/wp-content\/uploads\/2016\/12\/Photo-Paris-6.jpg\"><img loading=\"lazy\" decoding=\"async\" class=\"aligncenter size-medium wp-image-7315\" src=\"https:\/\/europeanobsndfr.org\/wp-content\/uploads\/2016\/12\/Photo-Paris-6-225x300.jpg\" alt=\"photo-paris-6\" width=\"225\" height=\"300\" srcset=\"https:\/\/europeanobsndfr.org\/wp-content\/uploads\/2016\/12\/Photo-Paris-6-225x300.jpg 225w, https:\/\/europeanobsndfr.org\/wp-content\/uploads\/2016\/12\/Photo-Paris-6.jpg 768w, https:\/\/europeanobsndfr.org\/wp-content\/uploads\/2016\/12\/Photo-Paris-6-529x705.jpg 529w\" sizes=\"auto, (max-width: 225px) 100vw, 225px\" \/><\/a><br \/>\n[\/av_content_slide]<br \/>\n[av_content_slide title=&rsquo;\u00c9quipe mobile de maraude de rue. PARIS.&rsquo; link=\u00a0\u00bb linktarget=\u00a0\u00bb]<br \/>\n<a href=\"https:\/\/europeanobsndfr.org\/wp-content\/uploads\/2016\/12\/Photo-Paris-5.png\"><img loading=\"lazy\" decoding=\"async\" class=\"aligncenter size-medium wp-image-7316\" src=\"https:\/\/europeanobsndfr.org\/wp-content\/uploads\/2016\/12\/Photo-Paris-5-169x300.png\" alt=\"photo-paris-5\" width=\"169\" height=\"300\" srcset=\"https:\/\/europeanobsndfr.org\/wp-content\/uploads\/2016\/12\/Photo-Paris-5-169x300.png 169w, https:\/\/europeanobsndfr.org\/wp-content\/uploads\/2016\/12\/Photo-Paris-5-579x1030.png 579w, https:\/\/europeanobsndfr.org\/wp-content\/uploads\/2016\/12\/Photo-Paris-5-396x705.png 396w, https:\/\/europeanobsndfr.org\/wp-content\/uploads\/2016\/12\/Photo-Paris-5.png 750w\" sizes=\"auto, (max-width: 169px) 100vw, 169px\" \/><\/a><br \/>\n[\/av_content_slide]<br \/>\n[av_content_slide title=&rsquo;\u00c9quipe mobile de maraude de rue. PARIS.&rsquo; link=\u00a0\u00bb linktarget=\u00a0\u00bb]<br \/>\n<a href=\"https:\/\/europeanobsndfr.org\/wp-content\/uploads\/2016\/12\/Photo-Paris-3.jpg\"><img loading=\"lazy\" decoding=\"async\" class=\"aligncenter size-medium wp-image-7318\" src=\"https:\/\/europeanobsndfr.org\/wp-content\/uploads\/2016\/12\/Photo-Paris-3-225x300.jpg\" alt=\"photo-paris-3\" width=\"225\" height=\"300\" srcset=\"https:\/\/europeanobsndfr.org\/wp-content\/uploads\/2016\/12\/Photo-Paris-3-225x300.jpg 225w, https:\/\/europeanobsndfr.org\/wp-content\/uploads\/2016\/12\/Photo-Paris-3.jpg 768w, https:\/\/europeanobsndfr.org\/wp-content\/uploads\/2016\/12\/Photo-Paris-3-529x705.jpg 529w\" sizes=\"auto, (max-width: 225px) 100vw, 225px\" \/><\/a><br \/>\n[\/av_content_slide]<br \/>\n[av_content_slide title=&rsquo;\u00c9quipe mobile de maraude de rue. PARIS.&rsquo; link=\u00a0\u00bb linktarget=\u00a0\u00bb]<br \/>\n<a href=\"https:\/\/europeanobsndfr.org\/wp-content\/uploads\/2016\/12\/Photo-Paris-2.jpg\"><img loading=\"lazy\" decoding=\"async\" class=\"aligncenter size-medium wp-image-7319\" src=\"https:\/\/europeanobsndfr.org\/wp-content\/uploads\/2016\/12\/Photo-Paris-2-225x300.jpg\" alt=\"photo-paris-2\" width=\"225\" height=\"300\" srcset=\"https:\/\/europeanobsndfr.org\/wp-content\/uploads\/2016\/12\/Photo-Paris-2-225x300.jpg 225w, https:\/\/europeanobsndfr.org\/wp-content\/uploads\/2016\/12\/Photo-Paris-2.jpg 768w, https:\/\/europeanobsndfr.org\/wp-content\/uploads\/2016\/12\/Photo-Paris-2-529x705.jpg 529w\" sizes=\"auto, (max-width: 225px) 100vw, 225px\" \/><\/a><br \/>\n[\/av_content_slide]<br \/>\n[av_content_slide title=&rsquo;\u00c9quipe mobile de maraude de rue. PARIS.&rsquo; link=\u00a0\u00bb linktarget=\u00a0\u00bb]<br \/>\n<a href=\"https:\/\/europeanobsndfr.org\/wp-content\/uploads\/2016\/12\/Photo-Paris-1.jpg\"><img loading=\"lazy\" decoding=\"async\" class=\"aligncenter size-medium wp-image-7320\" src=\"https:\/\/europeanobsndfr.org\/wp-content\/uploads\/2016\/12\/Photo-Paris-1-225x300.jpg\" alt=\"photo-paris-1\" width=\"225\" height=\"300\" srcset=\"https:\/\/europeanobsndfr.org\/wp-content\/uploads\/2016\/12\/Photo-Paris-1-225x300.jpg 225w, https:\/\/europeanobsndfr.org\/wp-content\/uploads\/2016\/12\/Photo-Paris-1.jpg 768w, https:\/\/europeanobsndfr.org\/wp-content\/uploads\/2016\/12\/Photo-Paris-1-529x705.jpg 529w\" sizes=\"auto, (max-width: 225px) 100vw, 225px\" \/><\/a><br \/>\n[\/av_content_slide]<br \/>\n[\/av_content_slider]<\/p>\n<p>&nbsp;<\/p>\n","protected":false},"excerpt":{"rendered":"<p>Objectif : Aider les personnes sans-abri en urgence, sur PARIS, pendant les nuits froides de d\u00e9cembre, lorsque le num\u00e9ro 115 est satur\u00e9. Lieu de l&rsquo;action : PARIS, FRANCE. Moyens mis en \u0153uvre : D\u00e9cembre 2016 : \u00c9quipe de maraude de rue \u00e0 PARIS, pour apporter aux personnes de la rue, tr\u00e8s isol\u00e9es, pendant les nuits&#8230;<\/p>","protected":false},"author":1,"featured_media":0,"comment_status":"closed","ping_status":"closed","sticky":false,"template":"","format":"standard","meta":{"give_campaign_id":0,"_kadence_starter_templates_imported_post":false,"_kad_post_transparent":"","_kad_post_title":"","_kad_post_layout":"","_kad_post_sidebar_id":"","_kad_post_content_style":"","_kad_post_vertical_padding":"","_kad_post_feature":"","_kad_post_feature_position":"","_kad_post_header":false,"_kad_post_footer":false,"_kad_post_classname":"","_jetpack_memberships_contains_paid_content":false,"footnotes":""},"categories":[44],"tags":[235,231,252,233,232,250,239,210,230,254,251],"class_list":["post-7324","post","type-post","status-publish","format-standard","hentry","category-combat-contre-pauvrete","tag-action-de-relogement","tag-aide-alimentaire","tag-aide-aux-sans-abris","tag-aide-humaine","tag-aide-materielle","tag-distribution-de-repas","tag-distribution-gratuite","tag-personnes-en-situation-de-grande-precarite","tag-sans-abri","tag-soutien-humain","tag-soutien-moral"],"aioseo_notices":[],"aioseo_head":"\n\t\t<!-- All in One SEO 5.0.1.1 - aioseo.com -->\n\t<meta name=\"description\" content=\"Aider les personnes sans-abri en urgence, sur PARIS, pendant les nuits froides de d\u00e9cembre, lorsque le num\u00e9ro 115 est satur\u00e9.\" \/>\n\t<meta name=\"robots\" content=\"max-snippet:-1, max-image-preview:large, max-video-preview:-1\" \/>\n\t<meta name=\"author\" content=\"OENDDF\"\/>\n\t<meta name=\"google-site-verification\" content=\"KZsAbCyd-Ww06m2-MlFPa7EphgzWqs90ra8o0LfM_K8\" \/>\n\t<link rel=\"canonical\" href=\"https:\/\/europeanobsndfr.org\/en\/actualites-fr\/combat-contre-pauvrete\/aide-alimentaire-assistance-medicale-pour-personnes-sans-abri-isolees-paris-france\/\" \/>\n\t<meta name=\"generator\" content=\"All in One SEO (AIOSEO) 5.0.1.1\" \/>\n\t\t<meta property=\"og:locale\" content=\"en_GB\" \/>\n\t\t<meta property=\"og:site_name\" content=\"Observatoire Europ\u00e9en de la Non-Discrimination et des Droits Fondamentaux\" \/>\n\t\t<meta property=\"og:type\" content=\"non_profit\" \/>\n\t\t<meta property=\"og:title\" content=\"Aide aux sans-abri \u00e0 Paris pendant les nuits d&#039;hiver | O.E.N.D.D.F.\" \/>\n\t\t<meta property=\"og:description\" content=\"Aider les personnes sans-abri en urgence, sur PARIS, pendant les nuits froides de d\u00e9cembre, lorsque le num\u00e9ro 115 est satur\u00e9.\" \/>\n\t\t<meta property=\"og:url\" content=\"https:\/\/europeanobsndfr.org\/en\/actualites-fr\/combat-contre-pauvrete\/aide-alimentaire-assistance-medicale-pour-personnes-sans-abri-isolees-paris-france\/\" \/>\n\t\t<meta property=\"og:image\" content=\"https:\/\/europeanobsndfr.org\/wp-content\/uploads\/2016\/11\/logo-oenddf.jpg\" \/>\n\t\t<meta property=\"og:image:secure_url\" content=\"https:\/\/europeanobsndfr.org\/wp-content\/uploads\/2016\/11\/logo-oenddf.jpg\" \/>\n\t\t<meta property=\"og:image:width\" content=\"830\" \/>\n\t\t<meta property=\"og:image:height\" content=\"600\" \/>\n\t\t<meta name=\"twitter:card\" content=\"summary\" \/>\n\t\t<meta name=\"twitter:site\" content=\"@europeanobs\" \/>\n\t\t<meta name=\"twitter:title\" content=\"Aide aux sans-abri \u00e0 Paris pendant les nuits d&#039;hiver | O.E.N.D.D.F.\" \/>\n\t\t<meta name=\"twitter:description\" content=\"Aider les personnes sans-abri en urgence, sur PARIS, pendant les nuits froides de d\u00e9cembre, lorsque le num\u00e9ro 115 est satur\u00e9.\" \/>\n\t\t<meta name=\"twitter:creator\" content=\"@europeanobs\" \/>\n\t\t<meta name=\"twitter:image\" content=\"https:\/\/europeanobsndfr.org\/wp-content\/uploads\/2016\/11\/logo-oenddf.jpg\" \/>\n\t\t<script type=\"application\/ld+json\" class=\"aioseo-schema\">\n\t\t\t{\"@context\":\"https:\\\/\\\/schema.org\",\"@graph\":[{\"@type\":\"Article\",\"@id\":\"https:\\\/\\\/europeanobsndfr.org\\\/en\\\/actualites-fr\\\/combat-contre-pauvrete\\\/aide-alimentaire-assistance-medicale-pour-personnes-sans-abri-isolees-paris-france\\\/#article\",\"name\":\"Aide aux sans-abri \\u00e0 Paris pendant les nuits d'hiver | O.E.N.D.D.F.\",\"headline\":\"Aide alimentaire et assistance m\\u00e9dicale de base pour les personnes sans-abri tr\\u00e8s isol\\u00e9es &#8211; PARIS &#8211; FRANCE.\",\"author\":{\"@id\":\"https:\\\/\\\/europeanobsndfr.org\\\/en\\\/author\\\/admin\\\/#author\"},\"publisher\":{\"@id\":\"https:\\\/\\\/europeanobsndfr.org\\\/en\\\/#organization\"},\"image\":{\"@type\":\"ImageObject\",\"url\":\"https:\\\/\\\/europeanobsndfr.org\\\/wp-content\\\/uploads\\\/2016\\\/12\\\/Photo-Paris-4-300x155.jpg\",\"@id\":\"https:\\\/\\\/europeanobsndfr.org\\\/en\\\/actualites-fr\\\/combat-contre-pauvrete\\\/aide-alimentaire-assistance-medicale-pour-personnes-sans-abri-isolees-paris-france\\\/#articleImage\"},\"datePublished\":\"2016-12-04T16:45:33+01:00\",\"dateModified\":\"2016-12-12T09:44:27+01:00\",\"inLanguage\":\"en-GB\",\"mainEntityOfPage\":{\"@id\":\"https:\\\/\\\/europeanobsndfr.org\\\/en\\\/actualites-fr\\\/combat-contre-pauvrete\\\/aide-alimentaire-assistance-medicale-pour-personnes-sans-abri-isolees-paris-france\\\/#webpage\"},\"isPartOf\":{\"@id\":\"https:\\\/\\\/europeanobsndfr.org\\\/en\\\/actualites-fr\\\/combat-contre-pauvrete\\\/aide-alimentaire-assistance-medicale-pour-personnes-sans-abri-isolees-paris-france\\\/#webpage\"},\"articleSection\":\"Combat contre la pauvret\\u00e9, contre l'exclusion sociale et en faveur de l'inclusion sociale, action de relogement, aide alimentaire, aide aux sans-abris, aide humaine, aide mat\\u00e9rielle, distribution de repas, distribution gratuite, personnes en situation de grande pr\\u00e9carit\\u00e9, sans-abri, soutien humain, soutien moral\"},{\"@type\":\"BreadcrumbList\",\"@id\":\"https:\\\/\\\/europeanobsndfr.org\\\/en\\\/actualites-fr\\\/combat-contre-pauvrete\\\/aide-alimentaire-assistance-medicale-pour-personnes-sans-abri-isolees-paris-france\\\/#breadcrumblist\",\"itemListElement\":[{\"@type\":\"ListItem\",\"@id\":\"https:\\\/\\\/europeanobsndfr.org\\\/en#listItem\",\"position\":1,\"name\":\"Accueil\",\"item\":\"https:\\\/\\\/europeanobsndfr.org\\\/en\",\"nextItem\":{\"@type\":\"ListItem\",\"@id\":\"https:\\\/\\\/europeanobsndfr.org\\\/en\\\/category\\\/actualites-fr\\\/#listItem\",\"name\":\"Actualit\\u00e9\"}},{\"@type\":\"ListItem\",\"@id\":\"https:\\\/\\\/europeanobsndfr.org\\\/en\\\/category\\\/actualites-fr\\\/#listItem\",\"position\":2,\"name\":\"Actualit\\u00e9\",\"item\":\"https:\\\/\\\/europeanobsndfr.org\\\/en\\\/category\\\/actualites-fr\\\/\",\"nextItem\":{\"@type\":\"ListItem\",\"@id\":\"https:\\\/\\\/europeanobsndfr.org\\\/en\\\/category\\\/actualites-fr\\\/combat-contre-pauvrete\\\/#listItem\",\"name\":\"Combat contre la pauvret\\u00e9, contre l'exclusion sociale et en faveur de l'inclusion sociale\"},\"previousItem\":{\"@type\":\"ListItem\",\"@id\":\"https:\\\/\\\/europeanobsndfr.org\\\/en#listItem\",\"name\":\"Accueil\"}},{\"@type\":\"ListItem\",\"@id\":\"https:\\\/\\\/europeanobsndfr.org\\\/en\\\/category\\\/actualites-fr\\\/combat-contre-pauvrete\\\/#listItem\",\"position\":3,\"name\":\"Combat contre la pauvret\\u00e9, contre l'exclusion sociale et en faveur de l'inclusion sociale\",\"item\":\"https:\\\/\\\/europeanobsndfr.org\\\/en\\\/category\\\/actualites-fr\\\/combat-contre-pauvrete\\\/\",\"nextItem\":{\"@type\":\"ListItem\",\"@id\":\"https:\\\/\\\/europeanobsndfr.org\\\/en\\\/actualites-fr\\\/combat-contre-pauvrete\\\/aide-alimentaire-assistance-medicale-pour-personnes-sans-abri-isolees-paris-france\\\/#listItem\",\"name\":\"Aide alimentaire et assistance m\\u00e9dicale de base pour les personnes sans-abri tr\\u00e8s isol\\u00e9es &#8211; PARIS &#8211; FRANCE.\"},\"previousItem\":{\"@type\":\"ListItem\",\"@id\":\"https:\\\/\\\/europeanobsndfr.org\\\/en\\\/category\\\/actualites-fr\\\/#listItem\",\"name\":\"Actualit\\u00e9\"}},{\"@type\":\"ListItem\",\"@id\":\"https:\\\/\\\/europeanobsndfr.org\\\/en\\\/actualites-fr\\\/combat-contre-pauvrete\\\/aide-alimentaire-assistance-medicale-pour-personnes-sans-abri-isolees-paris-france\\\/#listItem\",\"position\":4,\"name\":\"Aide alimentaire et assistance m\\u00e9dicale de base pour les personnes sans-abri tr\\u00e8s isol\\u00e9es &#8211; PARIS &#8211; FRANCE.\",\"previousItem\":{\"@type\":\"ListItem\",\"@id\":\"https:\\\/\\\/europeanobsndfr.org\\\/en\\\/category\\\/actualites-fr\\\/combat-contre-pauvrete\\\/#listItem\",\"name\":\"Combat contre la pauvret\\u00e9, contre l'exclusion sociale et en faveur de l'inclusion sociale\"}}]},{\"@type\":\"Organization\",\"@id\":\"https:\\\/\\\/europeanobsndfr.org\\\/en\\\/#organization\",\"name\":\"OENDDF\",\"description\":\"Organisation Internationale Non-Gouvernementale\",\"url\":\"https:\\\/\\\/europeanobsndfr.org\\\/en\\\/\",\"logo\":{\"@type\":\"ImageObject\",\"url\":\"https:\\\/\\\/europeanobsndfr.org\\\/wp-content\\\/uploads\\\/2016\\\/11\\\/cropped-logo-oenddf.jpg\",\"@id\":\"https:\\\/\\\/europeanobsndfr.org\\\/en\\\/actualites-fr\\\/combat-contre-pauvrete\\\/aide-alimentaire-assistance-medicale-pour-personnes-sans-abri-isolees-paris-france\\\/#organizationLogo\",\"width\":701,\"height\":600,\"caption\":\"Logo OENDDF\"},\"image\":{\"@id\":\"https:\\\/\\\/europeanobsndfr.org\\\/en\\\/actualites-fr\\\/combat-contre-pauvrete\\\/aide-alimentaire-assistance-medicale-pour-personnes-sans-abri-isolees-paris-france\\\/#organizationLogo\"},\"sameAs\":[\"https:\\\/\\\/twitter.com\\\/europeanobs\",\"https:\\\/\\\/www.instagram.com\\\/oenddf_ngo\\\/\",\"https:\\\/\\\/www.youtube.com\\\/channel\\\/UCO9vz5fybFw1Q8pvN00CDgA\"]},{\"@type\":\"Person\",\"@id\":\"https:\\\/\\\/europeanobsndfr.org\\\/en\\\/author\\\/admin\\\/#author\",\"url\":\"https:\\\/\\\/europeanobsndfr.org\\\/en\\\/author\\\/admin\\\/\",\"name\":\"OENDDF\",\"image\":{\"@type\":\"ImageObject\",\"@id\":\"https:\\\/\\\/europeanobsndfr.org\\\/en\\\/actualites-fr\\\/combat-contre-pauvrete\\\/aide-alimentaire-assistance-medicale-pour-personnes-sans-abri-isolees-paris-france\\\/#authorImage\",\"url\":\"https:\\\/\\\/secure.gravatar.com\\\/avatar\\\/f64bd673bdf1f612f36226606d41703598d9c028a910d72b461acb19a72f63d5?s=96&d=mm&r=g\",\"width\":96,\"height\":96,\"caption\":\"OENDDF\"}},{\"@type\":\"WebPage\",\"@id\":\"https:\\\/\\\/europeanobsndfr.org\\\/en\\\/actualites-fr\\\/combat-contre-pauvrete\\\/aide-alimentaire-assistance-medicale-pour-personnes-sans-abri-isolees-paris-france\\\/#webpage\",\"url\":\"https:\\\/\\\/europeanobsndfr.org\\\/en\\\/actualites-fr\\\/combat-contre-pauvrete\\\/aide-alimentaire-assistance-medicale-pour-personnes-sans-abri-isolees-paris-france\\\/\",\"name\":\"Aide aux sans-abri \\u00e0 Paris pendant les nuits d'hiver | O.E.N.D.D.F.\",\"description\":\"Aider les personnes sans-abri en urgence, sur PARIS, pendant les nuits froides de d\\u00e9cembre, lorsque le num\\u00e9ro 115 est satur\\u00e9.\",\"inLanguage\":\"en-GB\",\"isPartOf\":{\"@id\":\"https:\\\/\\\/europeanobsndfr.org\\\/en\\\/#website\"},\"breadcrumb\":{\"@id\":\"https:\\\/\\\/europeanobsndfr.org\\\/en\\\/actualites-fr\\\/combat-contre-pauvrete\\\/aide-alimentaire-assistance-medicale-pour-personnes-sans-abri-isolees-paris-france\\\/#breadcrumblist\"},\"author\":{\"@id\":\"https:\\\/\\\/europeanobsndfr.org\\\/en\\\/author\\\/admin\\\/#author\"},\"creator\":{\"@id\":\"https:\\\/\\\/europeanobsndfr.org\\\/en\\\/author\\\/admin\\\/#author\"},\"datePublished\":\"2016-12-04T16:45:33+01:00\",\"dateModified\":\"2016-12-12T09:44:27+01:00\"},{\"@type\":\"WebSite\",\"@id\":\"https:\\\/\\\/europeanobsndfr.org\\\/en\\\/#website\",\"url\":\"https:\\\/\\\/europeanobsndfr.org\\\/en\\\/\",\"name\":\"Observatoire Europ\\u00e9en de la Non-Discrimination et des Droits Fondamentaux\",\"description\":\"Organisation Internationale Non-Gouvernementale\",\"inLanguage\":\"en-GB\",\"publisher\":{\"@id\":\"https:\\\/\\\/europeanobsndfr.org\\\/en\\\/#organization\"}}]}\n\t\t<\/script>\n\t\t<!-- All in One SEO -->\n\n","aioseo_head_json":{"title":"Aide aux sans-abri \u00e0 Paris pendant les nuits d'hiver | O.E.N.D.D.F.","description":"Aider les personnes sans-abri en urgence, sur PARIS, pendant les nuits froides de d\u00e9cembre, lorsque le num\u00e9ro 115 est satur\u00e9.","canonical_url":"https:\/\/europeanobsndfr.org\/en\/actualites-fr\/combat-contre-pauvrete\/aide-alimentaire-assistance-medicale-pour-personnes-sans-abri-isolees-paris-france\/","robots":"max-snippet:-1, max-image-preview:large, max-video-preview:-1","keywords":"","webmasterTools":{"google-site-verification":"KZsAbCyd-Ww06m2-MlFPa7EphgzWqs90ra8o0LfM_K8","miscellaneous":""},"schema":{"@context":"https:\/\/schema.org","@graph":[{"@type":"Article","@id":"https:\/\/europeanobsndfr.org\/en\/actualites-fr\/combat-contre-pauvrete\/aide-alimentaire-assistance-medicale-pour-personnes-sans-abri-isolees-paris-france\/#article","name":"Aide aux sans-abri \u00e0 Paris pendant les nuits d'hiver | O.E.N.D.D.F.","headline":"Aide alimentaire et assistance m\u00e9dicale de base pour les personnes sans-abri tr\u00e8s isol\u00e9es &#8211; PARIS &#8211; FRANCE.","author":{"@id":"https:\/\/europeanobsndfr.org\/en\/author\/admin\/#author"},"publisher":{"@id":"https:\/\/europeanobsndfr.org\/en\/#organization"},"image":{"@type":"ImageObject","url":"https:\/\/europeanobsndfr.org\/wp-content\/uploads\/2016\/12\/Photo-Paris-4-300x155.jpg","@id":"https:\/\/europeanobsndfr.org\/en\/actualites-fr\/combat-contre-pauvrete\/aide-alimentaire-assistance-medicale-pour-personnes-sans-abri-isolees-paris-france\/#articleImage"},"datePublished":"2016-12-04T16:45:33+01:00","dateModified":"2016-12-12T09:44:27+01:00","inLanguage":"en-GB","mainEntityOfPage":{"@id":"https:\/\/europeanobsndfr.org\/en\/actualites-fr\/combat-contre-pauvrete\/aide-alimentaire-assistance-medicale-pour-personnes-sans-abri-isolees-paris-france\/#webpage"},"isPartOf":{"@id":"https:\/\/europeanobsndfr.org\/en\/actualites-fr\/combat-contre-pauvrete\/aide-alimentaire-assistance-medicale-pour-personnes-sans-abri-isolees-paris-france\/#webpage"},"articleSection":"Combat contre la pauvret\u00e9, contre l'exclusion sociale et en faveur de l'inclusion sociale, action de relogement, aide alimentaire, aide aux sans-abris, aide humaine, aide mat\u00e9rielle, distribution de repas, distribution gratuite, personnes en situation de grande pr\u00e9carit\u00e9, sans-abri, soutien humain, soutien moral"},{"@type":"BreadcrumbList","@id":"https:\/\/europeanobsndfr.org\/en\/actualites-fr\/combat-contre-pauvrete\/aide-alimentaire-assistance-medicale-pour-personnes-sans-abri-isolees-paris-france\/#breadcrumblist","itemListElement":[{"@type":"ListItem","@id":"https:\/\/europeanobsndfr.org\/en#listItem","position":1,"name":"Accueil","item":"https:\/\/europeanobsndfr.org\/en","nextItem":{"@type":"ListItem","@id":"https:\/\/europeanobsndfr.org\/en\/category\/actualites-fr\/#listItem","name":"Actualit\u00e9"}},{"@type":"ListItem","@id":"https:\/\/europeanobsndfr.org\/en\/category\/actualites-fr\/#listItem","position":2,"name":"Actualit\u00e9","item":"https:\/\/europeanobsndfr.org\/en\/category\/actualites-fr\/","nextItem":{"@type":"ListItem","@id":"https:\/\/europeanobsndfr.org\/en\/category\/actualites-fr\/combat-contre-pauvrete\/#listItem","name":"Combat contre la pauvret\u00e9, contre l'exclusion sociale et en faveur de l'inclusion sociale"},"previousItem":{"@type":"ListItem","@id":"https:\/\/europeanobsndfr.org\/en#listItem","name":"Accueil"}},{"@type":"ListItem","@id":"https:\/\/europeanobsndfr.org\/en\/category\/actualites-fr\/combat-contre-pauvrete\/#listItem","position":3,"name":"Combat contre la pauvret\u00e9, contre l'exclusion sociale et en faveur de l'inclusion sociale","item":"https:\/\/europeanobsndfr.org\/en\/category\/actualites-fr\/combat-contre-pauvrete\/","nextItem":{"@type":"ListItem","@id":"https:\/\/europeanobsndfr.org\/en\/actualites-fr\/combat-contre-pauvrete\/aide-alimentaire-assistance-medicale-pour-personnes-sans-abri-isolees-paris-france\/#listItem","name":"Aide alimentaire et assistance m\u00e9dicale de base pour les personnes sans-abri tr\u00e8s isol\u00e9es &#8211; PARIS &#8211; FRANCE."},"previousItem":{"@type":"ListItem","@id":"https:\/\/europeanobsndfr.org\/en\/category\/actualites-fr\/#listItem","name":"Actualit\u00e9"}},{"@type":"ListItem","@id":"https:\/\/europeanobsndfr.org\/en\/actualites-fr\/combat-contre-pauvrete\/aide-alimentaire-assistance-medicale-pour-personnes-sans-abri-isolees-paris-france\/#listItem","position":4,"name":"Aide alimentaire et assistance m\u00e9dicale de base pour les personnes sans-abri tr\u00e8s isol\u00e9es &#8211; PARIS &#8211; FRANCE.","previousItem":{"@type":"ListItem","@id":"https:\/\/europeanobsndfr.org\/en\/category\/actualites-fr\/combat-contre-pauvrete\/#listItem","name":"Combat contre la pauvret\u00e9, contre l'exclusion sociale et en faveur de l'inclusion sociale"}}]},{"@type":"Organization","@id":"https:\/\/europeanobsndfr.org\/en\/#organization","name":"OENDDF","description":"Organisation Internationale Non-Gouvernementale","url":"https:\/\/europeanobsndfr.org\/en\/","logo":{"@type":"ImageObject","url":"https:\/\/europeanobsndfr.org\/wp-content\/uploads\/2016\/11\/cropped-logo-oenddf.jpg","@id":"https:\/\/europeanobsndfr.org\/en\/actualites-fr\/combat-contre-pauvrete\/aide-alimentaire-assistance-medicale-pour-personnes-sans-abri-isolees-paris-france\/#organizationLogo","width":701,"height":600,"caption":"Logo OENDDF"},"image":{"@id":"https:\/\/europeanobsndfr.org\/en\/actualites-fr\/combat-contre-pauvrete\/aide-alimentaire-assistance-medicale-pour-personnes-sans-abri-isolees-paris-france\/#organizationLogo"},"sameAs":["https:\/\/twitter.com\/europeanobs","https:\/\/www.instagram.com\/oenddf_ngo\/","https:\/\/www.youtube.com\/channel\/UCO9vz5fybFw1Q8pvN00CDgA"]},{"@type":"Person","@id":"https:\/\/europeanobsndfr.org\/en\/author\/admin\/#author","url":"https:\/\/europeanobsndfr.org\/en\/author\/admin\/","name":"OENDDF","image":{"@type":"ImageObject","@id":"https:\/\/europeanobsndfr.org\/en\/actualites-fr\/combat-contre-pauvrete\/aide-alimentaire-assistance-medicale-pour-personnes-sans-abri-isolees-paris-france\/#authorImage","url":"https:\/\/secure.gravatar.com\/avatar\/f64bd673bdf1f612f36226606d41703598d9c028a910d72b461acb19a72f63d5?s=96&d=mm&r=g","width":96,"height":96,"caption":"OENDDF"}},{"@type":"WebPage","@id":"https:\/\/europeanobsndfr.org\/en\/actualites-fr\/combat-contre-pauvrete\/aide-alimentaire-assistance-medicale-pour-personnes-sans-abri-isolees-paris-france\/#webpage","url":"https:\/\/europeanobsndfr.org\/en\/actualites-fr\/combat-contre-pauvrete\/aide-alimentaire-assistance-medicale-pour-personnes-sans-abri-isolees-paris-france\/","name":"Aide aux sans-abri \u00e0 Paris pendant les nuits d'hiver | O.E.N.D.D.F.","description":"Aider les personnes sans-abri en urgence, sur PARIS, pendant les nuits froides de d\u00e9cembre, lorsque le num\u00e9ro 115 est satur\u00e9.","inLanguage":"en-GB","isPartOf":{"@id":"https:\/\/europeanobsndfr.org\/en\/#website"},"breadcrumb":{"@id":"https:\/\/europeanobsndfr.org\/en\/actualites-fr\/combat-contre-pauvrete\/aide-alimentaire-assistance-medicale-pour-personnes-sans-abri-isolees-paris-france\/#breadcrumblist"},"author":{"@id":"https:\/\/europeanobsndfr.org\/en\/author\/admin\/#author"},"creator":{"@id":"https:\/\/europeanobsndfr.org\/en\/author\/admin\/#author"},"datePublished":"2016-12-04T16:45:33+01:00","dateModified":"2016-12-12T09:44:27+01:00"},{"@type":"WebSite","@id":"https:\/\/europeanobsndfr.org\/en\/#website","url":"https:\/\/europeanobsndfr.org\/en\/","name":"Observatoire Europ\u00e9en de la Non-Discrimination et des Droits Fondamentaux","description":"Organisation Internationale Non-Gouvernementale","inLanguage":"en-GB","publisher":{"@id":"https:\/\/europeanobsndfr.org\/en\/#organization"}}]},"og:locale":"en_GB","og:site_name":"Observatoire Europ\u00e9en de la Non-Discrimination et des Droits Fondamentaux","og:type":"non_profit","og:title":"Aide aux sans-abri \u00e0 Paris pendant les nuits d'hiver | O.E.N.D.D.F.","og:description":"Aider les personnes sans-abri en urgence, sur PARIS, pendant les nuits froides de d\u00e9cembre, lorsque le num\u00e9ro 115 est satur\u00e9.","og:url":"https:\/\/europeanobsndfr.org\/en\/actualites-fr\/combat-contre-pauvrete\/aide-alimentaire-assistance-medicale-pour-personnes-sans-abri-isolees-paris-france\/","og:image":"https:\/\/europeanobsndfr.org\/wp-content\/uploads\/2016\/11\/logo-oenddf.jpg","og:image:secure_url":"https:\/\/europeanobsndfr.org\/wp-content\/uploads\/2016\/11\/logo-oenddf.jpg","og:image:width":830,"og:image:height":600,"twitter:card":"summary","twitter:site":"@europeanobs","twitter:title":"Aide aux sans-abri \u00e0 Paris pendant les nuits d'hiver | O.E.N.D.D.F.","twitter:description":"Aider les personnes sans-abri en urgence, sur PARIS, pendant les nuits froides de d\u00e9cembre, lorsque le num\u00e9ro 115 est satur\u00e9.","twitter:creator":"@europeanobs","twitter:image":"https:\/\/europeanobsndfr.org\/wp-content\/uploads\/2016\/11\/logo-oenddf.jpg"},"aioseo_meta_data":{"post_id":"7324","title":"Aide aux sans-abri \u00e0 Paris pendant les nuits d'hiver | O.E.N.D.D.F.","description":"Aider les personnes sans-abri en urgence, sur PARIS, pendant les nuits froides de d\u00e9cembre, lorsque le num\u00e9ro 115 est satur\u00e9.","keywords":null,"keyphrases":null,"primary_term":null,"canonical_url":null,"og_title":"","og_description":"","og_object_type":"non_profit","og_image_type":"default","og_image_url":null,"og_image_width":null,"og_image_height":null,"og_image_custom_url":null,"og_image_custom_fields":null,"og_video":"","og_custom_url":null,"og_article_section":"","og_article_tags":"","twitter_use_og":false,"twitter_card":"summary","twitter_image_type":"default","twitter_image_url":null,"twitter_image_custom_url":null,"twitter_image_custom_fields":null,"twitter_title":null,"twitter_description":null,"schema":{"blockGraphs":[],"customGraphs":[],"default":{"data":{"Article":[],"Course":[],"Dataset":[],"FAQPage":[],"Movie":[],"Person":[],"Product":[],"ProductReview":[],"Car":[],"Recipe":[],"Service":[],"SoftwareApplication":[],"WebPage":[]},"graphName":"","isEnabled":true},"graphs":[],"defaultGraph":"","defaultPostTypeGraph":""},"schema_type":null,"schema_type_options":null,"pillar_content":false,"robots_default":true,"robots_noindex":false,"robots_noarchive":false,"robots_nosnippet":false,"robots_nofollow":false,"robots_noimageindex":false,"robots_noodp":false,"robots_notranslate":false,"robots_max_snippet":null,"robots_max_videopreview":null,"robots_max_imagepreview":"large","priority":null,"frequency":null,"local_seo":null,"breadcrumb_settings":null,"limit_modified_date":false,"ai":null,"created":"2021-01-22 17:53:53","updated":"2025-08-01 09:51:53","focus_keyword":null,"additional_keywords":null,"truseo_locale":null,"seo_analyzer_scan_date":null},"jetpack_featured_media_url":"","jetpack-related-posts":[],"jetpack_sharing_enabled":true,"_links":{"self":[{"href":"https:\/\/europeanobsndfr.org\/en\/wp-json\/wp\/v2\/posts\/7324","targetHints":{"allow":["GET"]}}],"collection":[{"href":"https:\/\/europeanobsndfr.org\/en\/wp-json\/wp\/v2\/posts"}],"about":[{"href":"https:\/\/europeanobsndfr.org\/en\/wp-json\/wp\/v2\/types\/post"}],"author":[{"embeddable":true,"href":"https:\/\/europeanobsndfr.org\/en\/wp-json\/wp\/v2\/users\/1"}],"replies":[{"embeddable":true,"href":"https:\/\/europeanobsndfr.org\/en\/wp-json\/wp\/v2\/comments?post=7324"}],"version-history":[{"count":0,"href":"https:\/\/europeanobsndfr.org\/en\/wp-json\/wp\/v2\/posts\/7324\/revisions"}],"wp:attachment":[{"href":"https:\/\/europeanobsndfr.org\/en\/wp-json\/wp\/v2\/media?parent=7324"}],"wp:term":[{"taxonomy":"category","embeddable":true,"href":"https:\/\/europeanobsndfr.org\/en\/wp-json\/wp\/v2\/categories?post=7324"},{"taxonomy":"post_tag","embeddable":true,"href":"https:\/\/europeanobsndfr.org\/en\/wp-json\/wp\/v2\/tags?post=7324"}],"curies":[{"name":"wp","href":"https:\/\/api.w.org\/{rel}","templated":true}]}}