{"id":7390,"date":"2017-01-02T16:09:08","date_gmt":"2017-01-02T16:09:08","guid":{"rendered":"https:\/\/europeanobsndfr.org\/asylum-migration-and-borders\/solidarity-during-christmas-with-homeless-persons-partnership-with-the-ucpuc-association-nantes-france\/"},"modified":"2017-01-12T20:06:13","modified_gmt":"2017-01-12T20:06:13","slug":"solidarite-avec-personnes-sans-abri-periode-noel-ucpuc-nantes-france","status":"publish","type":"post","link":"https:\/\/europeanobsndfr.org\/en\/actualites-fr\/combat-contre-pauvrete\/solidarite-avec-personnes-sans-abri-periode-noel-ucpuc-nantes-france\/","title":{"rendered":"Solidarit\u00e9 avec les personnes sans-abri pendant la p\u00e9riode de No\u00ebl &#8211; Partenariat avec l&rsquo;Association UCPUC &#8211; NANTES &#8211; FRANCE."},"content":{"rendered":"<p style=\"text-align: justify;\"><strong><u>Objectif\u00a0<\/u><\/strong><strong>: Aider les personnes sans-abri dans les rues de Nantes (FRANCE), pendant la p\u00e9riode de No\u00ebl de d\u00e9cembre 2016. <\/strong><\/p>\n<p style=\"text-align: justify;\"><strong><u>Moyens mis en oeuvre :\u00a0<\/u><\/strong><\/p>\n<p style=\"text-align: justify;\"><strong><u>D\u00e9cembre 2016\u00a0:\u00a0<\/u><\/strong>\u00a0gr\u00e2ce \u00e0 son domaine d&rsquo;expertise en mati\u00e8re d&rsquo;exclusion sociale, <strong>l&rsquo;Association OENDDF<\/strong> a d\u00e9velopp\u00e9 un partenariat avec<strong> l&rsquo;Association UCPUC<\/strong> pour rencontrer les personnes sans-abri dans les rues de\u00a0NANTES pendant la p\u00e9riode de No\u00ebl,<strong> pour offrir des v\u00eatements chauds, restaurer la confiance, \u00e9tablir du contact social et des liens sociaux.<\/strong> Le r\u00f4le dynamique des volontaires (plus de 20) a \u00e9t\u00e9 au coeur de ces actions de solidarit\u00e9 et de g\u00e9n\u00e9rosit\u00e9 avec les plus personnes les plus d\u00e9munies.<\/p>\n<p style=\"text-align: justify;\">Gr\u00e2ce \u00e0 plusieurs donateurs priv\u00e9s, notre Association a trouv\u00e9 un h\u00e9bergement d&rsquo;urgence &#8211; une chambre d&rsquo;h\u00f4tel avec une baignoire et une cuisine &#8211; dans le centre ville de NANTES , pour un homme\u00a0sans-abri de 44 ans, souffrant d&rsquo;une pancr\u00e9atite.<\/p>\n<p style=\"text-align: justify;\"><strong><u>Domaine d\u2019intervention vis\u00e9 par\u00a0la Commission Europ\u00e9enne\u00a0:<\/u><\/strong><strong> Strat\u00e9gie Europe 2020 (<a href=\"http:\/\/ec.europa.eu\/social\/main.jsp?catId=961&amp;langId=en\">Plateforme europ\u00e9enne contre la Pauvret\u00e9 et l\u2019Exclusion sociale<\/a>).<\/strong><\/p>\n<p style=\"text-align: justify;\"><strong><u>+\u00a0de nouvelles ?<\/u><\/strong><u>\u00a0<\/u>Notre ONG est pr\u00e9sente sur les r\u00e9seaux sociaux :<\/p>\n<ul>\n<li style=\"text-align: justify;\"><a href=\"https:\/\/www.facebook.com\/European-Observatory-for-Non-Discrimination-and-Fundamental-Rights-1103291363129845\/?fref=ts\">Facebook<\/a><\/li>\n<li style=\"text-align: justify;\"><a href=\"https:\/\/twitter.com\/europeanobs\">Twitter<\/a><\/li>\n<li style=\"text-align: justify;\"><a href=\"https:\/\/www.youtube.com\/channel\/UCO9vz5fybFw1Q8pvN00CDgA\">YouTube<\/a><\/li>\n<li style=\"text-align: justify;\"><a href=\"https:\/\/www.instagram.com\/oenddf\/\">Instagram<\/a><\/li>\n<\/ul>\n<p style=\"text-align: left;\"><b>\u00a0<\/b>[av_content_slider heading=\u00a0\u00bb columns=&rsquo;2&prime; animation=&rsquo;slide&rsquo; navigation=&rsquo;arrows&rsquo; autoplay=&rsquo;true&rsquo; interval=&rsquo;4&prime; font_color=\u00a0\u00bb color=\u00a0\u00bb]<br \/>\n[av_content_slide title=&rsquo;Solidarit\u00e9 avec les personnes sans-abri, en partenariat avec l&rsquo;Association UCPUC.&rsquo; link=\u00a0\u00bb linktarget=\u00a0\u00bb]<br \/>\n<a href=\"https:\/\/europeanobsndfr.org\/wp-content\/uploads\/2017\/01\/Photo-UCPUC-1.jpg\"><img loading=\"lazy\" decoding=\"async\" class=\"aligncenter size-medium wp-image-7410\" src=\"https:\/\/europeanobsndfr.org\/wp-content\/uploads\/2017\/01\/Photo-UCPUC-1-300x223.jpg\" alt=\"\" width=\"300\" height=\"223\" srcset=\"https:\/\/europeanobsndfr.org\/wp-content\/uploads\/2017\/01\/Photo-UCPUC-1-300x223.jpg 300w, https:\/\/europeanobsndfr.org\/wp-content\/uploads\/2017\/01\/Photo-UCPUC-1-705x525.jpg 705w, https:\/\/europeanobsndfr.org\/wp-content\/uploads\/2017\/01\/Photo-UCPUC-1.jpg 750w\" sizes=\"auto, (max-width: 300px) 100vw, 300px\" \/><\/a><br \/>\n[\/av_content_slide]<br \/>\n[av_content_slide title=&rsquo;Solidarit\u00e9 avec les personnes sans-abri, en partenariat avec l&rsquo;Association UCPUC.&rsquo; link=\u00a0\u00bb linktarget=\u00a0\u00bb]<br \/>\n<a href=\"https:\/\/europeanobsndfr.org\/wp-content\/uploads\/2017\/01\/Photo-UCPUC-8.jpg\"><img loading=\"lazy\" decoding=\"async\" class=\"aligncenter size-medium wp-image-7403\" src=\"https:\/\/europeanobsndfr.org\/wp-content\/uploads\/2017\/01\/Photo-UCPUC-8-269x300.jpg\" alt=\"\" width=\"269\" height=\"300\" srcset=\"https:\/\/europeanobsndfr.org\/wp-content\/uploads\/2017\/01\/Photo-UCPUC-8-269x300.jpg 269w, https:\/\/europeanobsndfr.org\/wp-content\/uploads\/2017\/01\/Photo-UCPUC-8-631x705.jpg 631w, https:\/\/europeanobsndfr.org\/wp-content\/uploads\/2017\/01\/Photo-UCPUC-8.jpg 726w\" sizes=\"auto, (max-width: 269px) 100vw, 269px\" \/><\/a><br \/>\n[\/av_content_slide]<br \/>\n[av_content_slide title=&rsquo;SSolidarit\u00e9 avec les personnes sans-abri, en partenariat avec l&rsquo;Association UCPUC.&rsquo; link=\u00a0\u00bb linktarget=\u00a0\u00bb]<br \/>\n<a href=\"https:\/\/europeanobsndfr.org\/wp-content\/uploads\/2017\/01\/Photo-UCPUC-5.jpg\"><img loading=\"lazy\" decoding=\"async\" class=\"aligncenter size-medium wp-image-7406\" src=\"https:\/\/europeanobsndfr.org\/wp-content\/uploads\/2017\/01\/Photo-UCPUC-5-225x300.jpg\" alt=\"\" width=\"225\" height=\"300\" srcset=\"https:\/\/europeanobsndfr.org\/wp-content\/uploads\/2017\/01\/Photo-UCPUC-5-225x300.jpg 225w, https:\/\/europeanobsndfr.org\/wp-content\/uploads\/2017\/01\/Photo-UCPUC-5.jpg 768w, https:\/\/europeanobsndfr.org\/wp-content\/uploads\/2017\/01\/Photo-UCPUC-5-529x705.jpg 529w\" sizes=\"auto, (max-width: 225px) 100vw, 225px\" \/><\/a><br \/>\n[\/av_content_slide]<br \/>\n[av_content_slide title=&rsquo;Solidarit\u00e9 avec les personnes sans-abri, en partenariat avec l&rsquo;Association UCPUC.&rsquo; link=\u00a0\u00bb linktarget=\u00a0\u00bb]<br \/>\n<a href=\"https:\/\/europeanobsndfr.org\/wp-content\/uploads\/2017\/01\/PHOTO-UCPUC-4.jpg\"><img loading=\"lazy\" decoding=\"async\" class=\"aligncenter size-medium wp-image-7407\" src=\"https:\/\/europeanobsndfr.org\/wp-content\/uploads\/2017\/01\/PHOTO-UCPUC-4-225x300.jpg\" alt=\"\" width=\"225\" height=\"300\" srcset=\"https:\/\/europeanobsndfr.org\/wp-content\/uploads\/2017\/01\/PHOTO-UCPUC-4-225x300.jpg 225w, https:\/\/europeanobsndfr.org\/wp-content\/uploads\/2017\/01\/PHOTO-UCPUC-4.jpg 768w, https:\/\/europeanobsndfr.org\/wp-content\/uploads\/2017\/01\/PHOTO-UCPUC-4-529x705.jpg 529w\" sizes=\"auto, (max-width: 225px) 100vw, 225px\" \/><\/a><br \/>\n[\/av_content_slide]<br \/>\n[av_content_slide title=&rsquo;Solidarit\u00e9 avec les personnes sans-abri, en partenariat avec l&rsquo;Association UCPUC.&rsquo; link=\u00a0\u00bb linktarget=\u00a0\u00bb]<br \/>\n<a href=\"https:\/\/europeanobsndfr.org\/wp-content\/uploads\/2017\/01\/Photo-UCPUC-2.jpg\"><img loading=\"lazy\" decoding=\"async\" class=\"aligncenter size-medium wp-image-7409\" src=\"https:\/\/europeanobsndfr.org\/wp-content\/uploads\/2017\/01\/Photo-UCPUC-2-225x300.jpg\" alt=\"\" width=\"225\" height=\"300\" srcset=\"https:\/\/europeanobsndfr.org\/wp-content\/uploads\/2017\/01\/Photo-UCPUC-2-225x300.jpg 225w, https:\/\/europeanobsndfr.org\/wp-content\/uploads\/2017\/01\/Photo-UCPUC-2.jpg 768w, https:\/\/europeanobsndfr.org\/wp-content\/uploads\/2017\/01\/Photo-UCPUC-2-529x705.jpg 529w\" sizes=\"auto, (max-width: 225px) 100vw, 225px\" \/><\/a><br \/>\n[\/av_content_slide]<br \/>\n[av_content_slide title=&rsquo;Solidarit\u00e9 avec les personnes sans-abri, en partenariat avec l&rsquo;Association UCPUC.&rsquo; link=\u00a0\u00bb linktarget=\u00a0\u00bb]<br \/>\n<a href=\"https:\/\/europeanobsndfr.org\/wp-content\/uploads\/2017\/01\/Photo-UCPUC-3.jpg\"><img loading=\"lazy\" decoding=\"async\" class=\"aligncenter size-medium wp-image-7408\" src=\"https:\/\/europeanobsndfr.org\/wp-content\/uploads\/2017\/01\/Photo-UCPUC-3-225x300.jpg\" alt=\"\" width=\"225\" height=\"300\" srcset=\"https:\/\/europeanobsndfr.org\/wp-content\/uploads\/2017\/01\/Photo-UCPUC-3-225x300.jpg 225w, https:\/\/europeanobsndfr.org\/wp-content\/uploads\/2017\/01\/Photo-UCPUC-3.jpg 768w, https:\/\/europeanobsndfr.org\/wp-content\/uploads\/2017\/01\/Photo-UCPUC-3-529x705.jpg 529w\" sizes=\"auto, (max-width: 225px) 100vw, 225px\" \/><\/a><br \/>\n[\/av_content_slide]<br \/>\n[av_content_slide title=&rsquo;Solidarit\u00e9 avec les personnes sans-abri, en partenariat avec l&rsquo;Association UCPUC.&rsquo; link=\u00a0\u00bb linktarget=\u00a0\u00bb]<br \/>\n<a href=\"https:\/\/europeanobsndfr.org\/wp-content\/uploads\/2017\/01\/Photo-UCPUC-6.jpg\"><img loading=\"lazy\" decoding=\"async\" class=\"aligncenter size-medium wp-image-7405\" src=\"https:\/\/europeanobsndfr.org\/wp-content\/uploads\/2017\/01\/Photo-UCPUC-6-225x300.jpg\" alt=\"\" width=\"225\" height=\"300\" srcset=\"https:\/\/europeanobsndfr.org\/wp-content\/uploads\/2017\/01\/Photo-UCPUC-6-225x300.jpg 225w, https:\/\/europeanobsndfr.org\/wp-content\/uploads\/2017\/01\/Photo-UCPUC-6.jpg 768w, https:\/\/europeanobsndfr.org\/wp-content\/uploads\/2017\/01\/Photo-UCPUC-6-529x705.jpg 529w\" sizes=\"auto, (max-width: 225px) 100vw, 225px\" \/><\/a><br \/>\n[\/av_content_slide]<br \/>\n[av_content_slide title=&rsquo;Solidarit\u00e9 avec les personnes sans-abri, en partenariat avec l&rsquo;Association UCPUC.&rsquo; link=\u00a0\u00bb linktarget=\u00a0\u00bb]<br \/>\n<a href=\"https:\/\/europeanobsndfr.org\/wp-content\/uploads\/2017\/01\/Photo-UCPUC-7.jpg\"><img loading=\"lazy\" decoding=\"async\" class=\"aligncenter size-medium wp-image-7404\" src=\"https:\/\/europeanobsndfr.org\/wp-content\/uploads\/2017\/01\/Photo-UCPUC-7-300x225.jpg\" alt=\"\" width=\"300\" height=\"225\" srcset=\"https:\/\/europeanobsndfr.org\/wp-content\/uploads\/2017\/01\/Photo-UCPUC-7-300x225.jpg 300w, https:\/\/europeanobsndfr.org\/wp-content\/uploads\/2017\/01\/Photo-UCPUC-7-768x576.jpg 768w, https:\/\/europeanobsndfr.org\/wp-content\/uploads\/2017\/01\/Photo-UCPUC-7-705x529.jpg 705w, https:\/\/europeanobsndfr.org\/wp-content\/uploads\/2017\/01\/Photo-UCPUC-7.jpg 1024w\" sizes=\"auto, (max-width: 300px) 100vw, 300px\" \/><\/a><br \/>\n[\/av_content_slide]<br \/>\n[\/av_content_slider]<\/p>\n","protected":false},"excerpt":{"rendered":"<p>Objectif\u00a0: Aider les personnes sans-abri dans les rues de Nantes (FRANCE), pendant la p\u00e9riode de No\u00ebl de d\u00e9cembre 2016. Moyens mis en oeuvre :\u00a0 D\u00e9cembre 2016\u00a0:\u00a0\u00a0gr\u00e2ce \u00e0 son domaine d&rsquo;expertise en mati\u00e8re d&rsquo;exclusion sociale, l&rsquo;Association OENDDF a d\u00e9velopp\u00e9 un partenariat avec l&rsquo;Association UCPUC pour rencontrer les personnes sans-abri dans les rues de\u00a0NANTES pendant la p\u00e9riode&#8230;<\/p>","protected":false},"author":1,"featured_media":0,"comment_status":"closed","ping_status":"closed","sticky":false,"template":"","format":"standard","meta":{"give_campaign_id":0,"_kadence_starter_templates_imported_post":false,"_kad_post_transparent":"","_kad_post_title":"","_kad_post_layout":"","_kad_post_sidebar_id":"","_kad_post_content_style":"","_kad_post_vertical_padding":"","_kad_post_feature":"","_kad_post_feature_position":"","_kad_post_header":false,"_kad_post_footer":false,"_kad_post_classname":"","_jetpack_memberships_contains_paid_content":false,"footnotes":""},"categories":[44],"tags":[],"class_list":["post-7390","post","type-post","status-publish","format-standard","hentry","category-combat-contre-pauvrete"],"aioseo_notices":[],"aioseo_head":"\n\t\t<!-- All in One SEO 5.0.1.1 - aioseo.com -->\n\t<meta name=\"description\" content=\"Aider les personnes sans-abri dans les rues de NANTES -Offrir des v\u00eatements chauds, restaurer la confiance, \u00e9tablir du contact social, es liens sociaux. UCPUC.\" \/>\n\t<meta name=\"robots\" content=\"max-snippet:-1, max-image-preview:large, max-video-preview:-1\" \/>\n\t<meta name=\"author\" content=\"OENDDF\"\/>\n\t<meta name=\"google-site-verification\" content=\"KZsAbCyd-Ww06m2-MlFPa7EphgzWqs90ra8o0LfM_K8\" \/>\n\t<link rel=\"canonical\" href=\"https:\/\/europeanobsndfr.org\/en\/actualites-fr\/combat-contre-pauvrete\/solidarite-avec-personnes-sans-abri-periode-noel-ucpuc-nantes-france\/\" \/>\n\t<meta name=\"generator\" content=\"All in One SEO (AIOSEO) 5.0.1.1\" \/>\n\t\t<meta property=\"og:locale\" content=\"en_GB\" \/>\n\t\t<meta property=\"og:site_name\" content=\"Observatoire Europ\u00e9en de la Non-Discrimination et des Droits Fondamentaux\" \/>\n\t\t<meta property=\"og:type\" content=\"non_profit\" \/>\n\t\t<meta property=\"og:title\" content=\"Solidarit\u00e9 pendant la p\u00e9riode de No\u00ebl avec les personnes sans-abri - Partenariat avec l&#039;Association UCPUC - NANTES - FRANCE. | O.E.N.D.D.F.\" \/>\n\t\t<meta property=\"og:description\" content=\"Aider les personnes sans-abri dans les rues de NANTES -Offrir des v\u00eatements chauds, restaurer la confiance, \u00e9tablir du contact social, es liens sociaux. UCPUC.\" \/>\n\t\t<meta property=\"og:url\" content=\"https:\/\/europeanobsndfr.org\/en\/actualites-fr\/combat-contre-pauvrete\/solidarite-avec-personnes-sans-abri-periode-noel-ucpuc-nantes-france\/\" \/>\n\t\t<meta property=\"og:image\" content=\"https:\/\/europeanobsndfr.org\/wp-content\/uploads\/2016\/11\/logo-oenddf.jpg\" \/>\n\t\t<meta property=\"og:image:secure_url\" content=\"https:\/\/europeanobsndfr.org\/wp-content\/uploads\/2016\/11\/logo-oenddf.jpg\" \/>\n\t\t<meta property=\"og:image:width\" content=\"830\" \/>\n\t\t<meta property=\"og:image:height\" content=\"600\" \/>\n\t\t<meta name=\"twitter:card\" content=\"summary\" \/>\n\t\t<meta name=\"twitter:site\" content=\"@europeanobs\" \/>\n\t\t<meta name=\"twitter:title\" content=\"Solidarit\u00e9 pendant la p\u00e9riode de No\u00ebl avec les personnes sans-abri - Partenariat avec l&#039;Association UCPUC - NANTES - FRANCE. | O.E.N.D.D.F.\" \/>\n\t\t<meta name=\"twitter:description\" content=\"Aider les personnes sans-abri dans les rues de NANTES -Offrir des v\u00eatements chauds, restaurer la confiance, \u00e9tablir du contact social, es liens sociaux. UCPUC.\" \/>\n\t\t<meta name=\"twitter:creator\" content=\"@europeanobs\" \/>\n\t\t<meta name=\"twitter:image\" content=\"https:\/\/europeanobsndfr.org\/wp-content\/uploads\/2016\/11\/logo-oenddf.jpg\" \/>\n\t\t<script type=\"application\/ld+json\" class=\"aioseo-schema\">\n\t\t\t{\"@context\":\"https:\\\/\\\/schema.org\",\"@graph\":[{\"@type\":\"Article\",\"@id\":\"https:\\\/\\\/europeanobsndfr.org\\\/en\\\/actualites-fr\\\/combat-contre-pauvrete\\\/solidarite-avec-personnes-sans-abri-periode-noel-ucpuc-nantes-france\\\/#article\",\"name\":\"Solidarit\\u00e9 pendant la p\\u00e9riode de No\\u00ebl avec les personnes sans-abri - Partenariat avec l'Association UCPUC - NANTES - FRANCE. | O.E.N.D.D.F.\",\"headline\":\"Solidarit\\u00e9 avec les personnes sans-abri pendant la p\\u00e9riode de No\\u00ebl &#8211; Partenariat avec l&rsquo;Association UCPUC &#8211; NANTES &#8211; FRANCE.\",\"author\":{\"@id\":\"https:\\\/\\\/europeanobsndfr.org\\\/en\\\/author\\\/admin\\\/#author\"},\"publisher\":{\"@id\":\"https:\\\/\\\/europeanobsndfr.org\\\/en\\\/#organization\"},\"image\":{\"@type\":\"ImageObject\",\"url\":\"https:\\\/\\\/europeanobsndfr.org\\\/wp-content\\\/uploads\\\/2017\\\/01\\\/Photo-UCPUC-1-300x223.jpg\",\"@id\":\"https:\\\/\\\/europeanobsndfr.org\\\/en\\\/actualites-fr\\\/combat-contre-pauvrete\\\/solidarite-avec-personnes-sans-abri-periode-noel-ucpuc-nantes-france\\\/#articleImage\"},\"datePublished\":\"2017-01-02T16:09:08+01:00\",\"dateModified\":\"2017-01-12T20:06:13+01:00\",\"inLanguage\":\"en-GB\",\"mainEntityOfPage\":{\"@id\":\"https:\\\/\\\/europeanobsndfr.org\\\/en\\\/actualites-fr\\\/combat-contre-pauvrete\\\/solidarite-avec-personnes-sans-abri-periode-noel-ucpuc-nantes-france\\\/#webpage\"},\"isPartOf\":{\"@id\":\"https:\\\/\\\/europeanobsndfr.org\\\/en\\\/actualites-fr\\\/combat-contre-pauvrete\\\/solidarite-avec-personnes-sans-abri-periode-noel-ucpuc-nantes-france\\\/#webpage\"},\"articleSection\":\"Combat contre la pauvret\\u00e9, contre l'exclusion sociale et en faveur de l'inclusion sociale\"},{\"@type\":\"BreadcrumbList\",\"@id\":\"https:\\\/\\\/europeanobsndfr.org\\\/en\\\/actualites-fr\\\/combat-contre-pauvrete\\\/solidarite-avec-personnes-sans-abri-periode-noel-ucpuc-nantes-france\\\/#breadcrumblist\",\"itemListElement\":[{\"@type\":\"ListItem\",\"@id\":\"https:\\\/\\\/europeanobsndfr.org\\\/en#listItem\",\"position\":1,\"name\":\"Accueil\",\"item\":\"https:\\\/\\\/europeanobsndfr.org\\\/en\",\"nextItem\":{\"@type\":\"ListItem\",\"@id\":\"https:\\\/\\\/europeanobsndfr.org\\\/en\\\/category\\\/actualites-fr\\\/#listItem\",\"name\":\"Actualit\\u00e9\"}},{\"@type\":\"ListItem\",\"@id\":\"https:\\\/\\\/europeanobsndfr.org\\\/en\\\/category\\\/actualites-fr\\\/#listItem\",\"position\":2,\"name\":\"Actualit\\u00e9\",\"item\":\"https:\\\/\\\/europeanobsndfr.org\\\/en\\\/category\\\/actualites-fr\\\/\",\"nextItem\":{\"@type\":\"ListItem\",\"@id\":\"https:\\\/\\\/europeanobsndfr.org\\\/en\\\/category\\\/actualites-fr\\\/combat-contre-pauvrete\\\/#listItem\",\"name\":\"Combat contre la pauvret\\u00e9, contre l'exclusion sociale et en faveur de l'inclusion sociale\"},\"previousItem\":{\"@type\":\"ListItem\",\"@id\":\"https:\\\/\\\/europeanobsndfr.org\\\/en#listItem\",\"name\":\"Accueil\"}},{\"@type\":\"ListItem\",\"@id\":\"https:\\\/\\\/europeanobsndfr.org\\\/en\\\/category\\\/actualites-fr\\\/combat-contre-pauvrete\\\/#listItem\",\"position\":3,\"name\":\"Combat contre la pauvret\\u00e9, contre l'exclusion sociale et en faveur de l'inclusion sociale\",\"item\":\"https:\\\/\\\/europeanobsndfr.org\\\/en\\\/category\\\/actualites-fr\\\/combat-contre-pauvrete\\\/\",\"nextItem\":{\"@type\":\"ListItem\",\"@id\":\"https:\\\/\\\/europeanobsndfr.org\\\/en\\\/actualites-fr\\\/combat-contre-pauvrete\\\/solidarite-avec-personnes-sans-abri-periode-noel-ucpuc-nantes-france\\\/#listItem\",\"name\":\"Solidarit\\u00e9 avec les personnes sans-abri pendant la p\\u00e9riode de No\\u00ebl &#8211; Partenariat avec l&rsquo;Association UCPUC &#8211; NANTES &#8211; FRANCE.\"},\"previousItem\":{\"@type\":\"ListItem\",\"@id\":\"https:\\\/\\\/europeanobsndfr.org\\\/en\\\/category\\\/actualites-fr\\\/#listItem\",\"name\":\"Actualit\\u00e9\"}},{\"@type\":\"ListItem\",\"@id\":\"https:\\\/\\\/europeanobsndfr.org\\\/en\\\/actualites-fr\\\/combat-contre-pauvrete\\\/solidarite-avec-personnes-sans-abri-periode-noel-ucpuc-nantes-france\\\/#listItem\",\"position\":4,\"name\":\"Solidarit\\u00e9 avec les personnes sans-abri pendant la p\\u00e9riode de No\\u00ebl &#8211; Partenariat avec l&rsquo;Association UCPUC &#8211; NANTES &#8211; FRANCE.\",\"previousItem\":{\"@type\":\"ListItem\",\"@id\":\"https:\\\/\\\/europeanobsndfr.org\\\/en\\\/category\\\/actualites-fr\\\/combat-contre-pauvrete\\\/#listItem\",\"name\":\"Combat contre la pauvret\\u00e9, contre l'exclusion sociale et en faveur de l'inclusion sociale\"}}]},{\"@type\":\"Organization\",\"@id\":\"https:\\\/\\\/europeanobsndfr.org\\\/en\\\/#organization\",\"name\":\"OENDDF\",\"description\":\"Organisation Internationale Non-Gouvernementale\",\"url\":\"https:\\\/\\\/europeanobsndfr.org\\\/en\\\/\",\"logo\":{\"@type\":\"ImageObject\",\"url\":\"https:\\\/\\\/europeanobsndfr.org\\\/wp-content\\\/uploads\\\/2016\\\/11\\\/cropped-logo-oenddf.jpg\",\"@id\":\"https:\\\/\\\/europeanobsndfr.org\\\/en\\\/actualites-fr\\\/combat-contre-pauvrete\\\/solidarite-avec-personnes-sans-abri-periode-noel-ucpuc-nantes-france\\\/#organizationLogo\",\"width\":701,\"height\":600,\"caption\":\"Logo OENDDF\"},\"image\":{\"@id\":\"https:\\\/\\\/europeanobsndfr.org\\\/en\\\/actualites-fr\\\/combat-contre-pauvrete\\\/solidarite-avec-personnes-sans-abri-periode-noel-ucpuc-nantes-france\\\/#organizationLogo\"},\"sameAs\":[\"https:\\\/\\\/twitter.com\\\/europeanobs\",\"https:\\\/\\\/www.instagram.com\\\/oenddf_ngo\\\/\",\"https:\\\/\\\/www.youtube.com\\\/channel\\\/UCO9vz5fybFw1Q8pvN00CDgA\"]},{\"@type\":\"Person\",\"@id\":\"https:\\\/\\\/europeanobsndfr.org\\\/en\\\/author\\\/admin\\\/#author\",\"url\":\"https:\\\/\\\/europeanobsndfr.org\\\/en\\\/author\\\/admin\\\/\",\"name\":\"OENDDF\",\"image\":{\"@type\":\"ImageObject\",\"@id\":\"https:\\\/\\\/europeanobsndfr.org\\\/en\\\/actualites-fr\\\/combat-contre-pauvrete\\\/solidarite-avec-personnes-sans-abri-periode-noel-ucpuc-nantes-france\\\/#authorImage\",\"url\":\"https:\\\/\\\/secure.gravatar.com\\\/avatar\\\/f64bd673bdf1f612f36226606d41703598d9c028a910d72b461acb19a72f63d5?s=96&d=mm&r=g\",\"width\":96,\"height\":96,\"caption\":\"OENDDF\"}},{\"@type\":\"WebPage\",\"@id\":\"https:\\\/\\\/europeanobsndfr.org\\\/en\\\/actualites-fr\\\/combat-contre-pauvrete\\\/solidarite-avec-personnes-sans-abri-periode-noel-ucpuc-nantes-france\\\/#webpage\",\"url\":\"https:\\\/\\\/europeanobsndfr.org\\\/en\\\/actualites-fr\\\/combat-contre-pauvrete\\\/solidarite-avec-personnes-sans-abri-periode-noel-ucpuc-nantes-france\\\/\",\"name\":\"Solidarit\\u00e9 pendant la p\\u00e9riode de No\\u00ebl avec les personnes sans-abri - Partenariat avec l'Association UCPUC - NANTES - FRANCE. | O.E.N.D.D.F.\",\"description\":\"Aider les personnes sans-abri dans les rues de NANTES -Offrir des v\\u00eatements chauds, restaurer la confiance, \\u00e9tablir du contact social, es liens sociaux. UCPUC.\",\"inLanguage\":\"en-GB\",\"isPartOf\":{\"@id\":\"https:\\\/\\\/europeanobsndfr.org\\\/en\\\/#website\"},\"breadcrumb\":{\"@id\":\"https:\\\/\\\/europeanobsndfr.org\\\/en\\\/actualites-fr\\\/combat-contre-pauvrete\\\/solidarite-avec-personnes-sans-abri-periode-noel-ucpuc-nantes-france\\\/#breadcrumblist\"},\"author\":{\"@id\":\"https:\\\/\\\/europeanobsndfr.org\\\/en\\\/author\\\/admin\\\/#author\"},\"creator\":{\"@id\":\"https:\\\/\\\/europeanobsndfr.org\\\/en\\\/author\\\/admin\\\/#author\"},\"datePublished\":\"2017-01-02T16:09:08+01:00\",\"dateModified\":\"2017-01-12T20:06:13+01:00\"},{\"@type\":\"WebSite\",\"@id\":\"https:\\\/\\\/europeanobsndfr.org\\\/en\\\/#website\",\"url\":\"https:\\\/\\\/europeanobsndfr.org\\\/en\\\/\",\"name\":\"Observatoire Europ\\u00e9en de la Non-Discrimination et des Droits Fondamentaux\",\"description\":\"Organisation Internationale Non-Gouvernementale\",\"inLanguage\":\"en-GB\",\"publisher\":{\"@id\":\"https:\\\/\\\/europeanobsndfr.org\\\/en\\\/#organization\"}}]}\n\t\t<\/script>\n\t\t<!-- All in One SEO -->\n\n","aioseo_head_json":{"title":"Solidarit\u00e9 pendant la p\u00e9riode de No\u00ebl avec les personnes sans-abri - Partenariat avec l'Association UCPUC - NANTES - FRANCE. | O.E.N.D.D.F.","description":"Aider les personnes sans-abri dans les rues de NANTES -Offrir des v\u00eatements chauds, restaurer la confiance, \u00e9tablir du contact social, es liens sociaux. UCPUC.","canonical_url":"https:\/\/europeanobsndfr.org\/en\/actualites-fr\/combat-contre-pauvrete\/solidarite-avec-personnes-sans-abri-periode-noel-ucpuc-nantes-france\/","robots":"max-snippet:-1, max-image-preview:large, max-video-preview:-1","keywords":"","webmasterTools":{"google-site-verification":"KZsAbCyd-Ww06m2-MlFPa7EphgzWqs90ra8o0LfM_K8","miscellaneous":""},"schema":{"@context":"https:\/\/schema.org","@graph":[{"@type":"Article","@id":"https:\/\/europeanobsndfr.org\/en\/actualites-fr\/combat-contre-pauvrete\/solidarite-avec-personnes-sans-abri-periode-noel-ucpuc-nantes-france\/#article","name":"Solidarit\u00e9 pendant la p\u00e9riode de No\u00ebl avec les personnes sans-abri - Partenariat avec l'Association UCPUC - NANTES - FRANCE. | O.E.N.D.D.F.","headline":"Solidarit\u00e9 avec les personnes sans-abri pendant la p\u00e9riode de No\u00ebl &#8211; Partenariat avec l&rsquo;Association UCPUC &#8211; NANTES &#8211; FRANCE.","author":{"@id":"https:\/\/europeanobsndfr.org\/en\/author\/admin\/#author"},"publisher":{"@id":"https:\/\/europeanobsndfr.org\/en\/#organization"},"image":{"@type":"ImageObject","url":"https:\/\/europeanobsndfr.org\/wp-content\/uploads\/2017\/01\/Photo-UCPUC-1-300x223.jpg","@id":"https:\/\/europeanobsndfr.org\/en\/actualites-fr\/combat-contre-pauvrete\/solidarite-avec-personnes-sans-abri-periode-noel-ucpuc-nantes-france\/#articleImage"},"datePublished":"2017-01-02T16:09:08+01:00","dateModified":"2017-01-12T20:06:13+01:00","inLanguage":"en-GB","mainEntityOfPage":{"@id":"https:\/\/europeanobsndfr.org\/en\/actualites-fr\/combat-contre-pauvrete\/solidarite-avec-personnes-sans-abri-periode-noel-ucpuc-nantes-france\/#webpage"},"isPartOf":{"@id":"https:\/\/europeanobsndfr.org\/en\/actualites-fr\/combat-contre-pauvrete\/solidarite-avec-personnes-sans-abri-periode-noel-ucpuc-nantes-france\/#webpage"},"articleSection":"Combat contre la pauvret\u00e9, contre l'exclusion sociale et en faveur de l'inclusion sociale"},{"@type":"BreadcrumbList","@id":"https:\/\/europeanobsndfr.org\/en\/actualites-fr\/combat-contre-pauvrete\/solidarite-avec-personnes-sans-abri-periode-noel-ucpuc-nantes-france\/#breadcrumblist","itemListElement":[{"@type":"ListItem","@id":"https:\/\/europeanobsndfr.org\/en#listItem","position":1,"name":"Accueil","item":"https:\/\/europeanobsndfr.org\/en","nextItem":{"@type":"ListItem","@id":"https:\/\/europeanobsndfr.org\/en\/category\/actualites-fr\/#listItem","name":"Actualit\u00e9"}},{"@type":"ListItem","@id":"https:\/\/europeanobsndfr.org\/en\/category\/actualites-fr\/#listItem","position":2,"name":"Actualit\u00e9","item":"https:\/\/europeanobsndfr.org\/en\/category\/actualites-fr\/","nextItem":{"@type":"ListItem","@id":"https:\/\/europeanobsndfr.org\/en\/category\/actualites-fr\/combat-contre-pauvrete\/#listItem","name":"Combat contre la pauvret\u00e9, contre l'exclusion sociale et en faveur de l'inclusion sociale"},"previousItem":{"@type":"ListItem","@id":"https:\/\/europeanobsndfr.org\/en#listItem","name":"Accueil"}},{"@type":"ListItem","@id":"https:\/\/europeanobsndfr.org\/en\/category\/actualites-fr\/combat-contre-pauvrete\/#listItem","position":3,"name":"Combat contre la pauvret\u00e9, contre l'exclusion sociale et en faveur de l'inclusion sociale","item":"https:\/\/europeanobsndfr.org\/en\/category\/actualites-fr\/combat-contre-pauvrete\/","nextItem":{"@type":"ListItem","@id":"https:\/\/europeanobsndfr.org\/en\/actualites-fr\/combat-contre-pauvrete\/solidarite-avec-personnes-sans-abri-periode-noel-ucpuc-nantes-france\/#listItem","name":"Solidarit\u00e9 avec les personnes sans-abri pendant la p\u00e9riode de No\u00ebl &#8211; Partenariat avec l&rsquo;Association UCPUC &#8211; NANTES &#8211; FRANCE."},"previousItem":{"@type":"ListItem","@id":"https:\/\/europeanobsndfr.org\/en\/category\/actualites-fr\/#listItem","name":"Actualit\u00e9"}},{"@type":"ListItem","@id":"https:\/\/europeanobsndfr.org\/en\/actualites-fr\/combat-contre-pauvrete\/solidarite-avec-personnes-sans-abri-periode-noel-ucpuc-nantes-france\/#listItem","position":4,"name":"Solidarit\u00e9 avec les personnes sans-abri pendant la p\u00e9riode de No\u00ebl &#8211; Partenariat avec l&rsquo;Association UCPUC &#8211; NANTES &#8211; FRANCE.","previousItem":{"@type":"ListItem","@id":"https:\/\/europeanobsndfr.org\/en\/category\/actualites-fr\/combat-contre-pauvrete\/#listItem","name":"Combat contre la pauvret\u00e9, contre l'exclusion sociale et en faveur de l'inclusion sociale"}}]},{"@type":"Organization","@id":"https:\/\/europeanobsndfr.org\/en\/#organization","name":"OENDDF","description":"Organisation Internationale Non-Gouvernementale","url":"https:\/\/europeanobsndfr.org\/en\/","logo":{"@type":"ImageObject","url":"https:\/\/europeanobsndfr.org\/wp-content\/uploads\/2016\/11\/cropped-logo-oenddf.jpg","@id":"https:\/\/europeanobsndfr.org\/en\/actualites-fr\/combat-contre-pauvrete\/solidarite-avec-personnes-sans-abri-periode-noel-ucpuc-nantes-france\/#organizationLogo","width":701,"height":600,"caption":"Logo OENDDF"},"image":{"@id":"https:\/\/europeanobsndfr.org\/en\/actualites-fr\/combat-contre-pauvrete\/solidarite-avec-personnes-sans-abri-periode-noel-ucpuc-nantes-france\/#organizationLogo"},"sameAs":["https:\/\/twitter.com\/europeanobs","https:\/\/www.instagram.com\/oenddf_ngo\/","https:\/\/www.youtube.com\/channel\/UCO9vz5fybFw1Q8pvN00CDgA"]},{"@type":"Person","@id":"https:\/\/europeanobsndfr.org\/en\/author\/admin\/#author","url":"https:\/\/europeanobsndfr.org\/en\/author\/admin\/","name":"OENDDF","image":{"@type":"ImageObject","@id":"https:\/\/europeanobsndfr.org\/en\/actualites-fr\/combat-contre-pauvrete\/solidarite-avec-personnes-sans-abri-periode-noel-ucpuc-nantes-france\/#authorImage","url":"https:\/\/secure.gravatar.com\/avatar\/f64bd673bdf1f612f36226606d41703598d9c028a910d72b461acb19a72f63d5?s=96&d=mm&r=g","width":96,"height":96,"caption":"OENDDF"}},{"@type":"WebPage","@id":"https:\/\/europeanobsndfr.org\/en\/actualites-fr\/combat-contre-pauvrete\/solidarite-avec-personnes-sans-abri-periode-noel-ucpuc-nantes-france\/#webpage","url":"https:\/\/europeanobsndfr.org\/en\/actualites-fr\/combat-contre-pauvrete\/solidarite-avec-personnes-sans-abri-periode-noel-ucpuc-nantes-france\/","name":"Solidarit\u00e9 pendant la p\u00e9riode de No\u00ebl avec les personnes sans-abri - Partenariat avec l'Association UCPUC - NANTES - FRANCE. | O.E.N.D.D.F.","description":"Aider les personnes sans-abri dans les rues de NANTES -Offrir des v\u00eatements chauds, restaurer la confiance, \u00e9tablir du contact social, es liens sociaux. UCPUC.","inLanguage":"en-GB","isPartOf":{"@id":"https:\/\/europeanobsndfr.org\/en\/#website"},"breadcrumb":{"@id":"https:\/\/europeanobsndfr.org\/en\/actualites-fr\/combat-contre-pauvrete\/solidarite-avec-personnes-sans-abri-periode-noel-ucpuc-nantes-france\/#breadcrumblist"},"author":{"@id":"https:\/\/europeanobsndfr.org\/en\/author\/admin\/#author"},"creator":{"@id":"https:\/\/europeanobsndfr.org\/en\/author\/admin\/#author"},"datePublished":"2017-01-02T16:09:08+01:00","dateModified":"2017-01-12T20:06:13+01:00"},{"@type":"WebSite","@id":"https:\/\/europeanobsndfr.org\/en\/#website","url":"https:\/\/europeanobsndfr.org\/en\/","name":"Observatoire Europ\u00e9en de la Non-Discrimination et des Droits Fondamentaux","description":"Organisation Internationale Non-Gouvernementale","inLanguage":"en-GB","publisher":{"@id":"https:\/\/europeanobsndfr.org\/en\/#organization"}}]},"og:locale":"en_GB","og:site_name":"Observatoire Europ\u00e9en de la Non-Discrimination et des Droits Fondamentaux","og:type":"non_profit","og:title":"Solidarit\u00e9 pendant la p\u00e9riode de No\u00ebl avec les personnes sans-abri - Partenariat avec l'Association UCPUC - NANTES - FRANCE. | O.E.N.D.D.F.","og:description":"Aider les personnes sans-abri dans les rues de NANTES -Offrir des v\u00eatements chauds, restaurer la confiance, \u00e9tablir du contact social, es liens sociaux. UCPUC.","og:url":"https:\/\/europeanobsndfr.org\/en\/actualites-fr\/combat-contre-pauvrete\/solidarite-avec-personnes-sans-abri-periode-noel-ucpuc-nantes-france\/","og:image":"https:\/\/europeanobsndfr.org\/wp-content\/uploads\/2016\/11\/logo-oenddf.jpg","og:image:secure_url":"https:\/\/europeanobsndfr.org\/wp-content\/uploads\/2016\/11\/logo-oenddf.jpg","og:image:width":830,"og:image:height":600,"twitter:card":"summary","twitter:site":"@europeanobs","twitter:title":"Solidarit\u00e9 pendant la p\u00e9riode de No\u00ebl avec les personnes sans-abri - Partenariat avec l'Association UCPUC - NANTES - FRANCE. | O.E.N.D.D.F.","twitter:description":"Aider les personnes sans-abri dans les rues de NANTES -Offrir des v\u00eatements chauds, restaurer la confiance, \u00e9tablir du contact social, es liens sociaux. UCPUC.","twitter:creator":"@europeanobs","twitter:image":"https:\/\/europeanobsndfr.org\/wp-content\/uploads\/2016\/11\/logo-oenddf.jpg"},"aioseo_meta_data":{"post_id":"7390","title":"Solidarit\u00e9 pendant la p\u00e9riode de No\u00ebl avec les personnes sans-abri - Partenariat avec l'Association UCPUC - NANTES - FRANCE. | O.E.N.D.D.F.","description":"Aider les personnes sans-abri dans les rues de NANTES -Offrir des v\u00eatements chauds, restaurer la confiance, \u00e9tablir du contact social, es liens sociaux. UCPUC.","keywords":null,"keyphrases":null,"primary_term":null,"canonical_url":null,"og_title":"","og_description":"","og_object_type":"non_profit","og_image_type":"default","og_image_url":null,"og_image_width":null,"og_image_height":null,"og_image_custom_url":null,"og_image_custom_fields":null,"og_video":"","og_custom_url":null,"og_article_section":"","og_article_tags":"","twitter_use_og":false,"twitter_card":"summary","twitter_image_type":"default","twitter_image_url":null,"twitter_image_custom_url":null,"twitter_image_custom_fields":null,"twitter_title":null,"twitter_description":null,"schema":{"blockGraphs":[],"customGraphs":[],"default":{"data":{"Article":[],"Course":[],"Dataset":[],"FAQPage":[],"Movie":[],"Person":[],"Product":[],"ProductReview":[],"Car":[],"Recipe":[],"Service":[],"SoftwareApplication":[],"WebPage":[]},"graphName":"","isEnabled":true},"graphs":[],"defaultGraph":"","defaultPostTypeGraph":""},"schema_type":null,"schema_type_options":null,"pillar_content":false,"robots_default":true,"robots_noindex":false,"robots_noarchive":false,"robots_nosnippet":false,"robots_nofollow":false,"robots_noimageindex":false,"robots_noodp":false,"robots_notranslate":false,"robots_max_snippet":null,"robots_max_videopreview":null,"robots_max_imagepreview":"large","priority":null,"frequency":null,"local_seo":null,"breadcrumb_settings":null,"limit_modified_date":false,"ai":null,"created":"2021-01-22 17:53:53","updated":"2025-08-01 09:52:59","focus_keyword":null,"additional_keywords":null,"truseo_locale":null,"seo_analyzer_scan_date":null},"jetpack_featured_media_url":"","jetpack-related-posts":[],"jetpack_sharing_enabled":true,"_links":{"self":[{"href":"https:\/\/europeanobsndfr.org\/en\/wp-json\/wp\/v2\/posts\/7390","targetHints":{"allow":["GET"]}}],"collection":[{"href":"https:\/\/europeanobsndfr.org\/en\/wp-json\/wp\/v2\/posts"}],"about":[{"href":"https:\/\/europeanobsndfr.org\/en\/wp-json\/wp\/v2\/types\/post"}],"author":[{"embeddable":true,"href":"https:\/\/europeanobsndfr.org\/en\/wp-json\/wp\/v2\/users\/1"}],"replies":[{"embeddable":true,"href":"https:\/\/europeanobsndfr.org\/en\/wp-json\/wp\/v2\/comments?post=7390"}],"version-history":[{"count":0,"href":"https:\/\/europeanobsndfr.org\/en\/wp-json\/wp\/v2\/posts\/7390\/revisions"}],"wp:attachment":[{"href":"https:\/\/europeanobsndfr.org\/en\/wp-json\/wp\/v2\/media?parent=7390"}],"wp:term":[{"taxonomy":"category","embeddable":true,"href":"https:\/\/europeanobsndfr.org\/en\/wp-json\/wp\/v2\/categories?post=7390"},{"taxonomy":"post_tag","embeddable":true,"href":"https:\/\/europeanobsndfr.org\/en\/wp-json\/wp\/v2\/tags?post=7390"}],"curies":[{"name":"wp","href":"https:\/\/api.w.org\/{rel}","templated":true}]}}