{"id":8440,"date":"2017-05-08T08:39:35","date_gmt":"2017-05-08T08:39:35","guid":{"rendered":"https:\/\/europeanobsndfr.org\/actualites-fr\/asylum-migration-and-borders\/personalized-support-for-employment-for-young-graduates-in-a-situation-of-discrimination\/"},"modified":"2017-05-08T08:53:39","modified_gmt":"2017-05-08T08:53:39","slug":"accompagnement-personnalise-vers-lemploi-de-personnes-en-situation-de-discrimination","status":"publish","type":"post","link":"https:\/\/europeanobsndfr.org\/en\/actualites-fr\/combat-contre-pauvrete\/accompagnement-personnalise-vers-lemploi-de-personnes-en-situation-de-discrimination\/","title":{"rendered":"Accompagnement personnalis\u00e9 vers l&#8217;emploi de personnes en situation de discrimination."},"content":{"rendered":"<p style=\"text-align: justify;\"><b><u>Accompagnement personnalis\u00e9 vers l&#8217;emploi de personnes en situation de discrimination.<\/u><\/b><\/p>\n<p style=\"text-align: justify;\">Depuis son lancement, l&rsquo;Association NQT (<span style=\"text-decoration: underline;\"><strong>N<\/strong><\/span>os <strong><span style=\"text-decoration: underline;\">Q<\/span><\/strong>uartiers ont du<strong><span style=\"text-decoration: underline;\"> T<\/span><\/strong>alent) met en \u0153uvre une op\u00e9ration destin\u00e9e \u00e0 favoriser l\u2019insertion professionnelle des jeunes dipl\u00f4m\u00e9s, de niveau Bac+3 et plus (Bac+4 et plus pour l\u2019\u00cele-de-France, avec exp\u00e9rimentation Bac+3 en QPV) , \u00e2g\u00e9s de moins de 30 ans, issus de milieux sociaux modestes ou de\u00a0quartiers d\u00e9favoris\u00e9s, gr\u00e2ce \u00e0 un syst\u00e8me de parrainage par des cadres, assimil\u00e9s, voire des dirigeants d&rsquo;entreprises exp\u00e9riment\u00e9s en activit\u00e9 (conseils sur la recherche d&#8217;emploi, le CV, la lettre de motivation, les entretiens, aide \u00e0 la constitution du r\u00e9seau\u2026).<\/p>\n<p style=\"text-align: justify;\">L&rsquo;Association NQT propose des actions concr\u00e8tes qui permettent d&rsquo;acc\u00e9l\u00e9rer l&rsquo;insertion professionnelle de ces jeunes ambitieux et m\u00e9ritants et de donner \u00e0 tous les m\u00eames opportunit\u00e9s d&rsquo;acc\u00e9der \u00e0 un emploi p\u00e9renne et qualifi\u00e9.<\/p>\n<p style=\"text-align: justify;\">L&rsquo;association NQT propose \u00e0 ses m\u00e9c\u00e8nes et \u00e0 ses partenaires d&rsquo;inscrire, dans leurs actions, une d\u00e9marche de valorisation de l&rsquo;\u00e9galit\u00e9 des chances. C&rsquo;est une fa\u00e7on simple et concr\u00e8te de faciliter les \u00e9changes entre jeunes dipl\u00f4m\u00e9s et professionnels.<\/p>\n<p style=\"text-align: justify;\"><strong>=&gt; L&rsquo;Association NTQ \u00a0<span class=\"Apple-style-span\">est devenu Membre de l\u2019Observatoire Europ\u00e9en de la Non-Discrimination et des Droits Fondamentaux.<\/span><\/strong><\/p>\n<p>[av_content_slider heading=\u00a0\u00bb columns=&rsquo;1&prime; animation=&rsquo;slide&rsquo; navigation=&rsquo;arrows&rsquo; autoplay=&rsquo;false&rsquo; interval=&rsquo;5&prime; font_color=\u00a0\u00bb color=\u00a0\u00bb]<br \/>\n[av_content_slide title=&rsquo;NQT en chiffres&rsquo; link=\u00a0\u00bb linktarget=\u00a0\u00bb]<br \/>\n<a href=\"https:\/\/europeanobsndfr.org\/wp-content\/uploads\/2017\/05\/NQT.jpg\"><img loading=\"lazy\" decoding=\"async\" class=\"aligncenter size-medium wp-image-8433\" src=\"https:\/\/europeanobsndfr.org\/wp-content\/uploads\/2017\/05\/NQT-254x300.jpg\" alt=\"\" width=\"254\" height=\"300\" srcset=\"https:\/\/europeanobsndfr.org\/wp-content\/uploads\/2017\/05\/NQT-254x300.jpg 254w, https:\/\/europeanobsndfr.org\/wp-content\/uploads\/2017\/05\/NQT.jpg 408w\" sizes=\"auto, (max-width: 254px) 100vw, 254px\" \/><\/a><br \/>\n[\/av_content_slide]<\/p>\n<p>[\/av_content_slider]<\/p>\n","protected":false},"excerpt":{"rendered":"<p>Accompagnement personnalis\u00e9 vers l&#8217;emploi de personnes en situation de discrimination. Depuis son lancement, l&rsquo;Association NQT (Nos Quartiers ont du Talent) met en \u0153uvre une op\u00e9ration destin\u00e9e \u00e0 favoriser l\u2019insertion professionnelle des jeunes dipl\u00f4m\u00e9s, de niveau Bac+3 et plus (Bac+4 et plus pour l\u2019\u00cele-de-France, avec exp\u00e9rimentation Bac+3 en QPV) , \u00e2g\u00e9s de moins de 30 ans,&#8230;<\/p>","protected":false},"author":1,"featured_media":0,"comment_status":"closed","ping_status":"closed","sticky":false,"template":"","format":"standard","meta":{"give_campaign_id":0,"_kadence_starter_templates_imported_post":false,"_kad_post_transparent":"","_kad_post_title":"","_kad_post_layout":"","_kad_post_sidebar_id":"","_kad_post_content_style":"","_kad_post_vertical_padding":"","_kad_post_feature":"","_kad_post_feature_position":"","_kad_post_header":false,"_kad_post_footer":false,"_kad_post_classname":"","_jetpack_memberships_contains_paid_content":false,"footnotes":""},"categories":[44,156],"tags":[289,291,216,290],"class_list":["post-8440","post","type-post","status-publish","format-standard","hentry","category-combat-contre-pauvrete","category-egalite-hommes-femmes","tag-accompagnement-personnalise-vers-lemploi","tag-coaching-de-jeunes-diplomes-pour-un-premier-emploi","tag-egalite-hommes-femmes","tag-jeunes-diplomes-en-situation-de-discrimination"],"aioseo_notices":[],"aioseo_head":"\n\t\t<!-- All in One SEO 5.0.1.1 - aioseo.com -->\n\t<meta name=\"description\" content=\"Accompagnement personnalis\u00e9 vers l\u2019emploi, coaching de jeunes dipl\u00f4m\u00e9s pour un premier emploi, \u00e9galit\u00e9 hommes femmes, jeunes dipl\u00f4m\u00e9s en situation de discrimination\" \/>\n\t<meta name=\"robots\" content=\"max-snippet:-1, max-image-preview:large, max-video-preview:-1\" \/>\n\t<meta name=\"author\" content=\"OENDDF\"\/>\n\t<meta name=\"google-site-verification\" content=\"KZsAbCyd-Ww06m2-MlFPa7EphgzWqs90ra8o0LfM_K8\" \/>\n\t<link rel=\"canonical\" href=\"https:\/\/europeanobsndfr.org\/en\/actualites-fr\/combat-contre-pauvrete\/accompagnement-personnalise-vers-lemploi-de-personnes-en-situation-de-discrimination\/\" \/>\n\t<meta name=\"generator\" content=\"All in One SEO (AIOSEO) 5.0.1.1\" \/>\n\t\t<meta property=\"og:locale\" content=\"en_GB\" \/>\n\t\t<meta property=\"og:site_name\" content=\"Observatoire Europ\u00e9en de la Non-Discrimination et des Droits Fondamentaux\" \/>\n\t\t<meta property=\"og:type\" content=\"non_profit\" \/>\n\t\t<meta property=\"og:title\" content=\"Accompagnement personnalis\u00e9 vers l\u2019emploi de jeunes dipl\u00f4m\u00e9s en situation de discrimination | O.E.N.D.D.F.\" \/>\n\t\t<meta property=\"og:description\" content=\"Accompagnement personnalis\u00e9 vers l\u2019emploi, coaching de jeunes dipl\u00f4m\u00e9s pour un premier emploi, \u00e9galit\u00e9 hommes femmes, jeunes dipl\u00f4m\u00e9s en situation de discrimination\" \/>\n\t\t<meta property=\"og:url\" content=\"https:\/\/europeanobsndfr.org\/en\/actualites-fr\/combat-contre-pauvrete\/accompagnement-personnalise-vers-lemploi-de-personnes-en-situation-de-discrimination\/\" \/>\n\t\t<meta property=\"og:image\" content=\"https:\/\/europeanobsndfr.org\/wp-content\/uploads\/2016\/11\/logo-oenddf.jpg\" \/>\n\t\t<meta property=\"og:image:secure_url\" content=\"https:\/\/europeanobsndfr.org\/wp-content\/uploads\/2016\/11\/logo-oenddf.jpg\" \/>\n\t\t<meta property=\"og:image:width\" content=\"830\" \/>\n\t\t<meta property=\"og:image:height\" content=\"600\" \/>\n\t\t<meta name=\"twitter:card\" content=\"summary\" \/>\n\t\t<meta name=\"twitter:site\" content=\"@europeanobs\" \/>\n\t\t<meta name=\"twitter:title\" content=\"Accompagnement personnalis\u00e9 vers l\u2019emploi de jeunes dipl\u00f4m\u00e9s en situation de discrimination | O.E.N.D.D.F.\" \/>\n\t\t<meta name=\"twitter:description\" content=\"Accompagnement personnalis\u00e9 vers l\u2019emploi, coaching de jeunes dipl\u00f4m\u00e9s pour un premier emploi, \u00e9galit\u00e9 hommes femmes, jeunes dipl\u00f4m\u00e9s en situation de discrimination\" \/>\n\t\t<meta name=\"twitter:creator\" content=\"@europeanobs\" \/>\n\t\t<meta name=\"twitter:image\" content=\"https:\/\/europeanobsndfr.org\/wp-content\/uploads\/2016\/11\/logo-oenddf.jpg\" \/>\n\t\t<script type=\"application\/ld+json\" class=\"aioseo-schema\">\n\t\t\t{\"@context\":\"https:\\\/\\\/schema.org\",\"@graph\":[{\"@type\":\"Article\",\"@id\":\"https:\\\/\\\/europeanobsndfr.org\\\/en\\\/actualites-fr\\\/combat-contre-pauvrete\\\/accompagnement-personnalise-vers-lemploi-de-personnes-en-situation-de-discrimination\\\/#article\",\"name\":\"Accompagnement personnalis\\u00e9 vers l\\u2019emploi de jeunes dipl\\u00f4m\\u00e9s en situation de discrimination | O.E.N.D.D.F.\",\"headline\":\"Accompagnement personnalis\\u00e9 vers l&#8217;emploi de personnes en situation de discrimination.\",\"author\":{\"@id\":\"https:\\\/\\\/europeanobsndfr.org\\\/en\\\/author\\\/admin\\\/#author\"},\"publisher\":{\"@id\":\"https:\\\/\\\/europeanobsndfr.org\\\/en\\\/#organization\"},\"image\":{\"@type\":\"ImageObject\",\"url\":\"https:\\\/\\\/europeanobsndfr.org\\\/wp-content\\\/uploads\\\/2017\\\/05\\\/NQT-254x300.jpg\",\"@id\":\"https:\\\/\\\/europeanobsndfr.org\\\/en\\\/actualites-fr\\\/combat-contre-pauvrete\\\/accompagnement-personnalise-vers-lemploi-de-personnes-en-situation-de-discrimination\\\/#articleImage\"},\"datePublished\":\"2017-05-08T08:39:35+01:00\",\"dateModified\":\"2017-05-08T08:53:39+01:00\",\"inLanguage\":\"en-GB\",\"mainEntityOfPage\":{\"@id\":\"https:\\\/\\\/europeanobsndfr.org\\\/en\\\/actualites-fr\\\/combat-contre-pauvrete\\\/accompagnement-personnalise-vers-lemploi-de-personnes-en-situation-de-discrimination\\\/#webpage\"},\"isPartOf\":{\"@id\":\"https:\\\/\\\/europeanobsndfr.org\\\/en\\\/actualites-fr\\\/combat-contre-pauvrete\\\/accompagnement-personnalise-vers-lemploi-de-personnes-en-situation-de-discrimination\\\/#webpage\"},\"articleSection\":\"Combat contre la pauvret\\u00e9, contre l'exclusion sociale et en faveur de l'inclusion sociale, Egalit\\u00e9 hommes-Femmes, accompagnement personnalis\\u00e9 vers l'emploi, coaching de jeunes dipl\\u00f4m\\u00e9s pour un premier emploi, \\u00e9galit\\u00e9 hommes femmes, jeunes dipl\\u00f4m\\u00e9s en situation de discrimination\"},{\"@type\":\"BreadcrumbList\",\"@id\":\"https:\\\/\\\/europeanobsndfr.org\\\/en\\\/actualites-fr\\\/combat-contre-pauvrete\\\/accompagnement-personnalise-vers-lemploi-de-personnes-en-situation-de-discrimination\\\/#breadcrumblist\",\"itemListElement\":[{\"@type\":\"ListItem\",\"@id\":\"https:\\\/\\\/europeanobsndfr.org\\\/en#listItem\",\"position\":1,\"name\":\"Accueil\",\"item\":\"https:\\\/\\\/europeanobsndfr.org\\\/en\",\"nextItem\":{\"@type\":\"ListItem\",\"@id\":\"https:\\\/\\\/europeanobsndfr.org\\\/en\\\/category\\\/actualites-fr\\\/#listItem\",\"name\":\"Actualit\\u00e9\"}},{\"@type\":\"ListItem\",\"@id\":\"https:\\\/\\\/europeanobsndfr.org\\\/en\\\/category\\\/actualites-fr\\\/#listItem\",\"position\":2,\"name\":\"Actualit\\u00e9\",\"item\":\"https:\\\/\\\/europeanobsndfr.org\\\/en\\\/category\\\/actualites-fr\\\/\",\"nextItem\":{\"@type\":\"ListItem\",\"@id\":\"https:\\\/\\\/europeanobsndfr.org\\\/en\\\/category\\\/actualites-fr\\\/combat-contre-pauvrete\\\/#listItem\",\"name\":\"Combat contre la pauvret\\u00e9, contre l'exclusion sociale et en faveur de l'inclusion sociale\"},\"previousItem\":{\"@type\":\"ListItem\",\"@id\":\"https:\\\/\\\/europeanobsndfr.org\\\/en#listItem\",\"name\":\"Accueil\"}},{\"@type\":\"ListItem\",\"@id\":\"https:\\\/\\\/europeanobsndfr.org\\\/en\\\/category\\\/actualites-fr\\\/combat-contre-pauvrete\\\/#listItem\",\"position\":3,\"name\":\"Combat contre la pauvret\\u00e9, contre l'exclusion sociale et en faveur de l'inclusion sociale\",\"item\":\"https:\\\/\\\/europeanobsndfr.org\\\/en\\\/category\\\/actualites-fr\\\/combat-contre-pauvrete\\\/\",\"nextItem\":{\"@type\":\"ListItem\",\"@id\":\"https:\\\/\\\/europeanobsndfr.org\\\/en\\\/actualites-fr\\\/combat-contre-pauvrete\\\/accompagnement-personnalise-vers-lemploi-de-personnes-en-situation-de-discrimination\\\/#listItem\",\"name\":\"Accompagnement personnalis\\u00e9 vers l&#8217;emploi de personnes en situation de discrimination.\"},\"previousItem\":{\"@type\":\"ListItem\",\"@id\":\"https:\\\/\\\/europeanobsndfr.org\\\/en\\\/category\\\/actualites-fr\\\/#listItem\",\"name\":\"Actualit\\u00e9\"}},{\"@type\":\"ListItem\",\"@id\":\"https:\\\/\\\/europeanobsndfr.org\\\/en\\\/actualites-fr\\\/combat-contre-pauvrete\\\/accompagnement-personnalise-vers-lemploi-de-personnes-en-situation-de-discrimination\\\/#listItem\",\"position\":4,\"name\":\"Accompagnement personnalis\\u00e9 vers l&#8217;emploi de personnes en situation de discrimination.\",\"previousItem\":{\"@type\":\"ListItem\",\"@id\":\"https:\\\/\\\/europeanobsndfr.org\\\/en\\\/category\\\/actualites-fr\\\/combat-contre-pauvrete\\\/#listItem\",\"name\":\"Combat contre la pauvret\\u00e9, contre l'exclusion sociale et en faveur de l'inclusion sociale\"}}]},{\"@type\":\"Organization\",\"@id\":\"https:\\\/\\\/europeanobsndfr.org\\\/en\\\/#organization\",\"name\":\"OENDDF\",\"description\":\"Organisation Internationale Non-Gouvernementale\",\"url\":\"https:\\\/\\\/europeanobsndfr.org\\\/en\\\/\",\"logo\":{\"@type\":\"ImageObject\",\"url\":\"https:\\\/\\\/europeanobsndfr.org\\\/wp-content\\\/uploads\\\/2016\\\/11\\\/cropped-logo-oenddf.jpg\",\"@id\":\"https:\\\/\\\/europeanobsndfr.org\\\/en\\\/actualites-fr\\\/combat-contre-pauvrete\\\/accompagnement-personnalise-vers-lemploi-de-personnes-en-situation-de-discrimination\\\/#organizationLogo\",\"width\":701,\"height\":600,\"caption\":\"Logo OENDDF\"},\"image\":{\"@id\":\"https:\\\/\\\/europeanobsndfr.org\\\/en\\\/actualites-fr\\\/combat-contre-pauvrete\\\/accompagnement-personnalise-vers-lemploi-de-personnes-en-situation-de-discrimination\\\/#organizationLogo\"},\"sameAs\":[\"https:\\\/\\\/twitter.com\\\/europeanobs\",\"https:\\\/\\\/www.instagram.com\\\/oenddf_ngo\\\/\",\"https:\\\/\\\/www.youtube.com\\\/channel\\\/UCO9vz5fybFw1Q8pvN00CDgA\"]},{\"@type\":\"Person\",\"@id\":\"https:\\\/\\\/europeanobsndfr.org\\\/en\\\/author\\\/admin\\\/#author\",\"url\":\"https:\\\/\\\/europeanobsndfr.org\\\/en\\\/author\\\/admin\\\/\",\"name\":\"OENDDF\",\"image\":{\"@type\":\"ImageObject\",\"@id\":\"https:\\\/\\\/europeanobsndfr.org\\\/en\\\/actualites-fr\\\/combat-contre-pauvrete\\\/accompagnement-personnalise-vers-lemploi-de-personnes-en-situation-de-discrimination\\\/#authorImage\",\"url\":\"https:\\\/\\\/secure.gravatar.com\\\/avatar\\\/f64bd673bdf1f612f36226606d41703598d9c028a910d72b461acb19a72f63d5?s=96&d=mm&r=g\",\"width\":96,\"height\":96,\"caption\":\"OENDDF\"}},{\"@type\":\"WebPage\",\"@id\":\"https:\\\/\\\/europeanobsndfr.org\\\/en\\\/actualites-fr\\\/combat-contre-pauvrete\\\/accompagnement-personnalise-vers-lemploi-de-personnes-en-situation-de-discrimination\\\/#webpage\",\"url\":\"https:\\\/\\\/europeanobsndfr.org\\\/en\\\/actualites-fr\\\/combat-contre-pauvrete\\\/accompagnement-personnalise-vers-lemploi-de-personnes-en-situation-de-discrimination\\\/\",\"name\":\"Accompagnement personnalis\\u00e9 vers l\\u2019emploi de jeunes dipl\\u00f4m\\u00e9s en situation de discrimination | O.E.N.D.D.F.\",\"description\":\"Accompagnement personnalis\\u00e9 vers l\\u2019emploi, coaching de jeunes dipl\\u00f4m\\u00e9s pour un premier emploi, \\u00e9galit\\u00e9 hommes femmes, jeunes dipl\\u00f4m\\u00e9s en situation de discrimination\",\"inLanguage\":\"en-GB\",\"isPartOf\":{\"@id\":\"https:\\\/\\\/europeanobsndfr.org\\\/en\\\/#website\"},\"breadcrumb\":{\"@id\":\"https:\\\/\\\/europeanobsndfr.org\\\/en\\\/actualites-fr\\\/combat-contre-pauvrete\\\/accompagnement-personnalise-vers-lemploi-de-personnes-en-situation-de-discrimination\\\/#breadcrumblist\"},\"author\":{\"@id\":\"https:\\\/\\\/europeanobsndfr.org\\\/en\\\/author\\\/admin\\\/#author\"},\"creator\":{\"@id\":\"https:\\\/\\\/europeanobsndfr.org\\\/en\\\/author\\\/admin\\\/#author\"},\"datePublished\":\"2017-05-08T08:39:35+01:00\",\"dateModified\":\"2017-05-08T08:53:39+01:00\"},{\"@type\":\"WebSite\",\"@id\":\"https:\\\/\\\/europeanobsndfr.org\\\/en\\\/#website\",\"url\":\"https:\\\/\\\/europeanobsndfr.org\\\/en\\\/\",\"name\":\"Observatoire Europ\\u00e9en de la Non-Discrimination et des Droits Fondamentaux\",\"description\":\"Organisation Internationale Non-Gouvernementale\",\"inLanguage\":\"en-GB\",\"publisher\":{\"@id\":\"https:\\\/\\\/europeanobsndfr.org\\\/en\\\/#organization\"}}]}\n\t\t<\/script>\n\t\t<!-- All in One SEO -->\n\n","aioseo_head_json":{"title":"Accompagnement personnalis\u00e9 vers l\u2019emploi de jeunes dipl\u00f4m\u00e9s en situation de discrimination | O.E.N.D.D.F.","description":"Accompagnement personnalis\u00e9 vers l\u2019emploi, coaching de jeunes dipl\u00f4m\u00e9s pour un premier emploi, \u00e9galit\u00e9 hommes femmes, jeunes dipl\u00f4m\u00e9s en situation de discrimination","canonical_url":"https:\/\/europeanobsndfr.org\/en\/actualites-fr\/combat-contre-pauvrete\/accompagnement-personnalise-vers-lemploi-de-personnes-en-situation-de-discrimination\/","robots":"max-snippet:-1, max-image-preview:large, max-video-preview:-1","keywords":"","webmasterTools":{"google-site-verification":"KZsAbCyd-Ww06m2-MlFPa7EphgzWqs90ra8o0LfM_K8","miscellaneous":""},"schema":{"@context":"https:\/\/schema.org","@graph":[{"@type":"Article","@id":"https:\/\/europeanobsndfr.org\/en\/actualites-fr\/combat-contre-pauvrete\/accompagnement-personnalise-vers-lemploi-de-personnes-en-situation-de-discrimination\/#article","name":"Accompagnement personnalis\u00e9 vers l\u2019emploi de jeunes dipl\u00f4m\u00e9s en situation de discrimination | O.E.N.D.D.F.","headline":"Accompagnement personnalis\u00e9 vers l&#8217;emploi de personnes en situation de discrimination.","author":{"@id":"https:\/\/europeanobsndfr.org\/en\/author\/admin\/#author"},"publisher":{"@id":"https:\/\/europeanobsndfr.org\/en\/#organization"},"image":{"@type":"ImageObject","url":"https:\/\/europeanobsndfr.org\/wp-content\/uploads\/2017\/05\/NQT-254x300.jpg","@id":"https:\/\/europeanobsndfr.org\/en\/actualites-fr\/combat-contre-pauvrete\/accompagnement-personnalise-vers-lemploi-de-personnes-en-situation-de-discrimination\/#articleImage"},"datePublished":"2017-05-08T08:39:35+01:00","dateModified":"2017-05-08T08:53:39+01:00","inLanguage":"en-GB","mainEntityOfPage":{"@id":"https:\/\/europeanobsndfr.org\/en\/actualites-fr\/combat-contre-pauvrete\/accompagnement-personnalise-vers-lemploi-de-personnes-en-situation-de-discrimination\/#webpage"},"isPartOf":{"@id":"https:\/\/europeanobsndfr.org\/en\/actualites-fr\/combat-contre-pauvrete\/accompagnement-personnalise-vers-lemploi-de-personnes-en-situation-de-discrimination\/#webpage"},"articleSection":"Combat contre la pauvret\u00e9, contre l'exclusion sociale et en faveur de l'inclusion sociale, Egalit\u00e9 hommes-Femmes, accompagnement personnalis\u00e9 vers l'emploi, coaching de jeunes dipl\u00f4m\u00e9s pour un premier emploi, \u00e9galit\u00e9 hommes femmes, jeunes dipl\u00f4m\u00e9s en situation de discrimination"},{"@type":"BreadcrumbList","@id":"https:\/\/europeanobsndfr.org\/en\/actualites-fr\/combat-contre-pauvrete\/accompagnement-personnalise-vers-lemploi-de-personnes-en-situation-de-discrimination\/#breadcrumblist","itemListElement":[{"@type":"ListItem","@id":"https:\/\/europeanobsndfr.org\/en#listItem","position":1,"name":"Accueil","item":"https:\/\/europeanobsndfr.org\/en","nextItem":{"@type":"ListItem","@id":"https:\/\/europeanobsndfr.org\/en\/category\/actualites-fr\/#listItem","name":"Actualit\u00e9"}},{"@type":"ListItem","@id":"https:\/\/europeanobsndfr.org\/en\/category\/actualites-fr\/#listItem","position":2,"name":"Actualit\u00e9","item":"https:\/\/europeanobsndfr.org\/en\/category\/actualites-fr\/","nextItem":{"@type":"ListItem","@id":"https:\/\/europeanobsndfr.org\/en\/category\/actualites-fr\/combat-contre-pauvrete\/#listItem","name":"Combat contre la pauvret\u00e9, contre l'exclusion sociale et en faveur de l'inclusion sociale"},"previousItem":{"@type":"ListItem","@id":"https:\/\/europeanobsndfr.org\/en#listItem","name":"Accueil"}},{"@type":"ListItem","@id":"https:\/\/europeanobsndfr.org\/en\/category\/actualites-fr\/combat-contre-pauvrete\/#listItem","position":3,"name":"Combat contre la pauvret\u00e9, contre l'exclusion sociale et en faveur de l'inclusion sociale","item":"https:\/\/europeanobsndfr.org\/en\/category\/actualites-fr\/combat-contre-pauvrete\/","nextItem":{"@type":"ListItem","@id":"https:\/\/europeanobsndfr.org\/en\/actualites-fr\/combat-contre-pauvrete\/accompagnement-personnalise-vers-lemploi-de-personnes-en-situation-de-discrimination\/#listItem","name":"Accompagnement personnalis\u00e9 vers l&#8217;emploi de personnes en situation de discrimination."},"previousItem":{"@type":"ListItem","@id":"https:\/\/europeanobsndfr.org\/en\/category\/actualites-fr\/#listItem","name":"Actualit\u00e9"}},{"@type":"ListItem","@id":"https:\/\/europeanobsndfr.org\/en\/actualites-fr\/combat-contre-pauvrete\/accompagnement-personnalise-vers-lemploi-de-personnes-en-situation-de-discrimination\/#listItem","position":4,"name":"Accompagnement personnalis\u00e9 vers l&#8217;emploi de personnes en situation de discrimination.","previousItem":{"@type":"ListItem","@id":"https:\/\/europeanobsndfr.org\/en\/category\/actualites-fr\/combat-contre-pauvrete\/#listItem","name":"Combat contre la pauvret\u00e9, contre l'exclusion sociale et en faveur de l'inclusion sociale"}}]},{"@type":"Organization","@id":"https:\/\/europeanobsndfr.org\/en\/#organization","name":"OENDDF","description":"Organisation Internationale Non-Gouvernementale","url":"https:\/\/europeanobsndfr.org\/en\/","logo":{"@type":"ImageObject","url":"https:\/\/europeanobsndfr.org\/wp-content\/uploads\/2016\/11\/cropped-logo-oenddf.jpg","@id":"https:\/\/europeanobsndfr.org\/en\/actualites-fr\/combat-contre-pauvrete\/accompagnement-personnalise-vers-lemploi-de-personnes-en-situation-de-discrimination\/#organizationLogo","width":701,"height":600,"caption":"Logo OENDDF"},"image":{"@id":"https:\/\/europeanobsndfr.org\/en\/actualites-fr\/combat-contre-pauvrete\/accompagnement-personnalise-vers-lemploi-de-personnes-en-situation-de-discrimination\/#organizationLogo"},"sameAs":["https:\/\/twitter.com\/europeanobs","https:\/\/www.instagram.com\/oenddf_ngo\/","https:\/\/www.youtube.com\/channel\/UCO9vz5fybFw1Q8pvN00CDgA"]},{"@type":"Person","@id":"https:\/\/europeanobsndfr.org\/en\/author\/admin\/#author","url":"https:\/\/europeanobsndfr.org\/en\/author\/admin\/","name":"OENDDF","image":{"@type":"ImageObject","@id":"https:\/\/europeanobsndfr.org\/en\/actualites-fr\/combat-contre-pauvrete\/accompagnement-personnalise-vers-lemploi-de-personnes-en-situation-de-discrimination\/#authorImage","url":"https:\/\/secure.gravatar.com\/avatar\/f64bd673bdf1f612f36226606d41703598d9c028a910d72b461acb19a72f63d5?s=96&d=mm&r=g","width":96,"height":96,"caption":"OENDDF"}},{"@type":"WebPage","@id":"https:\/\/europeanobsndfr.org\/en\/actualites-fr\/combat-contre-pauvrete\/accompagnement-personnalise-vers-lemploi-de-personnes-en-situation-de-discrimination\/#webpage","url":"https:\/\/europeanobsndfr.org\/en\/actualites-fr\/combat-contre-pauvrete\/accompagnement-personnalise-vers-lemploi-de-personnes-en-situation-de-discrimination\/","name":"Accompagnement personnalis\u00e9 vers l\u2019emploi de jeunes dipl\u00f4m\u00e9s en situation de discrimination | O.E.N.D.D.F.","description":"Accompagnement personnalis\u00e9 vers l\u2019emploi, coaching de jeunes dipl\u00f4m\u00e9s pour un premier emploi, \u00e9galit\u00e9 hommes femmes, jeunes dipl\u00f4m\u00e9s en situation de discrimination","inLanguage":"en-GB","isPartOf":{"@id":"https:\/\/europeanobsndfr.org\/en\/#website"},"breadcrumb":{"@id":"https:\/\/europeanobsndfr.org\/en\/actualites-fr\/combat-contre-pauvrete\/accompagnement-personnalise-vers-lemploi-de-personnes-en-situation-de-discrimination\/#breadcrumblist"},"author":{"@id":"https:\/\/europeanobsndfr.org\/en\/author\/admin\/#author"},"creator":{"@id":"https:\/\/europeanobsndfr.org\/en\/author\/admin\/#author"},"datePublished":"2017-05-08T08:39:35+01:00","dateModified":"2017-05-08T08:53:39+01:00"},{"@type":"WebSite","@id":"https:\/\/europeanobsndfr.org\/en\/#website","url":"https:\/\/europeanobsndfr.org\/en\/","name":"Observatoire Europ\u00e9en de la Non-Discrimination et des Droits Fondamentaux","description":"Organisation Internationale Non-Gouvernementale","inLanguage":"en-GB","publisher":{"@id":"https:\/\/europeanobsndfr.org\/en\/#organization"}}]},"og:locale":"en_GB","og:site_name":"Observatoire Europ\u00e9en de la Non-Discrimination et des Droits Fondamentaux","og:type":"non_profit","og:title":"Accompagnement personnalis\u00e9 vers l\u2019emploi de jeunes dipl\u00f4m\u00e9s en situation de discrimination | O.E.N.D.D.F.","og:description":"Accompagnement personnalis\u00e9 vers l\u2019emploi, coaching de jeunes dipl\u00f4m\u00e9s pour un premier emploi, \u00e9galit\u00e9 hommes femmes, jeunes dipl\u00f4m\u00e9s en situation de discrimination","og:url":"https:\/\/europeanobsndfr.org\/en\/actualites-fr\/combat-contre-pauvrete\/accompagnement-personnalise-vers-lemploi-de-personnes-en-situation-de-discrimination\/","og:image":"https:\/\/europeanobsndfr.org\/wp-content\/uploads\/2016\/11\/logo-oenddf.jpg","og:image:secure_url":"https:\/\/europeanobsndfr.org\/wp-content\/uploads\/2016\/11\/logo-oenddf.jpg","og:image:width":830,"og:image:height":600,"twitter:card":"summary","twitter:site":"@europeanobs","twitter:title":"Accompagnement personnalis\u00e9 vers l\u2019emploi de jeunes dipl\u00f4m\u00e9s en situation de discrimination | O.E.N.D.D.F.","twitter:description":"Accompagnement personnalis\u00e9 vers l\u2019emploi, coaching de jeunes dipl\u00f4m\u00e9s pour un premier emploi, \u00e9galit\u00e9 hommes femmes, jeunes dipl\u00f4m\u00e9s en situation de discrimination","twitter:creator":"@europeanobs","twitter:image":"https:\/\/europeanobsndfr.org\/wp-content\/uploads\/2016\/11\/logo-oenddf.jpg"},"aioseo_meta_data":{"post_id":"8440","title":"Accompagnement personnalis\u00e9 vers l\u2019emploi de jeunes dipl\u00f4m\u00e9s en situation de discrimination | O.E.N.D.D.F.","description":"Accompagnement personnalis\u00e9 vers l\u2019emploi, coaching de jeunes dipl\u00f4m\u00e9s pour un premier emploi, \u00e9galit\u00e9 hommes femmes, jeunes dipl\u00f4m\u00e9s en situation de discrimination","keywords":null,"keyphrases":null,"primary_term":null,"canonical_url":null,"og_title":"","og_description":"","og_object_type":"non_profit","og_image_type":"default","og_image_url":null,"og_image_width":null,"og_image_height":null,"og_image_custom_url":null,"og_image_custom_fields":null,"og_video":"","og_custom_url":null,"og_article_section":"","og_article_tags":"","twitter_use_og":false,"twitter_card":"summary","twitter_image_type":"default","twitter_image_url":null,"twitter_image_custom_url":null,"twitter_image_custom_fields":null,"twitter_title":null,"twitter_description":null,"schema":{"blockGraphs":[],"customGraphs":[],"default":{"data":{"Article":[],"Course":[],"Dataset":[],"FAQPage":[],"Movie":[],"Person":[],"Product":[],"ProductReview":[],"Car":[],"Recipe":[],"Service":[],"SoftwareApplication":[],"WebPage":[]},"graphName":"","isEnabled":true},"graphs":[]},"schema_type":null,"schema_type_options":null,"pillar_content":false,"robots_default":true,"robots_noindex":false,"robots_noarchive":false,"robots_nosnippet":false,"robots_nofollow":false,"robots_noimageindex":false,"robots_noodp":false,"robots_notranslate":false,"robots_max_snippet":null,"robots_max_videopreview":null,"robots_max_imagepreview":"large","priority":null,"frequency":null,"local_seo":null,"breadcrumb_settings":null,"limit_modified_date":false,"ai":null,"created":"2021-01-22 17:55:00","updated":"2025-08-01 10:01:54","focus_keyword":null,"additional_keywords":null,"truseo_locale":null,"seo_analyzer_scan_date":null},"jetpack_featured_media_url":"","jetpack-related-posts":[],"jetpack_sharing_enabled":true,"_links":{"self":[{"href":"https:\/\/europeanobsndfr.org\/en\/wp-json\/wp\/v2\/posts\/8440","targetHints":{"allow":["GET"]}}],"collection":[{"href":"https:\/\/europeanobsndfr.org\/en\/wp-json\/wp\/v2\/posts"}],"about":[{"href":"https:\/\/europeanobsndfr.org\/en\/wp-json\/wp\/v2\/types\/post"}],"author":[{"embeddable":true,"href":"https:\/\/europeanobsndfr.org\/en\/wp-json\/wp\/v2\/users\/1"}],"replies":[{"embeddable":true,"href":"https:\/\/europeanobsndfr.org\/en\/wp-json\/wp\/v2\/comments?post=8440"}],"version-history":[{"count":0,"href":"https:\/\/europeanobsndfr.org\/en\/wp-json\/wp\/v2\/posts\/8440\/revisions"}],"wp:attachment":[{"href":"https:\/\/europeanobsndfr.org\/en\/wp-json\/wp\/v2\/media?parent=8440"}],"wp:term":[{"taxonomy":"category","embeddable":true,"href":"https:\/\/europeanobsndfr.org\/en\/wp-json\/wp\/v2\/categories?post=8440"},{"taxonomy":"post_tag","embeddable":true,"href":"https:\/\/europeanobsndfr.org\/en\/wp-json\/wp\/v2\/tags?post=8440"}],"curies":[{"name":"wp","href":"https:\/\/api.w.org\/{rel}","templated":true}]}}