{"id":8534,"date":"2017-07-14T07:52:23","date_gmt":"2017-07-14T07:52:23","guid":{"rendered":"https:\/\/europeanobsndfr.org\/actualites-fr\/asylum-migration-and-borders\/street-work-in-tours-france\/"},"modified":"2018-05-21T10:09:01","modified_gmt":"2018-05-21T10:09:01","slug":"travail-de-rue-en-france","status":"publish","type":"post","link":"https:\/\/europeanobsndfr.org\/en\/actualites-fr\/combat-contre-pauvrete\/travail-de-rue-en-france\/","title":{"rendered":"Travail de rue avec des femmes vivant en situation tr\u00e8s pr\u00e9caire. TOURS, FRANCE"},"content":{"rendered":"<p style=\"text-align: justify;\"><strong><u>Objectif\u00a0<\/u><\/strong><strong>:\u00a0Aider\u00a0et accompagner les femmes\u00a0vivant en situation tr\u00e8s pr\u00e9caire.\u00a0<\/strong><\/p>\n<p style=\"text-align: justify;\"><span style=\"text-decoration: underline;\"><strong>Lieu de l&rsquo;action<\/strong><strong>\u00a0:<\/strong><\/span><strong>\u00a0TOURS ,<\/strong><strong>\u00a0FRANCE.<\/strong><\/p>\n<p style=\"text-align: justify;\"><span style=\"text-decoration: underline;\"><strong>Moyens mis en oeuvre :\u00a0<\/strong><\/span><\/p>\n<p style=\"text-align: justify;\"><span style=\"color: #0000ff;\"><strong><u>Juin 2017\u00a0<\/u>: <\/strong><\/span>Une de nos \u00e9quipes a fait un <strong>formidable travail de rue,<\/strong> pour rencontrer des femmes vivant dans des conditions\u00a0tr\u00e8s pr\u00e9caires, \u00e9levant leurs enfants seules, pour faire\u00a0face aux d\u00e9fis de leur situation <strong>afin qu&rsquo;elles puissent avoir des besoins mat\u00e9riels satisfaits et une plus grande confiance en elles-m\u00eames.<\/strong><\/p>\n<p style=\"text-align: justify;\">Marie, d&rsquo;origine roumaine, m\u00e8re de 2 jeunes enfants, fait pour trouver un emploi en France, et <strong>elle veut s&rsquo;int\u00e9grer socialement et professionnellement.<\/strong><\/p>\n<p style=\"text-align: justify;\">L&rsquo;observatoire Europ\u00e9en de la Non-Discrimination et des Droits Fondamentaux (O.E.N.D.D.F) d\u00e9veloppe une expertise approfondie dans le domaine du relogement des personnes sans-abri.<\/p>\n<p style=\"text-align: justify;\"><b><u><span class=\"Apple-style-span\"><strong>Domaine d\u2019intervention vis\u00e9 par\u00a0la Commission Europ\u00e9enne\u00a0<\/strong><strong>:<\/strong>\u00a0Strat\u00e9gie Europe 2020.<strong>\u00a0<\/strong><a href=\"http:\/\/ec.europa.eu\/social\/main.jsp?catId=961&amp;langId=en\"><strong>Plateforme europ\u00e9enne contre la Pauvret\u00e9 et l\u2019Exclusion sociale<\/strong><\/a><strong>.<\/strong><\/span><\/u><\/b><\/p>\n<p><strong><u>+ de nouvelles <\/u>?<\/strong>\u00a0<strong>Notre Plateforme et O.N.G. est sur les r\u00e9seaux sociaux :\u00a0<\/strong><\/p>\n<ul>\n<li><a href=\"https:\/\/www.facebook.com\/European-Observatory-for-Non-Discrimination-and-Fundamental-Rights-1103291363129845\/?fref=ts\">Facebook<\/a><\/li>\n<li><a href=\"https:\/\/twitter.com\/europeanobs\">Twitter<\/a><\/li>\n<li><a href=\"https:\/\/www.youtube.com\/channel\/UCO9vz5fybFw1Q8pvN00CDgA\">YouTube<\/a><\/li>\n<li><a href=\"https:\/\/www.instagram.com\/oenddf\/\">Instagram<\/a><\/li>\n<\/ul>\n<p><strong>#streetwork #travailderue #solidarite #solidarity #empoweringwomen #romaniawomen<\/strong><\/p>\n<p>[av_content_slider heading=\u00a0\u00bb columns=&rsquo;2&prime; animation=&rsquo;slide&rsquo; navigation=&rsquo;arrows&rsquo; autoplay=&rsquo;true&rsquo; interval=&rsquo;4&prime; font_color=\u00a0\u00bb color=\u00a0\u00bb]<br \/>\n[av_content_slide title=&rsquo;Travail de rue avec Maria&rsquo; link=\u00a0\u00bb linktarget=\u00a0\u00bb]<br \/>\n<a href=\"https:\/\/europeanobsndfr.org\/wp-content\/uploads\/2017\/07\/Photo-1-Tours-Maria-.jpg\"><img loading=\"lazy\" decoding=\"async\" class=\"aligncenter size-medium wp-image-8526\" src=\"https:\/\/europeanobsndfr.org\/wp-content\/uploads\/2017\/07\/Photo-1-Tours-Maria--225x300.jpg\" alt=\"\" width=\"225\" height=\"300\" srcset=\"https:\/\/europeanobsndfr.org\/wp-content\/uploads\/2017\/07\/Photo-1-Tours-Maria--225x300.jpg 225w, https:\/\/europeanobsndfr.org\/wp-content\/uploads\/2017\/07\/Photo-1-Tours-Maria-.jpg 768w, https:\/\/europeanobsndfr.org\/wp-content\/uploads\/2017\/07\/Photo-1-Tours-Maria--529x705.jpg 529w\" sizes=\"auto, (max-width: 225px) 100vw, 225px\" \/><\/a><br \/>\n[\/av_content_slide]<br \/>\n[av_content_slide title=&rsquo;Travail de rue avec Maria&rsquo; link=\u00a0\u00bb linktarget=\u00a0\u00bb]<br \/>\n<a href=\"https:\/\/europeanobsndfr.org\/wp-content\/uploads\/2017\/07\/Photo-2-Tours-.jpg\"><img loading=\"lazy\" decoding=\"async\" class=\"aligncenter size-medium wp-image-8527\" src=\"https:\/\/europeanobsndfr.org\/wp-content\/uploads\/2017\/07\/Photo-2-Tours--225x300.jpg\" alt=\"\" width=\"225\" height=\"300\" srcset=\"https:\/\/europeanobsndfr.org\/wp-content\/uploads\/2017\/07\/Photo-2-Tours--225x300.jpg 225w, https:\/\/europeanobsndfr.org\/wp-content\/uploads\/2017\/07\/Photo-2-Tours-.jpg 768w, https:\/\/europeanobsndfr.org\/wp-content\/uploads\/2017\/07\/Photo-2-Tours--529x705.jpg 529w\" sizes=\"auto, (max-width: 225px) 100vw, 225px\" \/><\/a><br \/>\n[\/av_content_slide]<br \/>\n[av_content_slide title=&rsquo;Travail de rue avec Maria&rsquo; link=\u00a0\u00bb linktarget=\u00a0\u00bb]<br \/>\n<a href=\"https:\/\/europeanobsndfr.org\/wp-content\/uploads\/2017\/07\/Photo-Tours-3.jpg\"><img loading=\"lazy\" decoding=\"async\" class=\"aligncenter size-medium wp-image-8528\" src=\"https:\/\/europeanobsndfr.org\/wp-content\/uploads\/2017\/07\/Photo-Tours-3-225x300.jpg\" alt=\"\" width=\"225\" height=\"300\" srcset=\"https:\/\/europeanobsndfr.org\/wp-content\/uploads\/2017\/07\/Photo-Tours-3-225x300.jpg 225w, https:\/\/europeanobsndfr.org\/wp-content\/uploads\/2017\/07\/Photo-Tours-3.jpg 768w, https:\/\/europeanobsndfr.org\/wp-content\/uploads\/2017\/07\/Photo-Tours-3-529x705.jpg 529w\" sizes=\"auto, (max-width: 225px) 100vw, 225px\" \/><\/a><br \/>\n[\/av_content_slide]<br \/>\n[av_content_slide title=&rsquo;Travail de rue avec Maria&rsquo; link=\u00a0\u00bb linktarget=\u00a0\u00bb]<br \/>\n<a href=\"https:\/\/europeanobsndfr.org\/wp-content\/uploads\/2017\/07\/Photo-Tours-4.jpg\"><img loading=\"lazy\" decoding=\"async\" class=\"aligncenter size-medium wp-image-8529\" src=\"https:\/\/europeanobsndfr.org\/wp-content\/uploads\/2017\/07\/Photo-Tours-4-225x300.jpg\" alt=\"\" width=\"225\" height=\"300\" srcset=\"https:\/\/europeanobsndfr.org\/wp-content\/uploads\/2017\/07\/Photo-Tours-4-225x300.jpg 225w, https:\/\/europeanobsndfr.org\/wp-content\/uploads\/2017\/07\/Photo-Tours-4.jpg 768w, https:\/\/europeanobsndfr.org\/wp-content\/uploads\/2017\/07\/Photo-Tours-4-529x705.jpg 529w\" sizes=\"auto, (max-width: 225px) 100vw, 225px\" \/><\/a><br \/>\n[\/av_content_slide]<br \/>\n[\/av_content_slider]<\/p>\n","protected":false},"excerpt":{"rendered":"<p>Objectif\u00a0:\u00a0Aider\u00a0et accompagner les femmes\u00a0vivant en situation tr\u00e8s pr\u00e9caire.\u00a0 Lieu de l&rsquo;action\u00a0:\u00a0TOURS ,\u00a0FRANCE. Moyens mis en oeuvre :\u00a0 Juin 2017\u00a0: Une de nos \u00e9quipes a fait un formidable travail de rue, pour rencontrer des femmes vivant dans des conditions\u00a0tr\u00e8s pr\u00e9caires, \u00e9levant leurs enfants seules, pour faire\u00a0face aux d\u00e9fis de leur situation afin qu&rsquo;elles puissent avoir des&#8230;<\/p>","protected":false},"author":1,"featured_media":0,"comment_status":"closed","ping_status":"closed","sticky":false,"template":"","format":"standard","meta":{"give_campaign_id":0,"_kadence_starter_templates_imported_post":false,"_kad_post_transparent":"","_kad_post_title":"","_kad_post_layout":"","_kad_post_sidebar_id":"","_kad_post_content_style":"","_kad_post_vertical_padding":"","_kad_post_feature":"","_kad_post_feature_position":"","_kad_post_header":false,"_kad_post_footer":false,"_kad_post_classname":"","_jetpack_memberships_contains_paid_content":false,"footnotes":""},"categories":[44,182,52],"tags":[323,231,252,234,233,322,250,230,262,254,251],"class_list":["post-8534","post","type-post","status-publish","format-standard","hentry","category-combat-contre-pauvrete","category-roma","category-integration-des-minorites-ethniques-et-nationales","tag-actions-de-relogement","tag-aide-alimentaire","tag-aide-aux-sans-abris","tag-aide-durgence","tag-aide-humaine","tag-discrimination","tag-distribution-de-repas","tag-sans-abri","tag-sensibilisation-de-lopinion","tag-soutien-humain","tag-soutien-moral"],"aioseo_notices":[],"aioseo_head":"\n\t\t<!-- All in One SEO 5.0.1.1 - aioseo.com -->\n\t<meta name=\"description\" content=\"Travail de rue - personnes sans-abri - personnes sans domicile fixe - relogement de personnes sans-abri - logement tr\u00e8s social - aide alimentaire d&#039;urgence\" \/>\n\t<meta name=\"robots\" content=\"max-snippet:-1, max-image-preview:large, max-video-preview:-1\" \/>\n\t<meta name=\"author\" content=\"OENDDF\"\/>\n\t<meta name=\"google-site-verification\" content=\"KZsAbCyd-Ww06m2-MlFPa7EphgzWqs90ra8o0LfM_K8\" \/>\n\t<link rel=\"canonical\" href=\"https:\/\/europeanobsndfr.org\/en\/actualites-fr\/combat-contre-pauvrete\/travail-de-rue-en-france\/\" \/>\n\t<meta name=\"generator\" content=\"All in One SEO (AIOSEO) 5.0.1.1\" \/>\n\t\t<meta property=\"og:locale\" content=\"en_GB\" \/>\n\t\t<meta property=\"og:site_name\" content=\"Observatoire Europ\u00e9en de la Non-Discrimination et des Droits Fondamentaux\" \/>\n\t\t<meta property=\"og:type\" content=\"non_profit\" \/>\n\t\t<meta property=\"og:title\" content=\"Travail de rue avec des personnes sans-abri. | O.E.N.D.D.F.\" \/>\n\t\t<meta property=\"og:description\" content=\"Travail de rue - personnes sans-abri - personnes sans domicile fixe - relogement de personnes sans-abri - logement tr\u00e8s social - aide alimentaire d&#039;urgence\" \/>\n\t\t<meta property=\"og:url\" content=\"https:\/\/europeanobsndfr.org\/en\/actualites-fr\/combat-contre-pauvrete\/travail-de-rue-en-france\/\" \/>\n\t\t<meta property=\"og:image\" content=\"https:\/\/europeanobsndfr.org\/wp-content\/uploads\/2016\/11\/logo-oenddf.jpg\" \/>\n\t\t<meta property=\"og:image:secure_url\" content=\"https:\/\/europeanobsndfr.org\/wp-content\/uploads\/2016\/11\/logo-oenddf.jpg\" \/>\n\t\t<meta property=\"og:image:width\" content=\"830\" \/>\n\t\t<meta property=\"og:image:height\" content=\"600\" \/>\n\t\t<meta name=\"twitter:card\" content=\"summary\" \/>\n\t\t<meta name=\"twitter:site\" content=\"@europeanobs\" \/>\n\t\t<meta name=\"twitter:title\" content=\"Travail de rue avec des personnes sans-abri. | O.E.N.D.D.F.\" \/>\n\t\t<meta name=\"twitter:description\" content=\"Travail de rue - personnes sans-abri - personnes sans domicile fixe - relogement de personnes sans-abri - logement tr\u00e8s social - aide alimentaire d&#039;urgence\" \/>\n\t\t<meta name=\"twitter:creator\" content=\"@europeanobs\" \/>\n\t\t<meta name=\"twitter:image\" content=\"https:\/\/europeanobsndfr.org\/wp-content\/uploads\/2016\/11\/logo-oenddf.jpg\" \/>\n\t\t<script type=\"application\/ld+json\" class=\"aioseo-schema\">\n\t\t\t{\"@context\":\"https:\\\/\\\/schema.org\",\"@graph\":[{\"@type\":\"Article\",\"@id\":\"https:\\\/\\\/europeanobsndfr.org\\\/en\\\/actualites-fr\\\/combat-contre-pauvrete\\\/travail-de-rue-en-france\\\/#article\",\"name\":\"Travail de rue avec des personnes sans-abri. | O.E.N.D.D.F.\",\"headline\":\"Travail de rue avec des femmes vivant en situation tr\\u00e8s pr\\u00e9caire. TOURS, FRANCE\",\"author\":{\"@id\":\"https:\\\/\\\/europeanobsndfr.org\\\/en\\\/author\\\/admin\\\/#author\"},\"publisher\":{\"@id\":\"https:\\\/\\\/europeanobsndfr.org\\\/en\\\/#organization\"},\"image\":{\"@type\":\"ImageObject\",\"url\":\"https:\\\/\\\/europeanobsndfr.org\\\/wp-content\\\/uploads\\\/2017\\\/07\\\/Photo-1-Tours-Maria--225x300.jpg\",\"@id\":\"https:\\\/\\\/europeanobsndfr.org\\\/en\\\/actualites-fr\\\/combat-contre-pauvrete\\\/travail-de-rue-en-france\\\/#articleImage\"},\"datePublished\":\"2017-07-14T07:52:23+01:00\",\"dateModified\":\"2018-05-21T10:09:01+01:00\",\"inLanguage\":\"en-GB\",\"mainEntityOfPage\":{\"@id\":\"https:\\\/\\\/europeanobsndfr.org\\\/en\\\/actualites-fr\\\/combat-contre-pauvrete\\\/travail-de-rue-en-france\\\/#webpage\"},\"isPartOf\":{\"@id\":\"https:\\\/\\\/europeanobsndfr.org\\\/en\\\/actualites-fr\\\/combat-contre-pauvrete\\\/travail-de-rue-en-france\\\/#webpage\"},\"articleSection\":\"Combat contre la pauvret\\u00e9, contre l'exclusion sociale et en faveur de l'inclusion sociale, Droits des Roms, Racisme &amp; et intol\\u00e9rances li\\u00e9es \\\/ Int\\u00e9gration des minorit\\u00e9s ethniques et nationales, actions de relogement, aide alimentaire, aide aux sans-abris, aide d'urgence, aide humaine, Discrimination, distribution de repas, sans-abri, sensibilisation de l'opinion, soutien humain, soutien moral\"},{\"@type\":\"BreadcrumbList\",\"@id\":\"https:\\\/\\\/europeanobsndfr.org\\\/en\\\/actualites-fr\\\/combat-contre-pauvrete\\\/travail-de-rue-en-france\\\/#breadcrumblist\",\"itemListElement\":[{\"@type\":\"ListItem\",\"@id\":\"https:\\\/\\\/europeanobsndfr.org\\\/en#listItem\",\"position\":1,\"name\":\"Accueil\",\"item\":\"https:\\\/\\\/europeanobsndfr.org\\\/en\",\"nextItem\":{\"@type\":\"ListItem\",\"@id\":\"https:\\\/\\\/europeanobsndfr.org\\\/en\\\/category\\\/actualites-fr\\\/#listItem\",\"name\":\"Actualit\\u00e9\"}},{\"@type\":\"ListItem\",\"@id\":\"https:\\\/\\\/europeanobsndfr.org\\\/en\\\/category\\\/actualites-fr\\\/#listItem\",\"position\":2,\"name\":\"Actualit\\u00e9\",\"item\":\"https:\\\/\\\/europeanobsndfr.org\\\/en\\\/category\\\/actualites-fr\\\/\",\"nextItem\":{\"@type\":\"ListItem\",\"@id\":\"https:\\\/\\\/europeanobsndfr.org\\\/en\\\/category\\\/actualites-fr\\\/combat-contre-pauvrete\\\/#listItem\",\"name\":\"Combat contre la pauvret\\u00e9, contre l'exclusion sociale et en faveur de l'inclusion sociale\"},\"previousItem\":{\"@type\":\"ListItem\",\"@id\":\"https:\\\/\\\/europeanobsndfr.org\\\/en#listItem\",\"name\":\"Accueil\"}},{\"@type\":\"ListItem\",\"@id\":\"https:\\\/\\\/europeanobsndfr.org\\\/en\\\/category\\\/actualites-fr\\\/combat-contre-pauvrete\\\/#listItem\",\"position\":3,\"name\":\"Combat contre la pauvret\\u00e9, contre l'exclusion sociale et en faveur de l'inclusion sociale\",\"item\":\"https:\\\/\\\/europeanobsndfr.org\\\/en\\\/category\\\/actualites-fr\\\/combat-contre-pauvrete\\\/\",\"nextItem\":{\"@type\":\"ListItem\",\"@id\":\"https:\\\/\\\/europeanobsndfr.org\\\/en\\\/actualites-fr\\\/combat-contre-pauvrete\\\/travail-de-rue-en-france\\\/#listItem\",\"name\":\"Travail de rue avec des femmes vivant en situation tr\\u00e8s pr\\u00e9caire. TOURS, FRANCE\"},\"previousItem\":{\"@type\":\"ListItem\",\"@id\":\"https:\\\/\\\/europeanobsndfr.org\\\/en\\\/category\\\/actualites-fr\\\/#listItem\",\"name\":\"Actualit\\u00e9\"}},{\"@type\":\"ListItem\",\"@id\":\"https:\\\/\\\/europeanobsndfr.org\\\/en\\\/actualites-fr\\\/combat-contre-pauvrete\\\/travail-de-rue-en-france\\\/#listItem\",\"position\":4,\"name\":\"Travail de rue avec des femmes vivant en situation tr\\u00e8s pr\\u00e9caire. TOURS, FRANCE\",\"previousItem\":{\"@type\":\"ListItem\",\"@id\":\"https:\\\/\\\/europeanobsndfr.org\\\/en\\\/category\\\/actualites-fr\\\/combat-contre-pauvrete\\\/#listItem\",\"name\":\"Combat contre la pauvret\\u00e9, contre l'exclusion sociale et en faveur de l'inclusion sociale\"}}]},{\"@type\":\"Organization\",\"@id\":\"https:\\\/\\\/europeanobsndfr.org\\\/en\\\/#organization\",\"name\":\"OENDDF\",\"description\":\"Organisation Internationale Non-Gouvernementale\",\"url\":\"https:\\\/\\\/europeanobsndfr.org\\\/en\\\/\",\"logo\":{\"@type\":\"ImageObject\",\"url\":\"https:\\\/\\\/europeanobsndfr.org\\\/wp-content\\\/uploads\\\/2016\\\/11\\\/cropped-logo-oenddf.jpg\",\"@id\":\"https:\\\/\\\/europeanobsndfr.org\\\/en\\\/actualites-fr\\\/combat-contre-pauvrete\\\/travail-de-rue-en-france\\\/#organizationLogo\",\"width\":701,\"height\":600,\"caption\":\"Logo OENDDF\"},\"image\":{\"@id\":\"https:\\\/\\\/europeanobsndfr.org\\\/en\\\/actualites-fr\\\/combat-contre-pauvrete\\\/travail-de-rue-en-france\\\/#organizationLogo\"},\"sameAs\":[\"https:\\\/\\\/twitter.com\\\/europeanobs\",\"https:\\\/\\\/www.instagram.com\\\/oenddf_ngo\\\/\",\"https:\\\/\\\/www.youtube.com\\\/channel\\\/UCO9vz5fybFw1Q8pvN00CDgA\"]},{\"@type\":\"Person\",\"@id\":\"https:\\\/\\\/europeanobsndfr.org\\\/en\\\/author\\\/admin\\\/#author\",\"url\":\"https:\\\/\\\/europeanobsndfr.org\\\/en\\\/author\\\/admin\\\/\",\"name\":\"OENDDF\",\"image\":{\"@type\":\"ImageObject\",\"@id\":\"https:\\\/\\\/europeanobsndfr.org\\\/en\\\/actualites-fr\\\/combat-contre-pauvrete\\\/travail-de-rue-en-france\\\/#authorImage\",\"url\":\"https:\\\/\\\/secure.gravatar.com\\\/avatar\\\/f64bd673bdf1f612f36226606d41703598d9c028a910d72b461acb19a72f63d5?s=96&d=mm&r=g\",\"width\":96,\"height\":96,\"caption\":\"OENDDF\"}},{\"@type\":\"WebPage\",\"@id\":\"https:\\\/\\\/europeanobsndfr.org\\\/en\\\/actualites-fr\\\/combat-contre-pauvrete\\\/travail-de-rue-en-france\\\/#webpage\",\"url\":\"https:\\\/\\\/europeanobsndfr.org\\\/en\\\/actualites-fr\\\/combat-contre-pauvrete\\\/travail-de-rue-en-france\\\/\",\"name\":\"Travail de rue avec des personnes sans-abri. | O.E.N.D.D.F.\",\"description\":\"Travail de rue - personnes sans-abri - personnes sans domicile fixe - relogement de personnes sans-abri - logement tr\\u00e8s social - aide alimentaire d'urgence\",\"inLanguage\":\"en-GB\",\"isPartOf\":{\"@id\":\"https:\\\/\\\/europeanobsndfr.org\\\/en\\\/#website\"},\"breadcrumb\":{\"@id\":\"https:\\\/\\\/europeanobsndfr.org\\\/en\\\/actualites-fr\\\/combat-contre-pauvrete\\\/travail-de-rue-en-france\\\/#breadcrumblist\"},\"author\":{\"@id\":\"https:\\\/\\\/europeanobsndfr.org\\\/en\\\/author\\\/admin\\\/#author\"},\"creator\":{\"@id\":\"https:\\\/\\\/europeanobsndfr.org\\\/en\\\/author\\\/admin\\\/#author\"},\"datePublished\":\"2017-07-14T07:52:23+01:00\",\"dateModified\":\"2018-05-21T10:09:01+01:00\"},{\"@type\":\"WebSite\",\"@id\":\"https:\\\/\\\/europeanobsndfr.org\\\/en\\\/#website\",\"url\":\"https:\\\/\\\/europeanobsndfr.org\\\/en\\\/\",\"name\":\"Observatoire Europ\\u00e9en de la Non-Discrimination et des Droits Fondamentaux\",\"description\":\"Organisation Internationale Non-Gouvernementale\",\"inLanguage\":\"en-GB\",\"publisher\":{\"@id\":\"https:\\\/\\\/europeanobsndfr.org\\\/en\\\/#organization\"}}]}\n\t\t<\/script>\n\t\t<!-- All in One SEO -->\n\n","aioseo_head_json":{"title":"Travail de rue avec des personnes sans-abri. | O.E.N.D.D.F.","description":"Travail de rue - personnes sans-abri - personnes sans domicile fixe - relogement de personnes sans-abri - logement tr\u00e8s social - aide alimentaire d'urgence","canonical_url":"https:\/\/europeanobsndfr.org\/en\/actualites-fr\/combat-contre-pauvrete\/travail-de-rue-en-france\/","robots":"max-snippet:-1, max-image-preview:large, max-video-preview:-1","keywords":"","webmasterTools":{"google-site-verification":"KZsAbCyd-Ww06m2-MlFPa7EphgzWqs90ra8o0LfM_K8","miscellaneous":""},"schema":{"@context":"https:\/\/schema.org","@graph":[{"@type":"Article","@id":"https:\/\/europeanobsndfr.org\/en\/actualites-fr\/combat-contre-pauvrete\/travail-de-rue-en-france\/#article","name":"Travail de rue avec des personnes sans-abri. | O.E.N.D.D.F.","headline":"Travail de rue avec des femmes vivant en situation tr\u00e8s pr\u00e9caire. TOURS, FRANCE","author":{"@id":"https:\/\/europeanobsndfr.org\/en\/author\/admin\/#author"},"publisher":{"@id":"https:\/\/europeanobsndfr.org\/en\/#organization"},"image":{"@type":"ImageObject","url":"https:\/\/europeanobsndfr.org\/wp-content\/uploads\/2017\/07\/Photo-1-Tours-Maria--225x300.jpg","@id":"https:\/\/europeanobsndfr.org\/en\/actualites-fr\/combat-contre-pauvrete\/travail-de-rue-en-france\/#articleImage"},"datePublished":"2017-07-14T07:52:23+01:00","dateModified":"2018-05-21T10:09:01+01:00","inLanguage":"en-GB","mainEntityOfPage":{"@id":"https:\/\/europeanobsndfr.org\/en\/actualites-fr\/combat-contre-pauvrete\/travail-de-rue-en-france\/#webpage"},"isPartOf":{"@id":"https:\/\/europeanobsndfr.org\/en\/actualites-fr\/combat-contre-pauvrete\/travail-de-rue-en-france\/#webpage"},"articleSection":"Combat contre la pauvret\u00e9, contre l'exclusion sociale et en faveur de l'inclusion sociale, Droits des Roms, Racisme &amp; et intol\u00e9rances li\u00e9es \/ Int\u00e9gration des minorit\u00e9s ethniques et nationales, actions de relogement, aide alimentaire, aide aux sans-abris, aide d'urgence, aide humaine, Discrimination, distribution de repas, sans-abri, sensibilisation de l'opinion, soutien humain, soutien moral"},{"@type":"BreadcrumbList","@id":"https:\/\/europeanobsndfr.org\/en\/actualites-fr\/combat-contre-pauvrete\/travail-de-rue-en-france\/#breadcrumblist","itemListElement":[{"@type":"ListItem","@id":"https:\/\/europeanobsndfr.org\/en#listItem","position":1,"name":"Accueil","item":"https:\/\/europeanobsndfr.org\/en","nextItem":{"@type":"ListItem","@id":"https:\/\/europeanobsndfr.org\/en\/category\/actualites-fr\/#listItem","name":"Actualit\u00e9"}},{"@type":"ListItem","@id":"https:\/\/europeanobsndfr.org\/en\/category\/actualites-fr\/#listItem","position":2,"name":"Actualit\u00e9","item":"https:\/\/europeanobsndfr.org\/en\/category\/actualites-fr\/","nextItem":{"@type":"ListItem","@id":"https:\/\/europeanobsndfr.org\/en\/category\/actualites-fr\/combat-contre-pauvrete\/#listItem","name":"Combat contre la pauvret\u00e9, contre l'exclusion sociale et en faveur de l'inclusion sociale"},"previousItem":{"@type":"ListItem","@id":"https:\/\/europeanobsndfr.org\/en#listItem","name":"Accueil"}},{"@type":"ListItem","@id":"https:\/\/europeanobsndfr.org\/en\/category\/actualites-fr\/combat-contre-pauvrete\/#listItem","position":3,"name":"Combat contre la pauvret\u00e9, contre l'exclusion sociale et en faveur de l'inclusion sociale","item":"https:\/\/europeanobsndfr.org\/en\/category\/actualites-fr\/combat-contre-pauvrete\/","nextItem":{"@type":"ListItem","@id":"https:\/\/europeanobsndfr.org\/en\/actualites-fr\/combat-contre-pauvrete\/travail-de-rue-en-france\/#listItem","name":"Travail de rue avec des femmes vivant en situation tr\u00e8s pr\u00e9caire. TOURS, FRANCE"},"previousItem":{"@type":"ListItem","@id":"https:\/\/europeanobsndfr.org\/en\/category\/actualites-fr\/#listItem","name":"Actualit\u00e9"}},{"@type":"ListItem","@id":"https:\/\/europeanobsndfr.org\/en\/actualites-fr\/combat-contre-pauvrete\/travail-de-rue-en-france\/#listItem","position":4,"name":"Travail de rue avec des femmes vivant en situation tr\u00e8s pr\u00e9caire. TOURS, FRANCE","previousItem":{"@type":"ListItem","@id":"https:\/\/europeanobsndfr.org\/en\/category\/actualites-fr\/combat-contre-pauvrete\/#listItem","name":"Combat contre la pauvret\u00e9, contre l'exclusion sociale et en faveur de l'inclusion sociale"}}]},{"@type":"Organization","@id":"https:\/\/europeanobsndfr.org\/en\/#organization","name":"OENDDF","description":"Organisation Internationale Non-Gouvernementale","url":"https:\/\/europeanobsndfr.org\/en\/","logo":{"@type":"ImageObject","url":"https:\/\/europeanobsndfr.org\/wp-content\/uploads\/2016\/11\/cropped-logo-oenddf.jpg","@id":"https:\/\/europeanobsndfr.org\/en\/actualites-fr\/combat-contre-pauvrete\/travail-de-rue-en-france\/#organizationLogo","width":701,"height":600,"caption":"Logo OENDDF"},"image":{"@id":"https:\/\/europeanobsndfr.org\/en\/actualites-fr\/combat-contre-pauvrete\/travail-de-rue-en-france\/#organizationLogo"},"sameAs":["https:\/\/twitter.com\/europeanobs","https:\/\/www.instagram.com\/oenddf_ngo\/","https:\/\/www.youtube.com\/channel\/UCO9vz5fybFw1Q8pvN00CDgA"]},{"@type":"Person","@id":"https:\/\/europeanobsndfr.org\/en\/author\/admin\/#author","url":"https:\/\/europeanobsndfr.org\/en\/author\/admin\/","name":"OENDDF","image":{"@type":"ImageObject","@id":"https:\/\/europeanobsndfr.org\/en\/actualites-fr\/combat-contre-pauvrete\/travail-de-rue-en-france\/#authorImage","url":"https:\/\/secure.gravatar.com\/avatar\/f64bd673bdf1f612f36226606d41703598d9c028a910d72b461acb19a72f63d5?s=96&d=mm&r=g","width":96,"height":96,"caption":"OENDDF"}},{"@type":"WebPage","@id":"https:\/\/europeanobsndfr.org\/en\/actualites-fr\/combat-contre-pauvrete\/travail-de-rue-en-france\/#webpage","url":"https:\/\/europeanobsndfr.org\/en\/actualites-fr\/combat-contre-pauvrete\/travail-de-rue-en-france\/","name":"Travail de rue avec des personnes sans-abri. | O.E.N.D.D.F.","description":"Travail de rue - personnes sans-abri - personnes sans domicile fixe - relogement de personnes sans-abri - logement tr\u00e8s social - aide alimentaire d'urgence","inLanguage":"en-GB","isPartOf":{"@id":"https:\/\/europeanobsndfr.org\/en\/#website"},"breadcrumb":{"@id":"https:\/\/europeanobsndfr.org\/en\/actualites-fr\/combat-contre-pauvrete\/travail-de-rue-en-france\/#breadcrumblist"},"author":{"@id":"https:\/\/europeanobsndfr.org\/en\/author\/admin\/#author"},"creator":{"@id":"https:\/\/europeanobsndfr.org\/en\/author\/admin\/#author"},"datePublished":"2017-07-14T07:52:23+01:00","dateModified":"2018-05-21T10:09:01+01:00"},{"@type":"WebSite","@id":"https:\/\/europeanobsndfr.org\/en\/#website","url":"https:\/\/europeanobsndfr.org\/en\/","name":"Observatoire Europ\u00e9en de la Non-Discrimination et des Droits Fondamentaux","description":"Organisation Internationale Non-Gouvernementale","inLanguage":"en-GB","publisher":{"@id":"https:\/\/europeanobsndfr.org\/en\/#organization"}}]},"og:locale":"en_GB","og:site_name":"Observatoire Europ\u00e9en de la Non-Discrimination et des Droits Fondamentaux","og:type":"non_profit","og:title":"Travail de rue avec des personnes sans-abri. | O.E.N.D.D.F.","og:description":"Travail de rue - personnes sans-abri - personnes sans domicile fixe - relogement de personnes sans-abri - logement tr\u00e8s social - aide alimentaire d'urgence","og:url":"https:\/\/europeanobsndfr.org\/en\/actualites-fr\/combat-contre-pauvrete\/travail-de-rue-en-france\/","og:image":"https:\/\/europeanobsndfr.org\/wp-content\/uploads\/2016\/11\/logo-oenddf.jpg","og:image:secure_url":"https:\/\/europeanobsndfr.org\/wp-content\/uploads\/2016\/11\/logo-oenddf.jpg","og:image:width":830,"og:image:height":600,"twitter:card":"summary","twitter:site":"@europeanobs","twitter:title":"Travail de rue avec des personnes sans-abri. | O.E.N.D.D.F.","twitter:description":"Travail de rue - personnes sans-abri - personnes sans domicile fixe - relogement de personnes sans-abri - logement tr\u00e8s social - aide alimentaire d'urgence","twitter:creator":"@europeanobs","twitter:image":"https:\/\/europeanobsndfr.org\/wp-content\/uploads\/2016\/11\/logo-oenddf.jpg"},"aioseo_meta_data":{"post_id":"8534","title":"Travail de rue avec des personnes sans-abri. | O.E.N.D.D.F.","description":"Travail de rue - personnes sans-abri - personnes sans domicile fixe - relogement de personnes sans-abri - logement tr\u00e8s social - aide alimentaire d'urgence","keywords":null,"keyphrases":null,"primary_term":null,"canonical_url":null,"og_title":"","og_description":"","og_object_type":"non_profit","og_image_type":"default","og_image_url":null,"og_image_width":null,"og_image_height":null,"og_image_custom_url":null,"og_image_custom_fields":null,"og_video":"","og_custom_url":null,"og_article_section":"","og_article_tags":"","twitter_use_og":false,"twitter_card":"summary","twitter_image_type":"default","twitter_image_url":null,"twitter_image_custom_url":null,"twitter_image_custom_fields":null,"twitter_title":null,"twitter_description":null,"schema":{"blockGraphs":[],"customGraphs":[],"default":{"data":{"Article":[],"Course":[],"Dataset":[],"FAQPage":[],"Movie":[],"Person":[],"Product":[],"ProductReview":[],"Car":[],"Recipe":[],"Service":[],"SoftwareApplication":[],"WebPage":[]},"graphName":"","isEnabled":true},"graphs":[]},"schema_type":null,"schema_type_options":null,"pillar_content":false,"robots_default":true,"robots_noindex":false,"robots_noarchive":false,"robots_nosnippet":false,"robots_nofollow":false,"robots_noimageindex":false,"robots_noodp":false,"robots_notranslate":false,"robots_max_snippet":null,"robots_max_videopreview":null,"robots_max_imagepreview":"large","priority":null,"frequency":null,"local_seo":null,"breadcrumb_settings":null,"limit_modified_date":false,"ai":null,"created":"2021-01-22 17:55:01","updated":"2025-08-01 10:01:54","focus_keyword":null,"additional_keywords":null,"truseo_locale":null,"seo_analyzer_scan_date":null},"jetpack_featured_media_url":"","jetpack-related-posts":[],"jetpack_sharing_enabled":true,"_links":{"self":[{"href":"https:\/\/europeanobsndfr.org\/en\/wp-json\/wp\/v2\/posts\/8534","targetHints":{"allow":["GET"]}}],"collection":[{"href":"https:\/\/europeanobsndfr.org\/en\/wp-json\/wp\/v2\/posts"}],"about":[{"href":"https:\/\/europeanobsndfr.org\/en\/wp-json\/wp\/v2\/types\/post"}],"author":[{"embeddable":true,"href":"https:\/\/europeanobsndfr.org\/en\/wp-json\/wp\/v2\/users\/1"}],"replies":[{"embeddable":true,"href":"https:\/\/europeanobsndfr.org\/en\/wp-json\/wp\/v2\/comments?post=8534"}],"version-history":[{"count":0,"href":"https:\/\/europeanobsndfr.org\/en\/wp-json\/wp\/v2\/posts\/8534\/revisions"}],"wp:attachment":[{"href":"https:\/\/europeanobsndfr.org\/en\/wp-json\/wp\/v2\/media?parent=8534"}],"wp:term":[{"taxonomy":"category","embeddable":true,"href":"https:\/\/europeanobsndfr.org\/en\/wp-json\/wp\/v2\/categories?post=8534"},{"taxonomy":"post_tag","embeddable":true,"href":"https:\/\/europeanobsndfr.org\/en\/wp-json\/wp\/v2\/tags?post=8534"}],"curies":[{"name":"wp","href":"https:\/\/api.w.org\/{rel}","templated":true}]}}