{"id":8981,"date":"2017-10-30T17:13:21","date_gmt":"2017-10-30T17:13:21","guid":{"rendered":"https:\/\/europeanobsndfr.org\/?p=8981"},"modified":"2017-11-05T18:31:05","modified_gmt":"2017-11-05T18:31:05","slug":"digital-exclusion-of-precarious-persons-the-link-between-the-housing-crisis-and-the-emergency-accommodation-crisis-the-need-to-prioritize-the-prevention-and-reduction-of-social-inequalities-in-healt","status":"publish","type":"post","link":"https:\/\/europeanobsndfr.org\/en\/actualites-fr\/asylum-migration-and-borders\/digital-exclusion-of-precarious-persons-the-link-between-the-housing-crisis-and-the-emergency-accommodation-crisis-the-need-to-prioritize-the-prevention-and-reduction-of-social-inequalities-in-healt\/","title":{"rendered":"Digital exclusion, link between housing crisis and emergency accommodation crisis, priority to prevention and reduction of social inequalities in health, fight against\u00a0prejudice about homeless persons."},"content":{"rendered":"<p>In the field of fight against extreme poverty, social exclusion, and homelessness, <strong>in France,<\/strong> we have published on social networks \u00a0a lot of various information on :<\/p>\n<ul>\n<li><strong><span lang=\"en\">digital exclusion of precarious persons,<\/span><\/strong><\/li>\n<li><strong><span lang=\"en\">the link between the housing crisis and the emergency accommodation crisis, <\/span><\/strong><\/li>\n<li><strong><span lang=\"en\">the need to prioritize the prevention and reduction of social inequalities in health for precarious persons,<\/span><\/strong><\/li>\n<li><strong><span lang=\"en\">the fight against\u00a0prejudice about homeless persons.<\/span><\/strong><\/li>\n<\/ul>\n<div class=\"embed-twitter\">\n<blockquote class=\"twitter-tweet\" data-width=\"550\" data-dnt=\"true\">\n<p lang=\"fr\" dir=\"ltr\">L\u2019acc\u00e8s au num\u00e9rique est in\u00e9gal et p\u00e9nalise les personnes les plus d\u00e9munies, avec beaucoup d\u2019indiff\u00e9rence. <a href=\"https:\/\/t.co\/gKXxzLvdO8\">https:\/\/t.co\/gKXxzLvdO8<\/a><\/p>\n<p>&mdash; O.E.N.D.D.F. (ONG) (@europeanobs) <a href=\"https:\/\/twitter.com\/europeanobs\/status\/924148684077649921?ref_src=twsrc%5Etfw\">October 28, 2017<\/a><\/p><\/blockquote>\n<p><script async src=\"https:\/\/platform.twitter.com\/widgets.js\" charset=\"utf-8\"><\/script><\/div>\n<div class=\"embed-twitter\">\n<blockquote class=\"twitter-tweet\" data-width=\"550\" data-dnt=\"true\">\n<p lang=\"fr\" dir=\"ltr\">Sch\u00e9ma indiquant l\u2019articulation entre la crise du logement et la crise de l\u2019h\u00e9bergement. Mal-logement et sans-abrisme. Source : Lyon, 2016. <a href=\"https:\/\/t.co\/5Z7uY1imQN\">pic.twitter.com\/5Z7uY1imQN<\/a><\/p>\n<p>&mdash; O.E.N.D.D.F. (ONG) (@europeanobs) <a href=\"https:\/\/twitter.com\/europeanobs\/status\/925401836093345792?ref_src=twsrc%5Etfw\">October 31, 2017<\/a><\/p><\/blockquote>\n<p><script async src=\"https:\/\/platform.twitter.com\/widgets.js\" charset=\"utf-8\"><\/script><\/div>\n<div class=\"embed-twitter\">\n<blockquote class=\"twitter-tweet\" data-width=\"550\" data-dnt=\"true\">\n<p lang=\"fr\" dir=\"ltr\">Personnes pr\u00e9caires : prioriser la pr\u00e9vention et la r\u00e9duction des in\u00e9galit\u00e9s sociales en mati\u00e8re de sant\u00e9 ! <a href=\"https:\/\/t.co\/bL3IKW6NGt\">https:\/\/t.co\/bL3IKW6NGt<\/a><\/p>\n<p>&mdash; O.E.N.D.D.F. (ONG) (@europeanobs) <a href=\"https:\/\/twitter.com\/europeanobs\/status\/915954464015765506?ref_src=twsrc%5Etfw\">October 5, 2017<\/a><\/p><\/blockquote>\n<p><script async src=\"https:\/\/platform.twitter.com\/widgets.js\" charset=\"utf-8\"><\/script><\/div>\n<p>&nbsp;<\/p>\n<p>&nbsp;<\/p>\n<div class=\"embed-twitter\">\n<blockquote class=\"twitter-tweet\" data-width=\"550\" data-dnt=\"true\">\n<p lang=\"fr\" dir=\"ltr\">Pour aider les personnes sans-abri, luttons contre les pr\u00e9jug\u00e9s ! <a href=\"https:\/\/twitter.com\/hashtag\/sdf?src=hash&amp;ref_src=twsrc%5Etfw\">#sdf<\/a> <a href=\"https:\/\/twitter.com\/hashtag\/nondiscrimination?src=hash&amp;ref_src=twsrc%5Etfw\">#nondiscrimination<\/a> <a href=\"https:\/\/twitter.com\/hashtag\/sansabri?src=hash&amp;ref_src=twsrc%5Etfw\">#sansabri<\/a>  <a href=\"https:\/\/twitter.com\/hashtag\/maraudesderue?src=hash&amp;ref_src=twsrc%5Etfw\">#maraudesderue<\/a> <a href=\"https:\/\/t.co\/e77s7CwMaY\">pic.twitter.com\/e77s7CwMaY<\/a><\/p>\n<p>&mdash; O.E.N.D.D.F. (ONG) (@europeanobs) <a href=\"https:\/\/twitter.com\/europeanobs\/status\/911950720865325056?ref_src=twsrc%5Etfw\">September 24, 2017<\/a><\/p><\/blockquote>\n<p><script async src=\"https:\/\/platform.twitter.com\/widgets.js\" charset=\"utf-8\"><\/script><\/div>","protected":false},"excerpt":{"rendered":"<p>In the field of fight against extreme poverty, social exclusion, and homelessness, in France, we have published on social networks \u00a0a lot of various information on : digital exclusion of precarious persons, the link between the housing crisis and the emergency accommodation crisis, the need to prioritize the prevention and reduction of social inequalities in&#8230;<\/p>","protected":false},"author":1,"featured_media":0,"comment_status":"closed","ping_status":"closed","sticky":false,"template":"","format":"standard","meta":{"give_campaign_id":0,"_kadence_starter_templates_imported_post":false,"_kad_post_transparent":"","_kad_post_title":"","_kad_post_layout":"","_kad_post_sidebar_id":"","_kad_post_content_style":"","_kad_post_vertical_padding":"","_kad_post_feature":"","_kad_post_feature_position":"","_kad_post_header":false,"_kad_post_footer":false,"_kad_post_classname":"","_jetpack_memberships_contains_paid_content":false,"footnotes":""},"categories":[84],"tags":[],"class_list":["post-8981","post","type-post","status-publish","format-standard","hentry","category-asylum-migration-and-borders"],"aioseo_notices":[],"aioseo_head":"\n\t\t<!-- All in One SEO 5.0.1.1 - aioseo.com -->\n\t<meta name=\"robots\" content=\"max-snippet:-1, max-image-preview:large, max-video-preview:-1\" \/>\n\t<meta name=\"author\" content=\"OENDDF\"\/>\n\t<meta name=\"google-site-verification\" content=\"KZsAbCyd-Ww06m2-MlFPa7EphgzWqs90ra8o0LfM_K8\" \/>\n\t<link rel=\"canonical\" href=\"https:\/\/europeanobsndfr.org\/en\/actualites-fr\/asylum-migration-and-borders\/digital-exclusion-of-precarious-persons-the-link-between-the-housing-crisis-and-the-emergency-accommodation-crisis-the-need-to-prioritize-the-prevention-and-reduction-of-social-inequalities-in-healt\/\" \/>\n\t<meta name=\"generator\" content=\"All in One SEO (AIOSEO) 5.0.1.1\" \/>\n\t\t<meta property=\"og:locale\" content=\"en_GB\" \/>\n\t\t<meta property=\"og:site_name\" content=\"Observatoire Europ\u00e9en de la Non-Discrimination et des Droits Fondamentaux\" \/>\n\t\t<meta property=\"og:type\" content=\"non_profit\" \/>\n\t\t<meta property=\"og:title\" content=\"Digital exclusion, link between housing crisis and emergency accommodation crisis, priority to prevention and reduction of social inequalities in health, fight against prejudice about homeless persons. | O.E.N.D.D.F.\" \/>\n\t\t<meta property=\"og:url\" content=\"https:\/\/europeanobsndfr.org\/en\/actualites-fr\/asylum-migration-and-borders\/digital-exclusion-of-precarious-persons-the-link-between-the-housing-crisis-and-the-emergency-accommodation-crisis-the-need-to-prioritize-the-prevention-and-reduction-of-social-inequalities-in-healt\/\" \/>\n\t\t<meta property=\"og:image\" content=\"https:\/\/europeanobsndfr.org\/wp-content\/uploads\/2016\/11\/logo-oenddf.jpg\" \/>\n\t\t<meta property=\"og:image:secure_url\" content=\"https:\/\/europeanobsndfr.org\/wp-content\/uploads\/2016\/11\/logo-oenddf.jpg\" \/>\n\t\t<meta property=\"og:image:width\" content=\"830\" \/>\n\t\t<meta property=\"og:image:height\" content=\"600\" \/>\n\t\t<meta name=\"twitter:card\" content=\"summary\" \/>\n\t\t<meta name=\"twitter:site\" content=\"@europeanobs\" \/>\n\t\t<meta name=\"twitter:title\" content=\"Digital exclusion, link between housing crisis and emergency accommodation crisis, priority to prevention and reduction of social inequalities in health, fight against prejudice about homeless persons. | O.E.N.D.D.F.\" \/>\n\t\t<meta name=\"twitter:creator\" content=\"@europeanobs\" \/>\n\t\t<meta name=\"twitter:image\" content=\"https:\/\/europeanobsndfr.org\/wp-content\/uploads\/2016\/11\/logo-oenddf.jpg\" \/>\n\t\t<script type=\"application\/ld+json\" class=\"aioseo-schema\">\n\t\t\t{\"@context\":\"https:\\\/\\\/schema.org\",\"@graph\":[{\"@type\":\"Article\",\"@id\":\"https:\\\/\\\/europeanobsndfr.org\\\/en\\\/actualites-fr\\\/asylum-migration-and-borders\\\/digital-exclusion-of-precarious-persons-the-link-between-the-housing-crisis-and-the-emergency-accommodation-crisis-the-need-to-prioritize-the-prevention-and-reduction-of-social-inequalities-in-healt\\\/#article\",\"name\":\"Digital exclusion, link between housing crisis and emergency accommodation crisis, priority to prevention and reduction of social inequalities in health, fight against prejudice about homeless persons. | O.E.N.D.D.F.\",\"headline\":\"Digital exclusion, link between housing crisis and emergency accommodation crisis, priority to prevention and reduction of social inequalities in health, fight against\\u00a0prejudice about homeless persons.\",\"author\":{\"@id\":\"https:\\\/\\\/europeanobsndfr.org\\\/en\\\/author\\\/admin\\\/#author\"},\"publisher\":{\"@id\":\"https:\\\/\\\/europeanobsndfr.org\\\/en\\\/#organization\"},\"image\":{\"@type\":\"ImageObject\",\"url\":\"https:\\\/\\\/europeanobsndfr.org\\\/wp-content\\\/uploads\\\/2016\\\/11\\\/cropped-logo-oenddf.jpg\",\"@id\":\"https:\\\/\\\/europeanobsndfr.org\\\/en\\\/#articleImage\",\"width\":701,\"height\":600,\"caption\":\"Logo OENDDF\"},\"datePublished\":\"2017-10-30T17:13:21+01:00\",\"dateModified\":\"2017-11-05T18:31:05+01:00\",\"inLanguage\":\"en-GB\",\"mainEntityOfPage\":{\"@id\":\"https:\\\/\\\/europeanobsndfr.org\\\/en\\\/actualites-fr\\\/asylum-migration-and-borders\\\/digital-exclusion-of-precarious-persons-the-link-between-the-housing-crisis-and-the-emergency-accommodation-crisis-the-need-to-prioritize-the-prevention-and-reduction-of-social-inequalities-in-healt\\\/#webpage\"},\"isPartOf\":{\"@id\":\"https:\\\/\\\/europeanobsndfr.org\\\/en\\\/actualites-fr\\\/asylum-migration-and-borders\\\/digital-exclusion-of-precarious-persons-the-link-between-the-housing-crisis-and-the-emergency-accommodation-crisis-the-need-to-prioritize-the-prevention-and-reduction-of-social-inequalities-in-healt\\\/#webpage\"},\"articleSection\":\"Asile, immigration et fronti\\u00e8res\"},{\"@type\":\"BreadcrumbList\",\"@id\":\"https:\\\/\\\/europeanobsndfr.org\\\/en\\\/actualites-fr\\\/asylum-migration-and-borders\\\/digital-exclusion-of-precarious-persons-the-link-between-the-housing-crisis-and-the-emergency-accommodation-crisis-the-need-to-prioritize-the-prevention-and-reduction-of-social-inequalities-in-healt\\\/#breadcrumblist\",\"itemListElement\":[{\"@type\":\"ListItem\",\"@id\":\"https:\\\/\\\/europeanobsndfr.org\\\/en#listItem\",\"position\":1,\"name\":\"Accueil\",\"item\":\"https:\\\/\\\/europeanobsndfr.org\\\/en\",\"nextItem\":{\"@type\":\"ListItem\",\"@id\":\"https:\\\/\\\/europeanobsndfr.org\\\/en\\\/category\\\/actualites-fr\\\/#listItem\",\"name\":\"Actualit\\u00e9\"}},{\"@type\":\"ListItem\",\"@id\":\"https:\\\/\\\/europeanobsndfr.org\\\/en\\\/category\\\/actualites-fr\\\/#listItem\",\"position\":2,\"name\":\"Actualit\\u00e9\",\"item\":\"https:\\\/\\\/europeanobsndfr.org\\\/en\\\/category\\\/actualites-fr\\\/\",\"nextItem\":{\"@type\":\"ListItem\",\"@id\":\"https:\\\/\\\/europeanobsndfr.org\\\/en\\\/category\\\/actualites-fr\\\/asylum-migration-and-borders\\\/#listItem\",\"name\":\"Asile, immigration et fronti\\u00e8res\"},\"previousItem\":{\"@type\":\"ListItem\",\"@id\":\"https:\\\/\\\/europeanobsndfr.org\\\/en#listItem\",\"name\":\"Accueil\"}},{\"@type\":\"ListItem\",\"@id\":\"https:\\\/\\\/europeanobsndfr.org\\\/en\\\/category\\\/actualites-fr\\\/asylum-migration-and-borders\\\/#listItem\",\"position\":3,\"name\":\"Asile, immigration et fronti\\u00e8res\",\"item\":\"https:\\\/\\\/europeanobsndfr.org\\\/en\\\/category\\\/actualites-fr\\\/asylum-migration-and-borders\\\/\",\"nextItem\":{\"@type\":\"ListItem\",\"@id\":\"https:\\\/\\\/europeanobsndfr.org\\\/en\\\/actualites-fr\\\/asylum-migration-and-borders\\\/digital-exclusion-of-precarious-persons-the-link-between-the-housing-crisis-and-the-emergency-accommodation-crisis-the-need-to-prioritize-the-prevention-and-reduction-of-social-inequalities-in-healt\\\/#listItem\",\"name\":\"Digital exclusion, link between housing crisis and emergency accommodation crisis, priority to prevention and reduction of social inequalities in health, fight against\\u00a0prejudice about homeless persons.\"},\"previousItem\":{\"@type\":\"ListItem\",\"@id\":\"https:\\\/\\\/europeanobsndfr.org\\\/en\\\/category\\\/actualites-fr\\\/#listItem\",\"name\":\"Actualit\\u00e9\"}},{\"@type\":\"ListItem\",\"@id\":\"https:\\\/\\\/europeanobsndfr.org\\\/en\\\/actualites-fr\\\/asylum-migration-and-borders\\\/digital-exclusion-of-precarious-persons-the-link-between-the-housing-crisis-and-the-emergency-accommodation-crisis-the-need-to-prioritize-the-prevention-and-reduction-of-social-inequalities-in-healt\\\/#listItem\",\"position\":4,\"name\":\"Digital exclusion, link between housing crisis and emergency accommodation crisis, priority to prevention and reduction of social inequalities in health, fight against\\u00a0prejudice about homeless persons.\",\"previousItem\":{\"@type\":\"ListItem\",\"@id\":\"https:\\\/\\\/europeanobsndfr.org\\\/en\\\/category\\\/actualites-fr\\\/asylum-migration-and-borders\\\/#listItem\",\"name\":\"Asile, immigration et fronti\\u00e8res\"}}]},{\"@type\":\"Organization\",\"@id\":\"https:\\\/\\\/europeanobsndfr.org\\\/en\\\/#organization\",\"name\":\"OENDDF\",\"description\":\"Organisation Internationale Non-Gouvernementale\",\"url\":\"https:\\\/\\\/europeanobsndfr.org\\\/en\\\/\",\"logo\":{\"@type\":\"ImageObject\",\"url\":\"https:\\\/\\\/europeanobsndfr.org\\\/wp-content\\\/uploads\\\/2016\\\/11\\\/cropped-logo-oenddf.jpg\",\"@id\":\"https:\\\/\\\/europeanobsndfr.org\\\/en\\\/actualites-fr\\\/asylum-migration-and-borders\\\/digital-exclusion-of-precarious-persons-the-link-between-the-housing-crisis-and-the-emergency-accommodation-crisis-the-need-to-prioritize-the-prevention-and-reduction-of-social-inequalities-in-healt\\\/#organizationLogo\",\"width\":701,\"height\":600,\"caption\":\"Logo OENDDF\"},\"image\":{\"@id\":\"https:\\\/\\\/europeanobsndfr.org\\\/en\\\/actualites-fr\\\/asylum-migration-and-borders\\\/digital-exclusion-of-precarious-persons-the-link-between-the-housing-crisis-and-the-emergency-accommodation-crisis-the-need-to-prioritize-the-prevention-and-reduction-of-social-inequalities-in-healt\\\/#organizationLogo\"},\"sameAs\":[\"https:\\\/\\\/twitter.com\\\/europeanobs\",\"https:\\\/\\\/www.instagram.com\\\/oenddf_ngo\\\/\",\"https:\\\/\\\/www.youtube.com\\\/channel\\\/UCO9vz5fybFw1Q8pvN00CDgA\"]},{\"@type\":\"Person\",\"@id\":\"https:\\\/\\\/europeanobsndfr.org\\\/en\\\/author\\\/admin\\\/#author\",\"url\":\"https:\\\/\\\/europeanobsndfr.org\\\/en\\\/author\\\/admin\\\/\",\"name\":\"OENDDF\",\"image\":{\"@type\":\"ImageObject\",\"@id\":\"https:\\\/\\\/europeanobsndfr.org\\\/en\\\/actualites-fr\\\/asylum-migration-and-borders\\\/digital-exclusion-of-precarious-persons-the-link-between-the-housing-crisis-and-the-emergency-accommodation-crisis-the-need-to-prioritize-the-prevention-and-reduction-of-social-inequalities-in-healt\\\/#authorImage\",\"url\":\"https:\\\/\\\/secure.gravatar.com\\\/avatar\\\/f64bd673bdf1f612f36226606d41703598d9c028a910d72b461acb19a72f63d5?s=96&d=mm&r=g\",\"width\":96,\"height\":96,\"caption\":\"OENDDF\"}},{\"@type\":\"WebPage\",\"@id\":\"https:\\\/\\\/europeanobsndfr.org\\\/en\\\/actualites-fr\\\/asylum-migration-and-borders\\\/digital-exclusion-of-precarious-persons-the-link-between-the-housing-crisis-and-the-emergency-accommodation-crisis-the-need-to-prioritize-the-prevention-and-reduction-of-social-inequalities-in-healt\\\/#webpage\",\"url\":\"https:\\\/\\\/europeanobsndfr.org\\\/en\\\/actualites-fr\\\/asylum-migration-and-borders\\\/digital-exclusion-of-precarious-persons-the-link-between-the-housing-crisis-and-the-emergency-accommodation-crisis-the-need-to-prioritize-the-prevention-and-reduction-of-social-inequalities-in-healt\\\/\",\"name\":\"Digital exclusion, link between housing crisis and emergency accommodation crisis, priority to prevention and reduction of social inequalities in health, fight against prejudice about homeless persons. | O.E.N.D.D.F.\",\"inLanguage\":\"en-GB\",\"isPartOf\":{\"@id\":\"https:\\\/\\\/europeanobsndfr.org\\\/en\\\/#website\"},\"breadcrumb\":{\"@id\":\"https:\\\/\\\/europeanobsndfr.org\\\/en\\\/actualites-fr\\\/asylum-migration-and-borders\\\/digital-exclusion-of-precarious-persons-the-link-between-the-housing-crisis-and-the-emergency-accommodation-crisis-the-need-to-prioritize-the-prevention-and-reduction-of-social-inequalities-in-healt\\\/#breadcrumblist\"},\"author\":{\"@id\":\"https:\\\/\\\/europeanobsndfr.org\\\/en\\\/author\\\/admin\\\/#author\"},\"creator\":{\"@id\":\"https:\\\/\\\/europeanobsndfr.org\\\/en\\\/author\\\/admin\\\/#author\"},\"datePublished\":\"2017-10-30T17:13:21+01:00\",\"dateModified\":\"2017-11-05T18:31:05+01:00\"},{\"@type\":\"WebSite\",\"@id\":\"https:\\\/\\\/europeanobsndfr.org\\\/en\\\/#website\",\"url\":\"https:\\\/\\\/europeanobsndfr.org\\\/en\\\/\",\"name\":\"Observatoire Europ\\u00e9en de la Non-Discrimination et des Droits Fondamentaux\",\"description\":\"Organisation Internationale Non-Gouvernementale\",\"inLanguage\":\"en-GB\",\"publisher\":{\"@id\":\"https:\\\/\\\/europeanobsndfr.org\\\/en\\\/#organization\"}}]}\n\t\t<\/script>\n\t\t<!-- All in One SEO -->\n\n","aioseo_head_json":{"title":"Digital exclusion, link between housing crisis and emergency accommodation crisis, priority to prevention and reduction of social inequalities in health, fight against prejudice about homeless persons. | O.E.N.D.D.F.","description":"","canonical_url":"https:\/\/europeanobsndfr.org\/en\/actualites-fr\/asylum-migration-and-borders\/digital-exclusion-of-precarious-persons-the-link-between-the-housing-crisis-and-the-emergency-accommodation-crisis-the-need-to-prioritize-the-prevention-and-reduction-of-social-inequalities-in-healt\/","robots":"max-snippet:-1, max-image-preview:large, max-video-preview:-1","keywords":"","webmasterTools":{"google-site-verification":"KZsAbCyd-Ww06m2-MlFPa7EphgzWqs90ra8o0LfM_K8","miscellaneous":""},"schema":{"@context":"https:\/\/schema.org","@graph":[{"@type":"Article","@id":"https:\/\/europeanobsndfr.org\/en\/actualites-fr\/asylum-migration-and-borders\/digital-exclusion-of-precarious-persons-the-link-between-the-housing-crisis-and-the-emergency-accommodation-crisis-the-need-to-prioritize-the-prevention-and-reduction-of-social-inequalities-in-healt\/#article","name":"Digital exclusion, link between housing crisis and emergency accommodation crisis, priority to prevention and reduction of social inequalities in health, fight against prejudice about homeless persons. | O.E.N.D.D.F.","headline":"Digital exclusion, link between housing crisis and emergency accommodation crisis, priority to prevention and reduction of social inequalities in health, fight against\u00a0prejudice about homeless persons.","author":{"@id":"https:\/\/europeanobsndfr.org\/en\/author\/admin\/#author"},"publisher":{"@id":"https:\/\/europeanobsndfr.org\/en\/#organization"},"image":{"@type":"ImageObject","url":"https:\/\/europeanobsndfr.org\/wp-content\/uploads\/2016\/11\/cropped-logo-oenddf.jpg","@id":"https:\/\/europeanobsndfr.org\/en\/#articleImage","width":701,"height":600,"caption":"Logo OENDDF"},"datePublished":"2017-10-30T17:13:21+01:00","dateModified":"2017-11-05T18:31:05+01:00","inLanguage":"en-GB","mainEntityOfPage":{"@id":"https:\/\/europeanobsndfr.org\/en\/actualites-fr\/asylum-migration-and-borders\/digital-exclusion-of-precarious-persons-the-link-between-the-housing-crisis-and-the-emergency-accommodation-crisis-the-need-to-prioritize-the-prevention-and-reduction-of-social-inequalities-in-healt\/#webpage"},"isPartOf":{"@id":"https:\/\/europeanobsndfr.org\/en\/actualites-fr\/asylum-migration-and-borders\/digital-exclusion-of-precarious-persons-the-link-between-the-housing-crisis-and-the-emergency-accommodation-crisis-the-need-to-prioritize-the-prevention-and-reduction-of-social-inequalities-in-healt\/#webpage"},"articleSection":"Asile, immigration et fronti\u00e8res"},{"@type":"BreadcrumbList","@id":"https:\/\/europeanobsndfr.org\/en\/actualites-fr\/asylum-migration-and-borders\/digital-exclusion-of-precarious-persons-the-link-between-the-housing-crisis-and-the-emergency-accommodation-crisis-the-need-to-prioritize-the-prevention-and-reduction-of-social-inequalities-in-healt\/#breadcrumblist","itemListElement":[{"@type":"ListItem","@id":"https:\/\/europeanobsndfr.org\/en#listItem","position":1,"name":"Accueil","item":"https:\/\/europeanobsndfr.org\/en","nextItem":{"@type":"ListItem","@id":"https:\/\/europeanobsndfr.org\/en\/category\/actualites-fr\/#listItem","name":"Actualit\u00e9"}},{"@type":"ListItem","@id":"https:\/\/europeanobsndfr.org\/en\/category\/actualites-fr\/#listItem","position":2,"name":"Actualit\u00e9","item":"https:\/\/europeanobsndfr.org\/en\/category\/actualites-fr\/","nextItem":{"@type":"ListItem","@id":"https:\/\/europeanobsndfr.org\/en\/category\/actualites-fr\/asylum-migration-and-borders\/#listItem","name":"Asile, immigration et fronti\u00e8res"},"previousItem":{"@type":"ListItem","@id":"https:\/\/europeanobsndfr.org\/en#listItem","name":"Accueil"}},{"@type":"ListItem","@id":"https:\/\/europeanobsndfr.org\/en\/category\/actualites-fr\/asylum-migration-and-borders\/#listItem","position":3,"name":"Asile, immigration et fronti\u00e8res","item":"https:\/\/europeanobsndfr.org\/en\/category\/actualites-fr\/asylum-migration-and-borders\/","nextItem":{"@type":"ListItem","@id":"https:\/\/europeanobsndfr.org\/en\/actualites-fr\/asylum-migration-and-borders\/digital-exclusion-of-precarious-persons-the-link-between-the-housing-crisis-and-the-emergency-accommodation-crisis-the-need-to-prioritize-the-prevention-and-reduction-of-social-inequalities-in-healt\/#listItem","name":"Digital exclusion, link between housing crisis and emergency accommodation crisis, priority to prevention and reduction of social inequalities in health, fight against\u00a0prejudice about homeless persons."},"previousItem":{"@type":"ListItem","@id":"https:\/\/europeanobsndfr.org\/en\/category\/actualites-fr\/#listItem","name":"Actualit\u00e9"}},{"@type":"ListItem","@id":"https:\/\/europeanobsndfr.org\/en\/actualites-fr\/asylum-migration-and-borders\/digital-exclusion-of-precarious-persons-the-link-between-the-housing-crisis-and-the-emergency-accommodation-crisis-the-need-to-prioritize-the-prevention-and-reduction-of-social-inequalities-in-healt\/#listItem","position":4,"name":"Digital exclusion, link between housing crisis and emergency accommodation crisis, priority to prevention and reduction of social inequalities in health, fight against\u00a0prejudice about homeless persons.","previousItem":{"@type":"ListItem","@id":"https:\/\/europeanobsndfr.org\/en\/category\/actualites-fr\/asylum-migration-and-borders\/#listItem","name":"Asile, immigration et fronti\u00e8res"}}]},{"@type":"Organization","@id":"https:\/\/europeanobsndfr.org\/en\/#organization","name":"OENDDF","description":"Organisation Internationale Non-Gouvernementale","url":"https:\/\/europeanobsndfr.org\/en\/","logo":{"@type":"ImageObject","url":"https:\/\/europeanobsndfr.org\/wp-content\/uploads\/2016\/11\/cropped-logo-oenddf.jpg","@id":"https:\/\/europeanobsndfr.org\/en\/actualites-fr\/asylum-migration-and-borders\/digital-exclusion-of-precarious-persons-the-link-between-the-housing-crisis-and-the-emergency-accommodation-crisis-the-need-to-prioritize-the-prevention-and-reduction-of-social-inequalities-in-healt\/#organizationLogo","width":701,"height":600,"caption":"Logo OENDDF"},"image":{"@id":"https:\/\/europeanobsndfr.org\/en\/actualites-fr\/asylum-migration-and-borders\/digital-exclusion-of-precarious-persons-the-link-between-the-housing-crisis-and-the-emergency-accommodation-crisis-the-need-to-prioritize-the-prevention-and-reduction-of-social-inequalities-in-healt\/#organizationLogo"},"sameAs":["https:\/\/twitter.com\/europeanobs","https:\/\/www.instagram.com\/oenddf_ngo\/","https:\/\/www.youtube.com\/channel\/UCO9vz5fybFw1Q8pvN00CDgA"]},{"@type":"Person","@id":"https:\/\/europeanobsndfr.org\/en\/author\/admin\/#author","url":"https:\/\/europeanobsndfr.org\/en\/author\/admin\/","name":"OENDDF","image":{"@type":"ImageObject","@id":"https:\/\/europeanobsndfr.org\/en\/actualites-fr\/asylum-migration-and-borders\/digital-exclusion-of-precarious-persons-the-link-between-the-housing-crisis-and-the-emergency-accommodation-crisis-the-need-to-prioritize-the-prevention-and-reduction-of-social-inequalities-in-healt\/#authorImage","url":"https:\/\/secure.gravatar.com\/avatar\/f64bd673bdf1f612f36226606d41703598d9c028a910d72b461acb19a72f63d5?s=96&d=mm&r=g","width":96,"height":96,"caption":"OENDDF"}},{"@type":"WebPage","@id":"https:\/\/europeanobsndfr.org\/en\/actualites-fr\/asylum-migration-and-borders\/digital-exclusion-of-precarious-persons-the-link-between-the-housing-crisis-and-the-emergency-accommodation-crisis-the-need-to-prioritize-the-prevention-and-reduction-of-social-inequalities-in-healt\/#webpage","url":"https:\/\/europeanobsndfr.org\/en\/actualites-fr\/asylum-migration-and-borders\/digital-exclusion-of-precarious-persons-the-link-between-the-housing-crisis-and-the-emergency-accommodation-crisis-the-need-to-prioritize-the-prevention-and-reduction-of-social-inequalities-in-healt\/","name":"Digital exclusion, link between housing crisis and emergency accommodation crisis, priority to prevention and reduction of social inequalities in health, fight against prejudice about homeless persons. | O.E.N.D.D.F.","inLanguage":"en-GB","isPartOf":{"@id":"https:\/\/europeanobsndfr.org\/en\/#website"},"breadcrumb":{"@id":"https:\/\/europeanobsndfr.org\/en\/actualites-fr\/asylum-migration-and-borders\/digital-exclusion-of-precarious-persons-the-link-between-the-housing-crisis-and-the-emergency-accommodation-crisis-the-need-to-prioritize-the-prevention-and-reduction-of-social-inequalities-in-healt\/#breadcrumblist"},"author":{"@id":"https:\/\/europeanobsndfr.org\/en\/author\/admin\/#author"},"creator":{"@id":"https:\/\/europeanobsndfr.org\/en\/author\/admin\/#author"},"datePublished":"2017-10-30T17:13:21+01:00","dateModified":"2017-11-05T18:31:05+01:00"},{"@type":"WebSite","@id":"https:\/\/europeanobsndfr.org\/en\/#website","url":"https:\/\/europeanobsndfr.org\/en\/","name":"Observatoire Europ\u00e9en de la Non-Discrimination et des Droits Fondamentaux","description":"Organisation Internationale Non-Gouvernementale","inLanguage":"en-GB","publisher":{"@id":"https:\/\/europeanobsndfr.org\/en\/#organization"}}]},"og:locale":"en_GB","og:site_name":"Observatoire Europ\u00e9en de la Non-Discrimination et des Droits Fondamentaux","og:type":"non_profit","og:title":"Digital exclusion, link between housing crisis and emergency accommodation crisis, priority to prevention and reduction of social inequalities in health, fight against prejudice about homeless persons. | O.E.N.D.D.F.","og:url":"https:\/\/europeanobsndfr.org\/en\/actualites-fr\/asylum-migration-and-borders\/digital-exclusion-of-precarious-persons-the-link-between-the-housing-crisis-and-the-emergency-accommodation-crisis-the-need-to-prioritize-the-prevention-and-reduction-of-social-inequalities-in-healt\/","og:image":"https:\/\/europeanobsndfr.org\/wp-content\/uploads\/2016\/11\/logo-oenddf.jpg","og:image:secure_url":"https:\/\/europeanobsndfr.org\/wp-content\/uploads\/2016\/11\/logo-oenddf.jpg","og:image:width":830,"og:image:height":600,"twitter:card":"summary","twitter:site":"@europeanobs","twitter:title":"Digital exclusion, link between housing crisis and emergency accommodation crisis, priority to prevention and reduction of social inequalities in health, fight against prejudice about homeless persons. | O.E.N.D.D.F.","twitter:creator":"@europeanobs","twitter:image":"https:\/\/europeanobsndfr.org\/wp-content\/uploads\/2016\/11\/logo-oenddf.jpg"},"aioseo_meta_data":{"post_id":"8981","title":null,"description":null,"keywords":null,"keyphrases":null,"primary_term":null,"canonical_url":null,"og_title":"","og_description":"","og_object_type":"non_profit","og_image_type":"default","og_image_url":null,"og_image_width":null,"og_image_height":null,"og_image_custom_url":null,"og_image_custom_fields":null,"og_video":"","og_custom_url":null,"og_article_section":"","og_article_tags":"","twitter_use_og":false,"twitter_card":"summary","twitter_image_type":"default","twitter_image_url":null,"twitter_image_custom_url":null,"twitter_image_custom_fields":null,"twitter_title":null,"twitter_description":null,"schema":{"blockGraphs":[],"customGraphs":[],"default":{"data":{"Article":[],"Course":[],"Dataset":[],"FAQPage":[],"Movie":[],"Person":[],"Product":[],"ProductReview":[],"Car":[],"Recipe":[],"Service":[],"SoftwareApplication":[],"WebPage":[]},"graphName":"","isEnabled":true},"graphs":[]},"schema_type":null,"schema_type_options":null,"pillar_content":false,"robots_default":true,"robots_noindex":false,"robots_noarchive":false,"robots_nosnippet":false,"robots_nofollow":false,"robots_noimageindex":false,"robots_noodp":false,"robots_notranslate":false,"robots_max_snippet":null,"robots_max_videopreview":null,"robots_max_imagepreview":"large","priority":null,"frequency":null,"local_seo":null,"breadcrumb_settings":null,"limit_modified_date":false,"ai":null,"created":"2021-01-22 17:57:56","updated":"2025-08-01 10:19:08","focus_keyword":null,"additional_keywords":null,"truseo_locale":null,"seo_analyzer_scan_date":null},"jetpack_featured_media_url":"","jetpack-related-posts":[],"jetpack_sharing_enabled":true,"_links":{"self":[{"href":"https:\/\/europeanobsndfr.org\/en\/wp-json\/wp\/v2\/posts\/8981","targetHints":{"allow":["GET"]}}],"collection":[{"href":"https:\/\/europeanobsndfr.org\/en\/wp-json\/wp\/v2\/posts"}],"about":[{"href":"https:\/\/europeanobsndfr.org\/en\/wp-json\/wp\/v2\/types\/post"}],"author":[{"embeddable":true,"href":"https:\/\/europeanobsndfr.org\/en\/wp-json\/wp\/v2\/users\/1"}],"replies":[{"embeddable":true,"href":"https:\/\/europeanobsndfr.org\/en\/wp-json\/wp\/v2\/comments?post=8981"}],"version-history":[{"count":0,"href":"https:\/\/europeanobsndfr.org\/en\/wp-json\/wp\/v2\/posts\/8981\/revisions"}],"wp:attachment":[{"href":"https:\/\/europeanobsndfr.org\/en\/wp-json\/wp\/v2\/media?parent=8981"}],"wp:term":[{"taxonomy":"category","embeddable":true,"href":"https:\/\/europeanobsndfr.org\/en\/wp-json\/wp\/v2\/categories?post=8981"},{"taxonomy":"post_tag","embeddable":true,"href":"https:\/\/europeanobsndfr.org\/en\/wp-json\/wp\/v2\/tags?post=8981"}],"curies":[{"name":"wp","href":"https:\/\/api.w.org\/{rel}","templated":true}]}}