{"id":916,"date":"2015-03-18T15:50:21","date_gmt":"2015-03-18T15:50:21","guid":{"rendered":"https:\/\/europeanobsndfr.org\/?p=916"},"modified":"2015-03-23T09:08:33","modified_gmt":"2015-03-23T09:08:33","slug":"droits-des-enfants","status":"publish","type":"post","link":"https:\/\/europeanobsndfr.org\/en\/actualites-fr\/droits-des-enfants\/droits-des-enfants\/","title":{"rendered":"Droits des enfants"},"content":{"rendered":"<p class=\"Texteprformat\" style=\"text-align: justify;\"><strong><span style=\"text-decoration: underline;\">Objectif :<\/span>\u00a0<\/strong>promouvoir et soutenir les droits des enfants, dans les pays en dehors de l\u2019Union Europ\u00e9enne, n<span class=\"Apple-style-span\">otamment par la mise en oeuvre de programmes d\u2019\u00e9ducation et de d\u00e9veloppement au\u00a0profit des enfants ayant \u00e9t\u00e9 enr\u00f4l\u00e9s de force ou d\u00e9plac\u00e9s<strong>,\u00a0<\/strong>dans les conflits arm\u00e9s et les guerres civiles, <strong>en vue de favoriser leur insertion professionnelle future.\u00a0<\/strong><\/span><\/p>\n<p class=\"Texteprformat\" style=\"text-align: justify;\"><span style=\"text-decoration: underline;\"><strong>Moyens mis en oeuvre <\/strong><\/span><strong>:<\/strong>\u00a0rapprochement avec <b>l&rsquo;Organisation Non-Gouvernementale (O.N.G.) \u00ab\u00a0Save the Children \u00a0\u00bb\u00a0\u00e0 Bruxelles, en Belgique,\u00a0<\/b>sp\u00e9cialis\u00e9e dans les droits des enfants, en faveur d&rsquo;un projet de soutien des enfants victimes de la guerre civile et des conflits arm\u00e9s en R\u00e9publique Centrafricain. Suivi\u00a0humanitaire de\u00a0la situation en R\u00e9publique Centrafricaine. Activit\u00e9 de m\u00e9c\u00e9nat au profit des enfants de R\u00e9publique Centrafricaine, en vue de favoriser leur insertion professionnelle future.<\/p>\n<p class=\"Texteprformat\" style=\"text-align: justify;\"><b><span style=\"text-decoration: underline;\">\u00a0<\/span><span class=\"Apple-style-span\"><strong><span style=\"text-decoration: underline;\">Domaine d\u2019intervention vis\u00e9 par\u00a0l\u2019Agence des Droits Fondamentaux de l\u2019Union Europ\u00e9enne (http:\/\/fra.europa.eu\/fr)\u00a0:<\/span>\u00a0droits des enfants.<\/strong><\/span><\/b><\/p>","protected":false},"excerpt":{"rendered":"<p>Objectif :\u00a0promouvoir et soutenir les droits des enfants, dans les pays en dehors de l\u2019Union Europ\u00e9enne, notamment par la mise en oeuvre de programmes d\u2019\u00e9ducation et de d\u00e9veloppement au\u00a0profit des enfants ayant \u00e9t\u00e9 enr\u00f4l\u00e9s de force ou d\u00e9plac\u00e9s,\u00a0dans les conflits arm\u00e9s et les guerres civiles, en vue de favoriser leur insertion professionnelle future.\u00a0 Moyens mis&#8230;<\/p>","protected":false},"author":1,"featured_media":0,"comment_status":"closed","ping_status":"closed","sticky":false,"template":"","format":"standard","meta":{"give_campaign_id":0,"_kadence_starter_templates_imported_post":false,"_kad_post_transparent":"","_kad_post_title":"","_kad_post_layout":"","_kad_post_sidebar_id":"","_kad_post_content_style":"","_kad_post_vertical_padding":"","_kad_post_feature":"","_kad_post_feature_position":"","_kad_post_header":false,"_kad_post_footer":false,"_kad_post_classname":"","_jetpack_memberships_contains_paid_content":false,"footnotes":""},"categories":[51],"tags":[],"class_list":["post-916","post","type-post","status-publish","format-standard","hentry","category-droits-des-enfants"],"aioseo_notices":[],"jetpack_featured_media_url":"","jetpack-related-posts":[],"jetpack_sharing_enabled":true,"_links":{"self":[{"href":"https:\/\/europeanobsndfr.org\/en\/wp-json\/wp\/v2\/posts\/916","targetHints":{"allow":["GET"]}}],"collection":[{"href":"https:\/\/europeanobsndfr.org\/en\/wp-json\/wp\/v2\/posts"}],"about":[{"href":"https:\/\/europeanobsndfr.org\/en\/wp-json\/wp\/v2\/types\/post"}],"author":[{"embeddable":true,"href":"https:\/\/europeanobsndfr.org\/en\/wp-json\/wp\/v2\/users\/1"}],"replies":[{"embeddable":true,"href":"https:\/\/europeanobsndfr.org\/en\/wp-json\/wp\/v2\/comments?post=916"}],"version-history":[{"count":0,"href":"https:\/\/europeanobsndfr.org\/en\/wp-json\/wp\/v2\/posts\/916\/revisions"}],"wp:attachment":[{"href":"https:\/\/europeanobsndfr.org\/en\/wp-json\/wp\/v2\/media?parent=916"}],"wp:term":[{"taxonomy":"category","embeddable":true,"href":"https:\/\/europeanobsndfr.org\/en\/wp-json\/wp\/v2\/categories?post=916"},{"taxonomy":"post_tag","embeddable":true,"href":"https:\/\/europeanobsndfr.org\/en\/wp-json\/wp\/v2\/tags?post=916"}],"curies":[{"name":"wp","href":"https:\/\/api.w.org\/{rel}","templated":true}]}}